{"id":114771,"date":"2023-07-25T09:32:40","date_gmt":"2023-07-25T09:32:40","guid":{"rendered":"https:\/\/www.nettali.com\/?p=114771"},"modified":"2023-07-25T09:32:40","modified_gmt":"2023-07-25T09:32:40","slug":"mamadou-badio-camara-nous-exercerons-notre-mission-avec-rigueur-et-dans-la-serenite","status":"publish","type":"post","link":"https:\/\/www.nettali.com\/2023\/07\/25\/mamadou-badio-camara-nous-exercerons-notre-mission-avec-rigueur-et-dans-la-serenite\/","title":{"rendered":"MAMADOU BADIO CAMARA\u00a0: \u00ab\u00a0Nous exercerons notre \u00a0mission avec rigueur et dans la s\u00e9r\u00e9nit\u00e9\u00a0\u00bb"},"content":{"rendered":"<p><strong>NETTALI.COM - Le pr\u00e9sident du Conseil constitutionnel, Mamadou Badio Camara, a profit\u00e9 de la c\u00e9r\u00e9monie d\u2019installation du magistrat Cheikh Ndiaye, nomm\u00e9 par d\u00e9cret le 7 juillet, pour rassurer les populations que la haute juridiction qu\u2019il dirige exercera sa mission avec rigueur et dans la s\u00e9r\u00e9nit\u00e9.<\/strong><\/p>\n<p><em>\u00abNos cursus et nos longues exp\u00e9riences professionnelles dans divers domaines nous ont d\u00e9j\u00e0 pr\u00e9par\u00e9s \u00e0 exercer cette responsabilit\u00e9 conform\u00e9ment \u00e0 la Constitution et aux lois applicables aux litiges \u00e9ventuels qui nous seront soumis\u00bb<\/em>, a lanc\u00e9 Mamadou Badio Camara lors de la c\u00e9r\u00e9monie d\u2019installation du magistrat Cheikh Ndiaye, nouveau membre de cette haute juridiction. Il r\u00e9agissait au r\u00e9currentes critiques \u00e0 l\u2019endroit des \u00ab\u00a07 sages\u00a0\u00bb.<\/p>\n<p><em>\u00abLes institutions de la R\u00e9publique ont suffisamment prouv\u00e9 leur fiabilit\u00e9 et leur maturit\u00e9 en mati\u00e8re de gestion du processus \u00e9lectoral, notamment. Dans les moments o\u00f9 vous aurez la d\u00e9fiance et la m\u00e9fiance en face de vous, vous veillerez, malgr\u00e9 tous les vents contraires, \u00e0 la r\u00e9alisation de l\u2019un des miracles de la d\u00e9mocratie : le d\u00e9roulement transparent du processus pacifique de transfert du pouvoir politique\u00bb<\/em>, fait-il remarquer.<\/p>\n<p>&nbsp;<\/p>\n<div class='share-to-whatsapp-wrapper'><div class='share-on-whsp'>PARTAGER SUR : <\/div><a data-text='MAMADOU BADIO CAMARA\u00a0: \u00ab\u00a0Nous exercerons notre \u00a0mission avec rigueur et dans la s\u00e9r\u00e9nit\u00e9\u00a0\u00bb' data-link='https:\/\/www.nettali.com\/2023\/07\/25\/mamadou-badio-camara-nous-exercerons-notre-mission-avec-rigueur-et-dans-la-serenite\/' class='whatsapp-button whatsapp-share'>WhatsApp<\/a><div class='clear '><\/div><\/div>","protected":false},"excerpt":{"rendered":"<p>NETTALI.COM - Le pr\u00e9sident du Conseil constitutionnel, Mamadou Badio Camara, a profit\u00e9 de la c\u00e9r\u00e9monie d\u2019installation du magistrat Cheikh Ndiaye, nomm\u00e9 par d\u00e9cret le 7 juillet, pour rassurer les populations que la haute juridiction qu\u2019il dirige exercera sa mission avec rigueur et dans la s\u00e9r\u00e9nit\u00e9. \u00abNos cursus et nos longues exp\u00e9riences professionnelles dans divers domaines [&hellip;]<\/p>\n","protected":false},"author":4,"featured_media":93016,"comment_status":"open","ping_status":"open","sticky":false,"template":"","format":"standard","meta":{"_et_pb_use_builder":"","_et_pb_old_content":""},"categories":[3],"tags":[],"yoast_head":"<!-- This site is optimized with the Yoast SEO Premium plugin v17.8 (Yoast SEO v17.8) - https:\/\/yoast.com\/wordpress\/plugins\/seo\/ -->\n<title>MAMADOU BADIO CAMARA\u00a0: \u00ab\u00a0Nous exercerons notre \u00a0mission avec rigueur et dans la s\u00e9r\u00e9nit\u00e9\u00a0\u00bb | Nettali.com<\/title>\n<meta name=\"robots\" content=\"index, follow, max-snippet:-1, max-image-preview:large, max-video-preview:-1\" \/>\n<link rel=\"canonical\" href=\"https:\/\/www.nettali.com\/2023\/07\/25\/mamadou-badio-camara-nous-exercerons-notre-mission-avec-rigueur-et-dans-la-serenite\/\" \/>\n<meta property=\"og:locale\" content=\"fr_FR\" \/>\n<meta property=\"og:type\" content=\"article\" \/>\n<meta property=\"og:title\" content=\"MAMADOU BADIO CAMARA\u00a0: \u00ab\u00a0Nous exercerons notre \u00a0mission avec rigueur et dans la s\u00e9r\u00e9nit\u00e9\u00a0\u00bb\" \/>\n<meta property=\"og:description\" content=\"NETTALI.COM - Le pr\u00e9sident du Conseil constitutionnel, Mamadou Badio Camara, a profit\u00e9 de la c\u00e9r\u00e9monie d\u2019installation du magistrat Cheikh Ndiaye, nomm\u00e9 par d\u00e9cret le 7 juillet, pour rassurer les populations que la haute juridiction qu\u2019il dirige exercera sa mission avec rigueur et dans la s\u00e9r\u00e9nit\u00e9. \u00abNos cursus et nos longues exp\u00e9riences professionnelles dans divers domaines [&hellip;]\" \/>\n<meta property=\"og:url\" content=\"https:\/\/www.nettali.com\/2023\/07\/25\/mamadou-badio-camara-nous-exercerons-notre-mission-avec-rigueur-et-dans-la-serenite\/\" \/>\n<meta property=\"og:site_name\" content=\"Nettali.com\" \/>\n<meta property=\"article:publisher\" content=\"https:\/\/www.facebook.com\/nettalicom\" \/>\n<meta property=\"article:published_time\" content=\"2023-07-25T09:32:40+00:00\" \/>\n<meta property=\"og:image\" content=\"https:\/\/www.nettali.com\/wp-content\/uploads\/2022\/09\/BADIO-CAMARA.jpg\" \/>\n\t<meta property=\"og:image:width\" content=\"600\" \/>\n\t<meta property=\"og:image:height\" content=\"496\" \/>\n<meta name=\"twitter:card\" content=\"summary_large_image\" \/>\n<meta name=\"twitter:label1\" content=\"\u00c9crit par\" \/>\n\t<meta name=\"twitter:data1\" content=\"Daouda\" \/>\n\t<meta name=\"twitter:label2\" content=\"Dur\u00e9e de lecture estim\u00e9e\" \/>\n\t<meta name=\"twitter:data2\" content=\"1 minute\" \/>\n<script type=\"application\/ld+json\" class=\"yoast-schema-graph\">{\"@context\":\"https:\/\/schema.org\",\"@graph\":[{\"@type\":\"WebSite\",\"@id\":\"https:\/\/www.nettali.com\/#website\",\"url\":\"https:\/\/www.nettali.com\/\",\"name\":\"Nettali.com\",\"description\":\"Le rendez-vous critique du Net\",\"potentialAction\":[{\"@type\":\"SearchAction\",\"target\":{\"@type\":\"EntryPoint\",\"urlTemplate\":\"https:\/\/www.nettali.com\/?s={search_term_string}\"},\"query-input\":\"required name=search_term_string\"}],\"inLanguage\":\"fr-FR\"},{\"@type\":\"ImageObject\",\"@id\":\"https:\/\/www.nettali.com\/2023\/07\/25\/mamadou-badio-camara-nous-exercerons-notre-mission-avec-rigueur-et-dans-la-serenite\/#primaryimage\",\"inLanguage\":\"fr-FR\",\"url\":\"https:\/\/www.nettali.com\/wp-content\/uploads\/2022\/09\/BADIO-CAMARA.jpg\",\"contentUrl\":\"https:\/\/www.nettali.com\/wp-content\/uploads\/2022\/09\/BADIO-CAMARA.jpg\",\"width\":600,\"height\":496},{\"@type\":\"WebPage\",\"@id\":\"https:\/\/www.nettali.com\/2023\/07\/25\/mamadou-badio-camara-nous-exercerons-notre-mission-avec-rigueur-et-dans-la-serenite\/#webpage\",\"url\":\"https:\/\/www.nettali.com\/2023\/07\/25\/mamadou-badio-camara-nous-exercerons-notre-mission-avec-rigueur-et-dans-la-serenite\/\",\"name\":\"MAMADOU BADIO CAMARA\\u00a0: \\u00ab\\u00a0Nous exercerons notre \\u00a0mission avec rigueur et dans la s\\u00e9r\\u00e9nit\\u00e9\\u00a0\\u00bb | Nettali.com\",\"isPartOf\":{\"@id\":\"https:\/\/www.nettali.com\/#website\"},\"primaryImageOfPage\":{\"@id\":\"https:\/\/www.nettali.com\/2023\/07\/25\/mamadou-badio-camara-nous-exercerons-notre-mission-avec-rigueur-et-dans-la-serenite\/#primaryimage\"},\"datePublished\":\"2023-07-25T09:32:40+00:00\",\"dateModified\":\"2023-07-25T09:32:40+00:00\",\"author\":{\"@id\":\"https:\/\/www.nettali.com\/#\/schema\/person\/3317e0bb3aa1da309fbf7b2780901bf4\"},\"breadcrumb\":{\"@id\":\"https:\/\/www.nettali.com\/2023\/07\/25\/mamadou-badio-camara-nous-exercerons-notre-mission-avec-rigueur-et-dans-la-serenite\/#breadcrumb\"},\"inLanguage\":\"fr-FR\",\"potentialAction\":[{\"@type\":\"ReadAction\",\"target\":[\"https:\/\/www.nettali.com\/2023\/07\/25\/mamadou-badio-camara-nous-exercerons-notre-mission-avec-rigueur-et-dans-la-serenite\/\"]}]},{\"@type\":\"BreadcrumbList\",\"@id\":\"https:\/\/www.nettali.com\/2023\/07\/25\/mamadou-badio-camara-nous-exercerons-notre-mission-avec-rigueur-et-dans-la-serenite\/#breadcrumb\",\"itemListElement\":[{\"@type\":\"ListItem\",\"position\":1,\"name\":\"Accueil\",\"item\":\"https:\/\/www.nettali.com\/\"},{\"@type\":\"ListItem\",\"position\":2,\"name\":\"MAMADOU BADIO CAMARA\\u00a0: \\u00ab\\u00a0Nous exercerons notre \\u00a0mission avec rigueur et dans la s\\u00e9r\\u00e9nit\\u00e9\\u00a0\\u00bb\"}]},{\"@type\":\"Person\",\"@id\":\"https:\/\/www.nettali.com\/#\/schema\/person\/3317e0bb3aa1da309fbf7b2780901bf4\",\"name\":\"Daouda\",\"image\":{\"@type\":\"ImageObject\",\"@id\":\"https:\/\/www.nettali.com\/#personlogo\",\"inLanguage\":\"fr-FR\",\"url\":\"https:\/\/secure.gravatar.com\/avatar\/8d143b5a49345098ddcfee1c49c2f47c?s=96&d=mm&r=g\",\"contentUrl\":\"https:\/\/secure.gravatar.com\/avatar\/8d143b5a49345098ddcfee1c49c2f47c?s=96&d=mm&r=g\",\"caption\":\"Daouda\"},\"sameAs\":[\"https:\/\/www.nettali.com\"]}]}<\/script>\n<!-- \/ Yoast SEO Premium plugin. -->","yoast_head_json":{"title":"MAMADOU BADIO CAMARA\u00a0: \u00ab\u00a0Nous exercerons notre \u00a0mission avec rigueur et dans la s\u00e9r\u00e9nit\u00e9\u00a0\u00bb | Nettali.com","robots":{"index":"index","follow":"follow","max-snippet":"max-snippet:-1","max-image-preview":"max-image-preview:large","max-video-preview":"max-video-preview:-1"},"canonical":"https:\/\/www.nettali.com\/2023\/07\/25\/mamadou-badio-camara-nous-exercerons-notre-mission-avec-rigueur-et-dans-la-serenite\/","og_locale":"fr_FR","og_type":"article","og_title":"MAMADOU BADIO CAMARA\u00a0: \u00ab\u00a0Nous exercerons notre \u00a0mission avec rigueur et dans la s\u00e9r\u00e9nit\u00e9\u00a0\u00bb","og_description":"NETTALI.COM - Le pr\u00e9sident du Conseil constitutionnel, Mamadou Badio Camara, a profit\u00e9 de la c\u00e9r\u00e9monie d\u2019installation du magistrat Cheikh Ndiaye, nomm\u00e9 par d\u00e9cret le 7 juillet, pour rassurer les populations que la haute juridiction qu\u2019il dirige exercera sa mission avec rigueur et dans la s\u00e9r\u00e9nit\u00e9. \u00abNos cursus et nos longues exp\u00e9riences professionnelles dans divers domaines [&hellip;]","og_url":"https:\/\/www.nettali.com\/2023\/07\/25\/mamadou-badio-camara-nous-exercerons-notre-mission-avec-rigueur-et-dans-la-serenite\/","og_site_name":"Nettali.com","article_publisher":"https:\/\/www.facebook.com\/nettalicom","article_published_time":"2023-07-25T09:32:40+00:00","og_image":[{"width":600,"height":496,"url":"https:\/\/www.nettali.com\/wp-content\/uploads\/2022\/09\/BADIO-CAMARA.jpg","type":"image\/jpeg"}],"twitter_card":"summary_large_image","twitter_misc":{"\u00c9crit par":"Daouda","Dur\u00e9e de lecture estim\u00e9e":"1 minute"},"schema":{"@context":"https:\/\/schema.org","@graph":[{"@type":"WebSite","@id":"https:\/\/www.nettali.com\/#website","url":"https:\/\/www.nettali.com\/","name":"Nettali.com","description":"Le rendez-vous critique du Net","potentialAction":[{"@type":"SearchAction","target":{"@type":"EntryPoint","urlTemplate":"https:\/\/www.nettali.com\/?s={search_term_string}"},"query-input":"required name=search_term_string"}],"inLanguage":"fr-FR"},{"@type":"ImageObject","@id":"https:\/\/www.nettali.com\/2023\/07\/25\/mamadou-badio-camara-nous-exercerons-notre-mission-avec-rigueur-et-dans-la-serenite\/#primaryimage","inLanguage":"fr-FR","url":"https:\/\/www.nettali.com\/wp-content\/uploads\/2022\/09\/BADIO-CAMARA.jpg","contentUrl":"https:\/\/www.nettali.com\/wp-content\/uploads\/2022\/09\/BADIO-CAMARA.jpg","width":600,"height":496},{"@type":"WebPage","@id":"https:\/\/www.nettali.com\/2023\/07\/25\/mamadou-badio-camara-nous-exercerons-notre-mission-avec-rigueur-et-dans-la-serenite\/#webpage","url":"https:\/\/www.nettali.com\/2023\/07\/25\/mamadou-badio-camara-nous-exercerons-notre-mission-avec-rigueur-et-dans-la-serenite\/","name":"MAMADOU BADIO CAMARA\u00a0: \u00ab\u00a0Nous exercerons notre \u00a0mission avec rigueur et dans la s\u00e9r\u00e9nit\u00e9\u00a0\u00bb | Nettali.com","isPartOf":{"@id":"https:\/\/www.nettali.com\/#website"},"primaryImageOfPage":{"@id":"https:\/\/www.nettali.com\/2023\/07\/25\/mamadou-badio-camara-nous-exercerons-notre-mission-avec-rigueur-et-dans-la-serenite\/#primaryimage"},"datePublished":"2023-07-25T09:32:40+00:00","dateModified":"2023-07-25T09:32:40+00:00","author":{"@id":"https:\/\/www.nettali.com\/#\/schema\/person\/3317e0bb3aa1da309fbf7b2780901bf4"},"breadcrumb":{"@id":"https:\/\/www.nettali.com\/2023\/07\/25\/mamadou-badio-camara-nous-exercerons-notre-mission-avec-rigueur-et-dans-la-serenite\/#breadcrumb"},"inLanguage":"fr-FR","potentialAction":[{"@type":"ReadAction","target":["https:\/\/www.nettali.com\/2023\/07\/25\/mamadou-badio-camara-nous-exercerons-notre-mission-avec-rigueur-et-dans-la-serenite\/"]}]},{"@type":"BreadcrumbList","@id":"https:\/\/www.nettali.com\/2023\/07\/25\/mamadou-badio-camara-nous-exercerons-notre-mission-avec-rigueur-et-dans-la-serenite\/#breadcrumb","itemListElement":[{"@type":"ListItem","position":1,"name":"Accueil","item":"https:\/\/www.nettali.com\/"},{"@type":"ListItem","position":2,"name":"MAMADOU BADIO CAMARA\u00a0: \u00ab\u00a0Nous exercerons notre \u00a0mission avec rigueur et dans la s\u00e9r\u00e9nit\u00e9\u00a0\u00bb"}]},{"@type":"Person","@id":"https:\/\/www.nettali.com\/#\/schema\/person\/3317e0bb3aa1da309fbf7b2780901bf4","name":"Daouda","image":{"@type":"ImageObject","@id":"https:\/\/www.nettali.com\/#personlogo","inLanguage":"fr-FR","url":"https:\/\/secure.gravatar.com\/avatar\/8d143b5a49345098ddcfee1c49c2f47c?s=96&d=mm&r=g","contentUrl":"https:\/\/secure.gravatar.com\/avatar\/8d143b5a49345098ddcfee1c49c2f47c?s=96&d=mm&r=g","caption":"Daouda"},"sameAs":["https:\/\/www.nettali.com"]}]}},"_links":{"self":[{"href":"https:\/\/www.nettali.com\/rest\/wp\/v2\/posts\/114771"}],"collection":[{"href":"https:\/\/www.nettali.com\/rest\/wp\/v2\/posts"}],"about":[{"href":"https:\/\/www.nettali.com\/rest\/wp\/v2\/types\/post"}],"author":[{"embeddable":true,"href":"https:\/\/www.nettali.com\/rest\/wp\/v2\/users\/4"}],"replies":[{"embeddable":true,"href":"https:\/\/www.nettali.com\/rest\/wp\/v2\/comments?post=114771"}],"version-history":[{"count":1,"href":"https:\/\/www.nettali.com\/rest\/wp\/v2\/posts\/114771\/revisions"}],"predecessor-version":[{"id":114772,"href":"https:\/\/www.nettali.com\/rest\/wp\/v2\/posts\/114771\/revisions\/114772"}],"wp:featuredmedia":[{"embeddable":true,"href":"https:\/\/www.nettali.com\/rest\/wp\/v2\/media\/93016"}],"wp:attachment":[{"href":"https:\/\/www.nettali.com\/rest\/wp\/v2\/media?parent=114771"}],"wp:term":[{"taxonomy":"category","embeddable":true,"href":"https:\/\/www.nettali.com\/rest\/wp\/v2\/categories?post=114771"},{"taxonomy":"post_tag","embeddable":true,"href":"https:\/\/www.nettali.com\/rest\/wp\/v2\/tags?post=114771"}],"curies":[{"name":"wp","href":"https:\/\/api.w.org\/{rel}","templated":true}]}}