{"id":114769,"date":"2023-07-25T09:22:19","date_gmt":"2023-07-25T09:22:19","guid":{"rendered":"https:\/\/www.nettali.com\/?p=114769"},"modified":"2023-07-26T08:04:29","modified_gmt":"2023-07-26T08:04:29","slug":"vaste-mouvement-au-sein-de-la-police","status":"publish","type":"post","link":"https:\/\/www.nettali.com\/2023\/07\/25\/vaste-mouvement-au-sein-de-la-police\/","title":{"rendered":"EN COULISSES - Vaste mouvement au sein de la police"},"content":{"rendered":"<p><strong>NETTALI.COM - Un vaste mouvement a \u00e9t\u00e9 op\u00e9r\u00e9 au sein de la police nationale. Plusieurs commissariats, sur toute l\u2019\u00e9tendue du territoire national, sont concern\u00e9s. Voici la liste des commissariats touch\u00e9s et des grad\u00e9s nomm\u00e9s. <\/strong><\/p>\n<p><strong>Le commissaire Abdou<\/strong> Faye pr\u00e9c\u00e9demment commissaire sp\u00e9cial de Keur Ayib, devient le commissaire de Matam.<br \/>\nLe commissariat de l'\u00cele de Saint-Louis a aussi une nouvelle patronne. Il s\u2019agit de Binetou Doumbia, ancienne commissaire des Hlm \u00e0 Dakar.<\/p>\n<p><strong>La commissaire Khady Diouf<\/strong> qui \u00e9tait \u00e0 Malika, h\u00e9rite du commissariat de Rebeuss. \u00c0 la t\u00eate du commissariat de Ziguinchor, se trouve maintenant, le commissaire Malick Dieng, pr\u00e9c\u00e9demment au commissariat de Kolda.<\/p>\n<p><strong>Thierno Diop<\/strong> pr\u00e9c\u00e9demment commissaire de l\u2019arrondissement de Ndorong \u00e0 Kaolack, devient le commissaire de K\u00e9dougou.<\/p>\n<p><strong>Le commissaire Khady Fall<\/strong> qui \u00e9tait \u00e0 la t\u00eate du commissariat du Plateau, est affect\u00e9 au Groupement Mobile d\u2019Intervention (GMI).<\/p>\n<p><strong>Le commissaire Badara<\/strong> Diallo est nomm\u00e9 chef de division du service de contre-espionnage. La commissaire Mame Diarra Faye pr\u00e9c\u00e9demment au commissariat de l\u2019Ile \u00e0 Saint-Louis, devient commissaire de Bel-Air.<\/p>\n<p><strong>Le commissaire Mame Farma Ndiaye<\/strong>, pr\u00e9c\u00e9demment au niveau du commissariat des airs et fronti\u00e8res, est maintenant affect\u00e9 \u00e0 la direction de la Police Judiciaire (PJ).<\/p>\n<p><strong>Le commissaire Bara Niang<\/strong> est nomm\u00e9 commissaire central de Mbour.<\/p>\n<p><strong>Albert Ndiour<\/strong>, d\u00e9sormais ancien commissaire de K\u00e9b\u00e9mer, se retrouve \u00e0 la t\u00eate du commissariat de Bambey.<\/p>\n<p><strong>Le commissaire Omar Boun Khatab Gu\u00e8ye<\/strong>, qui \u00e9tait le chef de brigade pr\u00e9v\u00f4tale, devient le chef de la division nationale de lutte contre le trafic de migrants et pratiques assimil\u00e9es.<\/p>\n<p><strong>Le commissaire Mass Thiombane<\/strong>,\u00a0 pr\u00e9c\u00e9demment commissaire de Ndamatou, est d\u00e9sormais \u00e0 la t\u00eate du commissaire du Plateau \u00e0 Dakar.<\/p>\n<p>Bakary Malouine Faye qui \u00e9tait chef de la division nationale de lutte contre le trafic de migrants et pratiques assimil\u00e9es devient le commissaire de Saly.<\/p>\n<p><strong>Lat Dior Sall<\/strong>, pr\u00e9c\u00e9demment commissaire de Yeumbeul atterrit au commissariat de Kolda.<\/p>\n<p><strong>Ch\u00e9rif Malamine Massaly<\/strong> qui \u00e9tait l\u2019adjoint du commissaire central de Ziguinchor, devient le chef de la brigade pr\u00e9v\u00f4tale.<\/p>\n<p><strong>Ousmane Seydi<\/strong>, ancien chef de Brigade des stup\u00e9fiants de Diourbel devient le commissaire de Koungheul en remplacement de Alioune Fall d\u00e9sormais commissaire de Mback\u00e9.<\/p>\n<p><strong>Dianko Mballo<\/strong> quitte le commissariat de Grand Yoff pour le commissariat d\u2019arrondissement de Ndorong \u00e0 Kaolack.<\/p>\n<p><strong>Diame Yar\u00e9 Fall<\/strong> qui \u00e9tait le commissaire-adjoint au commissariat central de Kaolack, devient commissaire de Yeumbeul.<\/p>\n<p><strong>Kimintang Ndao <\/strong>jusque-l\u00e0 commissaire de Grand Dakar, atterrit aux Hlm comme commissaire.<\/p>\n<p><strong>Ousmane Faye<\/strong>, qui \u00e9tait adjoint du commissaire central de Gu\u00e9diawaye, devient commissaire d\u2019arrondissement de Thiaroye.<\/p>\n<p><strong>Alexandre Denango Sarr\u00e9<\/strong> pr\u00e9c\u00e9demment adjoint du commissaire central de Rufisque, devient commissaire d\u2019arrondissement Grand Yoff.<\/p>\n<p><strong>Le commissaire divisionnaire Moustapha Diouf<\/strong> quitte Matam pour devenir\u00a0 le commissaire central de Saint-Louis.<\/p>\n<p><strong>Le commissaire principal Ibrahima Dieng<\/strong>, qui \u00e9tait jusque-l\u00e0 chef de la division r\u00e9gionale des renseignements g\u00e9n\u00e9raux (RG) de Dakar, est d\u00e9sormais le commissaire central de Tambacounda.<\/p>\n<p><strong>Le commissaire principal Daouda Bodian<\/strong> n\u2019est plus commissaire de Rufisque. Il est maintenant le commissaire central de Gu\u00e9diawaye.<\/p>\n<p><strong>Le commissaire Lamarana Diallo<\/strong>, pr\u00e9c\u00e9demment \u00e0 la t\u00eate du commissariat de Louga, devient commissaire de Rufisque. Le commissaire Seynabou Niang quitte\u00a0 Bel Air et atterrit au commissariat sp\u00e9cial du tourisme.<\/p>\n<p><strong>Le commissaire Gnima Di\u00e9dhiou<\/strong>, ancienne commissaire de Bambey devient la commissaire centrale de Louga. La commissaire A\u00efssatou Ka du commissariat de Saly, est maintenant \u00e0 la t\u00eate du commissariat de K\u00e9b\u00e9mer.<\/p>\n<p><strong>Le commissaire Demba Ciss\u00e9<\/strong>, qui \u00e9tait chef de division du service contre-espionnage, est actuellement chef de service des renseignements g\u00e9n\u00e9raux (RG) de Dakar. Le commissaire Balla Fall qui \u00e9tait le commissaire de K\u00e9dougou, devient commissaire de Kaffrine.<\/p>\n<p><strong>Adja Coumba Ndiaye<\/strong>, adjoint du commissariat d\u2019arrondissement des Parcelles Assainies, est maintenant commissaire de Malika.<\/p>\n<p><strong>Sengane Ndecky<\/strong>, jusque-l\u00e0 adjoint au commissaire central de Thi\u00e8s, devient le commissaire de Ndamatou.<\/p>\n<p><strong>Elhadj Malick Kane<\/strong>, adjoint du commissaire du Point E est, d\u00e9sormais adjoint commissaire central de Thi\u00e8s.<\/p>\n<p><strong>Adama Well\u00e9<\/strong> devient le commissaire du grand Dakar.<\/p>\n<p><strong>Isma\u00efla Goudiaby<\/strong> qui \u00e9tait adjoint du commissaire de la s\u00fbret\u00e9 urbaine, est affect\u00e9 \u00e0 la direction de la Police Judiciaire (PJ).<\/p>\n<p><strong>Alioune Ndiaye<\/strong> nomm\u00e9 commissaire sp\u00e9cial de Keur Ayib.<\/p>\n<p><strong>\u00a0Balla Ba<\/strong> devient adjoint au chef de la s\u00fbret\u00e9 urbaine (SU).<\/p>\n<p><strong>Lamine Ciss\u00e9<\/strong> est affect\u00e9 \u00e0 la direction de l\u2019Office central pour la r\u00e9pression du trafic illicite de stup\u00e9fiant.<\/p>\n<p><strong>Mouhamadou Lamine Diop<\/strong> est nomm\u00e9 adjoint central de Gu\u00e9diawaye.<\/p>\n<p>&nbsp;<\/p>\n<div class='share-to-whatsapp-wrapper'><div class='share-on-whsp'>PARTAGER SUR : <\/div><a data-text='EN COULISSES - Vaste mouvement au sein de la police' data-link='https:\/\/www.nettali.com\/2023\/07\/25\/vaste-mouvement-au-sein-de-la-police\/' class='whatsapp-button whatsapp-share'>WhatsApp<\/a><div class='clear '><\/div><\/div>","protected":false},"excerpt":{"rendered":"<p>NETTALI.COM - Un vaste mouvement a \u00e9t\u00e9 op\u00e9r\u00e9 au sein de la police nationale. Plusieurs commissariats, sur toute l\u2019\u00e9tendue du territoire national, sont concern\u00e9s. Voici la liste des commissariats touch\u00e9s et des grad\u00e9s nomm\u00e9s. Le commissaire Abdou Faye pr\u00e9c\u00e9demment commissaire sp\u00e9cial de Keur Ayib, devient le commissaire de Matam. Le commissariat de l'\u00cele de Saint-Louis [&hellip;]<\/p>\n","protected":false},"author":4,"featured_media":98154,"comment_status":"open","ping_status":"open","sticky":false,"template":"","format":"standard","meta":{"_et_pb_use_builder":"","_et_pb_old_content":""},"categories":[34945],"tags":[],"yoast_head":"<!-- This site is optimized with the Yoast SEO Premium plugin v17.8 (Yoast SEO v17.8) - https:\/\/yoast.com\/wordpress\/plugins\/seo\/ -->\n<title>EN COULISSES - Vaste mouvement au sein de la police | Nettali.com<\/title>\n<meta name=\"robots\" content=\"index, follow, max-snippet:-1, max-image-preview:large, max-video-preview:-1\" \/>\n<link rel=\"canonical\" href=\"https:\/\/www.nettali.com\/2023\/07\/25\/vaste-mouvement-au-sein-de-la-police\/\" \/>\n<meta property=\"og:locale\" content=\"fr_FR\" \/>\n<meta property=\"og:type\" content=\"article\" \/>\n<meta property=\"og:title\" content=\"EN COULISSES - Vaste mouvement au sein de la police\" \/>\n<meta property=\"og:description\" content=\"NETTALI.COM - Un vaste mouvement a \u00e9t\u00e9 op\u00e9r\u00e9 au sein de la police nationale. Plusieurs commissariats, sur toute l\u2019\u00e9tendue du territoire national, sont concern\u00e9s. Voici la liste des commissariats touch\u00e9s et des grad\u00e9s nomm\u00e9s. Le commissaire Abdou Faye pr\u00e9c\u00e9demment commissaire sp\u00e9cial de Keur Ayib, devient le commissaire de Matam. Le commissariat de l&#039;\u00cele de Saint-Louis [&hellip;]\" \/>\n<meta property=\"og:url\" content=\"https:\/\/www.nettali.com\/2023\/07\/25\/vaste-mouvement-au-sein-de-la-police\/\" \/>\n<meta property=\"og:site_name\" content=\"Nettali.com\" \/>\n<meta property=\"article:publisher\" content=\"https:\/\/www.facebook.com\/nettalicom\" \/>\n<meta property=\"article:published_time\" content=\"2023-07-25T09:22:19+00:00\" \/>\n<meta property=\"article:modified_time\" content=\"2023-07-26T08:04:29+00:00\" \/>\n<meta property=\"og:image\" content=\"https:\/\/www.nettali.com\/wp-content\/uploads\/2022\/11\/antoine-diome.jpeg\" \/>\n\t<meta property=\"og:image:width\" content=\"1080\" \/>\n\t<meta property=\"og:image:height\" content=\"607\" \/>\n<meta name=\"twitter:card\" content=\"summary_large_image\" \/>\n<meta name=\"twitter:label1\" content=\"\u00c9crit par\" \/>\n\t<meta name=\"twitter:data1\" content=\"Daouda\" \/>\n\t<meta name=\"twitter:label2\" content=\"Dur\u00e9e de lecture estim\u00e9e\" \/>\n\t<meta name=\"twitter:data2\" content=\"4 minutes\" \/>\n<script type=\"application\/ld+json\" class=\"yoast-schema-graph\">{\"@context\":\"https:\/\/schema.org\",\"@graph\":[{\"@type\":\"WebSite\",\"@id\":\"https:\/\/www.nettali.com\/#website\",\"url\":\"https:\/\/www.nettali.com\/\",\"name\":\"Nettali.com\",\"description\":\"Le rendez-vous critique du Net\",\"potentialAction\":[{\"@type\":\"SearchAction\",\"target\":{\"@type\":\"EntryPoint\",\"urlTemplate\":\"https:\/\/www.nettali.com\/?s={search_term_string}\"},\"query-input\":\"required name=search_term_string\"}],\"inLanguage\":\"fr-FR\"},{\"@type\":\"ImageObject\",\"@id\":\"https:\/\/www.nettali.com\/2023\/07\/25\/vaste-mouvement-au-sein-de-la-police\/#primaryimage\",\"inLanguage\":\"fr-FR\",\"url\":\"https:\/\/www.nettali.com\/wp-content\/uploads\/2022\/11\/antoine-diome.jpeg\",\"contentUrl\":\"https:\/\/www.nettali.com\/wp-content\/uploads\/2022\/11\/antoine-diome.jpeg\",\"width\":1080,\"height\":607},{\"@type\":\"WebPage\",\"@id\":\"https:\/\/www.nettali.com\/2023\/07\/25\/vaste-mouvement-au-sein-de-la-police\/#webpage\",\"url\":\"https:\/\/www.nettali.com\/2023\/07\/25\/vaste-mouvement-au-sein-de-la-police\/\",\"name\":\"EN COULISSES - Vaste mouvement au sein de la police | Nettali.com\",\"isPartOf\":{\"@id\":\"https:\/\/www.nettali.com\/#website\"},\"primaryImageOfPage\":{\"@id\":\"https:\/\/www.nettali.com\/2023\/07\/25\/vaste-mouvement-au-sein-de-la-police\/#primaryimage\"},\"datePublished\":\"2023-07-25T09:22:19+00:00\",\"dateModified\":\"2023-07-26T08:04:29+00:00\",\"author\":{\"@id\":\"https:\/\/www.nettali.com\/#\/schema\/person\/3317e0bb3aa1da309fbf7b2780901bf4\"},\"breadcrumb\":{\"@id\":\"https:\/\/www.nettali.com\/2023\/07\/25\/vaste-mouvement-au-sein-de-la-police\/#breadcrumb\"},\"inLanguage\":\"fr-FR\",\"potentialAction\":[{\"@type\":\"ReadAction\",\"target\":[\"https:\/\/www.nettali.com\/2023\/07\/25\/vaste-mouvement-au-sein-de-la-police\/\"]}]},{\"@type\":\"BreadcrumbList\",\"@id\":\"https:\/\/www.nettali.com\/2023\/07\/25\/vaste-mouvement-au-sein-de-la-police\/#breadcrumb\",\"itemListElement\":[{\"@type\":\"ListItem\",\"position\":1,\"name\":\"Accueil\",\"item\":\"https:\/\/www.nettali.com\/\"},{\"@type\":\"ListItem\",\"position\":2,\"name\":\"EN COULISSES - Vaste mouvement au sein de la police\"}]},{\"@type\":\"Person\",\"@id\":\"https:\/\/www.nettali.com\/#\/schema\/person\/3317e0bb3aa1da309fbf7b2780901bf4\",\"name\":\"Daouda\",\"image\":{\"@type\":\"ImageObject\",\"@id\":\"https:\/\/www.nettali.com\/#personlogo\",\"inLanguage\":\"fr-FR\",\"url\":\"https:\/\/secure.gravatar.com\/avatar\/8d143b5a49345098ddcfee1c49c2f47c?s=96&d=mm&r=g\",\"contentUrl\":\"https:\/\/secure.gravatar.com\/avatar\/8d143b5a49345098ddcfee1c49c2f47c?s=96&d=mm&r=g\",\"caption\":\"Daouda\"},\"sameAs\":[\"https:\/\/www.nettali.com\"]}]}<\/script>\n<!-- \/ Yoast SEO Premium plugin. -->","yoast_head_json":{"title":"EN COULISSES - Vaste mouvement au sein de la police | Nettali.com","robots":{"index":"index","follow":"follow","max-snippet":"max-snippet:-1","max-image-preview":"max-image-preview:large","max-video-preview":"max-video-preview:-1"},"canonical":"https:\/\/www.nettali.com\/2023\/07\/25\/vaste-mouvement-au-sein-de-la-police\/","og_locale":"fr_FR","og_type":"article","og_title":"EN COULISSES - Vaste mouvement au sein de la police","og_description":"NETTALI.COM - Un vaste mouvement a \u00e9t\u00e9 op\u00e9r\u00e9 au sein de la police nationale. Plusieurs commissariats, sur toute l\u2019\u00e9tendue du territoire national, sont concern\u00e9s. Voici la liste des commissariats touch\u00e9s et des grad\u00e9s nomm\u00e9s. Le commissaire Abdou Faye pr\u00e9c\u00e9demment commissaire sp\u00e9cial de Keur Ayib, devient le commissaire de Matam. Le commissariat de l'\u00cele de Saint-Louis [&hellip;]","og_url":"https:\/\/www.nettali.com\/2023\/07\/25\/vaste-mouvement-au-sein-de-la-police\/","og_site_name":"Nettali.com","article_publisher":"https:\/\/www.facebook.com\/nettalicom","article_published_time":"2023-07-25T09:22:19+00:00","article_modified_time":"2023-07-26T08:04:29+00:00","og_image":[{"width":1080,"height":607,"url":"https:\/\/www.nettali.com\/wp-content\/uploads\/2022\/11\/antoine-diome.jpeg","type":"image\/jpeg"}],"twitter_card":"summary_large_image","twitter_misc":{"\u00c9crit par":"Daouda","Dur\u00e9e de lecture estim\u00e9e":"4 minutes"},"schema":{"@context":"https:\/\/schema.org","@graph":[{"@type":"WebSite","@id":"https:\/\/www.nettali.com\/#website","url":"https:\/\/www.nettali.com\/","name":"Nettali.com","description":"Le rendez-vous critique du Net","potentialAction":[{"@type":"SearchAction","target":{"@type":"EntryPoint","urlTemplate":"https:\/\/www.nettali.com\/?s={search_term_string}"},"query-input":"required name=search_term_string"}],"inLanguage":"fr-FR"},{"@type":"ImageObject","@id":"https:\/\/www.nettali.com\/2023\/07\/25\/vaste-mouvement-au-sein-de-la-police\/#primaryimage","inLanguage":"fr-FR","url":"https:\/\/www.nettali.com\/wp-content\/uploads\/2022\/11\/antoine-diome.jpeg","contentUrl":"https:\/\/www.nettali.com\/wp-content\/uploads\/2022\/11\/antoine-diome.jpeg","width":1080,"height":607},{"@type":"WebPage","@id":"https:\/\/www.nettali.com\/2023\/07\/25\/vaste-mouvement-au-sein-de-la-police\/#webpage","url":"https:\/\/www.nettali.com\/2023\/07\/25\/vaste-mouvement-au-sein-de-la-police\/","name":"EN COULISSES - Vaste mouvement au sein de la police | Nettali.com","isPartOf":{"@id":"https:\/\/www.nettali.com\/#website"},"primaryImageOfPage":{"@id":"https:\/\/www.nettali.com\/2023\/07\/25\/vaste-mouvement-au-sein-de-la-police\/#primaryimage"},"datePublished":"2023-07-25T09:22:19+00:00","dateModified":"2023-07-26T08:04:29+00:00","author":{"@id":"https:\/\/www.nettali.com\/#\/schema\/person\/3317e0bb3aa1da309fbf7b2780901bf4"},"breadcrumb":{"@id":"https:\/\/www.nettali.com\/2023\/07\/25\/vaste-mouvement-au-sein-de-la-police\/#breadcrumb"},"inLanguage":"fr-FR","potentialAction":[{"@type":"ReadAction","target":["https:\/\/www.nettali.com\/2023\/07\/25\/vaste-mouvement-au-sein-de-la-police\/"]}]},{"@type":"BreadcrumbList","@id":"https:\/\/www.nettali.com\/2023\/07\/25\/vaste-mouvement-au-sein-de-la-police\/#breadcrumb","itemListElement":[{"@type":"ListItem","position":1,"name":"Accueil","item":"https:\/\/www.nettali.com\/"},{"@type":"ListItem","position":2,"name":"EN COULISSES - Vaste mouvement au sein de la police"}]},{"@type":"Person","@id":"https:\/\/www.nettali.com\/#\/schema\/person\/3317e0bb3aa1da309fbf7b2780901bf4","name":"Daouda","image":{"@type":"ImageObject","@id":"https:\/\/www.nettali.com\/#personlogo","inLanguage":"fr-FR","url":"https:\/\/secure.gravatar.com\/avatar\/8d143b5a49345098ddcfee1c49c2f47c?s=96&d=mm&r=g","contentUrl":"https:\/\/secure.gravatar.com\/avatar\/8d143b5a49345098ddcfee1c49c2f47c?s=96&d=mm&r=g","caption":"Daouda"},"sameAs":["https:\/\/www.nettali.com"]}]}},"_links":{"self":[{"href":"https:\/\/www.nettali.com\/rest\/wp\/v2\/posts\/114769"}],"collection":[{"href":"https:\/\/www.nettali.com\/rest\/wp\/v2\/posts"}],"about":[{"href":"https:\/\/www.nettali.com\/rest\/wp\/v2\/types\/post"}],"author":[{"embeddable":true,"href":"https:\/\/www.nettali.com\/rest\/wp\/v2\/users\/4"}],"replies":[{"embeddable":true,"href":"https:\/\/www.nettali.com\/rest\/wp\/v2\/comments?post=114769"}],"version-history":[{"count":4,"href":"https:\/\/www.nettali.com\/rest\/wp\/v2\/posts\/114769\/revisions"}],"predecessor-version":[{"id":114839,"href":"https:\/\/www.nettali.com\/rest\/wp\/v2\/posts\/114769\/revisions\/114839"}],"wp:featuredmedia":[{"embeddable":true,"href":"https:\/\/www.nettali.com\/rest\/wp\/v2\/media\/98154"}],"wp:attachment":[{"href":"https:\/\/www.nettali.com\/rest\/wp\/v2\/media?parent=114769"}],"wp:term":[{"taxonomy":"category","embeddable":true,"href":"https:\/\/www.nettali.com\/rest\/wp\/v2\/categories?post=114769"},{"taxonomy":"post_tag","embeddable":true,"href":"https:\/\/www.nettali.com\/rest\/wp\/v2\/tags?post=114769"}],"curies":[{"name":"wp","href":"https:\/\/api.w.org\/{rel}","templated":true}]}}