{"id":114754,"date":"2023-07-25T07:53:17","date_gmt":"2023-07-25T07:53:17","guid":{"rendered":"https:\/\/www.nettali.com\/?p=114754"},"modified":"2023-07-25T07:53:17","modified_gmt":"2023-07-25T07:53:17","slug":"en-coulisses-ismaila-sarr-est-marseillais","status":"publish","type":"post","link":"https:\/\/www.nettali.com\/2023\/07\/25\/en-coulisses-ismaila-sarr-est-marseillais\/","title":{"rendered":"EN COULISSES - Isma\u00efla Sarr est Marseillais"},"content":{"rendered":"<p><strong>NETTALI.COM - <\/strong>Une bonne nouvelle pour l'international s\u00e9n\u00e9galais Isma\u00efla Sarr, l'Olympique de Marseille vient d'officialiser la signature d'Isma\u00efla Sarr en provenance de Watford (D2 Ang). L'attaquant international s\u00e9n\u00e9galais s'est en effet engag\u00e9, ce lundi 24 juillet pour un montant \u00e0 priori inf\u00e9rieur \u00e0 20 millions d'euros et revient en Ligue 1 quatre ans apr\u00e8s avoir quitt\u00e9 le Stade Rennais.<\/p>\n<p>\"<em>Form\u00e9 \u00e0 l\u2019AS G\u00e9n\u00e9ration Foot au S\u00e9n\u00e9gal, Isma\u00efla Sarr d\u00e9bute sa carri\u00e8re en 2016 au FC Metz. Apr\u00e8s une premi\u00e8re saison remarqu\u00e9e, l\u2019attaquant s\u00e9n\u00e9galais s\u2019engage en faveur du Stade Rennais FC \u00e0 l\u2019\u00e9t\u00e9 2017, dispute 77 rencontres, marque 18 buts et d\u00e9livre 16 passes d\u00e9cisives en deux saisons. Il remporte la Coupe de France avec le club breton en 2019. Cette m\u00eame ann\u00e9e, c\u2019est dans la banlieue nord-ouest de Londres \u00e0 Watford qu\u2019Isma\u00efla Sarr d\u00e9cide de poser ses valises. Sous les couleurs des Hornets, il inscrit 34 buts et compte 24 passes d\u00e9cisives en 131 rencontres jou\u00e9es. Le natif de Saint-Louis compte \u00e9galement 54 s\u00e9lections avec l\u2019\u00e9quipe nationale du S\u00e9n\u00e9gal \u00e0 seulement 25 ans, pays avec lequel il soul\u00e8ve la Coupe d\u2019Afrique des Nations en 2022. L\u2019OM souhaite la bienvenue \u00e0 Isma\u00efla Sarr<\/em>\", pr\u00e9cise l\u2019Olympique de Marseille dans un communiqu\u00e9.<\/p>\n<div class='share-to-whatsapp-wrapper'><div class='share-on-whsp'>PARTAGER SUR : <\/div><a data-text='EN COULISSES - Isma\u00efla Sarr est Marseillais' data-link='https:\/\/www.nettali.com\/2023\/07\/25\/en-coulisses-ismaila-sarr-est-marseillais\/' class='whatsapp-button whatsapp-share'>WhatsApp<\/a><div class='clear '><\/div><\/div>","protected":false},"excerpt":{"rendered":"<p>NETTALI.COM - Une bonne nouvelle pour l'international s\u00e9n\u00e9galais Isma\u00efla Sarr, l'Olympique de Marseille vient d'officialiser la signature d'Isma\u00efla Sarr en provenance de Watford (D2 Ang). L'attaquant international s\u00e9n\u00e9galais s'est en effet engag\u00e9, ce lundi 24 juillet pour un montant \u00e0 priori inf\u00e9rieur \u00e0 20 millions d'euros et revient en Ligue 1 quatre ans apr\u00e8s avoir [&hellip;]<\/p>\n","protected":false},"author":5,"featured_media":114755,"comment_status":"open","ping_status":"open","sticky":false,"template":"","format":"standard","meta":{"_et_pb_use_builder":"","_et_pb_old_content":""},"categories":[34945],"tags":[],"yoast_head":"<!-- This site is optimized with the Yoast SEO Premium plugin v17.8 (Yoast SEO v17.8) - https:\/\/yoast.com\/wordpress\/plugins\/seo\/ -->\n<title>EN COULISSES - Isma\u00efla Sarr est Marseillais | Nettali.com<\/title>\n<meta name=\"robots\" content=\"index, follow, max-snippet:-1, max-image-preview:large, max-video-preview:-1\" \/>\n<link rel=\"canonical\" href=\"https:\/\/www.nettali.com\/2023\/07\/25\/en-coulisses-ismaila-sarr-est-marseillais\/\" \/>\n<meta property=\"og:locale\" content=\"fr_FR\" \/>\n<meta property=\"og:type\" content=\"article\" \/>\n<meta property=\"og:title\" content=\"EN COULISSES - Isma\u00efla Sarr est Marseillais\" \/>\n<meta property=\"og:description\" content=\"NETTALI.COM - Une bonne nouvelle pour l&#039;international s\u00e9n\u00e9galais Isma\u00efla Sarr, l&#039;Olympique de Marseille vient d&#039;officialiser la signature d&#039;Isma\u00efla Sarr en provenance de Watford (D2 Ang). L&#039;attaquant international s\u00e9n\u00e9galais s&#039;est en effet engag\u00e9, ce lundi 24 juillet pour un montant \u00e0 priori inf\u00e9rieur \u00e0 20 millions d&#039;euros et revient en Ligue 1 quatre ans apr\u00e8s avoir [&hellip;]\" \/>\n<meta property=\"og:url\" content=\"https:\/\/www.nettali.com\/2023\/07\/25\/en-coulisses-ismaila-sarr-est-marseillais\/\" \/>\n<meta property=\"og:site_name\" content=\"Nettali.com\" \/>\n<meta property=\"article:publisher\" content=\"https:\/\/www.facebook.com\/nettalicom\" \/>\n<meta property=\"article:published_time\" content=\"2023-07-25T07:53:17+00:00\" \/>\n<meta property=\"og:image\" content=\"https:\/\/www.nettali.com\/wp-content\/uploads\/2023\/07\/20230724_215954.jpg\" \/>\n\t<meta property=\"og:image:width\" content=\"680\" \/>\n\t<meta property=\"og:image:height\" content=\"450\" \/>\n<meta name=\"twitter:card\" content=\"summary_large_image\" \/>\n<meta name=\"twitter:label1\" content=\"\u00c9crit par\" \/>\n\t<meta name=\"twitter:data1\" content=\"Ibrahima\" \/>\n\t<meta name=\"twitter:label2\" content=\"Dur\u00e9e de lecture estim\u00e9e\" \/>\n\t<meta name=\"twitter:data2\" content=\"2 minutes\" \/>\n<script type=\"application\/ld+json\" class=\"yoast-schema-graph\">{\"@context\":\"https:\/\/schema.org\",\"@graph\":[{\"@type\":\"WebSite\",\"@id\":\"https:\/\/www.nettali.com\/#website\",\"url\":\"https:\/\/www.nettali.com\/\",\"name\":\"Nettali.com\",\"description\":\"Le rendez-vous critique du Net\",\"potentialAction\":[{\"@type\":\"SearchAction\",\"target\":{\"@type\":\"EntryPoint\",\"urlTemplate\":\"https:\/\/www.nettali.com\/?s={search_term_string}\"},\"query-input\":\"required name=search_term_string\"}],\"inLanguage\":\"fr-FR\"},{\"@type\":\"ImageObject\",\"@id\":\"https:\/\/www.nettali.com\/2023\/07\/25\/en-coulisses-ismaila-sarr-est-marseillais\/#primaryimage\",\"inLanguage\":\"fr-FR\",\"url\":\"https:\/\/www.nettali.com\/wp-content\/uploads\/2023\/07\/20230724_215954.jpg\",\"contentUrl\":\"https:\/\/www.nettali.com\/wp-content\/uploads\/2023\/07\/20230724_215954.jpg\",\"width\":680,\"height\":450},{\"@type\":\"WebPage\",\"@id\":\"https:\/\/www.nettali.com\/2023\/07\/25\/en-coulisses-ismaila-sarr-est-marseillais\/#webpage\",\"url\":\"https:\/\/www.nettali.com\/2023\/07\/25\/en-coulisses-ismaila-sarr-est-marseillais\/\",\"name\":\"EN COULISSES - Isma\\u00efla Sarr est Marseillais | Nettali.com\",\"isPartOf\":{\"@id\":\"https:\/\/www.nettali.com\/#website\"},\"primaryImageOfPage\":{\"@id\":\"https:\/\/www.nettali.com\/2023\/07\/25\/en-coulisses-ismaila-sarr-est-marseillais\/#primaryimage\"},\"datePublished\":\"2023-07-25T07:53:17+00:00\",\"dateModified\":\"2023-07-25T07:53:17+00:00\",\"author\":{\"@id\":\"https:\/\/www.nettali.com\/#\/schema\/person\/bb147657c2986240405a608162b9bb23\"},\"breadcrumb\":{\"@id\":\"https:\/\/www.nettali.com\/2023\/07\/25\/en-coulisses-ismaila-sarr-est-marseillais\/#breadcrumb\"},\"inLanguage\":\"fr-FR\",\"potentialAction\":[{\"@type\":\"ReadAction\",\"target\":[\"https:\/\/www.nettali.com\/2023\/07\/25\/en-coulisses-ismaila-sarr-est-marseillais\/\"]}]},{\"@type\":\"BreadcrumbList\",\"@id\":\"https:\/\/www.nettali.com\/2023\/07\/25\/en-coulisses-ismaila-sarr-est-marseillais\/#breadcrumb\",\"itemListElement\":[{\"@type\":\"ListItem\",\"position\":1,\"name\":\"Accueil\",\"item\":\"https:\/\/www.nettali.com\/\"},{\"@type\":\"ListItem\",\"position\":2,\"name\":\"EN COULISSES - Isma\\u00efla Sarr est Marseillais\"}]},{\"@type\":\"Person\",\"@id\":\"https:\/\/www.nettali.com\/#\/schema\/person\/bb147657c2986240405a608162b9bb23\",\"name\":\"Ibrahima\",\"image\":{\"@type\":\"ImageObject\",\"@id\":\"https:\/\/www.nettali.com\/#personlogo\",\"inLanguage\":\"fr-FR\",\"url\":\"https:\/\/secure.gravatar.com\/avatar\/26a8a81f09f0dd7624c9d5c36c9ba3a2?s=96&d=mm&r=g\",\"contentUrl\":\"https:\/\/secure.gravatar.com\/avatar\/26a8a81f09f0dd7624c9d5c36c9ba3a2?s=96&d=mm&r=g\",\"caption\":\"Ibrahima\"},\"sameAs\":[\"https:\/\/www.nettali.com\"]}]}<\/script>\n<!-- \/ Yoast SEO Premium plugin. -->","yoast_head_json":{"title":"EN COULISSES - Isma\u00efla Sarr est Marseillais | Nettali.com","robots":{"index":"index","follow":"follow","max-snippet":"max-snippet:-1","max-image-preview":"max-image-preview:large","max-video-preview":"max-video-preview:-1"},"canonical":"https:\/\/www.nettali.com\/2023\/07\/25\/en-coulisses-ismaila-sarr-est-marseillais\/","og_locale":"fr_FR","og_type":"article","og_title":"EN COULISSES - Isma\u00efla Sarr est Marseillais","og_description":"NETTALI.COM - Une bonne nouvelle pour l'international s\u00e9n\u00e9galais Isma\u00efla Sarr, l'Olympique de Marseille vient d'officialiser la signature d'Isma\u00efla Sarr en provenance de Watford (D2 Ang). L'attaquant international s\u00e9n\u00e9galais s'est en effet engag\u00e9, ce lundi 24 juillet pour un montant \u00e0 priori inf\u00e9rieur \u00e0 20 millions d'euros et revient en Ligue 1 quatre ans apr\u00e8s avoir [&hellip;]","og_url":"https:\/\/www.nettali.com\/2023\/07\/25\/en-coulisses-ismaila-sarr-est-marseillais\/","og_site_name":"Nettali.com","article_publisher":"https:\/\/www.facebook.com\/nettalicom","article_published_time":"2023-07-25T07:53:17+00:00","og_image":[{"width":680,"height":450,"url":"https:\/\/www.nettali.com\/wp-content\/uploads\/2023\/07\/20230724_215954.jpg","type":"image\/jpeg"}],"twitter_card":"summary_large_image","twitter_misc":{"\u00c9crit par":"Ibrahima","Dur\u00e9e de lecture estim\u00e9e":"2 minutes"},"schema":{"@context":"https:\/\/schema.org","@graph":[{"@type":"WebSite","@id":"https:\/\/www.nettali.com\/#website","url":"https:\/\/www.nettali.com\/","name":"Nettali.com","description":"Le rendez-vous critique du Net","potentialAction":[{"@type":"SearchAction","target":{"@type":"EntryPoint","urlTemplate":"https:\/\/www.nettali.com\/?s={search_term_string}"},"query-input":"required name=search_term_string"}],"inLanguage":"fr-FR"},{"@type":"ImageObject","@id":"https:\/\/www.nettali.com\/2023\/07\/25\/en-coulisses-ismaila-sarr-est-marseillais\/#primaryimage","inLanguage":"fr-FR","url":"https:\/\/www.nettali.com\/wp-content\/uploads\/2023\/07\/20230724_215954.jpg","contentUrl":"https:\/\/www.nettali.com\/wp-content\/uploads\/2023\/07\/20230724_215954.jpg","width":680,"height":450},{"@type":"WebPage","@id":"https:\/\/www.nettali.com\/2023\/07\/25\/en-coulisses-ismaila-sarr-est-marseillais\/#webpage","url":"https:\/\/www.nettali.com\/2023\/07\/25\/en-coulisses-ismaila-sarr-est-marseillais\/","name":"EN COULISSES - Isma\u00efla Sarr est Marseillais | Nettali.com","isPartOf":{"@id":"https:\/\/www.nettali.com\/#website"},"primaryImageOfPage":{"@id":"https:\/\/www.nettali.com\/2023\/07\/25\/en-coulisses-ismaila-sarr-est-marseillais\/#primaryimage"},"datePublished":"2023-07-25T07:53:17+00:00","dateModified":"2023-07-25T07:53:17+00:00","author":{"@id":"https:\/\/www.nettali.com\/#\/schema\/person\/bb147657c2986240405a608162b9bb23"},"breadcrumb":{"@id":"https:\/\/www.nettali.com\/2023\/07\/25\/en-coulisses-ismaila-sarr-est-marseillais\/#breadcrumb"},"inLanguage":"fr-FR","potentialAction":[{"@type":"ReadAction","target":["https:\/\/www.nettali.com\/2023\/07\/25\/en-coulisses-ismaila-sarr-est-marseillais\/"]}]},{"@type":"BreadcrumbList","@id":"https:\/\/www.nettali.com\/2023\/07\/25\/en-coulisses-ismaila-sarr-est-marseillais\/#breadcrumb","itemListElement":[{"@type":"ListItem","position":1,"name":"Accueil","item":"https:\/\/www.nettali.com\/"},{"@type":"ListItem","position":2,"name":"EN COULISSES - Isma\u00efla Sarr est Marseillais"}]},{"@type":"Person","@id":"https:\/\/www.nettali.com\/#\/schema\/person\/bb147657c2986240405a608162b9bb23","name":"Ibrahima","image":{"@type":"ImageObject","@id":"https:\/\/www.nettali.com\/#personlogo","inLanguage":"fr-FR","url":"https:\/\/secure.gravatar.com\/avatar\/26a8a81f09f0dd7624c9d5c36c9ba3a2?s=96&d=mm&r=g","contentUrl":"https:\/\/secure.gravatar.com\/avatar\/26a8a81f09f0dd7624c9d5c36c9ba3a2?s=96&d=mm&r=g","caption":"Ibrahima"},"sameAs":["https:\/\/www.nettali.com"]}]}},"_links":{"self":[{"href":"https:\/\/www.nettali.com\/rest\/wp\/v2\/posts\/114754"}],"collection":[{"href":"https:\/\/www.nettali.com\/rest\/wp\/v2\/posts"}],"about":[{"href":"https:\/\/www.nettali.com\/rest\/wp\/v2\/types\/post"}],"author":[{"embeddable":true,"href":"https:\/\/www.nettali.com\/rest\/wp\/v2\/users\/5"}],"replies":[{"embeddable":true,"href":"https:\/\/www.nettali.com\/rest\/wp\/v2\/comments?post=114754"}],"version-history":[{"count":3,"href":"https:\/\/www.nettali.com\/rest\/wp\/v2\/posts\/114754\/revisions"}],"predecessor-version":[{"id":114761,"href":"https:\/\/www.nettali.com\/rest\/wp\/v2\/posts\/114754\/revisions\/114761"}],"wp:featuredmedia":[{"embeddable":true,"href":"https:\/\/www.nettali.com\/rest\/wp\/v2\/media\/114755"}],"wp:attachment":[{"href":"https:\/\/www.nettali.com\/rest\/wp\/v2\/media?parent=114754"}],"wp:term":[{"taxonomy":"category","embeddable":true,"href":"https:\/\/www.nettali.com\/rest\/wp\/v2\/categories?post=114754"},{"taxonomy":"post_tag","embeddable":true,"href":"https:\/\/www.nettali.com\/rest\/wp\/v2\/tags?post=114754"}],"curies":[{"name":"wp","href":"https:\/\/api.w.org\/{rel}","templated":true}]}}