{"id":114702,"date":"2023-07-25T08:42:57","date_gmt":"2023-07-25T08:42:57","guid":{"rendered":"https:\/\/www.nettali.com\/?p=114702"},"modified":"2023-07-31T21:37:41","modified_gmt":"2023-07-31T21:37:41","slug":"idiovisuel-au-coeur-de-la-brume-journalistique","status":"publish","type":"post","link":"https:\/\/www.nettali.com\/2023\/07\/25\/idiovisuel-au-coeur-de-la-brume-journalistique\/","title":{"rendered":"IDIOVISUEL - Au coeur de la brume journalistique\u00a0!"},"content":{"rendered":"<p><strong>NETTALI.COM - A l\u2019heure de l\u2019instauration de la carte nationale de presse, des r\u00e9actions fort \u00e9tonnantes ont \u00e9t\u00e9 not\u00e9es \u00e7a et l\u00e0. Mais ce qui est d\u2019autant plus surprenant, c\u2019est qu\u2019elles portent la marque d\u2019hommes de m\u00e9dias connus du grand \u00e9cran. On parle d\u2019hommes de m\u00e9dias surtout pour pr\u00e9ciser qu\u2019il ne s\u2019agit pas uniquement de d\u00e9tracteurs journalistes puisqu\u2019il y a eu \u00e9galement des animateurs ou \u00ab chroniqueurs \u00bb pour tenter de discr\u00e9diter l\u2019instauration de ce nouveau s\u00e9same.<\/strong><\/p>\n<p>La v\u00e9rit\u00e9 est que lorsqu\u2019on fait un tour d\u2019horizon de ce que la presse compte comme acteurs, l\u2019on se rend en effet compte qu\u2019un certain nombre d\u2019entre eux, est rentr\u00e9 par effraction dans le m\u00e9tier et ne remplit pas le moindre crit\u00e8re pour l\u2019exercice de la profession de journaliste. D\u2019o\u00f9 certainement ces cris d\u2019orfraie, certains d\u2019entre eux risquant tout simplement de perdre leur boulot ou de continuer \u00e0 exercer sans reconnaissance.<\/p>\n<p>Ce qui est logique, c\u2019est que tout journaliste attach\u00e9 \u00e0 son m\u00e9tier et \u00e0 la n\u00e9cessit\u00e9 d\u2019un renforcement de la presse s\u00e9n\u00e9galaise, encourage cette exigence de la carte de presse vers laquelle on s\u2019oriente, m\u00eame si ce n\u2019est qu\u2019un pas vers plus de r\u00e9formes positives.<\/p>\n<p>Pourquoi devrait-on exiger un dipl\u00f4me pour l\u2019exercice de la profession de m\u00e9decin et donner carte blanche \u00e0 n\u2019importe quel quidam pour exercer librement celle de journaliste\u00a0? Pourquoi piloter un avion\u00a0n\u00e9cessiterait-il un dipl\u00f4me et des capacit\u00e9s et pas le m\u00e9tier de l\u2019information ?<\/p>\n<p>La v\u00e9rit\u00e9 est que la profession de journaliste para\u00eet si accessible et est assimil\u00e9e par certains au simple fait de savoir parler ou \u00e9crire en fran\u00e7ais, voire dans les langues locales, que beaucoup pensent avoir la comp\u00e9tence pour. Mais qu\u2019est-ce qu\u2019il requiert comme aptitudes et\u00a0 qualit\u00e9s\u00a0! Dans les pays occidentaux tels que les Etats-Unis, la France et bien d\u2019autres, le m\u00e9tier est exerc\u00e9 par des personnes d\u2019un niveau d\u2019\u00e9tudes \u00e9lev\u00e9, m\u00eame s\u2019il a exist\u00e9 dans le pass\u00e9, des journalistes form\u00e9s, comme partout ailleurs, \u00a0dans les r\u00e9dactions. Les s\u00e9lections y sont tr\u00e8s rigoureuses et les concours difficiles \u00e0 r\u00e9ussir. Tout cela pour dire que ceux qui y exercent ces m\u00e9tiers, sont parmi les meilleurs. Sous nos cieux, ce qui se fait de mieux, est sans aucun doute le Cesti. Une mani\u00e8re de dire que la profession de journaliste ne devrait pas \u00eatre exerc\u00e9 par n\u2019importe quel quidam.<\/p>\n<p>Le code de la presse qui instaure cette carte nationale de presse a, ne l\u2019oublions pas, la m\u00eame valeur contraignante que le code de la famille ou le code p\u00e9nal.\u00a0Cette r\u00e8gle devrait d\u00e8s lors fonctionner comme toute autre loi, dans une R\u00e9publique comme la n\u00f4tre. Les lois sont faites pour \u00eatre appliqu\u00e9es.<\/p>\n<p>Si dans un pass\u00e9 r\u00e9cent, ce nouveau s\u00e9same \u00e9tait attribu\u00e9 par l\u2019organe employeur sans crit\u00e8re pr\u00e9cis, aujourd\u2019hui la donne est en train de changer avec une carte commune d\u00e9livr\u00e9e par une commission nationale d\u00e9di\u00e9e \u00e0 cet effet, et institu\u00e9 par le code de la presse vot\u00e9 par les d\u00e9put\u00e9s depuis 2017.<\/p>\n<p>Obtenir la carte de presse n\u2019est plus donc une chose ais\u00e9e. Et cela ne manque pas de cr\u00e9er des frustrations. Le journaliste doit d\u00e9sormais \u00eatre non seulement dans une posture active en faisant lui-m\u00eame sa d\u00e9marche personnelle pour la demander. Mais il doit aussi et surtout, s\u2019il n\u2019est pas dipl\u00f4m\u00e9 d\u2019une \u00e9cole de formation en journalisme reconnue par l\u2019Etat, avoir la certitude qu\u2019il est apte \u00e0 la pratique journaliste car il devra passer l\u2019interrogation orale devant la commission de validation des acquis de l\u2019exp\u00e9rience avant de pouvoir disposer d\u2019une \u00a0carte nationale de presse. Des questions ayant trait \u00e0 la pratique journalistique, \u00e0 l\u2019\u00e9thique et la d\u00e9ontologie du m\u00e9tier, au droit de la presse, \u00e0 la culture g\u00e9n\u00e9rale\u00a0...<\/p>\n<p>Faire face \u00e0 ces membres issus de la presse, des minist\u00e8res de la communication, de la Justice, du travail, du Cnra, du Cored, du Synpics et du patronat de la presse, de par la solennit\u00e9 que requiert l\u2019op\u00e9ration, ainsi que le stress de ne pas \u00eatre retenu, voil\u00e0 sans doute des craintes qui \u00e9branlent certaines certitudes, rien que par le fait d\u2019imaginer une seconde que l\u2019on puisse perdre son statut. En effet \u00e0 nos jours, sur pr\u00e8s de 2500 postulants, la commission a d\u00fb octroyer moins de 2000 cartes.<\/p>\n<p>Ou peut-\u00eatre que certains de ces d\u00e9tracteurs de la carte nationale de presse, se prendraient-ils tout simplement pour des stars de la t\u00e9l\u00e9 ou de la radio au point de devoir snober la commission de d\u00e9livrance de la carte nationale de presse\u00a0? Leur notori\u00e9t\u00e9 ou r\u00e9putation aurait-elle d\u00e9pass\u00e9 le cadre d\u2019une interview qui se donne pour mission de tester leurs connaissances ?\u00a0On aimerait savoir s\u2019il est juste question d\u2019orgueil personnel\u00a0! Et pourtant, beaucoup de ceux qui ont snob\u00e9 la commission et qui se sont rendus dans certaines ambassades pour chercher un visa comme professionnels des m\u00e9dias, ont \u00e9t\u00e9 oblig\u00e9s de retourner \u00e0 la commission, la carte nationale de presse \u00e9tant exig\u00e9e par les services consulaires en application de la loi s\u00e9n\u00e9galaise. Une belle le\u00e7on. Alors que ceux-ci rechignaient \u00e0 \u00eatre en conformit\u00e9 avec les textes de leur propre pays, des fonctionnaires de pays \u00e9trangers ont appris \u00e0 ces journalistes si critiques d\u2019habitude \u00e0 se conformer \u00e0 la la loi.<\/p>\n<p>L\u2019humilit\u00e9 doit \u00eatre la qualit\u00e9 premi\u00e8re d\u2019un bon journaliste. La star ne saurait jamais \u00eatre le journaliste, mais plut\u00f4t l\u2019information ou le m\u00e9dia pour lequel il travail. Pour ceux-l\u00e0 qui ont du v\u00e9cu et une bonne connaissance des normes du m\u00e9tier, cet entretien devant la commission, compos\u00e9 de professionnel et d\u2019autres personnes d\u2019autres horizons, ne devrait \u00eatre qu\u2019une formalit\u00e9. A moins peut \u00eatre de ne pas ma\u00eetriser les rudiments du m\u00e9tier.<\/p>\n<p><strong>Ne doit pas \u00eatre journaliste, qui veut\u00a0!<\/strong><\/p>\n<p>Qu\u2019on ne s\u2019y trompe pas, le journalisme est un m\u00e9tier difficile et exigeant lorsqu\u2019on veut l\u2019exercer avec tout le s\u00e9rieux qu\u2019il requiert. Le journaliste est d\u2019abord celui qui est capable de collecter, traiter et diffuser de l\u2019info. A ce titre, la question des directs \u00e9voqu\u00e9s tant\u00f4t lors des \u00e9v\u00e8nements de juin et visant \u00e0 critiquer des t\u00e9l\u00e9visions pour n'avoir pas relay\u00e9 les manifestations, rel\u00e8ve tout simplement d\u2019un manque de connaissance de la responsabilit\u00e9 qui repose sur la t\u00eate du journaliste. S\u2019il ne peut pas ma\u00eetriser un direct, pourquoi devrait-il en faire ? Comme ces images du policier \u00e0 terre \u00e0 qui on a ass\u00e9n\u00e9 une brique sur la t\u00eate.<\/p>\n<p>Pour le journaliste qui relaie m\u00eame ce type d\u2019informations, va se poser la question m\u00eame de l\u2019assistance \u00e0 la victime. Ce qui peut m\u00eame constituer un d\u00e9lit : la non-assistance de personne en danger. Le t\u00e9l\u00e9spectateur se doit d\u2019\u00eatre raisonnable car le journaliste ne peut pas suivre les caprices ou la volont\u00e9 du public.\u00a0 Aucune t\u00e9l\u00e9vision responsable ne devrait montrer cela. Que font-ils des enfants, ces \u00e2mes sensibles qui pourraient \u00eatre en train de suivre la t\u00e9l\u00e9 en compagnie de leurs parents. ?<\/p>\n<p>Tout cela pour dire qu\u2019une information doit \u00eatre trait\u00e9e et non diffus\u00e9e de mani\u00e8re brute. Opter pour un l\u00e9ger diff\u00e9r\u00e9, peut \u00eatre un bon moyen\u00a0 pour choisir ce qu\u2019on peut montrer ou pas. L\u2019on ne peut \u00e9videmment pas cautionner ces couvertures folkloriques qui s\u2019assimilent \u00e0 une animation en mode combat de lutte, dans laquelle le c\u00f4t\u00e9 spectaculaire prend le dessus sur tout : on choisit de mettre en sc\u00e8ne les gal\u00e8res des forces de l\u2019ordre ou des manifestants, fa\u00e7on mille collines. La cons\u00e9quence n\u2019est rien d\u2019autre que d\u2019attiser le feu et d\u2019encourager les manifestations violentes.<\/p>\n<p>Au-del\u00e0, le journaliste doit aussi conna\u00eetre un peu de tout, \u00eatre cultiv\u00e9, d\u00e9tenir des sources, \u00eatre juste (\u00e9quilibr\u00e9) tout en \u00e9tant \u00e0 cheval sur les normes du m\u00e9tier adoss\u00e9 \u00e0 l\u2019\u00e9thique et la d\u00e9ontologie.<\/p>\n<p>Le journaliste doit aussi et surtout rompre avec la paresse car la transpiration et la patience sont aussi des qualit\u00e9s non n\u00e9gligeables dans ce m\u00e9tier. Son r\u00f4le n\u2019est pas d\u2019\u00eatre juste, comme on le note de nos jours, une caisse de r\u00e9sonance.<\/p>\n<p>C\u2019est parce que la presse est d\u00e9sign\u00e9e comme le 4eme pouvoir dans le r\u00f4le central d\u2019approfondissement de la d\u00e9mocratie qui lui est d\u00e9volu, au regard de son r\u00f4le d\u2019\u00e9veil et d\u2019\u00e9ducation du citoyen, que le journaliste qui fait partie int\u00e9grante de ce corps, ne doit pas accepter d\u2019\u00eatre compar\u00e9 \u00e0 un animateur, ni \u00e0 celui qui est entr\u00e9 par effraction dans le m\u00e9tier. Plus exactement, \u00ab <em>ces chroniqueurs des temps modernes<\/em> \u00bb\u00a0; ou ces pr\u00eacheurs reconvertis en animateurs d\u2019\u00e9missions informatives\u00a0; ou encore ces tradipraticiens qui font d\u00e9sormais de l\u2019analyse politique, selon ces animateurs d\u2019\u00e9missions qui les invitent. Toutes ces personnes sont qualifi\u00e9es d\u2019agents de programme par le Code de la presse.<\/p>\n<p>Le cas de Serigne Bara Ndiaye est \u00e0 ce titre surprenant et m\u00eame scandaleux. Qu\u2019il y ait des S\u00e9n\u00e9galais qui ont d\u00e9cid\u00e9 de lui accorder de la cr\u00e9dibilit\u00e9, est fort \u00e9tonnant. Il n\u2019a pas la qualit\u00e9 pour. Etre structur\u00e9, et avoir la langue mielleuse, ne suffisent point pour \u00eatre un analyste politique. Serigne Bara Ndiaye n\u2019\u00e9tait en r\u00e9alit\u00e9 qu\u2019une bo\u00eete \u00e0 lettres, en plus d\u2019\u00eatre fortement disqualifi\u00e9 pour son c\u00f4t\u00e9 tr\u00e8s partisan ouvertement affich\u00e9.\u00a0Des journalistes qui ont roul\u00e9 leur bosse dans la presse avec des ann\u00e9es d\u2019exercice, n\u2019ont toujours pas la qualit\u00e9 pour \u00eatre des analystes politiques, \u00e0 plus forte raison un personnage qui officiait dans une \u00e9mission comique pour vendre ses recettes m\u00e9dicinales.<\/p>\n<p>Il est tout aussi curieux de voir certains journalistes qualifi\u00e9s d'analystes qui officient sur un plateau d\u2019une cha\u00eene en ligne, nous livrer leurs sp\u00e9culations ponctuelles, pr\u00e9sent\u00e9es comme de l\u2019analyse politique, marqu\u00e9e par des r\u00e9v\u00e9lations dont on se demande d\u2019o\u00f9 est ce qu\u2019ils les sortent ! Leurs prestations sont plus de l\u2019ordre du spectacle.<\/p>\n<p>Quel journaliste qui se respecte n\u2019a pas mal lorsqu\u2019il entend dire qu\u2019un Mback\u00e9 Sylla, Mamadou Mouhamed Ndiaye, Tange Tandian, etc sont des journalistes ? Quel journaliste qui se respecte ne remet \u00a0pas en question les recrutements actuels dans la presse lorsqu\u2019il entend dire que Pape Matar Diallo, Oumar Faye Leral askan wi, Sanoussy Ba (politique aussi), Bouba Ndour, Fou malade, Cheikh Oumar Talla ou encore Birima Ndiaye sont des chroniqueurs ? \u00a0La question que l\u2019on doit raisonnablement se poser, est de savoir l\u2019int\u00e9r\u00eat \u00e0 suivre un chroniqueur non qualifi\u00e9, comme la tr\u00e8s grande majorit\u00e9 de ceux qu\u2019on voit tous les jours sur nos plateaux. Ils ne font que donner leurs opinions sur des sujets ! A moins que celui qui suit ce chroniqueur donn\u00e9, sait qu\u2019il entendra des choses qui lui feront plaisir parce que cela confortera son opinion ou sa sensibilit\u00e9 partisane en ces temps de clivages.<\/p>\n<p>Difficile de voir l\u2019int\u00e9r\u00eat dans ce recours \u00e0 ces chroniqueurs d\u2019un genre nouveau, car ce qu\u2019on attend d\u2019un m\u00e9dium c\u2019est qu\u2019il informe son public, l\u2019\u00e9duque et l\u2019\u00e9veille et non qu\u2019il diffuse des opinions dont dispose chaque S\u00e9n\u00e9galais. Se faire une religion \u00e0 partir d\u2019une opinion qui conforte la sienne, n\u2019est-ce pas se tromper, si cette opinion-l\u00e0 m\u00eame ne correspond pas aux faits\u00a0? N\u2019est-ce pas se mentir \u00e0 soi-m\u00eame\u00a0? Ce qui serait plus logique d\u00e8s lors, est de s\u2019informer aupr\u00e8s de la presse cr\u00e9dible et des experts reconnus dans leurs domaines et qui sont invit\u00e9s par les m\u00e9dias.<\/p>\n<p>Un chroniqueur, eh bien, c\u2019est plut\u00f4t un journaliste qui a une longue exp\u00e9rience dans la presse et dans un domaine pr\u00e9cis ;\u00a0 ou alors un expert pour ne pas dire un sp\u00e9cialiste reconnu dans son domaine. Il y a longue liste de journalistes que l\u2019on peut citer dans ce cas qui ont un tel background que les confr\u00e8res ne trouveront rien \u00e0 redire s\u2019ils se livrent \u00e0 de l\u2019analyse politique ou \u00e0 une chronique. Mais \u00e0 la condition de ne pas mettre en avant de la subjectivit\u00e9 .<\/p>\n<p>A \u00e9couter les pertinentes analyses d\u2019Ibou Fall qui a une tr\u00e8s grande exp\u00e9rience journalistique et une bonne connaissance des faits, c\u2019est l\u00e0 que l\u2019on note toute la diff\u00e9rence avec ces \u00ab\u00a0analyses\u00a0\u00bb farfelues qui ont de plus en plus cours sur les plateaux de t\u00e9l\u00e9 ou cha\u00eenes de radio, marqu\u00e9es par des faits manipul\u00e9s et ces sp\u00e9culations qui rel\u00e8vent plus de la devinette ou de la prestidigitation.<\/p>\n<p>A la v\u00e9rit\u00e9, beaucoup de s\u00e9n\u00e9galais ne savent plus qui est journaliste et qui est animateur. \u00a0Les animateurs ou pr\u00eacheurs reconvertis en animateurs, encensent de nos jours publiquement le pr\u00e9sident de la r\u00e9publique, des hommes et femmes riches, des directeurs d\u2019entreprises publiques, font de la publicit\u00e9 en pr\u00eatant leur image ou voix, moyennant quelques avantages. Les cas de Pape Cheikh Diallo, Oustaz Modou Fall ou encore Iran Ndao et Tall Ngol Ngol, sont \u00e0 ce titre flagrants. Mais \u00e0 la diff\u00e9rence de l\u2019animateur, celui-ci doit refuser de faire de la publicit\u00e9. El Hadji Assane Gu\u00e8ye et Faty Dieng par exemple font ouvertement de la publicit\u00e9 pour des entreprises priv\u00e9es. Ils ne devraient pas. De m\u00eame, le journaliste doit refuser de se faire habiller par des stylistes ou couturier. Ce que l\u2019animateur fait sans qu\u2019on ne trouve \u00e0 y redire.<\/p>\n<p>L\u2019affaire Adji Sarr-Ousmane Sonko a en tout cas mis \u00e0 nu tous les travers de la soci\u00e9t\u00e9 s\u00e9n\u00e9galaise. Tout le monde est mis \u00e0 la m\u00eame sauce : le tradipraticien, l\u2019activiste, le pr\u00eacheur. En effet, lorsque l\u2019opinion se confond aux faits et que des \u00ab\u00a0revueurs de presse\u00a0\u00bb qui n\u2019ont pour seul m\u00e9rite que d\u2019agr\u00e9menter la revue de la presse, avec force d\u2019opinions et de commentaires tir\u00e9s de leur subjectivit\u00e9, le grand public qui se compla\u00eet dans une certaine info folklorique, n\u2019arrive plus \u00e0 savoir qui est qui et qui doit faire quoi. L\u2019information prend m\u00eame un sacr\u00e9 coup, tellement elle est d\u00e9natur\u00e9e du fait des commentaires approximatifs voire hasardeux, sans oublier le ton qui y participe et lui donne une certaine connotation. Et lorsqu\u2019on ajoute dans cette ambiance, les \u00e9chos en provenance des r\u00e9seaux sociaux, cela devient un cocktail tout simplement explosif.<\/p>\n<p>Que le journaliste ne croit surtout pas avoir affaire \u00e0 un public inculte. La v\u00e9rit\u00e9 est qu\u2019une partie de ce public est d\u2019un niveau d\u2019\u00e9ducation et de culture parfois bien sup\u00e9rieur et jouit la plupart du temps, d\u2019une meilleure connaissance des sujets techniques sur lesquels bon nombre de journalistes de la presse p\u00eachent par un d\u00e9faut de formation qui ne prend pas suffisamment en compte les sp\u00e9cialisations n\u00e9cessaires au renforcement de leurs capacit\u00e9s. C\u2019est pourquoi la corporation doit, disons-le clairement, s\u2019\u00e9vertuer \u00e0 se remettre en question dans une seule logique, celle de faire \u00e9voluer le niveau des hommes de m\u00e9dias.<\/p>\n<p>Pourquoi ne pas par exemple, envisager de relever les conditions d\u2019acc\u00e8s aux \u00e9coles. A partir d\u2019un Bac + 2 ou + 3 par exemple. Ou alors allonger la dur\u00e9e des formations en int\u00e9grant des modules techniques : sciences politiques, sciences juridiques, \u00e9conomie politique, finance, sociologie, etc. Cela ne pourra que d\u00e9velopper l\u2019esprit critique du journaliste, accro\u00eetre ses connaissances et contribuer \u00e0 am\u00e9liorer le niveau des contenus et productions informationnels.<\/p>\n<p>A suivre Daouda Mine et ses \u00e9clairages juridiques lors de ses chroniques judiciaires, l\u2019on se rend compte que c\u2019est cette voie l\u00e0 qu\u2019il faut suivre. \u00a0Ses d\u00e9cryptages juridiques sont d\u2019un apport consid\u00e9rable pour ceux qui dans le grand public, veulent comprendre les faits juridiques, surtout dans ce contexte politico-judiciaire marqu\u00e9 par des clivages sans pr\u00e9c\u00e9dent et une confusion du champ informationnel, accentu\u00e9e par les r\u00e9seaux sociaux.<\/p>\n<p><strong>Se respecter si on veut voir son m\u00e9tier respect\u00e9 <\/strong><\/p>\n<p>Les journalistes doivent \u00e0 la v\u00e9rit\u00e9 valoriser leurs m\u00e9tiers et ne pas laisser n\u2019importe quel quidam, professeurs de fran\u00e7ais, professeurs de philosophie, \u00e9tudiant cartouchard, communicateur traditionnel, \u00ab\u00a0grandes gueules\u00a0\u00bb, greffier, animateur connu, syndicaliste, pr\u00eacheur connu, homme ou femme au bon niveau de wolof, tradipraticien connu, etc y acc\u00e9der, sans toutefois remplir les crit\u00e8res d\u2019acc\u00e8s \u00e0 la profession de journaliste.<\/p>\n<p>La presse ne devrait-elle pas fixer un moratoire pour commencer \u00e0 imposer aux patrons de presse et organisateurs d\u2019\u00e9v\u00e9nements m\u00e9diatiques, notamment les entreprises de presse, les associations priv\u00e9es (partis politiques, ONG ) repr\u00e9sentations diplomatiques, etc la pr\u00e9sentation de la carte de presse lors de la couverture de ces \u00e9v\u00e9nements\u00a0? Ne devrait-elle pas aussi discuter avec les patrons de presser dans le sens de ne confier des \u00e9missions \u00e0 caract\u00e8re informatif qu\u2019aux seuls journalistes d\u00e9tenteurs de la carte de presse\u00a0?\u00a0A terme, elle devrait m\u00eame exiger la formation \u00e0 tout journaliste qui voudrait acc\u00e9der au m\u00e9tier et abandonner progressivement ce crit\u00e8re de validation des acquis. Dans la foul\u00e9e, devrait \u00eatre instaur\u00e9 un contr\u00f4le plus strict et sans complaisance \u00e0 l\u2019acc\u00e8s \u00e0 la formation priv\u00e9e qui devrait elle aussi \u00eatre jug\u00e9e par les groupes de presse qui recrutent les dipl\u00f4m\u00e9s issus de ces \u00e9coles.<\/p>\n<p>Dans cette m\u00eame logique, le Cored ou plus exactement le tribunal des journalistes, devra aider \u00e0 faire promouvoir cette r\u00e8gle de la conduite des \u00e9missions \u00e0 caract\u00e8re informatif par les seuls journalistes titulaires de la carte de presse. Il devrait aussi s\u2019\u00e9vertuer \u00e0 traiter les journalistes de mani\u00e8re plus \u00e9quitable. Si certains journalistes sont parfois rappel\u00e9s \u00e0 l\u2019ordre, la RTS ne l\u2019est jamais alors qu\u2019elle s\u2019est r\u00e9solument inscrite dans la propagande depuis fort longtemps, tout en refusant le pluralisme, l\u2019opposition \u00e9tant absente et de mani\u00e8re permanente dans les m\u00e9dias.<\/p>\n<p>Des journalistes \u00e9galement passibles de comportements totalement \u00e0 l\u2019encontre de l\u2019\u00e9thique et de la d\u00e9ontologie et qui ne respectent pas de mani\u00e8re flagrante l\u2019\u00e9quilibre dans leur travail, ne sont jamais inqui\u00e9t\u00e9s. C\u2019est en effet une certaine passivit\u00e9 qui est not\u00e9e de la part du Cored qui les laisse faire. Cheikh Y\u00e9rim a d\u2019ailleurs eu \u00e0 se plaindre r\u00e9cemment sur le plateau de Maimouna Ndour Faye de l\u2019attitude du Cored qui, en le jugeant au sujet de propos qu\u2019il aurait prononc\u00e9s, selon lesquels, \u00ab\u00a0on pourrait tuer 90% des S\u00e9n\u00e9galais\u2026\u00a0\u00bb que sa d\u00e9claration a \u00e9t\u00e9 travestie. En tant qu\u2019organe charg\u00e9 de juger les pairs, il devrait davantage s\u2019appesantir sur tous les cas de d\u00e9rives et se montrer un peu plus diligent \u00e0 cet effet. Il ne faudrait pas que certains journalistes sur lesquels s\u2019abattent ses foudres, en arrivent \u00e0 percevoir son action comme s\u00e9lective et partiale.<\/p>\n<p>Il est sans doute temps que les journalistes se respectent et fassent respecter leur m\u00e9tier. Le contexte politique tendu a montr\u00e9 \u00e0 quel point le corporatisme excessif peut \u00eatre une carte blanche pour certains de faire ce qu\u2019ils veulent. Cette complaisance a d\u00e8s lors pour cons\u00e9quence que la presse en arrive m\u00eame \u00e0 d\u00e9fendre certains de ses membres pourtant passibles de fautes et de d\u00e9rives, alors que ces derniers se sont montr\u00e9s ouvertement tendancieux dans le traitement des faits, en les travestissant. Certains sont m\u00eame ouvertement devenus ceux-l\u00e0 qui r\u00e9pondent \u00e0 la place des hommes politiques lorsqu\u2019il leur est reproch\u00e9 des choses. Comme quoi les connexions et\u00a0 liens journalistes-hommes politiques deviennent si visibles qu\u2019il est difficile de nier une subjectivit\u00e9 permanente dans le traitement de l\u2019information par certains.<\/p>\n<p>Voir \u00e9galement de nos jours des patrons de presse engag\u00e9s politiquement, utiliser leurs supports au service de la politique, est une situation tout aussi inadmissible. \u00a0Bougane Gu\u00e8ye en est une parfaite illustration de ce fait, alors qu\u2019il passe son temps \u00e0 pr\u00e9senter son dessein pour le pays.<\/p>\n<p><strong>\u00a0<\/strong><strong>La presse doit vivre de son produit<\/strong><\/p>\n<p>Ce corporatisme de la presse peut pourtant trouver un bon r\u00e9ceptacle pour s\u2019exercer. Qu\u2019est ce qui emp\u00eache par exemple \u00e0 la presse \u00e9crite de vendre ses contenus \u00e0 travers des applications par le biais du t\u00e9l\u00e9chargement, plut\u00f4t que de laisser ses PDF se faire partager en toute impunit\u00e9, dans des groupes whatsapp ? C\u2019est ce qu\u2019on appelle du pillage en r\u00e8gle de notori\u00e9t\u00e9 publique et qui se fait en toute impunit\u00e9, comme si l\u2019information qui est produite par des journalistes, pay\u00e9s \u00e0 la fin du mois et transport\u00e9s lorsqu\u2019ils doivent aller couvrir des \u00e9v\u00e8nements, n\u2019avait pas vocation \u00e0 \u00eatre achet\u00e9e\u00a0? Comme si le papier et l\u2019encre \u00e9taient gratuits\u00a0? Comme si le distributeur du journal ne gagnait pas 30 francs sur le prix d\u2019un journal qui co\u00fbte encore 100 francs CFA, malgr\u00e9 l\u2019inflation galopante. 100 F cfa, le prix d\u2019un \u00ab\u00a0biskrem\u00a0\u00bb dans une boutique\u00a0! Qu\u2019est-ce qui co\u00fbte encore 100 F de nos jours\u00a0? \u00a0C\u2019est l\u00e0 que se trouve tout le paradoxe. Les S\u00e9n\u00e9galais veulent une presse forte et cr\u00e9dible, mais certains pr\u00e9f\u00e8rent emprunter un journal ou partager un PDF ou encore aller lire les infos de la presse \u00e9crite ou les audios et vid\u00e9os des cha\u00eenes de t\u00e9l\u00e9 et de radio sur les sites agr\u00e9gateurs, pilleurs\u00a0 d\u2019informations.<\/p>\n<p>Comment survit un journal qui ne dispose d\u2019aucun contrat publicitaire\u00a0? La r\u00e9ponse est vite trouv\u00e9e.<\/p>\n<p>Au-del\u00e0, c\u2019est la bataille des contenus qui doit \u00eatre engag\u00e9e. La t\u00e9l\u00e9vision, c\u2019est d\u2019abord de la production et lorsqu\u2019on s\u2019engage \u00e0 mettre en place une t\u00e9l\u00e9, il faut avoir les moyens de sa politique et non mettre en lieu et place, des radios film\u00e9es. Une t\u00e9l\u00e9vision sans images n\u2019en est pas une.<\/p>\n<p>Conduire une \u00e9mission s\u00e9rieuse, n\u00e9cessite aussi la pr\u00e9sence de journalistes exp\u00e9riment\u00e9s, cultiv\u00e9s et bien form\u00e9s et non celle de \u00ab\u00a0thiofs\u00a0\u00bb hommes \u00e0 la belle gueule et diction uniquement ou de belles nymphes qui ne sont l\u00e0 que pour vendre leur image, montrer leurs plastiques, voire distribuer la parole sans toutefois \u00eatre en capacit\u00e9 de challenger les invit\u00e9s, ni comprendre ce qu\u2019ils disent parce qu\u2019ils ne connaissent pas les faits ou alors ne ma\u00eetrisent pas les sujets techniques. Ils sont bien jeunes d\u2019ailleurs ceux-l\u00e0 qu\u2019on voit sur les plateaux.<\/p>\n<p>Il est d\u2019autant plus sid\u00e9rant de voir le nombre pl\u00e9thorique d\u2019invit\u00e9s sur certains plateaux avec un temps de parole limit\u00e9 pour la plupart. La cons\u00e9quence est un brouhaha indescriptible qui en r\u00e9sulte lors des d\u00e9bats souvent incontr\u00f4l\u00e9s. Si ce n\u2019est pas le nombre de candidats, c\u2019est le nombre de journalistes sur le plateau qui est en cause avec une volont\u00e9 de chacun de se faire remarquer. Ce qui n\u2019aboutit qu\u2019\u00e0 rompre les fils conducteurs des \u00e9missions et \u00e0 d\u00e9router les t\u00e9lespectateurs. L\u2019\u00e9mission t\u00e9l\u00e9visuelle anim\u00e9e par trois jeunes femmes sur Sen TV, illustre d\u2019ailleurs bien ce fait.<\/p>\n<p>L\u2019argument \u00e9conomique est sans doute le nerf de la guerre. Si les journalistes veulent continuer \u00e0 produire de l\u2019info de qualit\u00e9, ils doivent pouvoir vivre d\u00e9cemment du fruit de leur travail au lieu de laisser d\u2019autres entreprises en profiter \u00e0 leur place\u00a0: ces agr\u00e9gateurs de contenus qui copient les infos de la presse pour les transf\u00e9rer et les monnayer, toutes ces soci\u00e9t\u00e9s dont l\u2019activit\u00e9 profite de l\u2019information (soci\u00e9t\u00e9s de t\u00e9l\u00e9phonie, d\u2019\u00e9lectricit\u00e9, d\u2019\u00e9lectrom\u00e9nagers, les moteurs de recherche, les sites d\u2019information en ligne agr\u00e9gateurs de contenus, l\u2019inaccessibilit\u00e9 \u00e0 la publicit\u00e9 des soci\u00e9t\u00e9s publiques, etc).<\/p>\n<p>Personne en tout cas n\u2019organisera la presse \u00e0 la place des journalistes. Vivement les Assises de la presse pour poser les vrais probl\u00e8mes, dans une logique \u00e9videmment de les r\u00e9soudre.<\/p>\n<div class='share-to-whatsapp-wrapper'><div class='share-on-whsp'>PARTAGER SUR : <\/div><a data-text='IDIOVISUEL - Au coeur de la brume journalistique\u00a0!' data-link='https:\/\/www.nettali.com\/2023\/07\/25\/idiovisuel-au-coeur-de-la-brume-journalistique\/' class='whatsapp-button whatsapp-share'>WhatsApp<\/a><div class='clear '><\/div><\/div>","protected":false},"excerpt":{"rendered":"<p>NETTALI.COM - A l\u2019heure de l\u2019instauration de la carte nationale de presse, des r\u00e9actions fort \u00e9tonnantes ont \u00e9t\u00e9 not\u00e9es \u00e7a et l\u00e0. Mais ce qui est d\u2019autant plus surprenant, c\u2019est qu\u2019elles portent la marque d\u2019hommes de m\u00e9dias connus du grand \u00e9cran. On parle d\u2019hommes de m\u00e9dias surtout pour pr\u00e9ciser qu\u2019il ne s\u2019agit pas uniquement de [&hellip;]<\/p>\n","protected":false},"author":2,"featured_media":114707,"comment_status":"open","ping_status":"open","sticky":false,"template":"","format":"standard","meta":{"_et_pb_use_builder":"","_et_pb_old_content":""},"categories":[9],"tags":[],"yoast_head":"<!-- This site is optimized with the Yoast SEO Premium plugin v17.8 (Yoast SEO v17.8) - https:\/\/yoast.com\/wordpress\/plugins\/seo\/ -->\n<title>IDIOVISUEL - Au coeur de la brume journalistique\u00a0! | Nettali.com<\/title>\n<meta name=\"robots\" content=\"index, follow, max-snippet:-1, max-image-preview:large, max-video-preview:-1\" \/>\n<link rel=\"canonical\" href=\"https:\/\/www.nettali.com\/2023\/07\/25\/idiovisuel-au-coeur-de-la-brume-journalistique\/\" \/>\n<meta property=\"og:locale\" content=\"fr_FR\" \/>\n<meta property=\"og:type\" content=\"article\" \/>\n<meta property=\"og:title\" content=\"IDIOVISUEL - Au coeur de la brume journalistique\u00a0!\" \/>\n<meta property=\"og:description\" content=\"NETTALI.COM - A l\u2019heure de l\u2019instauration de la carte nationale de presse, des r\u00e9actions fort \u00e9tonnantes ont \u00e9t\u00e9 not\u00e9es \u00e7a et l\u00e0. Mais ce qui est d\u2019autant plus surprenant, c\u2019est qu\u2019elles portent la marque d\u2019hommes de m\u00e9dias connus du grand \u00e9cran. On parle d\u2019hommes de m\u00e9dias surtout pour pr\u00e9ciser qu\u2019il ne s\u2019agit pas uniquement de [&hellip;]\" \/>\n<meta property=\"og:url\" content=\"https:\/\/www.nettali.com\/2023\/07\/25\/idiovisuel-au-coeur-de-la-brume-journalistique\/\" \/>\n<meta property=\"og:site_name\" content=\"Nettali.com\" \/>\n<meta property=\"article:publisher\" content=\"https:\/\/www.facebook.com\/nettalicom\" \/>\n<meta property=\"article:published_time\" content=\"2023-07-25T08:42:57+00:00\" \/>\n<meta property=\"article:modified_time\" content=\"2023-07-31T21:37:41+00:00\" \/>\n<meta property=\"og:image\" content=\"https:\/\/www.nettali.com\/wp-content\/uploads\/2023\/07\/ndiaye-keita-mine-et-autres.jpg\" \/>\n\t<meta property=\"og:image:width\" content=\"1280\" \/>\n\t<meta property=\"og:image:height\" content=\"600\" \/>\n<meta name=\"twitter:card\" content=\"summary_large_image\" \/>\n<meta name=\"twitter:label1\" content=\"\u00c9crit par\" \/>\n\t<meta name=\"twitter:data1\" content=\"CK\" \/>\n\t<meta name=\"twitter:label2\" content=\"Dur\u00e9e de lecture estim\u00e9e\" \/>\n\t<meta name=\"twitter:data2\" content=\"19 minutes\" \/>\n<script type=\"application\/ld+json\" class=\"yoast-schema-graph\">{\"@context\":\"https:\/\/schema.org\",\"@graph\":[{\"@type\":\"WebSite\",\"@id\":\"https:\/\/www.nettali.com\/#website\",\"url\":\"https:\/\/www.nettali.com\/\",\"name\":\"Nettali.com\",\"description\":\"Le rendez-vous critique du Net\",\"potentialAction\":[{\"@type\":\"SearchAction\",\"target\":{\"@type\":\"EntryPoint\",\"urlTemplate\":\"https:\/\/www.nettali.com\/?s={search_term_string}\"},\"query-input\":\"required name=search_term_string\"}],\"inLanguage\":\"fr-FR\"},{\"@type\":\"ImageObject\",\"@id\":\"https:\/\/www.nettali.com\/2023\/07\/25\/idiovisuel-au-coeur-de-la-brume-journalistique\/#primaryimage\",\"inLanguage\":\"fr-FR\",\"url\":\"https:\/\/www.nettali.com\/wp-content\/uploads\/2023\/07\/ndiaye-keita-mine-et-autres.jpg\",\"contentUrl\":\"https:\/\/www.nettali.com\/wp-content\/uploads\/2023\/07\/ndiaye-keita-mine-et-autres.jpg\",\"width\":1280,\"height\":600},{\"@type\":\"WebPage\",\"@id\":\"https:\/\/www.nettali.com\/2023\/07\/25\/idiovisuel-au-coeur-de-la-brume-journalistique\/#webpage\",\"url\":\"https:\/\/www.nettali.com\/2023\/07\/25\/idiovisuel-au-coeur-de-la-brume-journalistique\/\",\"name\":\"IDIOVISUEL - Au coeur de la brume journalistique\\u00a0! | Nettali.com\",\"isPartOf\":{\"@id\":\"https:\/\/www.nettali.com\/#website\"},\"primaryImageOfPage\":{\"@id\":\"https:\/\/www.nettali.com\/2023\/07\/25\/idiovisuel-au-coeur-de-la-brume-journalistique\/#primaryimage\"},\"datePublished\":\"2023-07-25T08:42:57+00:00\",\"dateModified\":\"2023-07-31T21:37:41+00:00\",\"author\":{\"@id\":\"https:\/\/www.nettali.com\/#\/schema\/person\/d8ac7b7e27ddad43f1c0d2ef090d7f71\"},\"breadcrumb\":{\"@id\":\"https:\/\/www.nettali.com\/2023\/07\/25\/idiovisuel-au-coeur-de-la-brume-journalistique\/#breadcrumb\"},\"inLanguage\":\"fr-FR\",\"potentialAction\":[{\"@type\":\"ReadAction\",\"target\":[\"https:\/\/www.nettali.com\/2023\/07\/25\/idiovisuel-au-coeur-de-la-brume-journalistique\/\"]}]},{\"@type\":\"BreadcrumbList\",\"@id\":\"https:\/\/www.nettali.com\/2023\/07\/25\/idiovisuel-au-coeur-de-la-brume-journalistique\/#breadcrumb\",\"itemListElement\":[{\"@type\":\"ListItem\",\"position\":1,\"name\":\"Accueil\",\"item\":\"https:\/\/www.nettali.com\/\"},{\"@type\":\"ListItem\",\"position\":2,\"name\":\"IDIOVISUEL - Au coeur de la brume journalistique\\u00a0!\"}]},{\"@type\":\"Person\",\"@id\":\"https:\/\/www.nettali.com\/#\/schema\/person\/d8ac7b7e27ddad43f1c0d2ef090d7f71\",\"name\":\"CK\",\"image\":{\"@type\":\"ImageObject\",\"@id\":\"https:\/\/www.nettali.com\/#personlogo\",\"inLanguage\":\"fr-FR\",\"url\":\"https:\/\/secure.gravatar.com\/avatar\/1d8d5118b9327d94da7cd4ce7f17fec2?s=96&d=mm&r=g\",\"contentUrl\":\"https:\/\/secure.gravatar.com\/avatar\/1d8d5118b9327d94da7cd4ce7f17fec2?s=96&d=mm&r=g\",\"caption\":\"CK\"},\"sameAs\":[\"https:\/\/www.nettali.com\"]}]}<\/script>\n<!-- \/ Yoast SEO Premium plugin. -->","yoast_head_json":{"title":"IDIOVISUEL - Au coeur de la brume journalistique\u00a0! | Nettali.com","robots":{"index":"index","follow":"follow","max-snippet":"max-snippet:-1","max-image-preview":"max-image-preview:large","max-video-preview":"max-video-preview:-1"},"canonical":"https:\/\/www.nettali.com\/2023\/07\/25\/idiovisuel-au-coeur-de-la-brume-journalistique\/","og_locale":"fr_FR","og_type":"article","og_title":"IDIOVISUEL - Au coeur de la brume journalistique\u00a0!","og_description":"NETTALI.COM - A l\u2019heure de l\u2019instauration de la carte nationale de presse, des r\u00e9actions fort \u00e9tonnantes ont \u00e9t\u00e9 not\u00e9es \u00e7a et l\u00e0. Mais ce qui est d\u2019autant plus surprenant, c\u2019est qu\u2019elles portent la marque d\u2019hommes de m\u00e9dias connus du grand \u00e9cran. On parle d\u2019hommes de m\u00e9dias surtout pour pr\u00e9ciser qu\u2019il ne s\u2019agit pas uniquement de [&hellip;]","og_url":"https:\/\/www.nettali.com\/2023\/07\/25\/idiovisuel-au-coeur-de-la-brume-journalistique\/","og_site_name":"Nettali.com","article_publisher":"https:\/\/www.facebook.com\/nettalicom","article_published_time":"2023-07-25T08:42:57+00:00","article_modified_time":"2023-07-31T21:37:41+00:00","og_image":[{"width":1280,"height":600,"url":"https:\/\/www.nettali.com\/wp-content\/uploads\/2023\/07\/ndiaye-keita-mine-et-autres.jpg","type":"image\/jpeg"}],"twitter_card":"summary_large_image","twitter_misc":{"\u00c9crit par":"CK","Dur\u00e9e de lecture estim\u00e9e":"19 minutes"},"schema":{"@context":"https:\/\/schema.org","@graph":[{"@type":"WebSite","@id":"https:\/\/www.nettali.com\/#website","url":"https:\/\/www.nettali.com\/","name":"Nettali.com","description":"Le rendez-vous critique du Net","potentialAction":[{"@type":"SearchAction","target":{"@type":"EntryPoint","urlTemplate":"https:\/\/www.nettali.com\/?s={search_term_string}"},"query-input":"required name=search_term_string"}],"inLanguage":"fr-FR"},{"@type":"ImageObject","@id":"https:\/\/www.nettali.com\/2023\/07\/25\/idiovisuel-au-coeur-de-la-brume-journalistique\/#primaryimage","inLanguage":"fr-FR","url":"https:\/\/www.nettali.com\/wp-content\/uploads\/2023\/07\/ndiaye-keita-mine-et-autres.jpg","contentUrl":"https:\/\/www.nettali.com\/wp-content\/uploads\/2023\/07\/ndiaye-keita-mine-et-autres.jpg","width":1280,"height":600},{"@type":"WebPage","@id":"https:\/\/www.nettali.com\/2023\/07\/25\/idiovisuel-au-coeur-de-la-brume-journalistique\/#webpage","url":"https:\/\/www.nettali.com\/2023\/07\/25\/idiovisuel-au-coeur-de-la-brume-journalistique\/","name":"IDIOVISUEL - Au coeur de la brume journalistique\u00a0! | Nettali.com","isPartOf":{"@id":"https:\/\/www.nettali.com\/#website"},"primaryImageOfPage":{"@id":"https:\/\/www.nettali.com\/2023\/07\/25\/idiovisuel-au-coeur-de-la-brume-journalistique\/#primaryimage"},"datePublished":"2023-07-25T08:42:57+00:00","dateModified":"2023-07-31T21:37:41+00:00","author":{"@id":"https:\/\/www.nettali.com\/#\/schema\/person\/d8ac7b7e27ddad43f1c0d2ef090d7f71"},"breadcrumb":{"@id":"https:\/\/www.nettali.com\/2023\/07\/25\/idiovisuel-au-coeur-de-la-brume-journalistique\/#breadcrumb"},"inLanguage":"fr-FR","potentialAction":[{"@type":"ReadAction","target":["https:\/\/www.nettali.com\/2023\/07\/25\/idiovisuel-au-coeur-de-la-brume-journalistique\/"]}]},{"@type":"BreadcrumbList","@id":"https:\/\/www.nettali.com\/2023\/07\/25\/idiovisuel-au-coeur-de-la-brume-journalistique\/#breadcrumb","itemListElement":[{"@type":"ListItem","position":1,"name":"Accueil","item":"https:\/\/www.nettali.com\/"},{"@type":"ListItem","position":2,"name":"IDIOVISUEL - Au coeur de la brume journalistique\u00a0!"}]},{"@type":"Person","@id":"https:\/\/www.nettali.com\/#\/schema\/person\/d8ac7b7e27ddad43f1c0d2ef090d7f71","name":"CK","image":{"@type":"ImageObject","@id":"https:\/\/www.nettali.com\/#personlogo","inLanguage":"fr-FR","url":"https:\/\/secure.gravatar.com\/avatar\/1d8d5118b9327d94da7cd4ce7f17fec2?s=96&d=mm&r=g","contentUrl":"https:\/\/secure.gravatar.com\/avatar\/1d8d5118b9327d94da7cd4ce7f17fec2?s=96&d=mm&r=g","caption":"CK"},"sameAs":["https:\/\/www.nettali.com"]}]}},"_links":{"self":[{"href":"https:\/\/www.nettali.com\/rest\/wp\/v2\/posts\/114702"}],"collection":[{"href":"https:\/\/www.nettali.com\/rest\/wp\/v2\/posts"}],"about":[{"href":"https:\/\/www.nettali.com\/rest\/wp\/v2\/types\/post"}],"author":[{"embeddable":true,"href":"https:\/\/www.nettali.com\/rest\/wp\/v2\/users\/2"}],"replies":[{"embeddable":true,"href":"https:\/\/www.nettali.com\/rest\/wp\/v2\/comments?post=114702"}],"version-history":[{"count":14,"href":"https:\/\/www.nettali.com\/rest\/wp\/v2\/posts\/114702\/revisions"}],"predecessor-version":[{"id":115119,"href":"https:\/\/www.nettali.com\/rest\/wp\/v2\/posts\/114702\/revisions\/115119"}],"wp:featuredmedia":[{"embeddable":true,"href":"https:\/\/www.nettali.com\/rest\/wp\/v2\/media\/114707"}],"wp:attachment":[{"href":"https:\/\/www.nettali.com\/rest\/wp\/v2\/media?parent=114702"}],"wp:term":[{"taxonomy":"category","embeddable":true,"href":"https:\/\/www.nettali.com\/rest\/wp\/v2\/categories?post=114702"},{"taxonomy":"post_tag","embeddable":true,"href":"https:\/\/www.nettali.com\/rest\/wp\/v2\/tags?post=114702"}],"curies":[{"name":"wp","href":"https:\/\/api.w.org\/{rel}","templated":true}]}}