{"id":114655,"date":"2023-07-23T18:46:01","date_gmt":"2023-07-23T18:46:01","guid":{"rendered":"https:\/\/www.nettali.com\/?p=114655"},"modified":"2023-07-23T18:46:01","modified_gmt":"2023-07-23T18:46:01","slug":"mercato-victor-osimhen-seloigne-du-psg","status":"publish","type":"post","link":"https:\/\/www.nettali.com\/2023\/07\/23\/mercato-victor-osimhen-seloigne-du-psg\/","title":{"rendered":"MERCATO - Victor Osimhen s'\u00e9loigne du PSG"},"content":{"rendered":"<p><strong>NETTALI.COM - Le Saint-Germain va peut-\u00eatre perdre Kylian Mbapp\u00e9 cet \u00e9t\u00e9, et il ne le remplacera pas avec Victor Osimhen. Selon les informations de Sky Sport Italia, le buteur nig\u00e9rian semble bien parti pour prolonger son contrat avec les Partenopei.<\/strong><\/p>\n<p>Une question de temps ou une question de clause? Comme l'expliquent nos confr\u00e8res, l'agent d'Osimhen a rencontr\u00e9 la direction napolitaine ce dimanche, et les deux parties se sont rapproch\u00e9es d'un accord pour une prolongation du contrat en cours, lequel expirera en 2025. Le seul point de blocage, pour l'instant ? L'int\u00e9gration ou non d'une clause de d\u00e9part, laquelle pourrait \u00eatre de 120 ou 140 millions d'euros.<\/p>\n<p>Si Osimhen finit bel et bien par prolonger \u00e0 Naples, le pr\u00e9sident Aurelio De Laurentiis pourra remercie son nouvel entra\u00eeneur Rudi Garcia s'est personnellement investi dans le dossier.<\/p>\n<div class='share-to-whatsapp-wrapper'><div class='share-on-whsp'>PARTAGER SUR : <\/div><a data-text='MERCATO - Victor Osimhen s'\u00e9loigne du PSG' data-link='https:\/\/www.nettali.com\/2023\/07\/23\/mercato-victor-osimhen-seloigne-du-psg\/' class='whatsapp-button whatsapp-share'>WhatsApp<\/a><div class='clear '><\/div><\/div>","protected":false},"excerpt":{"rendered":"<p>NETTALI.COM - Le Saint-Germain va peut-\u00eatre perdre Kylian Mbapp\u00e9 cet \u00e9t\u00e9, et il ne le remplacera pas avec Victor Osimhen. Selon les informations de Sky Sport Italia, le buteur nig\u00e9rian semble bien parti pour prolonger son contrat avec les Partenopei. Une question de temps ou une question de clause? Comme l'expliquent nos confr\u00e8res, l'agent d'Osimhen [&hellip;]<\/p>\n","protected":false},"author":5,"featured_media":114656,"comment_status":"open","ping_status":"open","sticky":false,"template":"","format":"standard","meta":{"_et_pb_use_builder":"","_et_pb_old_content":""},"categories":[6],"tags":[],"yoast_head":"<!-- This site is optimized with the Yoast SEO Premium plugin v17.8 (Yoast SEO v17.8) - https:\/\/yoast.com\/wordpress\/plugins\/seo\/ -->\n<title>MERCATO - Victor Osimhen s&#039;\u00e9loigne du PSG | Nettali.com<\/title>\n<meta name=\"robots\" content=\"index, follow, max-snippet:-1, max-image-preview:large, max-video-preview:-1\" \/>\n<link rel=\"canonical\" href=\"https:\/\/www.nettali.com\/2023\/07\/23\/mercato-victor-osimhen-seloigne-du-psg\/\" \/>\n<meta property=\"og:locale\" content=\"fr_FR\" \/>\n<meta property=\"og:type\" content=\"article\" \/>\n<meta property=\"og:title\" content=\"MERCATO - Victor Osimhen s&#039;\u00e9loigne du PSG\" \/>\n<meta property=\"og:description\" content=\"NETTALI.COM - Le Saint-Germain va peut-\u00eatre perdre Kylian Mbapp\u00e9 cet \u00e9t\u00e9, et il ne le remplacera pas avec Victor Osimhen. Selon les informations de Sky Sport Italia, le buteur nig\u00e9rian semble bien parti pour prolonger son contrat avec les Partenopei. Une question de temps ou une question de clause? Comme l&#039;expliquent nos confr\u00e8res, l&#039;agent d&#039;Osimhen [&hellip;]\" \/>\n<meta property=\"og:url\" content=\"https:\/\/www.nettali.com\/2023\/07\/23\/mercato-victor-osimhen-seloigne-du-psg\/\" \/>\n<meta property=\"og:site_name\" content=\"Nettali.com\" \/>\n<meta property=\"article:publisher\" content=\"https:\/\/www.facebook.com\/nettalicom\" \/>\n<meta property=\"article:published_time\" content=\"2023-07-23T18:46:01+00:00\" \/>\n<meta property=\"og:image\" content=\"https:\/\/www.nettali.com\/wp-content\/uploads\/2023\/07\/20230604_Victor_Osimhen-scaled.jpeg\" \/>\n\t<meta property=\"og:image:width\" content=\"2560\" \/>\n\t<meta property=\"og:image:height\" content=\"1440\" \/>\n<meta name=\"twitter:card\" content=\"summary_large_image\" \/>\n<meta name=\"twitter:label1\" content=\"\u00c9crit par\" \/>\n\t<meta name=\"twitter:data1\" content=\"Ibrahima\" \/>\n\t<meta name=\"twitter:label2\" content=\"Dur\u00e9e de lecture estim\u00e9e\" \/>\n\t<meta name=\"twitter:data2\" content=\"1 minute\" \/>\n<script type=\"application\/ld+json\" class=\"yoast-schema-graph\">{\"@context\":\"https:\/\/schema.org\",\"@graph\":[{\"@type\":\"WebSite\",\"@id\":\"https:\/\/www.nettali.com\/#website\",\"url\":\"https:\/\/www.nettali.com\/\",\"name\":\"Nettali.com\",\"description\":\"Le rendez-vous critique du Net\",\"potentialAction\":[{\"@type\":\"SearchAction\",\"target\":{\"@type\":\"EntryPoint\",\"urlTemplate\":\"https:\/\/www.nettali.com\/?s={search_term_string}\"},\"query-input\":\"required name=search_term_string\"}],\"inLanguage\":\"fr-FR\"},{\"@type\":\"ImageObject\",\"@id\":\"https:\/\/www.nettali.com\/2023\/07\/23\/mercato-victor-osimhen-seloigne-du-psg\/#primaryimage\",\"inLanguage\":\"fr-FR\",\"url\":\"https:\/\/www.nettali.com\/wp-content\/uploads\/2023\/07\/20230604_Victor_Osimhen-scaled.jpeg\",\"contentUrl\":\"https:\/\/www.nettali.com\/wp-content\/uploads\/2023\/07\/20230604_Victor_Osimhen-scaled.jpeg\",\"width\":2560,\"height\":1440},{\"@type\":\"WebPage\",\"@id\":\"https:\/\/www.nettali.com\/2023\/07\/23\/mercato-victor-osimhen-seloigne-du-psg\/#webpage\",\"url\":\"https:\/\/www.nettali.com\/2023\/07\/23\/mercato-victor-osimhen-seloigne-du-psg\/\",\"name\":\"MERCATO - Victor Osimhen s'\\u00e9loigne du PSG | Nettali.com\",\"isPartOf\":{\"@id\":\"https:\/\/www.nettali.com\/#website\"},\"primaryImageOfPage\":{\"@id\":\"https:\/\/www.nettali.com\/2023\/07\/23\/mercato-victor-osimhen-seloigne-du-psg\/#primaryimage\"},\"datePublished\":\"2023-07-23T18:46:01+00:00\",\"dateModified\":\"2023-07-23T18:46:01+00:00\",\"author\":{\"@id\":\"https:\/\/www.nettali.com\/#\/schema\/person\/bb147657c2986240405a608162b9bb23\"},\"breadcrumb\":{\"@id\":\"https:\/\/www.nettali.com\/2023\/07\/23\/mercato-victor-osimhen-seloigne-du-psg\/#breadcrumb\"},\"inLanguage\":\"fr-FR\",\"potentialAction\":[{\"@type\":\"ReadAction\",\"target\":[\"https:\/\/www.nettali.com\/2023\/07\/23\/mercato-victor-osimhen-seloigne-du-psg\/\"]}]},{\"@type\":\"BreadcrumbList\",\"@id\":\"https:\/\/www.nettali.com\/2023\/07\/23\/mercato-victor-osimhen-seloigne-du-psg\/#breadcrumb\",\"itemListElement\":[{\"@type\":\"ListItem\",\"position\":1,\"name\":\"Accueil\",\"item\":\"https:\/\/www.nettali.com\/\"},{\"@type\":\"ListItem\",\"position\":2,\"name\":\"MERCATO - Victor Osimhen s'\\u00e9loigne du PSG\"}]},{\"@type\":\"Person\",\"@id\":\"https:\/\/www.nettali.com\/#\/schema\/person\/bb147657c2986240405a608162b9bb23\",\"name\":\"Ibrahima\",\"image\":{\"@type\":\"ImageObject\",\"@id\":\"https:\/\/www.nettali.com\/#personlogo\",\"inLanguage\":\"fr-FR\",\"url\":\"https:\/\/secure.gravatar.com\/avatar\/26a8a81f09f0dd7624c9d5c36c9ba3a2?s=96&d=mm&r=g\",\"contentUrl\":\"https:\/\/secure.gravatar.com\/avatar\/26a8a81f09f0dd7624c9d5c36c9ba3a2?s=96&d=mm&r=g\",\"caption\":\"Ibrahima\"},\"sameAs\":[\"https:\/\/www.nettali.com\"]}]}<\/script>\n<!-- \/ Yoast SEO Premium plugin. -->","yoast_head_json":{"title":"MERCATO - Victor Osimhen s'\u00e9loigne du PSG | Nettali.com","robots":{"index":"index","follow":"follow","max-snippet":"max-snippet:-1","max-image-preview":"max-image-preview:large","max-video-preview":"max-video-preview:-1"},"canonical":"https:\/\/www.nettali.com\/2023\/07\/23\/mercato-victor-osimhen-seloigne-du-psg\/","og_locale":"fr_FR","og_type":"article","og_title":"MERCATO - Victor Osimhen s'\u00e9loigne du PSG","og_description":"NETTALI.COM - Le Saint-Germain va peut-\u00eatre perdre Kylian Mbapp\u00e9 cet \u00e9t\u00e9, et il ne le remplacera pas avec Victor Osimhen. Selon les informations de Sky Sport Italia, le buteur nig\u00e9rian semble bien parti pour prolonger son contrat avec les Partenopei. Une question de temps ou une question de clause? Comme l'expliquent nos confr\u00e8res, l'agent d'Osimhen [&hellip;]","og_url":"https:\/\/www.nettali.com\/2023\/07\/23\/mercato-victor-osimhen-seloigne-du-psg\/","og_site_name":"Nettali.com","article_publisher":"https:\/\/www.facebook.com\/nettalicom","article_published_time":"2023-07-23T18:46:01+00:00","og_image":[{"width":2560,"height":1440,"url":"https:\/\/www.nettali.com\/wp-content\/uploads\/2023\/07\/20230604_Victor_Osimhen-scaled.jpeg","type":"image\/jpeg"}],"twitter_card":"summary_large_image","twitter_misc":{"\u00c9crit par":"Ibrahima","Dur\u00e9e de lecture estim\u00e9e":"1 minute"},"schema":{"@context":"https:\/\/schema.org","@graph":[{"@type":"WebSite","@id":"https:\/\/www.nettali.com\/#website","url":"https:\/\/www.nettali.com\/","name":"Nettali.com","description":"Le rendez-vous critique du Net","potentialAction":[{"@type":"SearchAction","target":{"@type":"EntryPoint","urlTemplate":"https:\/\/www.nettali.com\/?s={search_term_string}"},"query-input":"required name=search_term_string"}],"inLanguage":"fr-FR"},{"@type":"ImageObject","@id":"https:\/\/www.nettali.com\/2023\/07\/23\/mercato-victor-osimhen-seloigne-du-psg\/#primaryimage","inLanguage":"fr-FR","url":"https:\/\/www.nettali.com\/wp-content\/uploads\/2023\/07\/20230604_Victor_Osimhen-scaled.jpeg","contentUrl":"https:\/\/www.nettali.com\/wp-content\/uploads\/2023\/07\/20230604_Victor_Osimhen-scaled.jpeg","width":2560,"height":1440},{"@type":"WebPage","@id":"https:\/\/www.nettali.com\/2023\/07\/23\/mercato-victor-osimhen-seloigne-du-psg\/#webpage","url":"https:\/\/www.nettali.com\/2023\/07\/23\/mercato-victor-osimhen-seloigne-du-psg\/","name":"MERCATO - Victor Osimhen s'\u00e9loigne du PSG | Nettali.com","isPartOf":{"@id":"https:\/\/www.nettali.com\/#website"},"primaryImageOfPage":{"@id":"https:\/\/www.nettali.com\/2023\/07\/23\/mercato-victor-osimhen-seloigne-du-psg\/#primaryimage"},"datePublished":"2023-07-23T18:46:01+00:00","dateModified":"2023-07-23T18:46:01+00:00","author":{"@id":"https:\/\/www.nettali.com\/#\/schema\/person\/bb147657c2986240405a608162b9bb23"},"breadcrumb":{"@id":"https:\/\/www.nettali.com\/2023\/07\/23\/mercato-victor-osimhen-seloigne-du-psg\/#breadcrumb"},"inLanguage":"fr-FR","potentialAction":[{"@type":"ReadAction","target":["https:\/\/www.nettali.com\/2023\/07\/23\/mercato-victor-osimhen-seloigne-du-psg\/"]}]},{"@type":"BreadcrumbList","@id":"https:\/\/www.nettali.com\/2023\/07\/23\/mercato-victor-osimhen-seloigne-du-psg\/#breadcrumb","itemListElement":[{"@type":"ListItem","position":1,"name":"Accueil","item":"https:\/\/www.nettali.com\/"},{"@type":"ListItem","position":2,"name":"MERCATO - Victor Osimhen s'\u00e9loigne du PSG"}]},{"@type":"Person","@id":"https:\/\/www.nettali.com\/#\/schema\/person\/bb147657c2986240405a608162b9bb23","name":"Ibrahima","image":{"@type":"ImageObject","@id":"https:\/\/www.nettali.com\/#personlogo","inLanguage":"fr-FR","url":"https:\/\/secure.gravatar.com\/avatar\/26a8a81f09f0dd7624c9d5c36c9ba3a2?s=96&d=mm&r=g","contentUrl":"https:\/\/secure.gravatar.com\/avatar\/26a8a81f09f0dd7624c9d5c36c9ba3a2?s=96&d=mm&r=g","caption":"Ibrahima"},"sameAs":["https:\/\/www.nettali.com"]}]}},"_links":{"self":[{"href":"https:\/\/www.nettali.com\/rest\/wp\/v2\/posts\/114655"}],"collection":[{"href":"https:\/\/www.nettali.com\/rest\/wp\/v2\/posts"}],"about":[{"href":"https:\/\/www.nettali.com\/rest\/wp\/v2\/types\/post"}],"author":[{"embeddable":true,"href":"https:\/\/www.nettali.com\/rest\/wp\/v2\/users\/5"}],"replies":[{"embeddable":true,"href":"https:\/\/www.nettali.com\/rest\/wp\/v2\/comments?post=114655"}],"version-history":[{"count":1,"href":"https:\/\/www.nettali.com\/rest\/wp\/v2\/posts\/114655\/revisions"}],"predecessor-version":[{"id":114657,"href":"https:\/\/www.nettali.com\/rest\/wp\/v2\/posts\/114655\/revisions\/114657"}],"wp:featuredmedia":[{"embeddable":true,"href":"https:\/\/www.nettali.com\/rest\/wp\/v2\/media\/114656"}],"wp:attachment":[{"href":"https:\/\/www.nettali.com\/rest\/wp\/v2\/media?parent=114655"}],"wp:term":[{"taxonomy":"category","embeddable":true,"href":"https:\/\/www.nettali.com\/rest\/wp\/v2\/categories?post=114655"},{"taxonomy":"post_tag","embeddable":true,"href":"https:\/\/www.nettali.com\/rest\/wp\/v2\/tags?post=114655"}],"curies":[{"name":"wp","href":"https:\/\/api.w.org\/{rel}","templated":true}]}}