{"id":114618,"date":"2023-07-22T19:31:27","date_gmt":"2023-07-22T19:31:27","guid":{"rendered":"https:\/\/www.nettali.com\/?p=114618"},"modified":"2023-07-22T19:31:27","modified_gmt":"2023-07-22T19:31:27","slug":"mercato-lom-se-lance-a-lassaut-dismaela-sarr","status":"publish","type":"post","link":"https:\/\/www.nettali.com\/2023\/07\/22\/mercato-lom-se-lance-a-lassaut-dismaela-sarr\/","title":{"rendered":"MERCATO  - L'OM se lance \u00e0 l'assaut d'Isma\u00ebla Sarr"},"content":{"rendered":"<p class=\"articleLead\" style=\"box-sizing: inherit; min-width: 0px; min-height: 0px; font-size: 1.8rem; line-height: 28px; letter-spacing: 0.01em; padding-top: 24px; margin: 0px 0px 24px; padding-left: var(--marginComponent); padding-right: var(--marginComponent); color: #303030; font-family: -apple-system, BlinkMacSystemFont, Arial, Roboto; background-color: #fefcfb;\" data-live-id=\"articleLead.isLive\" data-live-value=\"16900526970\" data-live=\"0\" data-live-reload=\"1\"><strong><span style=\"font-family: Futura; font-size: 16px;\">NETTALI.COM - D\u00e9cid\u00e9ment l\u2019OM a les yeux riv\u00e9s sur la Perfide Albion. Alors que le dossier Iliman Ndiaye a aliment\u00e9 la chronique depuis plusieurs semaines, les Phoc\u00e9ens ont cibl\u00e9 Isma\u00efla Sarr du c\u00f4t\u00e9 de Watford.<\/span><\/strong><\/p>\n<p class=\"articleLead\" style=\"box-sizing: inherit; min-width: 0px; min-height: 0px; font-size: 1.8rem; line-height: 28px; letter-spacing: 0.01em; padding-top: 24px; margin: 0px 0px 24px; padding-left: var(--marginComponent); padding-right: var(--marginComponent); color: #303030; font-family: -apple-system, BlinkMacSystemFont, Arial, Roboto; background-color: #fefcfb;\" data-live-id=\"articleLead.isLive\" data-live-value=\"16900526970\" data-live=\"0\" data-live-reload=\"1\"><span style=\"font-family: Futura; font-size: 16px; letter-spacing: 0.01em;\">Tr\u00e8s actif sur le mercato, l\u2019Olympique de Marseille a frapp\u00e9 fort cet \u00e9t\u00e9 puisque Renan Lodi (Atl\u00e9tico de Madrid, 13M\u20ac), Geoffrey Kondogbia (Atl\u00e9tico de Madrid, 8M\u20ac) et Pierre-Emerick Aubameyang (Chelsea, libre) ont d\u00e9j\u00e0 d\u00e9barqu\u00e9 dans le sud de la France. L'OM est lanc\u00e9 sur le dossier Iliman Ndiaye (Sheffield United), la situation s\u2019est compliqu\u00e9e mais elle reste toujours ouverte.<\/span><\/p>\n<p class=\"articleLead\" style=\"box-sizing: inherit; min-width: 0px; min-height: 0px; font-size: 1.8rem; line-height: 28px; letter-spacing: 0.01em; padding-top: 24px; margin: 0px 0px 24px; padding-left: var(--marginComponent); padding-right: var(--marginComponent); color: #303030; font-family: -apple-system, BlinkMacSystemFont, Arial, Roboto; background-color: #fefcfb;\" data-live-id=\"articleLead.isLive\" data-live-value=\"16900526970\" data-live=\"0\" data-live-reload=\"1\"><span style=\"font-family: Futura; font-size: 16px;\"><span style=\"color: #303030; background-color: #fefcfb;\">N\u00e9anmoins, Javier Ribalta le directeur sportif olympien et son pr\u00e9sident Pablo Longoria explorent d\u2019autres pistes pour renforcer le secteur d\u00e9fensif. L\u2019une d\u2019elles m\u00e8ne du c\u00f4t\u00e9 du Championship et notamment de Watford<\/span><span style=\"color: #303030; background-color: #fefcfb;\">. Au club depuis l\u2019\u00e9t\u00e9 2019 et un transfert de 30 millions d\u2019euros en provenance du Stade Rennais, Isma\u00efla Sarr <\/span><span style=\"color: #303030; background-color: #fefcfb;\">(25 ans) d\u00e9fend les couleurs des Hornets avec bravoure.<\/span><\/span><\/p>\n<p class=\"articleLead\" style=\"box-sizing: inherit; min-width: 0px; min-height: 0px; font-size: 1.8rem; line-height: 28px; letter-spacing: 0.01em; padding-top: 24px; margin: 0px 0px 24px; padding-left: var(--marginComponent); padding-right: var(--marginComponent); color: #303030; font-family: -apple-system, BlinkMacSystemFont, Arial, Roboto; background-color: #fefcfb;\" data-live-id=\"articleLead.isLive\" data-live-value=\"16900526970\" data-live=\"0\" data-live-reload=\"1\"><span style=\"font-family: Futura; font-size: 16px;\"><strong>Une premi\u00e8re offre orale<\/strong><\/span><\/p>\n<p><span style=\"font-family: Futura; font-size: 16px;\">L\u2019an dernier, il a marqu\u00e9 10 buts et d\u00e9livr\u00e9 6 offrandes avec la formation londonienne. Un exercice r\u00e9ussi pour l\u2019ailier s\u00e9n\u00e9galais qui a aussi remport\u00e9 la derni\u00e8re Coupe d\u2019Afrique des Nations avec les Lions de la Teranga. Les contacts sont pr\u00e9sents entre l\u2019Olympique de Marseille et le club anglais et cela est en train de prendre forme. <\/span><span style=\"font-family: Futura; font-size: 16px;\"><span style=\"color: #303030; background-color: #fefcfb;\">Ainsi, comme l\u2019a r\u00e9v\u00e9l\u00e9 <\/span><em style=\"box-sizing: inherit; min-width: 0px; min-height: 0px; color: #303030; background-color: #fefcfb;\">Fabrizio Romano<\/em><span style=\"color: #303030; background-color: #fefcfb;\">\u00a0et comme nous pouvons le confirmer, les n\u00e9gociations ont d\u00e9but\u00e9. Nous pouvons d\u2019ailleurs faire part d\u2019une premi\u00e8re offre orale formul\u00e9e de la part de l\u2019Olympique de Marseille. Watford serait pr\u00eat \u00e0 le c\u00e9der pour un prix compris entre 22 et 25M\u20ac.<\/span><\/span><\/p>\n<p class=\"articleLead\" style=\"box-sizing: inherit; min-width: 0px; min-height: 0px; font-size: 1.8rem; line-height: 28px; letter-spacing: 0.01em; padding-top: 24px; margin: 0px 0px 24px; padding-left: var(--marginComponent); padding-right: var(--marginComponent); color: #303030; font-family: -apple-system, BlinkMacSystemFont, Arial, Roboto; background-color: #fefcfb;\" data-live-id=\"articleLead.isLive\" data-live-value=\"16900526970\" data-live=\"0\" data-live-reload=\"1\"><span style=\"font-family: Futura; font-size: 16px;\"><span style=\"color: #303030; background-color: #fefcfb;\"> Form\u00e9 \u00e0 G\u00e9n\u00e9ration Foot puis pass\u00e9 au Fc Metz et \u00e0 Rennes, Isma\u00efla Sarr pourrait \u00eatre une option int\u00e9ressante pour l\u2019OM lui qui connait d\u00e9j\u00e0 bien la Ligue 1 (90 matches, 18 buts et 17 offrandes).<\/span><\/span><\/p>\n<p style=\"text-align: right;\" data-live-id=\"articleLead.isLive\" data-live-value=\"16900526970\" data-live=\"0\" data-live-reload=\"1\"><strong>(Footmercato)<\/strong><\/p>\n<div class='share-to-whatsapp-wrapper'><div class='share-on-whsp'>PARTAGER SUR : <\/div><a data-text='MERCATO  - L'OM se lance \u00e0 l'assaut d'Isma\u00ebla Sarr' data-link='https:\/\/www.nettali.com\/2023\/07\/22\/mercato-lom-se-lance-a-lassaut-dismaela-sarr\/' class='whatsapp-button whatsapp-share'>WhatsApp<\/a><div class='clear '><\/div><\/div>","protected":false},"excerpt":{"rendered":"<p>NETTALI.COM - D\u00e9cid\u00e9ment l\u2019OM a les yeux riv\u00e9s sur la Perfide Albion. Alors que le dossier Iliman Ndiaye a aliment\u00e9 la chronique depuis plusieurs semaines, les Phoc\u00e9ens ont cibl\u00e9 Isma\u00efla Sarr du c\u00f4t\u00e9 de Watford. Tr\u00e8s actif sur le mercato, l\u2019Olympique de Marseille a frapp\u00e9 fort cet \u00e9t\u00e9 puisque Renan Lodi (Atl\u00e9tico de Madrid, 13M\u20ac), [&hellip;]<\/p>\n","protected":false},"author":3,"featured_media":74618,"comment_status":"open","ping_status":"open","sticky":false,"template":"","format":"standard","meta":{"_et_pb_use_builder":"","_et_pb_old_content":""},"categories":[6],"tags":[],"yoast_head":"<!-- This site is optimized with the Yoast SEO Premium plugin v17.8 (Yoast SEO v17.8) - https:\/\/yoast.com\/wordpress\/plugins\/seo\/ -->\n<title>MERCATO - L&#039;OM se lance \u00e0 l&#039;assaut d&#039;Isma\u00ebla Sarr | Nettali.com<\/title>\n<meta name=\"robots\" content=\"index, follow, max-snippet:-1, max-image-preview:large, max-video-preview:-1\" \/>\n<link rel=\"canonical\" href=\"https:\/\/www.nettali.com\/2023\/07\/22\/mercato-lom-se-lance-a-lassaut-dismaela-sarr\/\" \/>\n<meta property=\"og:locale\" content=\"fr_FR\" \/>\n<meta property=\"og:type\" content=\"article\" \/>\n<meta property=\"og:title\" content=\"MERCATO - L&#039;OM se lance \u00e0 l&#039;assaut d&#039;Isma\u00ebla Sarr\" \/>\n<meta property=\"og:description\" content=\"NETTALI.COM - D\u00e9cid\u00e9ment l\u2019OM a les yeux riv\u00e9s sur la Perfide Albion. Alors que le dossier Iliman Ndiaye a aliment\u00e9 la chronique depuis plusieurs semaines, les Phoc\u00e9ens ont cibl\u00e9 Isma\u00efla Sarr du c\u00f4t\u00e9 de Watford. Tr\u00e8s actif sur le mercato, l\u2019Olympique de Marseille a frapp\u00e9 fort cet \u00e9t\u00e9 puisque Renan Lodi (Atl\u00e9tico de Madrid, 13M\u20ac), [&hellip;]\" \/>\n<meta property=\"og:url\" content=\"https:\/\/www.nettali.com\/2023\/07\/22\/mercato-lom-se-lance-a-lassaut-dismaela-sarr\/\" \/>\n<meta property=\"og:site_name\" content=\"Nettali.com\" \/>\n<meta property=\"article:publisher\" content=\"https:\/\/www.facebook.com\/nettalicom\" \/>\n<meta property=\"article:published_time\" content=\"2023-07-22T19:31:27+00:00\" \/>\n<meta property=\"og:image\" content=\"https:\/\/www.nettali.com\/wp-content\/uploads\/2021\/10\/Ismaila-Sarr-1.jpg\" \/>\n\t<meta property=\"og:image:width\" content=\"1200\" \/>\n\t<meta property=\"og:image:height\" content=\"800\" \/>\n<meta name=\"twitter:card\" content=\"summary_large_image\" \/>\n<meta name=\"twitter:label1\" content=\"\u00c9crit par\" \/>\n\t<meta name=\"twitter:data1\" content=\"Moustapha\" \/>\n\t<meta name=\"twitter:label2\" content=\"Dur\u00e9e de lecture estim\u00e9e\" \/>\n\t<meta name=\"twitter:data2\" content=\"2 minutes\" \/>\n<script type=\"application\/ld+json\" class=\"yoast-schema-graph\">{\"@context\":\"https:\/\/schema.org\",\"@graph\":[{\"@type\":\"WebSite\",\"@id\":\"https:\/\/www.nettali.com\/#website\",\"url\":\"https:\/\/www.nettali.com\/\",\"name\":\"Nettali.com\",\"description\":\"Le rendez-vous critique du Net\",\"potentialAction\":[{\"@type\":\"SearchAction\",\"target\":{\"@type\":\"EntryPoint\",\"urlTemplate\":\"https:\/\/www.nettali.com\/?s={search_term_string}\"},\"query-input\":\"required name=search_term_string\"}],\"inLanguage\":\"fr-FR\"},{\"@type\":\"ImageObject\",\"@id\":\"https:\/\/www.nettali.com\/2023\/07\/22\/mercato-lom-se-lance-a-lassaut-dismaela-sarr\/#primaryimage\",\"inLanguage\":\"fr-FR\",\"url\":\"https:\/\/www.nettali.com\/wp-content\/uploads\/2021\/10\/Ismaila-Sarr-1.jpg\",\"contentUrl\":\"https:\/\/www.nettali.com\/wp-content\/uploads\/2021\/10\/Ismaila-Sarr-1.jpg\",\"width\":1200,\"height\":800},{\"@type\":\"WebPage\",\"@id\":\"https:\/\/www.nettali.com\/2023\/07\/22\/mercato-lom-se-lance-a-lassaut-dismaela-sarr\/#webpage\",\"url\":\"https:\/\/www.nettali.com\/2023\/07\/22\/mercato-lom-se-lance-a-lassaut-dismaela-sarr\/\",\"name\":\"MERCATO - L'OM se lance \\u00e0 l'assaut d'Isma\\u00ebla Sarr | Nettali.com\",\"isPartOf\":{\"@id\":\"https:\/\/www.nettali.com\/#website\"},\"primaryImageOfPage\":{\"@id\":\"https:\/\/www.nettali.com\/2023\/07\/22\/mercato-lom-se-lance-a-lassaut-dismaela-sarr\/#primaryimage\"},\"datePublished\":\"2023-07-22T19:31:27+00:00\",\"dateModified\":\"2023-07-22T19:31:27+00:00\",\"author\":{\"@id\":\"https:\/\/www.nettali.com\/#\/schema\/person\/7962a12a6e0267f88f0ffa544c36469a\"},\"breadcrumb\":{\"@id\":\"https:\/\/www.nettali.com\/2023\/07\/22\/mercato-lom-se-lance-a-lassaut-dismaela-sarr\/#breadcrumb\"},\"inLanguage\":\"fr-FR\",\"potentialAction\":[{\"@type\":\"ReadAction\",\"target\":[\"https:\/\/www.nettali.com\/2023\/07\/22\/mercato-lom-se-lance-a-lassaut-dismaela-sarr\/\"]}]},{\"@type\":\"BreadcrumbList\",\"@id\":\"https:\/\/www.nettali.com\/2023\/07\/22\/mercato-lom-se-lance-a-lassaut-dismaela-sarr\/#breadcrumb\",\"itemListElement\":[{\"@type\":\"ListItem\",\"position\":1,\"name\":\"Accueil\",\"item\":\"https:\/\/www.nettali.com\/\"},{\"@type\":\"ListItem\",\"position\":2,\"name\":\"MERCATO - L'OM se lance \\u00e0 l'assaut d'Isma\\u00ebla Sarr\"}]},{\"@type\":\"Person\",\"@id\":\"https:\/\/www.nettali.com\/#\/schema\/person\/7962a12a6e0267f88f0ffa544c36469a\",\"name\":\"Moustapha\",\"image\":{\"@type\":\"ImageObject\",\"@id\":\"https:\/\/www.nettali.com\/#personlogo\",\"inLanguage\":\"fr-FR\",\"url\":\"https:\/\/secure.gravatar.com\/avatar\/10fdf6a071cccdcf374e3dbe45159590?s=96&d=mm&r=g\",\"contentUrl\":\"https:\/\/secure.gravatar.com\/avatar\/10fdf6a071cccdcf374e3dbe45159590?s=96&d=mm&r=g\",\"caption\":\"Moustapha\"},\"sameAs\":[\"https:\/\/www.nettali.com\"]}]}<\/script>\n<!-- \/ Yoast SEO Premium plugin. -->","yoast_head_json":{"title":"MERCATO - L'OM se lance \u00e0 l'assaut d'Isma\u00ebla Sarr | Nettali.com","robots":{"index":"index","follow":"follow","max-snippet":"max-snippet:-1","max-image-preview":"max-image-preview:large","max-video-preview":"max-video-preview:-1"},"canonical":"https:\/\/www.nettali.com\/2023\/07\/22\/mercato-lom-se-lance-a-lassaut-dismaela-sarr\/","og_locale":"fr_FR","og_type":"article","og_title":"MERCATO - L'OM se lance \u00e0 l'assaut d'Isma\u00ebla Sarr","og_description":"NETTALI.COM - D\u00e9cid\u00e9ment l\u2019OM a les yeux riv\u00e9s sur la Perfide Albion. Alors que le dossier Iliman Ndiaye a aliment\u00e9 la chronique depuis plusieurs semaines, les Phoc\u00e9ens ont cibl\u00e9 Isma\u00efla Sarr du c\u00f4t\u00e9 de Watford. Tr\u00e8s actif sur le mercato, l\u2019Olympique de Marseille a frapp\u00e9 fort cet \u00e9t\u00e9 puisque Renan Lodi (Atl\u00e9tico de Madrid, 13M\u20ac), [&hellip;]","og_url":"https:\/\/www.nettali.com\/2023\/07\/22\/mercato-lom-se-lance-a-lassaut-dismaela-sarr\/","og_site_name":"Nettali.com","article_publisher":"https:\/\/www.facebook.com\/nettalicom","article_published_time":"2023-07-22T19:31:27+00:00","og_image":[{"width":1200,"height":800,"url":"https:\/\/www.nettali.com\/wp-content\/uploads\/2021\/10\/Ismaila-Sarr-1.jpg","type":"image\/jpeg"}],"twitter_card":"summary_large_image","twitter_misc":{"\u00c9crit par":"Moustapha","Dur\u00e9e de lecture estim\u00e9e":"2 minutes"},"schema":{"@context":"https:\/\/schema.org","@graph":[{"@type":"WebSite","@id":"https:\/\/www.nettali.com\/#website","url":"https:\/\/www.nettali.com\/","name":"Nettali.com","description":"Le rendez-vous critique du Net","potentialAction":[{"@type":"SearchAction","target":{"@type":"EntryPoint","urlTemplate":"https:\/\/www.nettali.com\/?s={search_term_string}"},"query-input":"required name=search_term_string"}],"inLanguage":"fr-FR"},{"@type":"ImageObject","@id":"https:\/\/www.nettali.com\/2023\/07\/22\/mercato-lom-se-lance-a-lassaut-dismaela-sarr\/#primaryimage","inLanguage":"fr-FR","url":"https:\/\/www.nettali.com\/wp-content\/uploads\/2021\/10\/Ismaila-Sarr-1.jpg","contentUrl":"https:\/\/www.nettali.com\/wp-content\/uploads\/2021\/10\/Ismaila-Sarr-1.jpg","width":1200,"height":800},{"@type":"WebPage","@id":"https:\/\/www.nettali.com\/2023\/07\/22\/mercato-lom-se-lance-a-lassaut-dismaela-sarr\/#webpage","url":"https:\/\/www.nettali.com\/2023\/07\/22\/mercato-lom-se-lance-a-lassaut-dismaela-sarr\/","name":"MERCATO - L'OM se lance \u00e0 l'assaut d'Isma\u00ebla Sarr | Nettali.com","isPartOf":{"@id":"https:\/\/www.nettali.com\/#website"},"primaryImageOfPage":{"@id":"https:\/\/www.nettali.com\/2023\/07\/22\/mercato-lom-se-lance-a-lassaut-dismaela-sarr\/#primaryimage"},"datePublished":"2023-07-22T19:31:27+00:00","dateModified":"2023-07-22T19:31:27+00:00","author":{"@id":"https:\/\/www.nettali.com\/#\/schema\/person\/7962a12a6e0267f88f0ffa544c36469a"},"breadcrumb":{"@id":"https:\/\/www.nettali.com\/2023\/07\/22\/mercato-lom-se-lance-a-lassaut-dismaela-sarr\/#breadcrumb"},"inLanguage":"fr-FR","potentialAction":[{"@type":"ReadAction","target":["https:\/\/www.nettali.com\/2023\/07\/22\/mercato-lom-se-lance-a-lassaut-dismaela-sarr\/"]}]},{"@type":"BreadcrumbList","@id":"https:\/\/www.nettali.com\/2023\/07\/22\/mercato-lom-se-lance-a-lassaut-dismaela-sarr\/#breadcrumb","itemListElement":[{"@type":"ListItem","position":1,"name":"Accueil","item":"https:\/\/www.nettali.com\/"},{"@type":"ListItem","position":2,"name":"MERCATO - L'OM se lance \u00e0 l'assaut d'Isma\u00ebla Sarr"}]},{"@type":"Person","@id":"https:\/\/www.nettali.com\/#\/schema\/person\/7962a12a6e0267f88f0ffa544c36469a","name":"Moustapha","image":{"@type":"ImageObject","@id":"https:\/\/www.nettali.com\/#personlogo","inLanguage":"fr-FR","url":"https:\/\/secure.gravatar.com\/avatar\/10fdf6a071cccdcf374e3dbe45159590?s=96&d=mm&r=g","contentUrl":"https:\/\/secure.gravatar.com\/avatar\/10fdf6a071cccdcf374e3dbe45159590?s=96&d=mm&r=g","caption":"Moustapha"},"sameAs":["https:\/\/www.nettali.com"]}]}},"_links":{"self":[{"href":"https:\/\/www.nettali.com\/rest\/wp\/v2\/posts\/114618"}],"collection":[{"href":"https:\/\/www.nettali.com\/rest\/wp\/v2\/posts"}],"about":[{"href":"https:\/\/www.nettali.com\/rest\/wp\/v2\/types\/post"}],"author":[{"embeddable":true,"href":"https:\/\/www.nettali.com\/rest\/wp\/v2\/users\/3"}],"replies":[{"embeddable":true,"href":"https:\/\/www.nettali.com\/rest\/wp\/v2\/comments?post=114618"}],"version-history":[{"count":1,"href":"https:\/\/www.nettali.com\/rest\/wp\/v2\/posts\/114618\/revisions"}],"predecessor-version":[{"id":114619,"href":"https:\/\/www.nettali.com\/rest\/wp\/v2\/posts\/114618\/revisions\/114619"}],"wp:featuredmedia":[{"embeddable":true,"href":"https:\/\/www.nettali.com\/rest\/wp\/v2\/media\/74618"}],"wp:attachment":[{"href":"https:\/\/www.nettali.com\/rest\/wp\/v2\/media?parent=114618"}],"wp:term":[{"taxonomy":"category","embeddable":true,"href":"https:\/\/www.nettali.com\/rest\/wp\/v2\/categories?post=114618"},{"taxonomy":"post_tag","embeddable":true,"href":"https:\/\/www.nettali.com\/rest\/wp\/v2\/tags?post=114618"}],"curies":[{"name":"wp","href":"https:\/\/api.w.org\/{rel}","templated":true}]}}