{"id":114568,"date":"2023-07-21T20:44:00","date_gmt":"2023-07-21T20:44:00","guid":{"rendered":"https:\/\/www.nettali.com\/?p=114568"},"modified":"2023-07-21T20:44:00","modified_gmt":"2023-07-21T20:44:00","slug":"mercato-aubameyang-debarque-a-marseille","status":"publish","type":"post","link":"https:\/\/www.nettali.com\/2023\/07\/21\/mercato-aubameyang-debarque-a-marseille\/","title":{"rendered":"MERCATO - Aubameyang d\u00e9barque \u00e0 Marseille"},"content":{"rendered":"<p><strong>NETTALI.COM - L'Olympique de Marseille s'est officiellement offert les services de Pierre-Emerick Aubameyang. Laiss\u00e9 libre par Chelsea, o\u00f9 il a v\u00e9cu une saison plus que compliqu\u00e9e, le natif de Laval tentera de se relancer sous les couleurs olympiennes, o\u00f9 sa venue va susciter \u00e0 coup s\u00fbr un \u00e9norme engouement. \"<em>PEA<\/em>\" s'est engag\u00e9 pour trois ans avec l'OM.<\/strong><\/p>\n<p>Alexis Sanchez parti, l'OM a trouv\u00e9 son rempla\u00e7ant. Et comme pour le Chilien en 2022, le club phoc\u00e9en a fait le pari de relancer un grand nom du football europ\u00e9en. Comme attendu depuis plusieurs jours, Pierre-Emerick Aubameyang a officiellement sign\u00e9 ce vendredi.<\/p>\n<p>Marseille a confirm\u00e9 l'arriv\u00e9e du buteur gabonais pour les trois prochaines saisons soit jusqu'en juin 2026. Bonne nouvelle pour les finances marseillaises,\u00a0Chelsea\u00a0a accept\u00e9 de lib\u00e9rer l'attaquant de sa derni\u00e8re ann\u00e9e de contrat et 'PEA' d\u00e9barque donc libre \u00e0 l'OM.<\/p>\n<p>Dix ans apr\u00e8s son d\u00e9part de Saint-Etienne pour Dortmund en 2013, le Gabonais effectue donc son retour en Ligue 1.<\/p>\n<div class='share-to-whatsapp-wrapper'><div class='share-on-whsp'>PARTAGER SUR : <\/div><a data-text='MERCATO - Aubameyang d\u00e9barque \u00e0 Marseille' data-link='https:\/\/www.nettali.com\/2023\/07\/21\/mercato-aubameyang-debarque-a-marseille\/' class='whatsapp-button whatsapp-share'>WhatsApp<\/a><div class='clear '><\/div><\/div>","protected":false},"excerpt":{"rendered":"<p>NETTALI.COM - L'Olympique de Marseille s'est officiellement offert les services de Pierre-Emerick Aubameyang. Laiss\u00e9 libre par Chelsea, o\u00f9 il a v\u00e9cu une saison plus que compliqu\u00e9e, le natif de Laval tentera de se relancer sous les couleurs olympiennes, o\u00f9 sa venue va susciter \u00e0 coup s\u00fbr un \u00e9norme engouement. \"PEA\" s'est engag\u00e9 pour trois ans [&hellip;]<\/p>\n","protected":false},"author":5,"featured_media":114570,"comment_status":"open","ping_status":"open","sticky":false,"template":"","format":"standard","meta":{"_et_pb_use_builder":"","_et_pb_old_content":""},"categories":[6],"tags":[],"yoast_head":"<!-- This site is optimized with the Yoast SEO Premium plugin v17.8 (Yoast SEO v17.8) - https:\/\/yoast.com\/wordpress\/plugins\/seo\/ -->\n<title>MERCATO - Aubameyang d\u00e9barque \u00e0 Marseille | Nettali.com<\/title>\n<meta name=\"robots\" content=\"index, follow, max-snippet:-1, max-image-preview:large, max-video-preview:-1\" \/>\n<link rel=\"canonical\" href=\"https:\/\/www.nettali.com\/2023\/07\/21\/mercato-aubameyang-debarque-a-marseille\/\" \/>\n<meta property=\"og:locale\" content=\"fr_FR\" \/>\n<meta property=\"og:type\" content=\"article\" \/>\n<meta property=\"og:title\" content=\"MERCATO - Aubameyang d\u00e9barque \u00e0 Marseille\" \/>\n<meta property=\"og:description\" content=\"NETTALI.COM - L&#039;Olympique de Marseille s&#039;est officiellement offert les services de Pierre-Emerick Aubameyang. Laiss\u00e9 libre par Chelsea, o\u00f9 il a v\u00e9cu une saison plus que compliqu\u00e9e, le natif de Laval tentera de se relancer sous les couleurs olympiennes, o\u00f9 sa venue va susciter \u00e0 coup s\u00fbr un \u00e9norme engouement. &quot;PEA&quot; s&#039;est engag\u00e9 pour trois ans [&hellip;]\" \/>\n<meta property=\"og:url\" content=\"https:\/\/www.nettali.com\/2023\/07\/21\/mercato-aubameyang-debarque-a-marseille\/\" \/>\n<meta property=\"og:site_name\" content=\"Nettali.com\" \/>\n<meta property=\"article:publisher\" content=\"https:\/\/www.facebook.com\/nettalicom\" \/>\n<meta property=\"article:published_time\" content=\"2023-07-21T20:44:00+00:00\" \/>\n<meta property=\"og:image\" content=\"https:\/\/www.nettali.com\/wp-content\/uploads\/2023\/07\/aubameyang-marseille-2.jpg\" \/>\n\t<meta property=\"og:image:width\" content=\"390\" \/>\n\t<meta property=\"og:image:height\" content=\"260\" \/>\n<meta name=\"twitter:card\" content=\"summary_large_image\" \/>\n<meta name=\"twitter:label1\" content=\"\u00c9crit par\" \/>\n\t<meta name=\"twitter:data1\" content=\"Ibrahima\" \/>\n\t<meta name=\"twitter:label2\" content=\"Dur\u00e9e de lecture estim\u00e9e\" \/>\n\t<meta name=\"twitter:data2\" content=\"1 minute\" \/>\n<script type=\"application\/ld+json\" class=\"yoast-schema-graph\">{\"@context\":\"https:\/\/schema.org\",\"@graph\":[{\"@type\":\"WebSite\",\"@id\":\"https:\/\/www.nettali.com\/#website\",\"url\":\"https:\/\/www.nettali.com\/\",\"name\":\"Nettali.com\",\"description\":\"Le rendez-vous critique du Net\",\"potentialAction\":[{\"@type\":\"SearchAction\",\"target\":{\"@type\":\"EntryPoint\",\"urlTemplate\":\"https:\/\/www.nettali.com\/?s={search_term_string}\"},\"query-input\":\"required name=search_term_string\"}],\"inLanguage\":\"fr-FR\"},{\"@type\":\"ImageObject\",\"@id\":\"https:\/\/www.nettali.com\/2023\/07\/21\/mercato-aubameyang-debarque-a-marseille\/#primaryimage\",\"inLanguage\":\"fr-FR\",\"url\":\"https:\/\/www.nettali.com\/wp-content\/uploads\/2023\/07\/aubameyang-marseille-2.jpg\",\"contentUrl\":\"https:\/\/www.nettali.com\/wp-content\/uploads\/2023\/07\/aubameyang-marseille-2.jpg\",\"width\":390,\"height\":260},{\"@type\":\"WebPage\",\"@id\":\"https:\/\/www.nettali.com\/2023\/07\/21\/mercato-aubameyang-debarque-a-marseille\/#webpage\",\"url\":\"https:\/\/www.nettali.com\/2023\/07\/21\/mercato-aubameyang-debarque-a-marseille\/\",\"name\":\"MERCATO - Aubameyang d\\u00e9barque \\u00e0 Marseille | Nettali.com\",\"isPartOf\":{\"@id\":\"https:\/\/www.nettali.com\/#website\"},\"primaryImageOfPage\":{\"@id\":\"https:\/\/www.nettali.com\/2023\/07\/21\/mercato-aubameyang-debarque-a-marseille\/#primaryimage\"},\"datePublished\":\"2023-07-21T20:44:00+00:00\",\"dateModified\":\"2023-07-21T20:44:00+00:00\",\"author\":{\"@id\":\"https:\/\/www.nettali.com\/#\/schema\/person\/bb147657c2986240405a608162b9bb23\"},\"breadcrumb\":{\"@id\":\"https:\/\/www.nettali.com\/2023\/07\/21\/mercato-aubameyang-debarque-a-marseille\/#breadcrumb\"},\"inLanguage\":\"fr-FR\",\"potentialAction\":[{\"@type\":\"ReadAction\",\"target\":[\"https:\/\/www.nettali.com\/2023\/07\/21\/mercato-aubameyang-debarque-a-marseille\/\"]}]},{\"@type\":\"BreadcrumbList\",\"@id\":\"https:\/\/www.nettali.com\/2023\/07\/21\/mercato-aubameyang-debarque-a-marseille\/#breadcrumb\",\"itemListElement\":[{\"@type\":\"ListItem\",\"position\":1,\"name\":\"Accueil\",\"item\":\"https:\/\/www.nettali.com\/\"},{\"@type\":\"ListItem\",\"position\":2,\"name\":\"MERCATO - Aubameyang d\\u00e9barque \\u00e0 Marseille\"}]},{\"@type\":\"Person\",\"@id\":\"https:\/\/www.nettali.com\/#\/schema\/person\/bb147657c2986240405a608162b9bb23\",\"name\":\"Ibrahima\",\"image\":{\"@type\":\"ImageObject\",\"@id\":\"https:\/\/www.nettali.com\/#personlogo\",\"inLanguage\":\"fr-FR\",\"url\":\"https:\/\/secure.gravatar.com\/avatar\/26a8a81f09f0dd7624c9d5c36c9ba3a2?s=96&d=mm&r=g\",\"contentUrl\":\"https:\/\/secure.gravatar.com\/avatar\/26a8a81f09f0dd7624c9d5c36c9ba3a2?s=96&d=mm&r=g\",\"caption\":\"Ibrahima\"},\"sameAs\":[\"https:\/\/www.nettali.com\"]}]}<\/script>\n<!-- \/ Yoast SEO Premium plugin. -->","yoast_head_json":{"title":"MERCATO - Aubameyang d\u00e9barque \u00e0 Marseille | Nettali.com","robots":{"index":"index","follow":"follow","max-snippet":"max-snippet:-1","max-image-preview":"max-image-preview:large","max-video-preview":"max-video-preview:-1"},"canonical":"https:\/\/www.nettali.com\/2023\/07\/21\/mercato-aubameyang-debarque-a-marseille\/","og_locale":"fr_FR","og_type":"article","og_title":"MERCATO - Aubameyang d\u00e9barque \u00e0 Marseille","og_description":"NETTALI.COM - L'Olympique de Marseille s'est officiellement offert les services de Pierre-Emerick Aubameyang. Laiss\u00e9 libre par Chelsea, o\u00f9 il a v\u00e9cu une saison plus que compliqu\u00e9e, le natif de Laval tentera de se relancer sous les couleurs olympiennes, o\u00f9 sa venue va susciter \u00e0 coup s\u00fbr un \u00e9norme engouement. \"PEA\" s'est engag\u00e9 pour trois ans [&hellip;]","og_url":"https:\/\/www.nettali.com\/2023\/07\/21\/mercato-aubameyang-debarque-a-marseille\/","og_site_name":"Nettali.com","article_publisher":"https:\/\/www.facebook.com\/nettalicom","article_published_time":"2023-07-21T20:44:00+00:00","og_image":[{"width":390,"height":260,"url":"https:\/\/www.nettali.com\/wp-content\/uploads\/2023\/07\/aubameyang-marseille-2.jpg","type":"image\/jpeg"}],"twitter_card":"summary_large_image","twitter_misc":{"\u00c9crit par":"Ibrahima","Dur\u00e9e de lecture estim\u00e9e":"1 minute"},"schema":{"@context":"https:\/\/schema.org","@graph":[{"@type":"WebSite","@id":"https:\/\/www.nettali.com\/#website","url":"https:\/\/www.nettali.com\/","name":"Nettali.com","description":"Le rendez-vous critique du Net","potentialAction":[{"@type":"SearchAction","target":{"@type":"EntryPoint","urlTemplate":"https:\/\/www.nettali.com\/?s={search_term_string}"},"query-input":"required name=search_term_string"}],"inLanguage":"fr-FR"},{"@type":"ImageObject","@id":"https:\/\/www.nettali.com\/2023\/07\/21\/mercato-aubameyang-debarque-a-marseille\/#primaryimage","inLanguage":"fr-FR","url":"https:\/\/www.nettali.com\/wp-content\/uploads\/2023\/07\/aubameyang-marseille-2.jpg","contentUrl":"https:\/\/www.nettali.com\/wp-content\/uploads\/2023\/07\/aubameyang-marseille-2.jpg","width":390,"height":260},{"@type":"WebPage","@id":"https:\/\/www.nettali.com\/2023\/07\/21\/mercato-aubameyang-debarque-a-marseille\/#webpage","url":"https:\/\/www.nettali.com\/2023\/07\/21\/mercato-aubameyang-debarque-a-marseille\/","name":"MERCATO - Aubameyang d\u00e9barque \u00e0 Marseille | Nettali.com","isPartOf":{"@id":"https:\/\/www.nettali.com\/#website"},"primaryImageOfPage":{"@id":"https:\/\/www.nettali.com\/2023\/07\/21\/mercato-aubameyang-debarque-a-marseille\/#primaryimage"},"datePublished":"2023-07-21T20:44:00+00:00","dateModified":"2023-07-21T20:44:00+00:00","author":{"@id":"https:\/\/www.nettali.com\/#\/schema\/person\/bb147657c2986240405a608162b9bb23"},"breadcrumb":{"@id":"https:\/\/www.nettali.com\/2023\/07\/21\/mercato-aubameyang-debarque-a-marseille\/#breadcrumb"},"inLanguage":"fr-FR","potentialAction":[{"@type":"ReadAction","target":["https:\/\/www.nettali.com\/2023\/07\/21\/mercato-aubameyang-debarque-a-marseille\/"]}]},{"@type":"BreadcrumbList","@id":"https:\/\/www.nettali.com\/2023\/07\/21\/mercato-aubameyang-debarque-a-marseille\/#breadcrumb","itemListElement":[{"@type":"ListItem","position":1,"name":"Accueil","item":"https:\/\/www.nettali.com\/"},{"@type":"ListItem","position":2,"name":"MERCATO - Aubameyang d\u00e9barque \u00e0 Marseille"}]},{"@type":"Person","@id":"https:\/\/www.nettali.com\/#\/schema\/person\/bb147657c2986240405a608162b9bb23","name":"Ibrahima","image":{"@type":"ImageObject","@id":"https:\/\/www.nettali.com\/#personlogo","inLanguage":"fr-FR","url":"https:\/\/secure.gravatar.com\/avatar\/26a8a81f09f0dd7624c9d5c36c9ba3a2?s=96&d=mm&r=g","contentUrl":"https:\/\/secure.gravatar.com\/avatar\/26a8a81f09f0dd7624c9d5c36c9ba3a2?s=96&d=mm&r=g","caption":"Ibrahima"},"sameAs":["https:\/\/www.nettali.com"]}]}},"_links":{"self":[{"href":"https:\/\/www.nettali.com\/rest\/wp\/v2\/posts\/114568"}],"collection":[{"href":"https:\/\/www.nettali.com\/rest\/wp\/v2\/posts"}],"about":[{"href":"https:\/\/www.nettali.com\/rest\/wp\/v2\/types\/post"}],"author":[{"embeddable":true,"href":"https:\/\/www.nettali.com\/rest\/wp\/v2\/users\/5"}],"replies":[{"embeddable":true,"href":"https:\/\/www.nettali.com\/rest\/wp\/v2\/comments?post=114568"}],"version-history":[{"count":1,"href":"https:\/\/www.nettali.com\/rest\/wp\/v2\/posts\/114568\/revisions"}],"predecessor-version":[{"id":114569,"href":"https:\/\/www.nettali.com\/rest\/wp\/v2\/posts\/114568\/revisions\/114569"}],"wp:featuredmedia":[{"embeddable":true,"href":"https:\/\/www.nettali.com\/rest\/wp\/v2\/media\/114570"}],"wp:attachment":[{"href":"https:\/\/www.nettali.com\/rest\/wp\/v2\/media?parent=114568"}],"wp:term":[{"taxonomy":"category","embeddable":true,"href":"https:\/\/www.nettali.com\/rest\/wp\/v2\/categories?post=114568"},{"taxonomy":"post_tag","embeddable":true,"href":"https:\/\/www.nettali.com\/rest\/wp\/v2\/tags?post=114568"}],"curies":[{"name":"wp","href":"https:\/\/api.w.org\/{rel}","templated":true}]}}