{"id":114564,"date":"2023-07-21T20:43:39","date_gmt":"2023-07-21T20:43:39","guid":{"rendered":"https:\/\/www.nettali.com\/?p=114564"},"modified":"2023-07-21T20:43:39","modified_gmt":"2023-07-21T20:43:39","slug":"officiel-payet-quitte-lom","status":"publish","type":"post","link":"https:\/\/www.nettali.com\/2023\/07\/21\/officiel-payet-quitte-lom\/","title":{"rendered":"OFFICIEL - Payet quitte l'OM!"},"content":{"rendered":"<p><strong>NETTALI.COM - C'est officiel, Dimitri Payet et l'Olympique de Marseille se s\u00e9parent. Lors d'une conf\u00e9rence de presse ce vendredi 21 juillet, le pr\u00e9sident de l'OM, Pablo Longoria a annonc\u00e9 que la direction a d\u00e9cid\u00e9 de ne pas continuer l'aventure avec son capitaine.<\/strong><\/p>\n<p>Coup de tonnerre sur la Canebi\u00e8re! Dimitri Payet quitte l'Olympique de Marseille! L'OM lib\u00e8re son milieu de terrain et ex-capitaine Dimitri Payet (36 ans) de sa derni\u00e8re ann\u00e9e de contrat, a annonc\u00e9 ce vendredi apr\u00e8s-midi Pablo Longoria, le pr\u00e9sident du club phoc\u00e9en. Son avenir se jouera donc loin de l'OM, o\u00f9 il aura jou\u00e9 huit saisons et demie (2013-2015 puis 2017 \u00e0 2023) pour 326 matches, 78 buts et 95 passes d\u00e9cisives, selon les statistiques donn\u00e9es par le club vendredi.<\/p>\n<p>\"<strong><em>Le club m'a propos\u00e9 d'arr\u00eater de jouer\"<\/em><\/strong><\/p>\n<p>\"<em>Nous avons d\u00e9cid\u00e9 de ne pas continuer l'aventure ensemble avec notre capitaine. \u00c7a a pris beaucoup de semaines de r\u00e9flexion, de discussion<\/em>\", a annonc\u00e9 le dirigeant espagnol en conf\u00e9rence de presse au stade V\u00e9lodrome, aux c\u00f4t\u00e9s du Num\u00e9ro 10 en pleurs, qui a expliqu\u00e9 souhaiter \"<em>continuer \u00e0 jouer<\/em>\" ailleurs.<\/p>\n<p>L'attaquant R\u00e9unionnais est apparu tr\u00e8s \u00e9mu.\u00a0\"<em>J'aimerais continuer \u00e0 jouer au foot. Je sors d'une saison difficile avec peu de temps de jeu. Je veux retrouver du plaisir tout simplement<\/em>\", a expliqu\u00e9 l'international fran\u00e7ais.<\/p>\n<p>Sur les r\u00e9seaux sociaux, la formation phoc\u00e9enne a rendu hommage \u00e0 son meneur de jeu. Attach\u00e9 \u00e0 la ville et au club, o\u00f9 il jouait sa neuvi\u00e8me saison, Payet avait sign\u00e9 sous le mandat de l'ancien pr\u00e9sident Jacques-Henri Eyraud un contrat qui le liait \u00e0 l'OM jusqu'en juin 2024 et lui assurait une reconversion au sein du club.<\/p>\n<div class='share-to-whatsapp-wrapper'><div class='share-on-whsp'>PARTAGER SUR : <\/div><a data-text='OFFICIEL - Payet quitte l'OM!' data-link='https:\/\/www.nettali.com\/2023\/07\/21\/officiel-payet-quitte-lom\/' class='whatsapp-button whatsapp-share'>WhatsApp<\/a><div class='clear '><\/div><\/div>","protected":false},"excerpt":{"rendered":"<p>NETTALI.COM - C'est officiel, Dimitri Payet et l'Olympique de Marseille se s\u00e9parent. Lors d'une conf\u00e9rence de presse ce vendredi 21 juillet, le pr\u00e9sident de l'OM, Pablo Longoria a annonc\u00e9 que la direction a d\u00e9cid\u00e9 de ne pas continuer l'aventure avec son capitaine. Coup de tonnerre sur la Canebi\u00e8re! Dimitri Payet quitte l'Olympique de Marseille! L'OM [&hellip;]<\/p>\n","protected":false},"author":5,"featured_media":114567,"comment_status":"open","ping_status":"open","sticky":false,"template":"","format":"standard","meta":{"_et_pb_use_builder":"","_et_pb_old_content":""},"categories":[6],"tags":[],"yoast_head":"<!-- This site is optimized with the Yoast SEO Premium plugin v17.8 (Yoast SEO v17.8) - https:\/\/yoast.com\/wordpress\/plugins\/seo\/ -->\n<title>OFFICIEL - Payet quitte l&#039;OM! | Nettali.com<\/title>\n<meta name=\"robots\" content=\"index, follow, max-snippet:-1, max-image-preview:large, max-video-preview:-1\" \/>\n<link rel=\"canonical\" href=\"https:\/\/www.nettali.com\/2023\/07\/21\/officiel-payet-quitte-lom\/\" \/>\n<meta property=\"og:locale\" content=\"fr_FR\" \/>\n<meta property=\"og:type\" content=\"article\" \/>\n<meta property=\"og:title\" content=\"OFFICIEL - Payet quitte l&#039;OM!\" \/>\n<meta property=\"og:description\" content=\"NETTALI.COM - C&#039;est officiel, Dimitri Payet et l&#039;Olympique de Marseille se s\u00e9parent. Lors d&#039;une conf\u00e9rence de presse ce vendredi 21 juillet, le pr\u00e9sident de l&#039;OM, Pablo Longoria a annonc\u00e9 que la direction a d\u00e9cid\u00e9 de ne pas continuer l&#039;aventure avec son capitaine. Coup de tonnerre sur la Canebi\u00e8re! Dimitri Payet quitte l&#039;Olympique de Marseille! L&#039;OM [&hellip;]\" \/>\n<meta property=\"og:url\" content=\"https:\/\/www.nettali.com\/2023\/07\/21\/officiel-payet-quitte-lom\/\" \/>\n<meta property=\"og:site_name\" content=\"Nettali.com\" \/>\n<meta property=\"article:publisher\" content=\"https:\/\/www.facebook.com\/nettalicom\" \/>\n<meta property=\"article:published_time\" content=\"2023-07-21T20:43:39+00:00\" \/>\n<meta property=\"og:image\" content=\"https:\/\/www.nettali.com\/wp-content\/uploads\/2023\/07\/Dimitri-Payet-Marseille-Olympique-de-Marseille-OM_2.jpg\" \/>\n\t<meta property=\"og:image:width\" content=\"1618\" \/>\n\t<meta property=\"og:image:height\" content=\"996\" \/>\n<meta name=\"twitter:card\" content=\"summary_large_image\" \/>\n<meta name=\"twitter:label1\" content=\"\u00c9crit par\" \/>\n\t<meta name=\"twitter:data1\" content=\"Ibrahima\" \/>\n\t<meta name=\"twitter:label2\" content=\"Dur\u00e9e de lecture estim\u00e9e\" \/>\n\t<meta name=\"twitter:data2\" content=\"2 minutes\" \/>\n<script type=\"application\/ld+json\" class=\"yoast-schema-graph\">{\"@context\":\"https:\/\/schema.org\",\"@graph\":[{\"@type\":\"WebSite\",\"@id\":\"https:\/\/www.nettali.com\/#website\",\"url\":\"https:\/\/www.nettali.com\/\",\"name\":\"Nettali.com\",\"description\":\"Le rendez-vous critique du Net\",\"potentialAction\":[{\"@type\":\"SearchAction\",\"target\":{\"@type\":\"EntryPoint\",\"urlTemplate\":\"https:\/\/www.nettali.com\/?s={search_term_string}\"},\"query-input\":\"required name=search_term_string\"}],\"inLanguage\":\"fr-FR\"},{\"@type\":\"ImageObject\",\"@id\":\"https:\/\/www.nettali.com\/2023\/07\/21\/officiel-payet-quitte-lom\/#primaryimage\",\"inLanguage\":\"fr-FR\",\"url\":\"https:\/\/www.nettali.com\/wp-content\/uploads\/2023\/07\/Dimitri-Payet-Marseille-Olympique-de-Marseille-OM_2.jpg\",\"contentUrl\":\"https:\/\/www.nettali.com\/wp-content\/uploads\/2023\/07\/Dimitri-Payet-Marseille-Olympique-de-Marseille-OM_2.jpg\",\"width\":1618,\"height\":996},{\"@type\":\"WebPage\",\"@id\":\"https:\/\/www.nettali.com\/2023\/07\/21\/officiel-payet-quitte-lom\/#webpage\",\"url\":\"https:\/\/www.nettali.com\/2023\/07\/21\/officiel-payet-quitte-lom\/\",\"name\":\"OFFICIEL - Payet quitte l'OM! | Nettali.com\",\"isPartOf\":{\"@id\":\"https:\/\/www.nettali.com\/#website\"},\"primaryImageOfPage\":{\"@id\":\"https:\/\/www.nettali.com\/2023\/07\/21\/officiel-payet-quitte-lom\/#primaryimage\"},\"datePublished\":\"2023-07-21T20:43:39+00:00\",\"dateModified\":\"2023-07-21T20:43:39+00:00\",\"author\":{\"@id\":\"https:\/\/www.nettali.com\/#\/schema\/person\/bb147657c2986240405a608162b9bb23\"},\"breadcrumb\":{\"@id\":\"https:\/\/www.nettali.com\/2023\/07\/21\/officiel-payet-quitte-lom\/#breadcrumb\"},\"inLanguage\":\"fr-FR\",\"potentialAction\":[{\"@type\":\"ReadAction\",\"target\":[\"https:\/\/www.nettali.com\/2023\/07\/21\/officiel-payet-quitte-lom\/\"]}]},{\"@type\":\"BreadcrumbList\",\"@id\":\"https:\/\/www.nettali.com\/2023\/07\/21\/officiel-payet-quitte-lom\/#breadcrumb\",\"itemListElement\":[{\"@type\":\"ListItem\",\"position\":1,\"name\":\"Accueil\",\"item\":\"https:\/\/www.nettali.com\/\"},{\"@type\":\"ListItem\",\"position\":2,\"name\":\"OFFICIEL - Payet quitte l'OM!\"}]},{\"@type\":\"Person\",\"@id\":\"https:\/\/www.nettali.com\/#\/schema\/person\/bb147657c2986240405a608162b9bb23\",\"name\":\"Ibrahima\",\"image\":{\"@type\":\"ImageObject\",\"@id\":\"https:\/\/www.nettali.com\/#personlogo\",\"inLanguage\":\"fr-FR\",\"url\":\"https:\/\/secure.gravatar.com\/avatar\/26a8a81f09f0dd7624c9d5c36c9ba3a2?s=96&d=mm&r=g\",\"contentUrl\":\"https:\/\/secure.gravatar.com\/avatar\/26a8a81f09f0dd7624c9d5c36c9ba3a2?s=96&d=mm&r=g\",\"caption\":\"Ibrahima\"},\"sameAs\":[\"https:\/\/www.nettali.com\"]}]}<\/script>\n<!-- \/ Yoast SEO Premium plugin. -->","yoast_head_json":{"title":"OFFICIEL - Payet quitte l'OM! | Nettali.com","robots":{"index":"index","follow":"follow","max-snippet":"max-snippet:-1","max-image-preview":"max-image-preview:large","max-video-preview":"max-video-preview:-1"},"canonical":"https:\/\/www.nettali.com\/2023\/07\/21\/officiel-payet-quitte-lom\/","og_locale":"fr_FR","og_type":"article","og_title":"OFFICIEL - Payet quitte l'OM!","og_description":"NETTALI.COM - C'est officiel, Dimitri Payet et l'Olympique de Marseille se s\u00e9parent. Lors d'une conf\u00e9rence de presse ce vendredi 21 juillet, le pr\u00e9sident de l'OM, Pablo Longoria a annonc\u00e9 que la direction a d\u00e9cid\u00e9 de ne pas continuer l'aventure avec son capitaine. Coup de tonnerre sur la Canebi\u00e8re! Dimitri Payet quitte l'Olympique de Marseille! L'OM [&hellip;]","og_url":"https:\/\/www.nettali.com\/2023\/07\/21\/officiel-payet-quitte-lom\/","og_site_name":"Nettali.com","article_publisher":"https:\/\/www.facebook.com\/nettalicom","article_published_time":"2023-07-21T20:43:39+00:00","og_image":[{"width":1618,"height":996,"url":"https:\/\/www.nettali.com\/wp-content\/uploads\/2023\/07\/Dimitri-Payet-Marseille-Olympique-de-Marseille-OM_2.jpg","type":"image\/jpeg"}],"twitter_card":"summary_large_image","twitter_misc":{"\u00c9crit par":"Ibrahima","Dur\u00e9e de lecture estim\u00e9e":"2 minutes"},"schema":{"@context":"https:\/\/schema.org","@graph":[{"@type":"WebSite","@id":"https:\/\/www.nettali.com\/#website","url":"https:\/\/www.nettali.com\/","name":"Nettali.com","description":"Le rendez-vous critique du Net","potentialAction":[{"@type":"SearchAction","target":{"@type":"EntryPoint","urlTemplate":"https:\/\/www.nettali.com\/?s={search_term_string}"},"query-input":"required name=search_term_string"}],"inLanguage":"fr-FR"},{"@type":"ImageObject","@id":"https:\/\/www.nettali.com\/2023\/07\/21\/officiel-payet-quitte-lom\/#primaryimage","inLanguage":"fr-FR","url":"https:\/\/www.nettali.com\/wp-content\/uploads\/2023\/07\/Dimitri-Payet-Marseille-Olympique-de-Marseille-OM_2.jpg","contentUrl":"https:\/\/www.nettali.com\/wp-content\/uploads\/2023\/07\/Dimitri-Payet-Marseille-Olympique-de-Marseille-OM_2.jpg","width":1618,"height":996},{"@type":"WebPage","@id":"https:\/\/www.nettali.com\/2023\/07\/21\/officiel-payet-quitte-lom\/#webpage","url":"https:\/\/www.nettali.com\/2023\/07\/21\/officiel-payet-quitte-lom\/","name":"OFFICIEL - Payet quitte l'OM! | Nettali.com","isPartOf":{"@id":"https:\/\/www.nettali.com\/#website"},"primaryImageOfPage":{"@id":"https:\/\/www.nettali.com\/2023\/07\/21\/officiel-payet-quitte-lom\/#primaryimage"},"datePublished":"2023-07-21T20:43:39+00:00","dateModified":"2023-07-21T20:43:39+00:00","author":{"@id":"https:\/\/www.nettali.com\/#\/schema\/person\/bb147657c2986240405a608162b9bb23"},"breadcrumb":{"@id":"https:\/\/www.nettali.com\/2023\/07\/21\/officiel-payet-quitte-lom\/#breadcrumb"},"inLanguage":"fr-FR","potentialAction":[{"@type":"ReadAction","target":["https:\/\/www.nettali.com\/2023\/07\/21\/officiel-payet-quitte-lom\/"]}]},{"@type":"BreadcrumbList","@id":"https:\/\/www.nettali.com\/2023\/07\/21\/officiel-payet-quitte-lom\/#breadcrumb","itemListElement":[{"@type":"ListItem","position":1,"name":"Accueil","item":"https:\/\/www.nettali.com\/"},{"@type":"ListItem","position":2,"name":"OFFICIEL - Payet quitte l'OM!"}]},{"@type":"Person","@id":"https:\/\/www.nettali.com\/#\/schema\/person\/bb147657c2986240405a608162b9bb23","name":"Ibrahima","image":{"@type":"ImageObject","@id":"https:\/\/www.nettali.com\/#personlogo","inLanguage":"fr-FR","url":"https:\/\/secure.gravatar.com\/avatar\/26a8a81f09f0dd7624c9d5c36c9ba3a2?s=96&d=mm&r=g","contentUrl":"https:\/\/secure.gravatar.com\/avatar\/26a8a81f09f0dd7624c9d5c36c9ba3a2?s=96&d=mm&r=g","caption":"Ibrahima"},"sameAs":["https:\/\/www.nettali.com"]}]}},"_links":{"self":[{"href":"https:\/\/www.nettali.com\/rest\/wp\/v2\/posts\/114564"}],"collection":[{"href":"https:\/\/www.nettali.com\/rest\/wp\/v2\/posts"}],"about":[{"href":"https:\/\/www.nettali.com\/rest\/wp\/v2\/types\/post"}],"author":[{"embeddable":true,"href":"https:\/\/www.nettali.com\/rest\/wp\/v2\/users\/5"}],"replies":[{"embeddable":true,"href":"https:\/\/www.nettali.com\/rest\/wp\/v2\/comments?post=114564"}],"version-history":[{"count":1,"href":"https:\/\/www.nettali.com\/rest\/wp\/v2\/posts\/114564\/revisions"}],"predecessor-version":[{"id":114566,"href":"https:\/\/www.nettali.com\/rest\/wp\/v2\/posts\/114564\/revisions\/114566"}],"wp:featuredmedia":[{"embeddable":true,"href":"https:\/\/www.nettali.com\/rest\/wp\/v2\/media\/114567"}],"wp:attachment":[{"href":"https:\/\/www.nettali.com\/rest\/wp\/v2\/media?parent=114564"}],"wp:term":[{"taxonomy":"category","embeddable":true,"href":"https:\/\/www.nettali.com\/rest\/wp\/v2\/categories?post=114564"},{"taxonomy":"post_tag","embeddable":true,"href":"https:\/\/www.nettali.com\/rest\/wp\/v2\/tags?post=114564"}],"curies":[{"name":"wp","href":"https:\/\/api.w.org\/{rel}","templated":true}]}}