{"id":114526,"date":"2023-07-21T10:39:03","date_gmt":"2023-07-21T10:39:03","guid":{"rendered":"https:\/\/www.nettali.com\/?p=114526"},"modified":"2023-07-21T10:39:03","modified_gmt":"2023-07-21T10:39:03","slug":"ismaila-madior-fall-les-affaires-pendantes-devant-la-crei-seront-transferees","status":"publish","type":"post","link":"https:\/\/www.nettali.com\/2023\/07\/21\/ismaila-madior-fall-les-affaires-pendantes-devant-la-crei-seront-transferees\/","title":{"rendered":"ISMAILA MADIOR FALL - \"Les affaires pendantes devant la Crei seront transf\u00e9r\u00e9es\""},"content":{"rendered":"<p><strong>NETTALI.COM - Les affaires pendantes devant la Cour de r\u00e9pression de l\u2019enrichissement illicite (CREI) sont transf\u00e9r\u00e9es au pool financier et judiciaire,\u00a0 <em>\"un nouveau dispositif am\u00e9lior\u00e9, modernis\u00e9 de lutte conte la criminalit\u00e9 \u00e9conomique et financi\u00e8re\u2019\u2019<\/em>, a indiqu\u00e9 le ministre Isma\u00efla Madior Fall, soulignant qu\u2019 <em>\"il n\u2019y a pas d\u2019abandon des poursuites \u00bb<\/em>.<\/strong><\/p>\n<p><em>\"Il ne faut pas comprendre que l\u2019instauration de ces nouveaux dispositifs tel que le pool financier et judicaire signifie la fin de la reddition des comptes au S\u00e9n\u00e9gal ou une volont\u00e9 de se soustraire de poursuites. Les affaires pendantes devant la CREI sont transf\u00e9r\u00e9es au niveau de ce pool\u2019\u2019<\/em>, a-t-il fait savoir.<\/p>\n<p>Le ministre s\u2019exprimait, jeudi, devant les d\u00e9put\u00e9s lors du vote du projet de modification du code de proc\u00e9dure p\u00e9nale instaurant le pool <em>\"financier et judiciaire, un nouveau dispositif am\u00e9lior\u00e9, modernis\u00e9 de lutte conte la criminalit\u00e9 \u00e9conomique et financi\u00e8re\"<\/em> dont l\u2019une des cons\u00e9quences directes est la suppression de la CREI.<\/p>\n<p>Le texte a \u00e9t\u00e9 adopt\u00e9 par une majorit\u00e9 de cent-vingt-trois (123) d\u00e9put\u00e9s. Il y a eu trente-six (36) abstentions.<\/p>\n<p>Selon le ministre,\u00a0 <em>\"il y a une volont\u00e9 politique consistant \u00e0 renforcer les moyens de lutte contre la d\u00e9linquance \u00e9conomique\u2019\u2019. \"Le gouvernement s\u2019est juste rendu compte que le dispositif CREI n\u2019est pas efficace pour lutter contre la d\u00e9linquance \u00e9conomique et financi\u00e8re\u2019\u2019<\/em>, a-t-il soutenu.<\/p>\n<p>C\u2019est pourquoi, a t-il soulign\u00e9,\u00a0 <em>\"beaucoup de param\u00e8tres sont aujourd\u2019hui pris en compte \u00bb<\/em>. <em>\"Aujourd\u2019hui, il y la sp\u00e9cialisation et la dotation en capacit\u00e9 des magistrats qui sont charg\u00e9s de r\u00e9primer ces crimes de d\u00e9linquance \u00e9conomique et financi\u00e8re\u2019\u2019<\/em>, a indiqu\u00e9 le ministre. Il a estim\u00e9 que \u2018\u2019malgr\u00e9 leur volontarisme et leur professionnalisme, les magistrats de la CREI ne sont pas des sp\u00e9cialistes\u2019\u2019.<\/p>\n<div class='share-to-whatsapp-wrapper'><div class='share-on-whsp'>PARTAGER SUR : <\/div><a data-text='ISMAILA MADIOR FALL - \"Les affaires pendantes devant la Crei seront transf\u00e9r\u00e9es\"' data-link='https:\/\/www.nettali.com\/2023\/07\/21\/ismaila-madior-fall-les-affaires-pendantes-devant-la-crei-seront-transferees\/' class='whatsapp-button whatsapp-share'>WhatsApp<\/a><div class='clear '><\/div><\/div>","protected":false},"excerpt":{"rendered":"<p>NETTALI.COM - Les affaires pendantes devant la Cour de r\u00e9pression de l\u2019enrichissement illicite (CREI) sont transf\u00e9r\u00e9es au pool financier et judiciaire,\u00a0 \"un nouveau dispositif am\u00e9lior\u00e9, modernis\u00e9 de lutte conte la criminalit\u00e9 \u00e9conomique et financi\u00e8re\u2019\u2019, a indiqu\u00e9 le ministre Isma\u00efla Madior Fall, soulignant qu\u2019 \"il n\u2019y a pas d\u2019abandon des poursuites \u00bb. \"Il ne faut pas [&hellip;]<\/p>\n","protected":false},"author":4,"featured_media":114527,"comment_status":"open","ping_status":"open","sticky":false,"template":"","format":"standard","meta":{"_et_pb_use_builder":"","_et_pb_old_content":""},"categories":[3],"tags":[],"yoast_head":"<!-- This site is optimized with the Yoast SEO Premium plugin v17.8 (Yoast SEO v17.8) - https:\/\/yoast.com\/wordpress\/plugins\/seo\/ -->\n<title>ISMAILA MADIOR FALL - &quot;Les affaires pendantes devant la Crei seront transf\u00e9r\u00e9es&quot; | Nettali.com<\/title>\n<meta name=\"robots\" content=\"index, follow, max-snippet:-1, max-image-preview:large, max-video-preview:-1\" \/>\n<link rel=\"canonical\" href=\"https:\/\/www.nettali.com\/2023\/07\/21\/ismaila-madior-fall-les-affaires-pendantes-devant-la-crei-seront-transferees\/\" \/>\n<meta property=\"og:locale\" content=\"fr_FR\" \/>\n<meta property=\"og:type\" content=\"article\" \/>\n<meta property=\"og:title\" content=\"ISMAILA MADIOR FALL - &quot;Les affaires pendantes devant la Crei seront transf\u00e9r\u00e9es&quot;\" \/>\n<meta property=\"og:description\" content=\"NETTALI.COM - Les affaires pendantes devant la Cour de r\u00e9pression de l\u2019enrichissement illicite (CREI) sont transf\u00e9r\u00e9es au pool financier et judiciaire,\u00a0 &quot;un nouveau dispositif am\u00e9lior\u00e9, modernis\u00e9 de lutte conte la criminalit\u00e9 \u00e9conomique et financi\u00e8re\u2019\u2019, a indiqu\u00e9 le ministre Isma\u00efla Madior Fall, soulignant qu\u2019 &quot;il n\u2019y a pas d\u2019abandon des poursuites \u00bb. &quot;Il ne faut pas [&hellip;]\" \/>\n<meta property=\"og:url\" content=\"https:\/\/www.nettali.com\/2023\/07\/21\/ismaila-madior-fall-les-affaires-pendantes-devant-la-crei-seront-transferees\/\" \/>\n<meta property=\"og:site_name\" content=\"Nettali.com\" \/>\n<meta property=\"article:publisher\" content=\"https:\/\/www.facebook.com\/nettalicom\" \/>\n<meta property=\"article:published_time\" content=\"2023-07-21T10:39:03+00:00\" \/>\n<meta property=\"og:image\" content=\"https:\/\/www.nettali.com\/wp-content\/uploads\/2023\/07\/Capture-de\u0301cran-2023-07-21-a\u0300-10.37.08.png\" \/>\n\t<meta property=\"og:image:width\" content=\"700\" \/>\n\t<meta property=\"og:image:height\" content=\"444\" \/>\n<meta name=\"twitter:card\" content=\"summary_large_image\" \/>\n<meta name=\"twitter:label1\" content=\"\u00c9crit par\" \/>\n\t<meta name=\"twitter:data1\" content=\"Daouda\" \/>\n\t<meta name=\"twitter:label2\" content=\"Dur\u00e9e de lecture estim\u00e9e\" \/>\n\t<meta name=\"twitter:data2\" content=\"2 minutes\" \/>\n<script type=\"application\/ld+json\" class=\"yoast-schema-graph\">{\"@context\":\"https:\/\/schema.org\",\"@graph\":[{\"@type\":\"WebSite\",\"@id\":\"https:\/\/www.nettali.com\/#website\",\"url\":\"https:\/\/www.nettali.com\/\",\"name\":\"Nettali.com\",\"description\":\"Le rendez-vous critique du Net\",\"potentialAction\":[{\"@type\":\"SearchAction\",\"target\":{\"@type\":\"EntryPoint\",\"urlTemplate\":\"https:\/\/www.nettali.com\/?s={search_term_string}\"},\"query-input\":\"required name=search_term_string\"}],\"inLanguage\":\"fr-FR\"},{\"@type\":\"ImageObject\",\"@id\":\"https:\/\/www.nettali.com\/2023\/07\/21\/ismaila-madior-fall-les-affaires-pendantes-devant-la-crei-seront-transferees\/#primaryimage\",\"inLanguage\":\"fr-FR\",\"url\":\"https:\/\/www.nettali.com\/wp-content\/uploads\/2023\/07\/Capture-de\\u0301cran-2023-07-21-a\\u0300-10.37.08.png\",\"contentUrl\":\"https:\/\/www.nettali.com\/wp-content\/uploads\/2023\/07\/Capture-de\\u0301cran-2023-07-21-a\\u0300-10.37.08.png\",\"width\":700,\"height\":444},{\"@type\":\"WebPage\",\"@id\":\"https:\/\/www.nettali.com\/2023\/07\/21\/ismaila-madior-fall-les-affaires-pendantes-devant-la-crei-seront-transferees\/#webpage\",\"url\":\"https:\/\/www.nettali.com\/2023\/07\/21\/ismaila-madior-fall-les-affaires-pendantes-devant-la-crei-seront-transferees\/\",\"name\":\"ISMAILA MADIOR FALL - \\\"Les affaires pendantes devant la Crei seront transf\\u00e9r\\u00e9es\\\" | Nettali.com\",\"isPartOf\":{\"@id\":\"https:\/\/www.nettali.com\/#website\"},\"primaryImageOfPage\":{\"@id\":\"https:\/\/www.nettali.com\/2023\/07\/21\/ismaila-madior-fall-les-affaires-pendantes-devant-la-crei-seront-transferees\/#primaryimage\"},\"datePublished\":\"2023-07-21T10:39:03+00:00\",\"dateModified\":\"2023-07-21T10:39:03+00:00\",\"author\":{\"@id\":\"https:\/\/www.nettali.com\/#\/schema\/person\/3317e0bb3aa1da309fbf7b2780901bf4\"},\"breadcrumb\":{\"@id\":\"https:\/\/www.nettali.com\/2023\/07\/21\/ismaila-madior-fall-les-affaires-pendantes-devant-la-crei-seront-transferees\/#breadcrumb\"},\"inLanguage\":\"fr-FR\",\"potentialAction\":[{\"@type\":\"ReadAction\",\"target\":[\"https:\/\/www.nettali.com\/2023\/07\/21\/ismaila-madior-fall-les-affaires-pendantes-devant-la-crei-seront-transferees\/\"]}]},{\"@type\":\"BreadcrumbList\",\"@id\":\"https:\/\/www.nettali.com\/2023\/07\/21\/ismaila-madior-fall-les-affaires-pendantes-devant-la-crei-seront-transferees\/#breadcrumb\",\"itemListElement\":[{\"@type\":\"ListItem\",\"position\":1,\"name\":\"Accueil\",\"item\":\"https:\/\/www.nettali.com\/\"},{\"@type\":\"ListItem\",\"position\":2,\"name\":\"ISMAILA MADIOR FALL - \\\"Les affaires pendantes devant la Crei seront transf\\u00e9r\\u00e9es\\\"\"}]},{\"@type\":\"Person\",\"@id\":\"https:\/\/www.nettali.com\/#\/schema\/person\/3317e0bb3aa1da309fbf7b2780901bf4\",\"name\":\"Daouda\",\"image\":{\"@type\":\"ImageObject\",\"@id\":\"https:\/\/www.nettali.com\/#personlogo\",\"inLanguage\":\"fr-FR\",\"url\":\"https:\/\/secure.gravatar.com\/avatar\/8d143b5a49345098ddcfee1c49c2f47c?s=96&d=mm&r=g\",\"contentUrl\":\"https:\/\/secure.gravatar.com\/avatar\/8d143b5a49345098ddcfee1c49c2f47c?s=96&d=mm&r=g\",\"caption\":\"Daouda\"},\"sameAs\":[\"https:\/\/www.nettali.com\"]}]}<\/script>\n<!-- \/ Yoast SEO Premium plugin. -->","yoast_head_json":{"title":"ISMAILA MADIOR FALL - \"Les affaires pendantes devant la Crei seront transf\u00e9r\u00e9es\" | Nettali.com","robots":{"index":"index","follow":"follow","max-snippet":"max-snippet:-1","max-image-preview":"max-image-preview:large","max-video-preview":"max-video-preview:-1"},"canonical":"https:\/\/www.nettali.com\/2023\/07\/21\/ismaila-madior-fall-les-affaires-pendantes-devant-la-crei-seront-transferees\/","og_locale":"fr_FR","og_type":"article","og_title":"ISMAILA MADIOR FALL - \"Les affaires pendantes devant la Crei seront transf\u00e9r\u00e9es\"","og_description":"NETTALI.COM - Les affaires pendantes devant la Cour de r\u00e9pression de l\u2019enrichissement illicite (CREI) sont transf\u00e9r\u00e9es au pool financier et judiciaire,\u00a0 \"un nouveau dispositif am\u00e9lior\u00e9, modernis\u00e9 de lutte conte la criminalit\u00e9 \u00e9conomique et financi\u00e8re\u2019\u2019, a indiqu\u00e9 le ministre Isma\u00efla Madior Fall, soulignant qu\u2019 \"il n\u2019y a pas d\u2019abandon des poursuites \u00bb. \"Il ne faut pas [&hellip;]","og_url":"https:\/\/www.nettali.com\/2023\/07\/21\/ismaila-madior-fall-les-affaires-pendantes-devant-la-crei-seront-transferees\/","og_site_name":"Nettali.com","article_publisher":"https:\/\/www.facebook.com\/nettalicom","article_published_time":"2023-07-21T10:39:03+00:00","og_image":[{"width":700,"height":444,"url":"https:\/\/www.nettali.com\/wp-content\/uploads\/2023\/07\/Capture-de\u0301cran-2023-07-21-a\u0300-10.37.08.png","type":"image\/png"}],"twitter_card":"summary_large_image","twitter_misc":{"\u00c9crit par":"Daouda","Dur\u00e9e de lecture estim\u00e9e":"2 minutes"},"schema":{"@context":"https:\/\/schema.org","@graph":[{"@type":"WebSite","@id":"https:\/\/www.nettali.com\/#website","url":"https:\/\/www.nettali.com\/","name":"Nettali.com","description":"Le rendez-vous critique du Net","potentialAction":[{"@type":"SearchAction","target":{"@type":"EntryPoint","urlTemplate":"https:\/\/www.nettali.com\/?s={search_term_string}"},"query-input":"required name=search_term_string"}],"inLanguage":"fr-FR"},{"@type":"ImageObject","@id":"https:\/\/www.nettali.com\/2023\/07\/21\/ismaila-madior-fall-les-affaires-pendantes-devant-la-crei-seront-transferees\/#primaryimage","inLanguage":"fr-FR","url":"https:\/\/www.nettali.com\/wp-content\/uploads\/2023\/07\/Capture-de\u0301cran-2023-07-21-a\u0300-10.37.08.png","contentUrl":"https:\/\/www.nettali.com\/wp-content\/uploads\/2023\/07\/Capture-de\u0301cran-2023-07-21-a\u0300-10.37.08.png","width":700,"height":444},{"@type":"WebPage","@id":"https:\/\/www.nettali.com\/2023\/07\/21\/ismaila-madior-fall-les-affaires-pendantes-devant-la-crei-seront-transferees\/#webpage","url":"https:\/\/www.nettali.com\/2023\/07\/21\/ismaila-madior-fall-les-affaires-pendantes-devant-la-crei-seront-transferees\/","name":"ISMAILA MADIOR FALL - \"Les affaires pendantes devant la Crei seront transf\u00e9r\u00e9es\" | Nettali.com","isPartOf":{"@id":"https:\/\/www.nettali.com\/#website"},"primaryImageOfPage":{"@id":"https:\/\/www.nettali.com\/2023\/07\/21\/ismaila-madior-fall-les-affaires-pendantes-devant-la-crei-seront-transferees\/#primaryimage"},"datePublished":"2023-07-21T10:39:03+00:00","dateModified":"2023-07-21T10:39:03+00:00","author":{"@id":"https:\/\/www.nettali.com\/#\/schema\/person\/3317e0bb3aa1da309fbf7b2780901bf4"},"breadcrumb":{"@id":"https:\/\/www.nettali.com\/2023\/07\/21\/ismaila-madior-fall-les-affaires-pendantes-devant-la-crei-seront-transferees\/#breadcrumb"},"inLanguage":"fr-FR","potentialAction":[{"@type":"ReadAction","target":["https:\/\/www.nettali.com\/2023\/07\/21\/ismaila-madior-fall-les-affaires-pendantes-devant-la-crei-seront-transferees\/"]}]},{"@type":"BreadcrumbList","@id":"https:\/\/www.nettali.com\/2023\/07\/21\/ismaila-madior-fall-les-affaires-pendantes-devant-la-crei-seront-transferees\/#breadcrumb","itemListElement":[{"@type":"ListItem","position":1,"name":"Accueil","item":"https:\/\/www.nettali.com\/"},{"@type":"ListItem","position":2,"name":"ISMAILA MADIOR FALL - \"Les affaires pendantes devant la Crei seront transf\u00e9r\u00e9es\""}]},{"@type":"Person","@id":"https:\/\/www.nettali.com\/#\/schema\/person\/3317e0bb3aa1da309fbf7b2780901bf4","name":"Daouda","image":{"@type":"ImageObject","@id":"https:\/\/www.nettali.com\/#personlogo","inLanguage":"fr-FR","url":"https:\/\/secure.gravatar.com\/avatar\/8d143b5a49345098ddcfee1c49c2f47c?s=96&d=mm&r=g","contentUrl":"https:\/\/secure.gravatar.com\/avatar\/8d143b5a49345098ddcfee1c49c2f47c?s=96&d=mm&r=g","caption":"Daouda"},"sameAs":["https:\/\/www.nettali.com"]}]}},"_links":{"self":[{"href":"https:\/\/www.nettali.com\/rest\/wp\/v2\/posts\/114526"}],"collection":[{"href":"https:\/\/www.nettali.com\/rest\/wp\/v2\/posts"}],"about":[{"href":"https:\/\/www.nettali.com\/rest\/wp\/v2\/types\/post"}],"author":[{"embeddable":true,"href":"https:\/\/www.nettali.com\/rest\/wp\/v2\/users\/4"}],"replies":[{"embeddable":true,"href":"https:\/\/www.nettali.com\/rest\/wp\/v2\/comments?post=114526"}],"version-history":[{"count":1,"href":"https:\/\/www.nettali.com\/rest\/wp\/v2\/posts\/114526\/revisions"}],"predecessor-version":[{"id":114528,"href":"https:\/\/www.nettali.com\/rest\/wp\/v2\/posts\/114526\/revisions\/114528"}],"wp:featuredmedia":[{"embeddable":true,"href":"https:\/\/www.nettali.com\/rest\/wp\/v2\/media\/114527"}],"wp:attachment":[{"href":"https:\/\/www.nettali.com\/rest\/wp\/v2\/media?parent=114526"}],"wp:term":[{"taxonomy":"category","embeddable":true,"href":"https:\/\/www.nettali.com\/rest\/wp\/v2\/categories?post=114526"},{"taxonomy":"post_tag","embeddable":true,"href":"https:\/\/www.nettali.com\/rest\/wp\/v2\/tags?post=114526"}],"curies":[{"name":"wp","href":"https:\/\/api.w.org\/{rel}","templated":true}]}}