{"id":114502,"date":"2023-07-21T09:21:27","date_gmt":"2023-07-21T09:21:27","guid":{"rendered":"https:\/\/www.nettali.com\/?p=114502"},"modified":"2023-07-21T09:21:27","modified_gmt":"2023-07-21T09:21:27","slug":"en-coulisses-ceux-qui-sont-en-prison-sont-des-gens-arre%cc%82tes-sur-le-thea%cc%82tre-des-operations","status":"publish","type":"post","link":"https:\/\/www.nettali.com\/2023\/07\/21\/en-coulisses-ceux-qui-sont-en-prison-sont-des-gens-arre%cc%82tes-sur-le-thea%cc%82tre-des-operations\/","title":{"rendered":"EN COULISSES - \"Ceux qui sont en prison, sont des gens arre\u0302te\u0301s sur le the\u0301a\u0302tre des ope\u0301rations...\""},"content":{"rendered":"<div class=\"page\" title=\"Page 2\">\n<div class=\"section\">\n<div class=\"layoutArea\">\n<div class=\"column\">\n<p><strong>NETTALI.COM -<\/strong> Restons sur l'intervention d'Isma\u00ebla Madior Fall, le ministre de la justice \u00e0 l'Assembl\u00e9e nationale sur la lib\u00e9ration de Birame Soul\u00e8ye Diop, c'est pour dire qu'il a aussi soutenu qu'il n'y a pas une volonte\u0301 du pouvoir de traquer des opposants, de mettre les gens en prison.<\/p>\n<p>\"Ce n'est pas c\u0327a qui inte\u0301resse le pre\u0301sident\u201d, a-t-il dit. Soutenant que, dans un pays, l'E\u0301tat doit assurer sa mission re\u0301galienne. \"<em>Quand il y a des gens qui se le\u0300vent pour casser, troubler l'ordre public, il faut que l'E\u0301tat soit debout. Sinon, il ne respecterait pas sa mission re\u0301galienne. Quand il y a des se\u0301ne\u0301galais qui veulent organiser de manifestations, faire des caravanes qui se\u0300ment la mort, il faut que l'E\u0301tat soit debout. Il faut que l'E\u0301tat prote\u0300ge les populations et les biens et services. C'est juste c\u0327a<\/em>\u201d, s'est de\u0301fendu le constitutionnaliste.<\/p>\n<\/div>\n<div class=\"column\">\n<p>Le ministre estime d'ailleurs que les gens qui sont en prison ne sont pas des innocents. \"I<em>l n'y a aucun innocent en prison. Ou alors c'est par erreur. Ceux qui sont en prison sont des gens qui ont e\u0301te\u0301 arre\u0302te\u0301s sur le the\u0301a\u0302tre des ope\u0301rations, en train de prendre part a\u0300 des manifestations interdites, de piller, de casser, de bru\u0302ler des maisons de gens. Et l'E\u0301tat est pre\u0302t a\u0300 faire face a\u0300 ses responsabilite\u0301s. Mais, il n'est pas question d'arre\u0302ter des Se\u0301ne\u0301- galais, de\u0301pute\u0301s ou pas<\/em>\u201d, a-t-il affirme\u0301. Ce qui le de\u0301pute\u0301 Thierno Alassane Sall a fortement re\u0301fute\u0301, de\u0301nonc\u0327ant des arrestations abu- sives. Ce dernier sera, a\u0300 son tour, hue\u0301 par les de\u0301pute\u0301s de la majorite\u0301.<\/p>\n<p>Par ailleurs, r\u00e9pondant \u00e0 Guy Marius Sagna qui s'interrogeait sur la ne\u0301cessite\u0301 de convoquer les de\u0301pute\u0301s pour un projet de loi, alors qu'il y a d'autres choses qui seraient beaucoup plus urgentes dans le pays., celui-ci de r\u00e9torquer : \"<em>l'urgence, c'est juste une proce\u0301dure acce\u0301le\u0301re\u0301e. Le dialogue national a livre\u0301 ses conclusions. Il faut transformer ses conclusions en loi. Il faut que la repre\u0301sentation nationale se re\u0301unisse. D'ou\u0300 la ne\u0301cessite\u0301 de la convo- cation de la session extraordinaire. Mais le temps est limite\u0301 ; il faut donc aller de fac\u0327on acce\u0301le\u0301re\u0301e. C'est cette proce\u0301dure acce\u0301le\u0301re\u0301e qu'on appelle l'urgence. Les de\u0301lais sont re\u0301duits. C'est tout. Donc, ce n'est pas parce qu'il y a urgence dans le pays<\/em>\", a re\u0301torque\u0301 le ministre.<\/p>\n<\/div>\n<\/div>\n<\/div>\n<\/div>\n<div class='share-to-whatsapp-wrapper'><div class='share-on-whsp'>PARTAGER SUR : <\/div><a data-text='EN COULISSES - \"Ceux qui sont en prison, sont des gens arre\u0302te\u0301s sur le the\u0301a\u0302tre des ope\u0301rations...\"' data-link='https:\/\/www.nettali.com\/2023\/07\/21\/en-coulisses-ceux-qui-sont-en-prison-sont-des-gens-arre%cc%82tes-sur-le-thea%cc%82tre-des-operations\/' class='whatsapp-button whatsapp-share'>WhatsApp<\/a><div class='clear '><\/div><\/div>","protected":false},"excerpt":{"rendered":"<p>NETTALI.COM - Restons sur l'intervention d'Isma\u00ebla Madior Fall, le ministre de la justice \u00e0 l'Assembl\u00e9e nationale sur la lib\u00e9ration de Birame Soul\u00e8ye Diop, c'est pour dire qu'il a aussi soutenu qu'il n'y a pas une volonte\u0301 du pouvoir de traquer des opposants, de mettre les gens en prison. \"Ce n'est pas c\u0327a qui inte\u0301resse le [&hellip;]<\/p>\n","protected":false},"author":2,"featured_media":114513,"comment_status":"open","ping_status":"open","sticky":false,"template":"","format":"standard","meta":{"_et_pb_use_builder":"","_et_pb_old_content":""},"categories":[34945],"tags":[],"yoast_head":"<!-- This site is optimized with the Yoast SEO Premium plugin v17.8 (Yoast SEO v17.8) - https:\/\/yoast.com\/wordpress\/plugins\/seo\/ -->\n<title>EN COULISSES - &quot;Ceux qui sont en prison, sont des gens arre\u0302te\u0301s sur le the\u0301a\u0302tre des ope\u0301rations...&quot; | Nettali.com<\/title>\n<meta name=\"robots\" content=\"index, follow, max-snippet:-1, max-image-preview:large, max-video-preview:-1\" \/>\n<link rel=\"canonical\" href=\"https:\/\/www.nettali.com\/2023\/07\/21\/en-coulisses-ceux-qui-sont-en-prison-sont-des-gens-arre\u0302tes-sur-le-thea\u0302tre-des-operations\/\" \/>\n<meta property=\"og:locale\" content=\"fr_FR\" \/>\n<meta property=\"og:type\" content=\"article\" \/>\n<meta property=\"og:title\" content=\"EN COULISSES - &quot;Ceux qui sont en prison, sont des gens arre\u0302te\u0301s sur le the\u0301a\u0302tre des ope\u0301rations...&quot;\" \/>\n<meta property=\"og:description\" content=\"NETTALI.COM - Restons sur l&#039;intervention d&#039;Isma\u00ebla Madior Fall, le ministre de la justice \u00e0 l&#039;Assembl\u00e9e nationale sur la lib\u00e9ration de Birame Soul\u00e8ye Diop, c&#039;est pour dire qu&#039;il a aussi soutenu qu&#039;il n&#039;y a pas une volonte\u0301 du pouvoir de traquer des opposants, de mettre les gens en prison. &quot;Ce n&#039;est pas c\u0327a qui inte\u0301resse le [&hellip;]\" \/>\n<meta property=\"og:url\" content=\"https:\/\/www.nettali.com\/2023\/07\/21\/en-coulisses-ceux-qui-sont-en-prison-sont-des-gens-arre\u0302tes-sur-le-thea\u0302tre-des-operations\/\" \/>\n<meta property=\"og:site_name\" content=\"Nettali.com\" \/>\n<meta property=\"article:publisher\" content=\"https:\/\/www.facebook.com\/nettalicom\" \/>\n<meta property=\"article:published_time\" content=\"2023-07-21T09:21:27+00:00\" \/>\n<meta property=\"og:image\" content=\"https:\/\/www.nettali.com\/wp-content\/uploads\/2023\/07\/madior_assemblee.jpg\" \/>\n\t<meta property=\"og:image:width\" content=\"700\" \/>\n\t<meta property=\"og:image:height\" content=\"503\" \/>\n<meta name=\"twitter:card\" content=\"summary_large_image\" \/>\n<meta name=\"twitter:label1\" content=\"\u00c9crit par\" \/>\n\t<meta name=\"twitter:data1\" content=\"CK\" \/>\n\t<meta name=\"twitter:label2\" content=\"Dur\u00e9e de lecture estim\u00e9e\" \/>\n\t<meta name=\"twitter:data2\" content=\"2 minutes\" \/>\n<script type=\"application\/ld+json\" class=\"yoast-schema-graph\">{\"@context\":\"https:\/\/schema.org\",\"@graph\":[{\"@type\":\"WebSite\",\"@id\":\"https:\/\/www.nettali.com\/#website\",\"url\":\"https:\/\/www.nettali.com\/\",\"name\":\"Nettali.com\",\"description\":\"Le rendez-vous critique du Net\",\"potentialAction\":[{\"@type\":\"SearchAction\",\"target\":{\"@type\":\"EntryPoint\",\"urlTemplate\":\"https:\/\/www.nettali.com\/?s={search_term_string}\"},\"query-input\":\"required name=search_term_string\"}],\"inLanguage\":\"fr-FR\"},{\"@type\":\"ImageObject\",\"@id\":\"https:\/\/www.nettali.com\/2023\/07\/21\/en-coulisses-ceux-qui-sont-en-prison-sont-des-gens-arre%cc%82tes-sur-le-thea%cc%82tre-des-operations\/#primaryimage\",\"inLanguage\":\"fr-FR\",\"url\":\"https:\/\/www.nettali.com\/wp-content\/uploads\/2023\/07\/madior_assemblee.jpg\",\"contentUrl\":\"https:\/\/www.nettali.com\/wp-content\/uploads\/2023\/07\/madior_assemblee.jpg\",\"width\":700,\"height\":503},{\"@type\":\"WebPage\",\"@id\":\"https:\/\/www.nettali.com\/2023\/07\/21\/en-coulisses-ceux-qui-sont-en-prison-sont-des-gens-arre%cc%82tes-sur-le-thea%cc%82tre-des-operations\/#webpage\",\"url\":\"https:\/\/www.nettali.com\/2023\/07\/21\/en-coulisses-ceux-qui-sont-en-prison-sont-des-gens-arre%cc%82tes-sur-le-thea%cc%82tre-des-operations\/\",\"name\":\"EN COULISSES - \\\"Ceux qui sont en prison, sont des gens arre\\u0302te\\u0301s sur le the\\u0301a\\u0302tre des ope\\u0301rations...\\\" | Nettali.com\",\"isPartOf\":{\"@id\":\"https:\/\/www.nettali.com\/#website\"},\"primaryImageOfPage\":{\"@id\":\"https:\/\/www.nettali.com\/2023\/07\/21\/en-coulisses-ceux-qui-sont-en-prison-sont-des-gens-arre%cc%82tes-sur-le-thea%cc%82tre-des-operations\/#primaryimage\"},\"datePublished\":\"2023-07-21T09:21:27+00:00\",\"dateModified\":\"2023-07-21T09:21:27+00:00\",\"author\":{\"@id\":\"https:\/\/www.nettali.com\/#\/schema\/person\/d8ac7b7e27ddad43f1c0d2ef090d7f71\"},\"breadcrumb\":{\"@id\":\"https:\/\/www.nettali.com\/2023\/07\/21\/en-coulisses-ceux-qui-sont-en-prison-sont-des-gens-arre%cc%82tes-sur-le-thea%cc%82tre-des-operations\/#breadcrumb\"},\"inLanguage\":\"fr-FR\",\"potentialAction\":[{\"@type\":\"ReadAction\",\"target\":[\"https:\/\/www.nettali.com\/2023\/07\/21\/en-coulisses-ceux-qui-sont-en-prison-sont-des-gens-arre%cc%82tes-sur-le-thea%cc%82tre-des-operations\/\"]}]},{\"@type\":\"BreadcrumbList\",\"@id\":\"https:\/\/www.nettali.com\/2023\/07\/21\/en-coulisses-ceux-qui-sont-en-prison-sont-des-gens-arre%cc%82tes-sur-le-thea%cc%82tre-des-operations\/#breadcrumb\",\"itemListElement\":[{\"@type\":\"ListItem\",\"position\":1,\"name\":\"Accueil\",\"item\":\"https:\/\/www.nettali.com\/\"},{\"@type\":\"ListItem\",\"position\":2,\"name\":\"EN COULISSES - \\\"Ceux qui sont en prison, sont des gens arre\\u0302te\\u0301s sur le the\\u0301a\\u0302tre des ope\\u0301rations...\\\"\"}]},{\"@type\":\"Person\",\"@id\":\"https:\/\/www.nettali.com\/#\/schema\/person\/d8ac7b7e27ddad43f1c0d2ef090d7f71\",\"name\":\"CK\",\"image\":{\"@type\":\"ImageObject\",\"@id\":\"https:\/\/www.nettali.com\/#personlogo\",\"inLanguage\":\"fr-FR\",\"url\":\"https:\/\/secure.gravatar.com\/avatar\/1d8d5118b9327d94da7cd4ce7f17fec2?s=96&d=mm&r=g\",\"contentUrl\":\"https:\/\/secure.gravatar.com\/avatar\/1d8d5118b9327d94da7cd4ce7f17fec2?s=96&d=mm&r=g\",\"caption\":\"CK\"},\"sameAs\":[\"https:\/\/www.nettali.com\"]}]}<\/script>\n<!-- \/ Yoast SEO Premium plugin. -->","yoast_head_json":{"title":"EN COULISSES - \"Ceux qui sont en prison, sont des gens arre\u0302te\u0301s sur le the\u0301a\u0302tre des ope\u0301rations...\" | Nettali.com","robots":{"index":"index","follow":"follow","max-snippet":"max-snippet:-1","max-image-preview":"max-image-preview:large","max-video-preview":"max-video-preview:-1"},"canonical":"https:\/\/www.nettali.com\/2023\/07\/21\/en-coulisses-ceux-qui-sont-en-prison-sont-des-gens-arre\u0302tes-sur-le-thea\u0302tre-des-operations\/","og_locale":"fr_FR","og_type":"article","og_title":"EN COULISSES - \"Ceux qui sont en prison, sont des gens arre\u0302te\u0301s sur le the\u0301a\u0302tre des ope\u0301rations...\"","og_description":"NETTALI.COM - Restons sur l'intervention d'Isma\u00ebla Madior Fall, le ministre de la justice \u00e0 l'Assembl\u00e9e nationale sur la lib\u00e9ration de Birame Soul\u00e8ye Diop, c'est pour dire qu'il a aussi soutenu qu'il n'y a pas une volonte\u0301 du pouvoir de traquer des opposants, de mettre les gens en prison. \"Ce n'est pas c\u0327a qui inte\u0301resse le [&hellip;]","og_url":"https:\/\/www.nettali.com\/2023\/07\/21\/en-coulisses-ceux-qui-sont-en-prison-sont-des-gens-arre\u0302tes-sur-le-thea\u0302tre-des-operations\/","og_site_name":"Nettali.com","article_publisher":"https:\/\/www.facebook.com\/nettalicom","article_published_time":"2023-07-21T09:21:27+00:00","og_image":[{"width":700,"height":503,"url":"https:\/\/www.nettali.com\/wp-content\/uploads\/2023\/07\/madior_assemblee.jpg","type":"image\/jpeg"}],"twitter_card":"summary_large_image","twitter_misc":{"\u00c9crit par":"CK","Dur\u00e9e de lecture estim\u00e9e":"2 minutes"},"schema":{"@context":"https:\/\/schema.org","@graph":[{"@type":"WebSite","@id":"https:\/\/www.nettali.com\/#website","url":"https:\/\/www.nettali.com\/","name":"Nettali.com","description":"Le rendez-vous critique du Net","potentialAction":[{"@type":"SearchAction","target":{"@type":"EntryPoint","urlTemplate":"https:\/\/www.nettali.com\/?s={search_term_string}"},"query-input":"required name=search_term_string"}],"inLanguage":"fr-FR"},{"@type":"ImageObject","@id":"https:\/\/www.nettali.com\/2023\/07\/21\/en-coulisses-ceux-qui-sont-en-prison-sont-des-gens-arre%cc%82tes-sur-le-thea%cc%82tre-des-operations\/#primaryimage","inLanguage":"fr-FR","url":"https:\/\/www.nettali.com\/wp-content\/uploads\/2023\/07\/madior_assemblee.jpg","contentUrl":"https:\/\/www.nettali.com\/wp-content\/uploads\/2023\/07\/madior_assemblee.jpg","width":700,"height":503},{"@type":"WebPage","@id":"https:\/\/www.nettali.com\/2023\/07\/21\/en-coulisses-ceux-qui-sont-en-prison-sont-des-gens-arre%cc%82tes-sur-le-thea%cc%82tre-des-operations\/#webpage","url":"https:\/\/www.nettali.com\/2023\/07\/21\/en-coulisses-ceux-qui-sont-en-prison-sont-des-gens-arre%cc%82tes-sur-le-thea%cc%82tre-des-operations\/","name":"EN COULISSES - \"Ceux qui sont en prison, sont des gens arre\u0302te\u0301s sur le the\u0301a\u0302tre des ope\u0301rations...\" | Nettali.com","isPartOf":{"@id":"https:\/\/www.nettali.com\/#website"},"primaryImageOfPage":{"@id":"https:\/\/www.nettali.com\/2023\/07\/21\/en-coulisses-ceux-qui-sont-en-prison-sont-des-gens-arre%cc%82tes-sur-le-thea%cc%82tre-des-operations\/#primaryimage"},"datePublished":"2023-07-21T09:21:27+00:00","dateModified":"2023-07-21T09:21:27+00:00","author":{"@id":"https:\/\/www.nettali.com\/#\/schema\/person\/d8ac7b7e27ddad43f1c0d2ef090d7f71"},"breadcrumb":{"@id":"https:\/\/www.nettali.com\/2023\/07\/21\/en-coulisses-ceux-qui-sont-en-prison-sont-des-gens-arre%cc%82tes-sur-le-thea%cc%82tre-des-operations\/#breadcrumb"},"inLanguage":"fr-FR","potentialAction":[{"@type":"ReadAction","target":["https:\/\/www.nettali.com\/2023\/07\/21\/en-coulisses-ceux-qui-sont-en-prison-sont-des-gens-arre%cc%82tes-sur-le-thea%cc%82tre-des-operations\/"]}]},{"@type":"BreadcrumbList","@id":"https:\/\/www.nettali.com\/2023\/07\/21\/en-coulisses-ceux-qui-sont-en-prison-sont-des-gens-arre%cc%82tes-sur-le-thea%cc%82tre-des-operations\/#breadcrumb","itemListElement":[{"@type":"ListItem","position":1,"name":"Accueil","item":"https:\/\/www.nettali.com\/"},{"@type":"ListItem","position":2,"name":"EN COULISSES - \"Ceux qui sont en prison, sont des gens arre\u0302te\u0301s sur le the\u0301a\u0302tre des ope\u0301rations...\""}]},{"@type":"Person","@id":"https:\/\/www.nettali.com\/#\/schema\/person\/d8ac7b7e27ddad43f1c0d2ef090d7f71","name":"CK","image":{"@type":"ImageObject","@id":"https:\/\/www.nettali.com\/#personlogo","inLanguage":"fr-FR","url":"https:\/\/secure.gravatar.com\/avatar\/1d8d5118b9327d94da7cd4ce7f17fec2?s=96&d=mm&r=g","contentUrl":"https:\/\/secure.gravatar.com\/avatar\/1d8d5118b9327d94da7cd4ce7f17fec2?s=96&d=mm&r=g","caption":"CK"},"sameAs":["https:\/\/www.nettali.com"]}]}},"_links":{"self":[{"href":"https:\/\/www.nettali.com\/rest\/wp\/v2\/posts\/114502"}],"collection":[{"href":"https:\/\/www.nettali.com\/rest\/wp\/v2\/posts"}],"about":[{"href":"https:\/\/www.nettali.com\/rest\/wp\/v2\/types\/post"}],"author":[{"embeddable":true,"href":"https:\/\/www.nettali.com\/rest\/wp\/v2\/users\/2"}],"replies":[{"embeddable":true,"href":"https:\/\/www.nettali.com\/rest\/wp\/v2\/comments?post=114502"}],"version-history":[{"count":1,"href":"https:\/\/www.nettali.com\/rest\/wp\/v2\/posts\/114502\/revisions"}],"predecessor-version":[{"id":114503,"href":"https:\/\/www.nettali.com\/rest\/wp\/v2\/posts\/114502\/revisions\/114503"}],"wp:featuredmedia":[{"embeddable":true,"href":"https:\/\/www.nettali.com\/rest\/wp\/v2\/media\/114513"}],"wp:attachment":[{"href":"https:\/\/www.nettali.com\/rest\/wp\/v2\/media?parent=114502"}],"wp:term":[{"taxonomy":"category","embeddable":true,"href":"https:\/\/www.nettali.com\/rest\/wp\/v2\/categories?post=114502"},{"taxonomy":"post_tag","embeddable":true,"href":"https:\/\/www.nettali.com\/rest\/wp\/v2\/tags?post=114502"}],"curies":[{"name":"wp","href":"https:\/\/api.w.org\/{rel}","templated":true}]}}