{"id":114500,"date":"2023-07-21T09:22:23","date_gmt":"2023-07-21T09:22:23","guid":{"rendered":"https:\/\/www.nettali.com\/?p=114500"},"modified":"2023-07-21T09:22:23","modified_gmt":"2023-07-21T09:22:23","slug":"en-coulisses-ismael-madior-birame-souleye-et-la-clemence-du-president","status":"publish","type":"post","link":"https:\/\/www.nettali.com\/2023\/07\/21\/en-coulisses-ismael-madior-birame-souleye-et-la-clemence-du-president\/","title":{"rendered":"EN COULISSES - Isma\u00ebl Madior, Birame Soul\u00e8ye et la cl\u00e9mence du pr\u00e9sident"},"content":{"rendered":"<div class=\"page\" title=\"Page 2\">\n<div class=\"section\">\n<div class=\"layoutArea\">\n<div class=\"column\">\n<p><strong>NETTALI.COM -<\/strong> L\u2019affaire Birame Soul\u00e8ye Diop s'est invite\u0301e aux de\u0301bats du jeudi 20 juillet, a\u0300 l'Assemble\u0301e nationale, lors de l'examen du projet de loi portant re\u0301vision de la Constitution. Le pre\u0301sident du Groupe parlementaire de Yewwi Askan Wi qui est de\u0301sormais libre, avait e\u0301te\u0301 arre\u0302te\u0301 et envoye\u0301 prison, pour actes de nature a\u0300 compromettre la paix publique et offense au chef de l\u2019E\u0301tat.<\/p>\n<p>S'expliquant sur le sujet, le ministre de la justice a livr\u00e9 l'information suivante : \"<em>Le pre\u0301sident nous a recommande\u0301 la cle\u0301mence. Et les autorite\u0301s judiciaires ont fait montre de compre\u0301hension. L'honorable Birame Souleymane Diop a pu retrouver sa famille\"<\/em><\/p>\n<p>En effet, des de\u0301pute\u0301s avaient re\u0301clame\u0301 son jugement, selon la proce\u0301dure de flagrance ou reque\u0301rir l'autorisation de l'Assemble\u0301e nationale, si la voie de l'instruction est privile\u0301gie\u0301e, conforme\u0301ment aux dispositions des articles 61 de la Constitution et 51 du Re\u0300glement inte\u0301rieur de l'Assemble\u0301e nationale.<\/p>\n<p>D'autres ont juge\u0301 opportun de privile\u0301gier la voie de la cle\u0301mence pour la libe\u0301ration du De\u0301pute\u0301 Birame Soule\u0300ye Diop. \"<em>Lorsque j'ai quitte\u0301 les travaux de la commission, j'ai dit a\u0300 monsieur le Pre\u0301sident de la Re\u0301publique : \u2018Excellence, j'ai e\u0301te\u0301 impressionne\u0301 par la belle unanimite\u0301 des de\u0301pute\u0301s qui ont tous plaide\u0301 la cle\u0301mence en faveur d'un colle\u0300gue l'honorable Birame Souleymane Diop'. Je lui ai dit : 'l'autre jour, quand j'ai entendu les de\u0301pute\u0301s parle\u0301 d'une seule voix, j'e\u0301tais fier de l'Assemble\u0301e nationale du Se\u0301ne\u0301gal et de cet esprit qui y pre\u0301vaut<\/em>\", a re\u0301ve\u0301le\u0301 Ismaila Madior Fall.<\/p>\n<\/div>\n<div class=\"column\">\n<p>Poursuivant, le ministre de la Justice a souligne\u0301 que les propos e\u0301taient graves, parce qu'il s'agissait tout de me\u0302me d'accusations a\u0300 l'encontre d'un chef d'Etat e\u0301tranger. \"<em>Ce qui e\u0301tait susceptible de de\u0301grader les relations diplomatiques entre le Se\u0301ne\u0301gal et ce pays. Ce qui pouvait aussi mettre en dangers la vie de nos milliers de compatriotes qui vivent dans ce pays\"<\/em>, selon le ministre.<\/p>\n<p>\"<em>J'avais dit qu'au plan interne, c\u0327a ne posait pas de proble\u0300me, parce que le pre\u0301sident Macky Sall pardonne toujours a\u0300 ceux qui l'insultent. Le pre\u0301sident est un de\u0301mocrate. Mais, lorsque ces propos s'adressent a\u0300 un autre chef d'Etat, il y a d'autres dimensions qu'il faut tenir en compte, et c'est c\u0327a qui a complique\u0301 un peu la situation<\/em>\", a-t-il poursuivi.<\/p>\n<\/div>\n<\/div>\n<\/div>\n<\/div>\n<div class='share-to-whatsapp-wrapper'><div class='share-on-whsp'>PARTAGER SUR : <\/div><a data-text='EN COULISSES - Isma\u00ebl Madior, Birame Soul\u00e8ye et la cl\u00e9mence du pr\u00e9sident' data-link='https:\/\/www.nettali.com\/2023\/07\/21\/en-coulisses-ismael-madior-birame-souleye-et-la-clemence-du-president\/' class='whatsapp-button whatsapp-share'>WhatsApp<\/a><div class='clear '><\/div><\/div>","protected":false},"excerpt":{"rendered":"<p>NETTALI.COM - L\u2019affaire Birame Soul\u00e8ye Diop s'est invite\u0301e aux de\u0301bats du jeudi 20 juillet, a\u0300 l'Assemble\u0301e nationale, lors de l'examen du projet de loi portant re\u0301vision de la Constitution. Le pre\u0301sident du Groupe parlementaire de Yewwi Askan Wi qui est de\u0301sormais libre, avait e\u0301te\u0301 arre\u0302te\u0301 et envoye\u0301 prison, pour actes de nature a\u0300 compromettre la [&hellip;]<\/p>\n","protected":false},"author":2,"featured_media":114514,"comment_status":"open","ping_status":"open","sticky":false,"template":"","format":"standard","meta":{"_et_pb_use_builder":"","_et_pb_old_content":""},"categories":[34945],"tags":[],"yoast_head":"<!-- This site is optimized with the Yoast SEO Premium plugin v17.8 (Yoast SEO v17.8) - https:\/\/yoast.com\/wordpress\/plugins\/seo\/ -->\n<title>EN COULISSES - Isma\u00ebl Madior, Birame Soul\u00e8ye et la cl\u00e9mence du pr\u00e9sident | Nettali.com<\/title>\n<meta name=\"robots\" content=\"index, follow, max-snippet:-1, max-image-preview:large, max-video-preview:-1\" \/>\n<link rel=\"canonical\" href=\"https:\/\/www.nettali.com\/2023\/07\/21\/en-coulisses-ismael-madior-birame-souleye-et-la-clemence-du-president\/\" \/>\n<meta property=\"og:locale\" content=\"fr_FR\" \/>\n<meta property=\"og:type\" content=\"article\" \/>\n<meta property=\"og:title\" content=\"EN COULISSES - Isma\u00ebl Madior, Birame Soul\u00e8ye et la cl\u00e9mence du pr\u00e9sident\" \/>\n<meta property=\"og:description\" content=\"NETTALI.COM - L\u2019affaire Birame Soul\u00e8ye Diop s&#039;est invite\u0301e aux de\u0301bats du jeudi 20 juillet, a\u0300 l&#039;Assemble\u0301e nationale, lors de l&#039;examen du projet de loi portant re\u0301vision de la Constitution. Le pre\u0301sident du Groupe parlementaire de Yewwi Askan Wi qui est de\u0301sormais libre, avait e\u0301te\u0301 arre\u0302te\u0301 et envoye\u0301 prison, pour actes de nature a\u0300 compromettre la [&hellip;]\" \/>\n<meta property=\"og:url\" content=\"https:\/\/www.nettali.com\/2023\/07\/21\/en-coulisses-ismael-madior-birame-souleye-et-la-clemence-du-president\/\" \/>\n<meta property=\"og:site_name\" content=\"Nettali.com\" \/>\n<meta property=\"article:publisher\" content=\"https:\/\/www.facebook.com\/nettalicom\" \/>\n<meta property=\"article:published_time\" content=\"2023-07-21T09:22:23+00:00\" \/>\n<meta property=\"og:image\" content=\"https:\/\/www.nettali.com\/wp-content\/uploads\/2023\/07\/te\u0301le\u0301chargement-6.jpeg\" \/>\n\t<meta property=\"og:image:width\" content=\"269\" \/>\n\t<meta property=\"og:image:height\" content=\"187\" \/>\n<meta name=\"twitter:card\" content=\"summary_large_image\" \/>\n<meta name=\"twitter:label1\" content=\"\u00c9crit par\" \/>\n\t<meta name=\"twitter:data1\" content=\"CK\" \/>\n\t<meta name=\"twitter:label2\" content=\"Dur\u00e9e de lecture estim\u00e9e\" \/>\n\t<meta name=\"twitter:data2\" content=\"2 minutes\" \/>\n<script type=\"application\/ld+json\" class=\"yoast-schema-graph\">{\"@context\":\"https:\/\/schema.org\",\"@graph\":[{\"@type\":\"WebSite\",\"@id\":\"https:\/\/www.nettali.com\/#website\",\"url\":\"https:\/\/www.nettali.com\/\",\"name\":\"Nettali.com\",\"description\":\"Le rendez-vous critique du Net\",\"potentialAction\":[{\"@type\":\"SearchAction\",\"target\":{\"@type\":\"EntryPoint\",\"urlTemplate\":\"https:\/\/www.nettali.com\/?s={search_term_string}\"},\"query-input\":\"required name=search_term_string\"}],\"inLanguage\":\"fr-FR\"},{\"@type\":\"ImageObject\",\"@id\":\"https:\/\/www.nettali.com\/2023\/07\/21\/en-coulisses-ismael-madior-birame-souleye-et-la-clemence-du-president\/#primaryimage\",\"inLanguage\":\"fr-FR\",\"url\":\"https:\/\/www.nettali.com\/wp-content\/uploads\/2023\/07\/te\\u0301le\\u0301chargement-6.jpeg\",\"contentUrl\":\"https:\/\/www.nettali.com\/wp-content\/uploads\/2023\/07\/te\\u0301le\\u0301chargement-6.jpeg\",\"width\":269,\"height\":187},{\"@type\":\"WebPage\",\"@id\":\"https:\/\/www.nettali.com\/2023\/07\/21\/en-coulisses-ismael-madior-birame-souleye-et-la-clemence-du-president\/#webpage\",\"url\":\"https:\/\/www.nettali.com\/2023\/07\/21\/en-coulisses-ismael-madior-birame-souleye-et-la-clemence-du-president\/\",\"name\":\"EN COULISSES - Isma\\u00ebl Madior, Birame Soul\\u00e8ye et la cl\\u00e9mence du pr\\u00e9sident | Nettali.com\",\"isPartOf\":{\"@id\":\"https:\/\/www.nettali.com\/#website\"},\"primaryImageOfPage\":{\"@id\":\"https:\/\/www.nettali.com\/2023\/07\/21\/en-coulisses-ismael-madior-birame-souleye-et-la-clemence-du-president\/#primaryimage\"},\"datePublished\":\"2023-07-21T09:22:23+00:00\",\"dateModified\":\"2023-07-21T09:22:23+00:00\",\"author\":{\"@id\":\"https:\/\/www.nettali.com\/#\/schema\/person\/d8ac7b7e27ddad43f1c0d2ef090d7f71\"},\"breadcrumb\":{\"@id\":\"https:\/\/www.nettali.com\/2023\/07\/21\/en-coulisses-ismael-madior-birame-souleye-et-la-clemence-du-president\/#breadcrumb\"},\"inLanguage\":\"fr-FR\",\"potentialAction\":[{\"@type\":\"ReadAction\",\"target\":[\"https:\/\/www.nettali.com\/2023\/07\/21\/en-coulisses-ismael-madior-birame-souleye-et-la-clemence-du-president\/\"]}]},{\"@type\":\"BreadcrumbList\",\"@id\":\"https:\/\/www.nettali.com\/2023\/07\/21\/en-coulisses-ismael-madior-birame-souleye-et-la-clemence-du-president\/#breadcrumb\",\"itemListElement\":[{\"@type\":\"ListItem\",\"position\":1,\"name\":\"Accueil\",\"item\":\"https:\/\/www.nettali.com\/\"},{\"@type\":\"ListItem\",\"position\":2,\"name\":\"EN COULISSES - Isma\\u00ebl Madior, Birame Soul\\u00e8ye et la cl\\u00e9mence du pr\\u00e9sident\"}]},{\"@type\":\"Person\",\"@id\":\"https:\/\/www.nettali.com\/#\/schema\/person\/d8ac7b7e27ddad43f1c0d2ef090d7f71\",\"name\":\"CK\",\"image\":{\"@type\":\"ImageObject\",\"@id\":\"https:\/\/www.nettali.com\/#personlogo\",\"inLanguage\":\"fr-FR\",\"url\":\"https:\/\/secure.gravatar.com\/avatar\/1d8d5118b9327d94da7cd4ce7f17fec2?s=96&d=mm&r=g\",\"contentUrl\":\"https:\/\/secure.gravatar.com\/avatar\/1d8d5118b9327d94da7cd4ce7f17fec2?s=96&d=mm&r=g\",\"caption\":\"CK\"},\"sameAs\":[\"https:\/\/www.nettali.com\"]}]}<\/script>\n<!-- \/ Yoast SEO Premium plugin. -->","yoast_head_json":{"title":"EN COULISSES - Isma\u00ebl Madior, Birame Soul\u00e8ye et la cl\u00e9mence du pr\u00e9sident | Nettali.com","robots":{"index":"index","follow":"follow","max-snippet":"max-snippet:-1","max-image-preview":"max-image-preview:large","max-video-preview":"max-video-preview:-1"},"canonical":"https:\/\/www.nettali.com\/2023\/07\/21\/en-coulisses-ismael-madior-birame-souleye-et-la-clemence-du-president\/","og_locale":"fr_FR","og_type":"article","og_title":"EN COULISSES - Isma\u00ebl Madior, Birame Soul\u00e8ye et la cl\u00e9mence du pr\u00e9sident","og_description":"NETTALI.COM - L\u2019affaire Birame Soul\u00e8ye Diop s'est invite\u0301e aux de\u0301bats du jeudi 20 juillet, a\u0300 l'Assemble\u0301e nationale, lors de l'examen du projet de loi portant re\u0301vision de la Constitution. Le pre\u0301sident du Groupe parlementaire de Yewwi Askan Wi qui est de\u0301sormais libre, avait e\u0301te\u0301 arre\u0302te\u0301 et envoye\u0301 prison, pour actes de nature a\u0300 compromettre la [&hellip;]","og_url":"https:\/\/www.nettali.com\/2023\/07\/21\/en-coulisses-ismael-madior-birame-souleye-et-la-clemence-du-president\/","og_site_name":"Nettali.com","article_publisher":"https:\/\/www.facebook.com\/nettalicom","article_published_time":"2023-07-21T09:22:23+00:00","og_image":[{"width":269,"height":187,"url":"https:\/\/www.nettali.com\/wp-content\/uploads\/2023\/07\/te\u0301le\u0301chargement-6.jpeg","type":"image\/jpeg"}],"twitter_card":"summary_large_image","twitter_misc":{"\u00c9crit par":"CK","Dur\u00e9e de lecture estim\u00e9e":"2 minutes"},"schema":{"@context":"https:\/\/schema.org","@graph":[{"@type":"WebSite","@id":"https:\/\/www.nettali.com\/#website","url":"https:\/\/www.nettali.com\/","name":"Nettali.com","description":"Le rendez-vous critique du Net","potentialAction":[{"@type":"SearchAction","target":{"@type":"EntryPoint","urlTemplate":"https:\/\/www.nettali.com\/?s={search_term_string}"},"query-input":"required name=search_term_string"}],"inLanguage":"fr-FR"},{"@type":"ImageObject","@id":"https:\/\/www.nettali.com\/2023\/07\/21\/en-coulisses-ismael-madior-birame-souleye-et-la-clemence-du-president\/#primaryimage","inLanguage":"fr-FR","url":"https:\/\/www.nettali.com\/wp-content\/uploads\/2023\/07\/te\u0301le\u0301chargement-6.jpeg","contentUrl":"https:\/\/www.nettali.com\/wp-content\/uploads\/2023\/07\/te\u0301le\u0301chargement-6.jpeg","width":269,"height":187},{"@type":"WebPage","@id":"https:\/\/www.nettali.com\/2023\/07\/21\/en-coulisses-ismael-madior-birame-souleye-et-la-clemence-du-president\/#webpage","url":"https:\/\/www.nettali.com\/2023\/07\/21\/en-coulisses-ismael-madior-birame-souleye-et-la-clemence-du-president\/","name":"EN COULISSES - Isma\u00ebl Madior, Birame Soul\u00e8ye et la cl\u00e9mence du pr\u00e9sident | Nettali.com","isPartOf":{"@id":"https:\/\/www.nettali.com\/#website"},"primaryImageOfPage":{"@id":"https:\/\/www.nettali.com\/2023\/07\/21\/en-coulisses-ismael-madior-birame-souleye-et-la-clemence-du-president\/#primaryimage"},"datePublished":"2023-07-21T09:22:23+00:00","dateModified":"2023-07-21T09:22:23+00:00","author":{"@id":"https:\/\/www.nettali.com\/#\/schema\/person\/d8ac7b7e27ddad43f1c0d2ef090d7f71"},"breadcrumb":{"@id":"https:\/\/www.nettali.com\/2023\/07\/21\/en-coulisses-ismael-madior-birame-souleye-et-la-clemence-du-president\/#breadcrumb"},"inLanguage":"fr-FR","potentialAction":[{"@type":"ReadAction","target":["https:\/\/www.nettali.com\/2023\/07\/21\/en-coulisses-ismael-madior-birame-souleye-et-la-clemence-du-president\/"]}]},{"@type":"BreadcrumbList","@id":"https:\/\/www.nettali.com\/2023\/07\/21\/en-coulisses-ismael-madior-birame-souleye-et-la-clemence-du-president\/#breadcrumb","itemListElement":[{"@type":"ListItem","position":1,"name":"Accueil","item":"https:\/\/www.nettali.com\/"},{"@type":"ListItem","position":2,"name":"EN COULISSES - Isma\u00ebl Madior, Birame Soul\u00e8ye et la cl\u00e9mence du pr\u00e9sident"}]},{"@type":"Person","@id":"https:\/\/www.nettali.com\/#\/schema\/person\/d8ac7b7e27ddad43f1c0d2ef090d7f71","name":"CK","image":{"@type":"ImageObject","@id":"https:\/\/www.nettali.com\/#personlogo","inLanguage":"fr-FR","url":"https:\/\/secure.gravatar.com\/avatar\/1d8d5118b9327d94da7cd4ce7f17fec2?s=96&d=mm&r=g","contentUrl":"https:\/\/secure.gravatar.com\/avatar\/1d8d5118b9327d94da7cd4ce7f17fec2?s=96&d=mm&r=g","caption":"CK"},"sameAs":["https:\/\/www.nettali.com"]}]}},"_links":{"self":[{"href":"https:\/\/www.nettali.com\/rest\/wp\/v2\/posts\/114500"}],"collection":[{"href":"https:\/\/www.nettali.com\/rest\/wp\/v2\/posts"}],"about":[{"href":"https:\/\/www.nettali.com\/rest\/wp\/v2\/types\/post"}],"author":[{"embeddable":true,"href":"https:\/\/www.nettali.com\/rest\/wp\/v2\/users\/2"}],"replies":[{"embeddable":true,"href":"https:\/\/www.nettali.com\/rest\/wp\/v2\/comments?post=114500"}],"version-history":[{"count":1,"href":"https:\/\/www.nettali.com\/rest\/wp\/v2\/posts\/114500\/revisions"}],"predecessor-version":[{"id":114501,"href":"https:\/\/www.nettali.com\/rest\/wp\/v2\/posts\/114500\/revisions\/114501"}],"wp:featuredmedia":[{"embeddable":true,"href":"https:\/\/www.nettali.com\/rest\/wp\/v2\/media\/114514"}],"wp:attachment":[{"href":"https:\/\/www.nettali.com\/rest\/wp\/v2\/media?parent=114500"}],"wp:term":[{"taxonomy":"category","embeddable":true,"href":"https:\/\/www.nettali.com\/rest\/wp\/v2\/categories?post=114500"},{"taxonomy":"post_tag","embeddable":true,"href":"https:\/\/www.nettali.com\/rest\/wp\/v2\/tags?post=114500"}],"curies":[{"name":"wp","href":"https:\/\/api.w.org\/{rel}","templated":true}]}}