{"id":114454,"date":"2023-07-20T14:53:29","date_gmt":"2023-07-20T14:53:29","guid":{"rendered":"https:\/\/www.nettali.com\/?p=114454"},"modified":"2023-07-20T14:53:29","modified_gmt":"2023-07-20T14:53:29","slug":"chemin-de-fer-retour-du-train-lors-du-prochain-magal","status":"publish","type":"post","link":"https:\/\/www.nettali.com\/2023\/07\/20\/chemin-de-fer-retour-du-train-lors-du-prochain-magal\/","title":{"rendered":"CHEMIN DE FER- Retour du train lors du prochain Magal"},"content":{"rendered":"<p><strong>NETTALI.COM - <\/strong><strong>Le directeur g\u00e9n\u00e9ral de la Soci\u00e9t\u00e9 nationale des chemins de fer (Sn-Cfs), Malick Ndoye, a annonc\u00e9 le grand retour du train exceptionnellement \u00e0 l\u2019occasion du prochain Grand Magal de Touba retenu pour le 4 septembre 2023.<\/strong><\/p>\n<p>C\u2018est lors d\u2019une r\u00e9union d\u2019information consacr\u00e9e \u00e0 la r\u00e9habilitation du chemin de fer sur l\u2019axe Dakar-Tambacounda que le directeur g\u00e9n\u00e9ral de la Soci\u00e9t\u00e9 nationale des chemins de fer (Sn-Cfs), Malick Ndoye, a inform\u00e9 que le train va de nouveau siffler durant le Magal de Touba.<\/p>\n<p>\u00ab <em>Le visa technique est d\u00e9livr\u00e9 par l\u2019ing\u00e9nierie, le train sera mis en service exceptionnellement \u00e0 l\u2019occasion du prochain Grand Magal de Touba retenu pour le 4 septembre 2023, afin de permettre aux nombreux p\u00e8lerins qui veulent rallier la ville de Touba, d\u2019avoir la possibilit\u00e9 de voyager dans des conditions optimales et en toute s\u00e9curit\u00e9<\/em> \u00bb dit-il.<\/p>\n<p>Toutefois, des travaux devront s\u2019effectuer pour la bonne mise en \u0153uvre de cet outil de transport. \u00ab <em>La nature a horreur du vide. C\u2019est ce qui explique en grande partie, l\u2019occupation des gares de Touba et Mback\u00e9 et leurs environs imm\u00e9diats par les populations. Nous sommes \u00e0 45 jours du Magal, il faudra une vaste campagne de communication pour amener les occupants de ces endroits \u00e0 quitter les lieux<\/em> \u00bb, ajoute-t-il.<\/p>\n<div class='share-to-whatsapp-wrapper'><div class='share-on-whsp'>PARTAGER SUR : <\/div><a data-text='CHEMIN DE FER- Retour du train lors du prochain Magal' data-link='https:\/\/www.nettali.com\/2023\/07\/20\/chemin-de-fer-retour-du-train-lors-du-prochain-magal\/' class='whatsapp-button whatsapp-share'>WhatsApp<\/a><div class='clear '><\/div><\/div>","protected":false},"excerpt":{"rendered":"<p>NETTALI.COM - Le directeur g\u00e9n\u00e9ral de la Soci\u00e9t\u00e9 nationale des chemins de fer (Sn-Cfs), Malick Ndoye, a annonc\u00e9 le grand retour du train exceptionnellement \u00e0 l\u2019occasion du prochain Grand Magal de Touba retenu pour le 4 septembre 2023. C\u2018est lors d\u2019une r\u00e9union d\u2019information consacr\u00e9e \u00e0 la r\u00e9habilitation du chemin de fer sur l\u2019axe Dakar-Tambacounda que [&hellip;]<\/p>\n","protected":false},"author":6,"featured_media":50982,"comment_status":"open","ping_status":"open","sticky":false,"template":"","format":"standard","meta":{"_et_pb_use_builder":"","_et_pb_old_content":""},"categories":[3],"tags":[],"yoast_head":"<!-- This site is optimized with the Yoast SEO Premium plugin v17.8 (Yoast SEO v17.8) - https:\/\/yoast.com\/wordpress\/plugins\/seo\/ -->\n<title>CHEMIN DE FER- Retour du train lors du prochain Magal | Nettali.com<\/title>\n<meta name=\"robots\" content=\"index, follow, max-snippet:-1, max-image-preview:large, max-video-preview:-1\" \/>\n<link rel=\"canonical\" href=\"https:\/\/www.nettali.com\/2023\/07\/20\/chemin-de-fer-retour-du-train-lors-du-prochain-magal\/\" \/>\n<meta property=\"og:locale\" content=\"fr_FR\" \/>\n<meta property=\"og:type\" content=\"article\" \/>\n<meta property=\"og:title\" content=\"CHEMIN DE FER- Retour du train lors du prochain Magal\" \/>\n<meta property=\"og:description\" content=\"NETTALI.COM - Le directeur g\u00e9n\u00e9ral de la Soci\u00e9t\u00e9 nationale des chemins de fer (Sn-Cfs), Malick Ndoye, a annonc\u00e9 le grand retour du train exceptionnellement \u00e0 l\u2019occasion du prochain Grand Magal de Touba retenu pour le 4 septembre 2023. C\u2018est lors d\u2019une r\u00e9union d\u2019information consacr\u00e9e \u00e0 la r\u00e9habilitation du chemin de fer sur l\u2019axe Dakar-Tambacounda que [&hellip;]\" \/>\n<meta property=\"og:url\" content=\"https:\/\/www.nettali.com\/2023\/07\/20\/chemin-de-fer-retour-du-train-lors-du-prochain-magal\/\" \/>\n<meta property=\"og:site_name\" content=\"Nettali.com\" \/>\n<meta property=\"article:publisher\" content=\"https:\/\/www.facebook.com\/nettalicom\" \/>\n<meta property=\"article:published_time\" content=\"2023-07-20T14:53:29+00:00\" \/>\n<meta property=\"og:image\" content=\"https:\/\/www.nettali.com\/wp-content\/uploads\/2020\/11\/Projets-rehabilitation-chemin-ferroviaire-fer-frontiere-port-gare-Dakar-Bamako-developpement-economie-transport-train-rail-LEUKSENEGAL-Dakar-Senegal-Afrique-infrastructures-afrique-train-dakar-bamako.jpg\" \/>\n\t<meta property=\"og:image:width\" content=\"592\" \/>\n\t<meta property=\"og:image:height\" content=\"296\" \/>\n<meta name=\"twitter:card\" content=\"summary_large_image\" \/>\n<meta name=\"twitter:label1\" content=\"\u00c9crit par\" \/>\n\t<meta name=\"twitter:data1\" content=\"Fatou\" \/>\n\t<meta name=\"twitter:label2\" content=\"Dur\u00e9e de lecture estim\u00e9e\" \/>\n\t<meta name=\"twitter:data2\" content=\"2 minutes\" \/>\n<script type=\"application\/ld+json\" class=\"yoast-schema-graph\">{\"@context\":\"https:\/\/schema.org\",\"@graph\":[{\"@type\":\"WebSite\",\"@id\":\"https:\/\/www.nettali.com\/#website\",\"url\":\"https:\/\/www.nettali.com\/\",\"name\":\"Nettali.com\",\"description\":\"Le rendez-vous critique du Net\",\"potentialAction\":[{\"@type\":\"SearchAction\",\"target\":{\"@type\":\"EntryPoint\",\"urlTemplate\":\"https:\/\/www.nettali.com\/?s={search_term_string}\"},\"query-input\":\"required name=search_term_string\"}],\"inLanguage\":\"fr-FR\"},{\"@type\":\"ImageObject\",\"@id\":\"https:\/\/www.nettali.com\/2023\/07\/20\/chemin-de-fer-retour-du-train-lors-du-prochain-magal\/#primaryimage\",\"inLanguage\":\"fr-FR\",\"url\":\"https:\/\/www.nettali.com\/wp-content\/uploads\/2020\/11\/Projets-rehabilitation-chemin-ferroviaire-fer-frontiere-port-gare-Dakar-Bamako-developpement-economie-transport-train-rail-LEUKSENEGAL-Dakar-Senegal-Afrique-infrastructures-afrique-train-dakar-bamako.jpg\",\"contentUrl\":\"https:\/\/www.nettali.com\/wp-content\/uploads\/2020\/11\/Projets-rehabilitation-chemin-ferroviaire-fer-frontiere-port-gare-Dakar-Bamako-developpement-economie-transport-train-rail-LEUKSENEGAL-Dakar-Senegal-Afrique-infrastructures-afrique-train-dakar-bamako.jpg\",\"width\":592,\"height\":296},{\"@type\":\"WebPage\",\"@id\":\"https:\/\/www.nettali.com\/2023\/07\/20\/chemin-de-fer-retour-du-train-lors-du-prochain-magal\/#webpage\",\"url\":\"https:\/\/www.nettali.com\/2023\/07\/20\/chemin-de-fer-retour-du-train-lors-du-prochain-magal\/\",\"name\":\"CHEMIN DE FER- Retour du train lors du prochain Magal | Nettali.com\",\"isPartOf\":{\"@id\":\"https:\/\/www.nettali.com\/#website\"},\"primaryImageOfPage\":{\"@id\":\"https:\/\/www.nettali.com\/2023\/07\/20\/chemin-de-fer-retour-du-train-lors-du-prochain-magal\/#primaryimage\"},\"datePublished\":\"2023-07-20T14:53:29+00:00\",\"dateModified\":\"2023-07-20T14:53:29+00:00\",\"author\":{\"@id\":\"https:\/\/www.nettali.com\/#\/schema\/person\/418274a86bdf87caff7a3ef476bd0bbf\"},\"breadcrumb\":{\"@id\":\"https:\/\/www.nettali.com\/2023\/07\/20\/chemin-de-fer-retour-du-train-lors-du-prochain-magal\/#breadcrumb\"},\"inLanguage\":\"fr-FR\",\"potentialAction\":[{\"@type\":\"ReadAction\",\"target\":[\"https:\/\/www.nettali.com\/2023\/07\/20\/chemin-de-fer-retour-du-train-lors-du-prochain-magal\/\"]}]},{\"@type\":\"BreadcrumbList\",\"@id\":\"https:\/\/www.nettali.com\/2023\/07\/20\/chemin-de-fer-retour-du-train-lors-du-prochain-magal\/#breadcrumb\",\"itemListElement\":[{\"@type\":\"ListItem\",\"position\":1,\"name\":\"Accueil\",\"item\":\"https:\/\/www.nettali.com\/\"},{\"@type\":\"ListItem\",\"position\":2,\"name\":\"CHEMIN DE FER- Retour du train lors du prochain Magal\"}]},{\"@type\":\"Person\",\"@id\":\"https:\/\/www.nettali.com\/#\/schema\/person\/418274a86bdf87caff7a3ef476bd0bbf\",\"name\":\"Fatou\",\"image\":{\"@type\":\"ImageObject\",\"@id\":\"https:\/\/www.nettali.com\/#personlogo\",\"inLanguage\":\"fr-FR\",\"url\":\"https:\/\/secure.gravatar.com\/avatar\/5a9442a2bee7b4dcf167cab035858e9a?s=96&d=mm&r=g\",\"contentUrl\":\"https:\/\/secure.gravatar.com\/avatar\/5a9442a2bee7b4dcf167cab035858e9a?s=96&d=mm&r=g\",\"caption\":\"Fatou\"},\"sameAs\":[\"https:\/\/www.nettali.com\"]}]}<\/script>\n<!-- \/ Yoast SEO Premium plugin. -->","yoast_head_json":{"title":"CHEMIN DE FER- Retour du train lors du prochain Magal | Nettali.com","robots":{"index":"index","follow":"follow","max-snippet":"max-snippet:-1","max-image-preview":"max-image-preview:large","max-video-preview":"max-video-preview:-1"},"canonical":"https:\/\/www.nettali.com\/2023\/07\/20\/chemin-de-fer-retour-du-train-lors-du-prochain-magal\/","og_locale":"fr_FR","og_type":"article","og_title":"CHEMIN DE FER- Retour du train lors du prochain Magal","og_description":"NETTALI.COM - Le directeur g\u00e9n\u00e9ral de la Soci\u00e9t\u00e9 nationale des chemins de fer (Sn-Cfs), Malick Ndoye, a annonc\u00e9 le grand retour du train exceptionnellement \u00e0 l\u2019occasion du prochain Grand Magal de Touba retenu pour le 4 septembre 2023. C\u2018est lors d\u2019une r\u00e9union d\u2019information consacr\u00e9e \u00e0 la r\u00e9habilitation du chemin de fer sur l\u2019axe Dakar-Tambacounda que [&hellip;]","og_url":"https:\/\/www.nettali.com\/2023\/07\/20\/chemin-de-fer-retour-du-train-lors-du-prochain-magal\/","og_site_name":"Nettali.com","article_publisher":"https:\/\/www.facebook.com\/nettalicom","article_published_time":"2023-07-20T14:53:29+00:00","og_image":[{"width":592,"height":296,"url":"https:\/\/www.nettali.com\/wp-content\/uploads\/2020\/11\/Projets-rehabilitation-chemin-ferroviaire-fer-frontiere-port-gare-Dakar-Bamako-developpement-economie-transport-train-rail-LEUKSENEGAL-Dakar-Senegal-Afrique-infrastructures-afrique-train-dakar-bamako.jpg","type":"image\/jpeg"}],"twitter_card":"summary_large_image","twitter_misc":{"\u00c9crit par":"Fatou","Dur\u00e9e de lecture estim\u00e9e":"2 minutes"},"schema":{"@context":"https:\/\/schema.org","@graph":[{"@type":"WebSite","@id":"https:\/\/www.nettali.com\/#website","url":"https:\/\/www.nettali.com\/","name":"Nettali.com","description":"Le rendez-vous critique du Net","potentialAction":[{"@type":"SearchAction","target":{"@type":"EntryPoint","urlTemplate":"https:\/\/www.nettali.com\/?s={search_term_string}"},"query-input":"required name=search_term_string"}],"inLanguage":"fr-FR"},{"@type":"ImageObject","@id":"https:\/\/www.nettali.com\/2023\/07\/20\/chemin-de-fer-retour-du-train-lors-du-prochain-magal\/#primaryimage","inLanguage":"fr-FR","url":"https:\/\/www.nettali.com\/wp-content\/uploads\/2020\/11\/Projets-rehabilitation-chemin-ferroviaire-fer-frontiere-port-gare-Dakar-Bamako-developpement-economie-transport-train-rail-LEUKSENEGAL-Dakar-Senegal-Afrique-infrastructures-afrique-train-dakar-bamako.jpg","contentUrl":"https:\/\/www.nettali.com\/wp-content\/uploads\/2020\/11\/Projets-rehabilitation-chemin-ferroviaire-fer-frontiere-port-gare-Dakar-Bamako-developpement-economie-transport-train-rail-LEUKSENEGAL-Dakar-Senegal-Afrique-infrastructures-afrique-train-dakar-bamako.jpg","width":592,"height":296},{"@type":"WebPage","@id":"https:\/\/www.nettali.com\/2023\/07\/20\/chemin-de-fer-retour-du-train-lors-du-prochain-magal\/#webpage","url":"https:\/\/www.nettali.com\/2023\/07\/20\/chemin-de-fer-retour-du-train-lors-du-prochain-magal\/","name":"CHEMIN DE FER- Retour du train lors du prochain Magal | Nettali.com","isPartOf":{"@id":"https:\/\/www.nettali.com\/#website"},"primaryImageOfPage":{"@id":"https:\/\/www.nettali.com\/2023\/07\/20\/chemin-de-fer-retour-du-train-lors-du-prochain-magal\/#primaryimage"},"datePublished":"2023-07-20T14:53:29+00:00","dateModified":"2023-07-20T14:53:29+00:00","author":{"@id":"https:\/\/www.nettali.com\/#\/schema\/person\/418274a86bdf87caff7a3ef476bd0bbf"},"breadcrumb":{"@id":"https:\/\/www.nettali.com\/2023\/07\/20\/chemin-de-fer-retour-du-train-lors-du-prochain-magal\/#breadcrumb"},"inLanguage":"fr-FR","potentialAction":[{"@type":"ReadAction","target":["https:\/\/www.nettali.com\/2023\/07\/20\/chemin-de-fer-retour-du-train-lors-du-prochain-magal\/"]}]},{"@type":"BreadcrumbList","@id":"https:\/\/www.nettali.com\/2023\/07\/20\/chemin-de-fer-retour-du-train-lors-du-prochain-magal\/#breadcrumb","itemListElement":[{"@type":"ListItem","position":1,"name":"Accueil","item":"https:\/\/www.nettali.com\/"},{"@type":"ListItem","position":2,"name":"CHEMIN DE FER- Retour du train lors du prochain Magal"}]},{"@type":"Person","@id":"https:\/\/www.nettali.com\/#\/schema\/person\/418274a86bdf87caff7a3ef476bd0bbf","name":"Fatou","image":{"@type":"ImageObject","@id":"https:\/\/www.nettali.com\/#personlogo","inLanguage":"fr-FR","url":"https:\/\/secure.gravatar.com\/avatar\/5a9442a2bee7b4dcf167cab035858e9a?s=96&d=mm&r=g","contentUrl":"https:\/\/secure.gravatar.com\/avatar\/5a9442a2bee7b4dcf167cab035858e9a?s=96&d=mm&r=g","caption":"Fatou"},"sameAs":["https:\/\/www.nettali.com"]}]}},"_links":{"self":[{"href":"https:\/\/www.nettali.com\/rest\/wp\/v2\/posts\/114454"}],"collection":[{"href":"https:\/\/www.nettali.com\/rest\/wp\/v2\/posts"}],"about":[{"href":"https:\/\/www.nettali.com\/rest\/wp\/v2\/types\/post"}],"author":[{"embeddable":true,"href":"https:\/\/www.nettali.com\/rest\/wp\/v2\/users\/6"}],"replies":[{"embeddable":true,"href":"https:\/\/www.nettali.com\/rest\/wp\/v2\/comments?post=114454"}],"version-history":[{"count":3,"href":"https:\/\/www.nettali.com\/rest\/wp\/v2\/posts\/114454\/revisions"}],"predecessor-version":[{"id":114472,"href":"https:\/\/www.nettali.com\/rest\/wp\/v2\/posts\/114454\/revisions\/114472"}],"wp:featuredmedia":[{"embeddable":true,"href":"https:\/\/www.nettali.com\/rest\/wp\/v2\/media\/50982"}],"wp:attachment":[{"href":"https:\/\/www.nettali.com\/rest\/wp\/v2\/media?parent=114454"}],"wp:term":[{"taxonomy":"category","embeddable":true,"href":"https:\/\/www.nettali.com\/rest\/wp\/v2\/categories?post=114454"},{"taxonomy":"post_tag","embeddable":true,"href":"https:\/\/www.nettali.com\/rest\/wp\/v2\/tags?post=114454"}],"curies":[{"name":"wp","href":"https:\/\/api.w.org\/{rel}","templated":true}]}}