{"id":114453,"date":"2023-07-20T14:46:12","date_gmt":"2023-07-20T14:46:12","guid":{"rendered":"https:\/\/www.nettali.com\/?p=114453"},"modified":"2023-07-22T09:57:02","modified_gmt":"2023-07-22T09:57:02","slug":"place-de-la-nation-le-rassemblement-du-f24-interdit-par-le-prefet","status":"publish","type":"post","link":"https:\/\/www.nettali.com\/2023\/07\/20\/place-de-la-nation-le-rassemblement-du-f24-interdit-par-le-prefet\/","title":{"rendered":"PLACE DE LA NATION - Le rassemblement du F24 interdit par le Pr\u00e9fet"},"content":{"rendered":"<p>NETTALI.COM - Le pr\u00e9fet de Dakar, Mor Talla Tine, a interdit le rassemblement projet\u00e9 le vendredi 21 juillet de 15 \u00e0 19 heures, \u00e0 la place de la Nation, par la F24. Aliou San\u00e9, Guy Marius Sagna et Cie voulaient se faire entendre pour exiger la lib\u00e9ration des d\u00e9tenus politiques et l'organisation d'\u00e9lections inclusives.<\/p>\n<p>Le Pr\u00e9fet de Dakar a invoqu\u00e9 \"le risque de trouble \u00e0 l'ordre public\" et l'\"entrave \u00e0 la libre circulation des personnes et des biens\" pour motiver sa d\u00e9cision d'interdiction.<\/p>\n<p>L'autorit\u00e9 pr\u00e9fectorale a demand\u00e9 au commissaire central de Dakar de veiller \u00e0 l'ex\u00e9cution de l'arr\u00eat\u00e9 d'interdiction.<\/p>\n<p><img loading=\"lazy\" class=\"alignnone size-full wp-image-114466\" src=\"https:\/\/www.nettali.com\/wp-content\/uploads\/2023\/07\/interdiction.jpeg\" alt=\"\" width=\"526\" height=\"786\" srcset=\"https:\/\/www.nettali.com\/wp-content\/uploads\/2023\/07\/interdiction.jpeg 526w, https:\/\/www.nettali.com\/wp-content\/uploads\/2023\/07\/interdiction-201x300.jpeg 201w\" sizes=\"(max-width: 526px) 100vw, 526px\" \/><\/p>\n<div class='share-to-whatsapp-wrapper'><div class='share-on-whsp'>PARTAGER SUR : <\/div><a data-text='PLACE DE LA NATION - Le rassemblement du F24 interdit par le Pr\u00e9fet' data-link='https:\/\/www.nettali.com\/2023\/07\/20\/place-de-la-nation-le-rassemblement-du-f24-interdit-par-le-prefet\/' class='whatsapp-button whatsapp-share'>WhatsApp<\/a><div class='clear '><\/div><\/div>","protected":false},"excerpt":{"rendered":"<p>NETTALI.COM - Le pr\u00e9fet de Dakar, Mor Talla Tine, a interdit le rassemblement projet\u00e9 le vendredi 21 juillet de 15 \u00e0 19 heures, \u00e0 la place de la Nation, par la F24. Aliou San\u00e9, Guy Marius Sagna et Cie voulaient se faire entendre pour exiger la lib\u00e9ration des d\u00e9tenus politiques et l'organisation d'\u00e9lections inclusives. Le [&hellip;]<\/p>\n","protected":false},"author":4,"featured_media":100812,"comment_status":"open","ping_status":"open","sticky":false,"template":"","format":"standard","meta":{"_et_pb_use_builder":"","_et_pb_old_content":""},"categories":[2],"tags":[],"yoast_head":"<!-- This site is optimized with the Yoast SEO Premium plugin v17.8 (Yoast SEO v17.8) - https:\/\/yoast.com\/wordpress\/plugins\/seo\/ -->\n<title>PLACE DE LA NATION - Le rassemblement du F24 interdit par le Pr\u00e9fet | Nettali.com<\/title>\n<meta name=\"robots\" content=\"index, follow, max-snippet:-1, max-image-preview:large, max-video-preview:-1\" \/>\n<link rel=\"canonical\" href=\"https:\/\/www.nettali.com\/2023\/07\/20\/place-de-la-nation-le-rassemblement-du-f24-interdit-par-le-prefet\/\" \/>\n<meta property=\"og:locale\" content=\"fr_FR\" \/>\n<meta property=\"og:type\" content=\"article\" \/>\n<meta property=\"og:title\" content=\"PLACE DE LA NATION - Le rassemblement du F24 interdit par le Pr\u00e9fet\" \/>\n<meta property=\"og:description\" content=\"NETTALI.COM - Le pr\u00e9fet de Dakar, Mor Talla Tine, a interdit le rassemblement projet\u00e9 le vendredi 21 juillet de 15 \u00e0 19 heures, \u00e0 la place de la Nation, par la F24. Aliou San\u00e9, Guy Marius Sagna et Cie voulaient se faire entendre pour exiger la lib\u00e9ration des d\u00e9tenus politiques et l&#039;organisation d&#039;\u00e9lections inclusives. Le [&hellip;]\" \/>\n<meta property=\"og:url\" content=\"https:\/\/www.nettali.com\/2023\/07\/20\/place-de-la-nation-le-rassemblement-du-f24-interdit-par-le-prefet\/\" \/>\n<meta property=\"og:site_name\" content=\"Nettali.com\" \/>\n<meta property=\"article:publisher\" content=\"https:\/\/www.facebook.com\/nettalicom\" \/>\n<meta property=\"article:published_time\" content=\"2023-07-20T14:46:12+00:00\" \/>\n<meta property=\"article:modified_time\" content=\"2023-07-22T09:57:02+00:00\" \/>\n<meta property=\"og:image\" content=\"https:\/\/www.nettali.com\/wp-content\/uploads\/2022\/12\/manifestatipn-marche-rassemblement-societe-civile-senegal-dakar.jpg\" \/>\n\t<meta property=\"og:image:width\" content=\"512\" \/>\n\t<meta property=\"og:image:height\" content=\"333\" \/>\n<meta name=\"twitter:card\" content=\"summary_large_image\" \/>\n<meta name=\"twitter:label1\" content=\"\u00c9crit par\" \/>\n\t<meta name=\"twitter:data1\" content=\"Daouda\" \/>\n\t<meta name=\"twitter:label2\" content=\"Dur\u00e9e de lecture estim\u00e9e\" \/>\n\t<meta name=\"twitter:data2\" content=\"1 minute\" \/>\n<script type=\"application\/ld+json\" class=\"yoast-schema-graph\">{\"@context\":\"https:\/\/schema.org\",\"@graph\":[{\"@type\":\"WebSite\",\"@id\":\"https:\/\/www.nettali.com\/#website\",\"url\":\"https:\/\/www.nettali.com\/\",\"name\":\"Nettali.com\",\"description\":\"Le rendez-vous critique du Net\",\"potentialAction\":[{\"@type\":\"SearchAction\",\"target\":{\"@type\":\"EntryPoint\",\"urlTemplate\":\"https:\/\/www.nettali.com\/?s={search_term_string}\"},\"query-input\":\"required name=search_term_string\"}],\"inLanguage\":\"fr-FR\"},{\"@type\":\"ImageObject\",\"@id\":\"https:\/\/www.nettali.com\/2023\/07\/20\/place-de-la-nation-le-rassemblement-du-f24-interdit-par-le-prefet\/#primaryimage\",\"inLanguage\":\"fr-FR\",\"url\":\"https:\/\/www.nettali.com\/wp-content\/uploads\/2022\/12\/manifestatipn-marche-rassemblement-societe-civile-senegal-dakar.jpg\",\"contentUrl\":\"https:\/\/www.nettali.com\/wp-content\/uploads\/2022\/12\/manifestatipn-marche-rassemblement-societe-civile-senegal-dakar.jpg\",\"width\":512,\"height\":333},{\"@type\":\"WebPage\",\"@id\":\"https:\/\/www.nettali.com\/2023\/07\/20\/place-de-la-nation-le-rassemblement-du-f24-interdit-par-le-prefet\/#webpage\",\"url\":\"https:\/\/www.nettali.com\/2023\/07\/20\/place-de-la-nation-le-rassemblement-du-f24-interdit-par-le-prefet\/\",\"name\":\"PLACE DE LA NATION - Le rassemblement du F24 interdit par le Pr\\u00e9fet | Nettali.com\",\"isPartOf\":{\"@id\":\"https:\/\/www.nettali.com\/#website\"},\"primaryImageOfPage\":{\"@id\":\"https:\/\/www.nettali.com\/2023\/07\/20\/place-de-la-nation-le-rassemblement-du-f24-interdit-par-le-prefet\/#primaryimage\"},\"datePublished\":\"2023-07-20T14:46:12+00:00\",\"dateModified\":\"2023-07-22T09:57:02+00:00\",\"author\":{\"@id\":\"https:\/\/www.nettali.com\/#\/schema\/person\/3317e0bb3aa1da309fbf7b2780901bf4\"},\"breadcrumb\":{\"@id\":\"https:\/\/www.nettali.com\/2023\/07\/20\/place-de-la-nation-le-rassemblement-du-f24-interdit-par-le-prefet\/#breadcrumb\"},\"inLanguage\":\"fr-FR\",\"potentialAction\":[{\"@type\":\"ReadAction\",\"target\":[\"https:\/\/www.nettali.com\/2023\/07\/20\/place-de-la-nation-le-rassemblement-du-f24-interdit-par-le-prefet\/\"]}]},{\"@type\":\"BreadcrumbList\",\"@id\":\"https:\/\/www.nettali.com\/2023\/07\/20\/place-de-la-nation-le-rassemblement-du-f24-interdit-par-le-prefet\/#breadcrumb\",\"itemListElement\":[{\"@type\":\"ListItem\",\"position\":1,\"name\":\"Accueil\",\"item\":\"https:\/\/www.nettali.com\/\"},{\"@type\":\"ListItem\",\"position\":2,\"name\":\"PLACE DE LA NATION - Le rassemblement du F24 interdit par le Pr\\u00e9fet\"}]},{\"@type\":\"Person\",\"@id\":\"https:\/\/www.nettali.com\/#\/schema\/person\/3317e0bb3aa1da309fbf7b2780901bf4\",\"name\":\"Daouda\",\"image\":{\"@type\":\"ImageObject\",\"@id\":\"https:\/\/www.nettali.com\/#personlogo\",\"inLanguage\":\"fr-FR\",\"url\":\"https:\/\/secure.gravatar.com\/avatar\/8d143b5a49345098ddcfee1c49c2f47c?s=96&d=mm&r=g\",\"contentUrl\":\"https:\/\/secure.gravatar.com\/avatar\/8d143b5a49345098ddcfee1c49c2f47c?s=96&d=mm&r=g\",\"caption\":\"Daouda\"},\"sameAs\":[\"https:\/\/www.nettali.com\"]}]}<\/script>\n<!-- \/ Yoast SEO Premium plugin. -->","yoast_head_json":{"title":"PLACE DE LA NATION - Le rassemblement du F24 interdit par le Pr\u00e9fet | Nettali.com","robots":{"index":"index","follow":"follow","max-snippet":"max-snippet:-1","max-image-preview":"max-image-preview:large","max-video-preview":"max-video-preview:-1"},"canonical":"https:\/\/www.nettali.com\/2023\/07\/20\/place-de-la-nation-le-rassemblement-du-f24-interdit-par-le-prefet\/","og_locale":"fr_FR","og_type":"article","og_title":"PLACE DE LA NATION - Le rassemblement du F24 interdit par le Pr\u00e9fet","og_description":"NETTALI.COM - Le pr\u00e9fet de Dakar, Mor Talla Tine, a interdit le rassemblement projet\u00e9 le vendredi 21 juillet de 15 \u00e0 19 heures, \u00e0 la place de la Nation, par la F24. Aliou San\u00e9, Guy Marius Sagna et Cie voulaient se faire entendre pour exiger la lib\u00e9ration des d\u00e9tenus politiques et l'organisation d'\u00e9lections inclusives. Le [&hellip;]","og_url":"https:\/\/www.nettali.com\/2023\/07\/20\/place-de-la-nation-le-rassemblement-du-f24-interdit-par-le-prefet\/","og_site_name":"Nettali.com","article_publisher":"https:\/\/www.facebook.com\/nettalicom","article_published_time":"2023-07-20T14:46:12+00:00","article_modified_time":"2023-07-22T09:57:02+00:00","og_image":[{"width":512,"height":333,"url":"https:\/\/www.nettali.com\/wp-content\/uploads\/2022\/12\/manifestatipn-marche-rassemblement-societe-civile-senegal-dakar.jpg","type":"image\/jpeg"}],"twitter_card":"summary_large_image","twitter_misc":{"\u00c9crit par":"Daouda","Dur\u00e9e de lecture estim\u00e9e":"1 minute"},"schema":{"@context":"https:\/\/schema.org","@graph":[{"@type":"WebSite","@id":"https:\/\/www.nettali.com\/#website","url":"https:\/\/www.nettali.com\/","name":"Nettali.com","description":"Le rendez-vous critique du Net","potentialAction":[{"@type":"SearchAction","target":{"@type":"EntryPoint","urlTemplate":"https:\/\/www.nettali.com\/?s={search_term_string}"},"query-input":"required name=search_term_string"}],"inLanguage":"fr-FR"},{"@type":"ImageObject","@id":"https:\/\/www.nettali.com\/2023\/07\/20\/place-de-la-nation-le-rassemblement-du-f24-interdit-par-le-prefet\/#primaryimage","inLanguage":"fr-FR","url":"https:\/\/www.nettali.com\/wp-content\/uploads\/2022\/12\/manifestatipn-marche-rassemblement-societe-civile-senegal-dakar.jpg","contentUrl":"https:\/\/www.nettali.com\/wp-content\/uploads\/2022\/12\/manifestatipn-marche-rassemblement-societe-civile-senegal-dakar.jpg","width":512,"height":333},{"@type":"WebPage","@id":"https:\/\/www.nettali.com\/2023\/07\/20\/place-de-la-nation-le-rassemblement-du-f24-interdit-par-le-prefet\/#webpage","url":"https:\/\/www.nettali.com\/2023\/07\/20\/place-de-la-nation-le-rassemblement-du-f24-interdit-par-le-prefet\/","name":"PLACE DE LA NATION - Le rassemblement du F24 interdit par le Pr\u00e9fet | Nettali.com","isPartOf":{"@id":"https:\/\/www.nettali.com\/#website"},"primaryImageOfPage":{"@id":"https:\/\/www.nettali.com\/2023\/07\/20\/place-de-la-nation-le-rassemblement-du-f24-interdit-par-le-prefet\/#primaryimage"},"datePublished":"2023-07-20T14:46:12+00:00","dateModified":"2023-07-22T09:57:02+00:00","author":{"@id":"https:\/\/www.nettali.com\/#\/schema\/person\/3317e0bb3aa1da309fbf7b2780901bf4"},"breadcrumb":{"@id":"https:\/\/www.nettali.com\/2023\/07\/20\/place-de-la-nation-le-rassemblement-du-f24-interdit-par-le-prefet\/#breadcrumb"},"inLanguage":"fr-FR","potentialAction":[{"@type":"ReadAction","target":["https:\/\/www.nettali.com\/2023\/07\/20\/place-de-la-nation-le-rassemblement-du-f24-interdit-par-le-prefet\/"]}]},{"@type":"BreadcrumbList","@id":"https:\/\/www.nettali.com\/2023\/07\/20\/place-de-la-nation-le-rassemblement-du-f24-interdit-par-le-prefet\/#breadcrumb","itemListElement":[{"@type":"ListItem","position":1,"name":"Accueil","item":"https:\/\/www.nettali.com\/"},{"@type":"ListItem","position":2,"name":"PLACE DE LA NATION - Le rassemblement du F24 interdit par le Pr\u00e9fet"}]},{"@type":"Person","@id":"https:\/\/www.nettali.com\/#\/schema\/person\/3317e0bb3aa1da309fbf7b2780901bf4","name":"Daouda","image":{"@type":"ImageObject","@id":"https:\/\/www.nettali.com\/#personlogo","inLanguage":"fr-FR","url":"https:\/\/secure.gravatar.com\/avatar\/8d143b5a49345098ddcfee1c49c2f47c?s=96&d=mm&r=g","contentUrl":"https:\/\/secure.gravatar.com\/avatar\/8d143b5a49345098ddcfee1c49c2f47c?s=96&d=mm&r=g","caption":"Daouda"},"sameAs":["https:\/\/www.nettali.com"]}]}},"_links":{"self":[{"href":"https:\/\/www.nettali.com\/rest\/wp\/v2\/posts\/114453"}],"collection":[{"href":"https:\/\/www.nettali.com\/rest\/wp\/v2\/posts"}],"about":[{"href":"https:\/\/www.nettali.com\/rest\/wp\/v2\/types\/post"}],"author":[{"embeddable":true,"href":"https:\/\/www.nettali.com\/rest\/wp\/v2\/users\/4"}],"replies":[{"embeddable":true,"href":"https:\/\/www.nettali.com\/rest\/wp\/v2\/comments?post=114453"}],"version-history":[{"count":2,"href":"https:\/\/www.nettali.com\/rest\/wp\/v2\/posts\/114453\/revisions"}],"predecessor-version":[{"id":114469,"href":"https:\/\/www.nettali.com\/rest\/wp\/v2\/posts\/114453\/revisions\/114469"}],"wp:featuredmedia":[{"embeddable":true,"href":"https:\/\/www.nettali.com\/rest\/wp\/v2\/media\/100812"}],"wp:attachment":[{"href":"https:\/\/www.nettali.com\/rest\/wp\/v2\/media?parent=114453"}],"wp:term":[{"taxonomy":"category","embeddable":true,"href":"https:\/\/www.nettali.com\/rest\/wp\/v2\/categories?post=114453"},{"taxonomy":"post_tag","embeddable":true,"href":"https:\/\/www.nettali.com\/rest\/wp\/v2\/tags?post=114453"}],"curies":[{"name":"wp","href":"https:\/\/api.w.org\/{rel}","templated":true}]}}