{"id":114412,"date":"2023-07-20T09:08:48","date_gmt":"2023-07-20T09:08:48","guid":{"rendered":"https:\/\/www.nettali.com\/?p=114412"},"modified":"2023-07-20T09:08:48","modified_gmt":"2023-07-20T09:08:48","slug":"viol-sur-mineure-le-brancardier-du-centre-talibou-dabo-condamne-a-10-ans-de-reclusion-criminelle","status":"publish","type":"post","link":"https:\/\/www.nettali.com\/2023\/07\/20\/viol-sur-mineure-le-brancardier-du-centre-talibou-dabo-condamne-a-10-ans-de-reclusion-criminelle\/","title":{"rendered":"VIOL SUR MINEURE-Le brancardier du centre Talibou Dabo condamn\u00e9 \u00e0 10 ans\u00a0de r\u00e9clusion criminelle"},"content":{"rendered":"<p><strong>NETTALI.COM - <\/strong><strong>Un ex-brancardier au centre Talibou Dabo a \u00e9t\u00e9 condamn\u00e9 \u00e0\u00a0 10 ans de r\u00e9clusion criminelle. Mouhamadou Moustapha Lo a \u00e9t\u00e9 reconnu coupable de viol et de\u00a0 p\u00e9dophilie sur deux \u00e9l\u00e8ves mineures et handicap\u00e9es.\u00a0<\/strong><\/p>\n<p>La chambre criminelle de Dakar a tranch\u00e9 dans l\u2019affaire opposant Mouhamadou Moustapha Lo, un ex-brancardier au centre Talibou Dabo et aux \u00e9l\u00e8ves R. Nd et F. B. F. L'accus\u00e9 a \u00e9t\u00e9 reconnu coupable de viol et de p\u00e9dophilie sur les deux mineures handicap\u00e9es. Le parquet avait requis lors du proc\u00e8s, le 18 mai dernier, une peine de 20 ans de r\u00e9clusion criminelle.<\/p>\n<p>Lors du proc\u00e8s, la victime R. Nd a expliqu\u00e9 que son bourreau a abus\u00e9 d'elle deux fois.\u00a0 D\u2019abord il lui a fait des attouchements dans le bus ensuite il l\u2019a p\u00e9n\u00e9tr\u00e9 dans les toilettes de l\u2019\u00e9cole. L'autre victime absente a expliqu\u00e9 dans le proc\u00e8s verbal d'enqu\u00eate pr\u00e9liminaire et \u00e0 l'instruction que le brancardier l'avait suivie dans les toilettes sous le pr\u00e9texte de l'aider \u00e0 changer de tampon. Ce qu'elle pouvait faire toute seule sans assistance. Mais l'accus\u00e9 s'\u00e9tait ent\u00eat\u00e9 et avait introduit son doigt dans son sexe.<\/p>\n<p>Devant, la barre, Mouhamadou M. Lo avait totalement ni\u00e9 les faits\u00a0 en parlant de cabale et fausses accusations. Il avait implor\u00e9 de mettre fin \u00e0 sa souffrance en prison. Ce n'est pas encore pour maintenant car il lui reste sept ans encore \u00e0 purger.<\/p>\n<div class='share-to-whatsapp-wrapper'><div class='share-on-whsp'>PARTAGER SUR : <\/div><a data-text='VIOL SUR MINEURE-Le brancardier du centre Talibou Dabo condamn\u00e9 \u00e0 10 ans\u00a0de r\u00e9clusion criminelle' data-link='https:\/\/www.nettali.com\/2023\/07\/20\/viol-sur-mineure-le-brancardier-du-centre-talibou-dabo-condamne-a-10-ans-de-reclusion-criminelle\/' class='whatsapp-button whatsapp-share'>WhatsApp<\/a><div class='clear '><\/div><\/div>","protected":false},"excerpt":{"rendered":"<p>NETTALI.COM - Un ex-brancardier au centre Talibou Dabo a \u00e9t\u00e9 condamn\u00e9 \u00e0\u00a0 10 ans de r\u00e9clusion criminelle. Mouhamadou Moustapha Lo a \u00e9t\u00e9 reconnu coupable de viol et de\u00a0 p\u00e9dophilie sur deux \u00e9l\u00e8ves mineures et handicap\u00e9es.\u00a0 La chambre criminelle de Dakar a tranch\u00e9 dans l\u2019affaire opposant Mouhamadou Moustapha Lo, un ex-brancardier au centre Talibou Dabo et [&hellip;]<\/p>\n","protected":false},"author":6,"featured_media":114413,"comment_status":"open","ping_status":"open","sticky":false,"template":"","format":"standard","meta":{"_et_pb_use_builder":"","_et_pb_old_content":""},"categories":[3],"tags":[],"yoast_head":"<!-- This site is optimized with the Yoast SEO Premium plugin v17.8 (Yoast SEO v17.8) - https:\/\/yoast.com\/wordpress\/plugins\/seo\/ -->\n<title>VIOL SUR MINEURE-Le brancardier du centre Talibou Dabo condamn\u00e9 \u00e0 10 ans\u00a0de r\u00e9clusion criminelle | Nettali.com<\/title>\n<meta name=\"robots\" content=\"index, follow, max-snippet:-1, max-image-preview:large, max-video-preview:-1\" \/>\n<link rel=\"canonical\" href=\"https:\/\/www.nettali.com\/2023\/07\/20\/viol-sur-mineure-le-brancardier-du-centre-talibou-dabo-condamne-a-10-ans-de-reclusion-criminelle\/\" \/>\n<meta property=\"og:locale\" content=\"fr_FR\" \/>\n<meta property=\"og:type\" content=\"article\" \/>\n<meta property=\"og:title\" content=\"VIOL SUR MINEURE-Le brancardier du centre Talibou Dabo condamn\u00e9 \u00e0 10 ans\u00a0de r\u00e9clusion criminelle\" \/>\n<meta property=\"og:description\" content=\"NETTALI.COM - Un ex-brancardier au centre Talibou Dabo a \u00e9t\u00e9 condamn\u00e9 \u00e0\u00a0 10 ans de r\u00e9clusion criminelle. Mouhamadou Moustapha Lo a \u00e9t\u00e9 reconnu coupable de viol et de\u00a0 p\u00e9dophilie sur deux \u00e9l\u00e8ves mineures et handicap\u00e9es.\u00a0 La chambre criminelle de Dakar a tranch\u00e9 dans l\u2019affaire opposant Mouhamadou Moustapha Lo, un ex-brancardier au centre Talibou Dabo et [&hellip;]\" \/>\n<meta property=\"og:url\" content=\"https:\/\/www.nettali.com\/2023\/07\/20\/viol-sur-mineure-le-brancardier-du-centre-talibou-dabo-condamne-a-10-ans-de-reclusion-criminelle\/\" \/>\n<meta property=\"og:site_name\" content=\"Nettali.com\" \/>\n<meta property=\"article:publisher\" content=\"https:\/\/www.facebook.com\/nettalicom\" \/>\n<meta property=\"article:published_time\" content=\"2023-07-20T09:08:48+00:00\" \/>\n<meta property=\"og:image\" content=\"https:\/\/www.nettali.com\/wp-content\/uploads\/2023\/07\/telechargement-3.jpeg\" \/>\n\t<meta property=\"og:image:width\" content=\"275\" \/>\n\t<meta property=\"og:image:height\" content=\"183\" \/>\n<meta name=\"twitter:card\" content=\"summary_large_image\" \/>\n<meta name=\"twitter:label1\" content=\"\u00c9crit par\" \/>\n\t<meta name=\"twitter:data1\" content=\"Fatou\" \/>\n\t<meta name=\"twitter:label2\" content=\"Dur\u00e9e de lecture estim\u00e9e\" \/>\n\t<meta name=\"twitter:data2\" content=\"2 minutes\" \/>\n<script type=\"application\/ld+json\" class=\"yoast-schema-graph\">{\"@context\":\"https:\/\/schema.org\",\"@graph\":[{\"@type\":\"WebSite\",\"@id\":\"https:\/\/www.nettali.com\/#website\",\"url\":\"https:\/\/www.nettali.com\/\",\"name\":\"Nettali.com\",\"description\":\"Le rendez-vous critique du Net\",\"potentialAction\":[{\"@type\":\"SearchAction\",\"target\":{\"@type\":\"EntryPoint\",\"urlTemplate\":\"https:\/\/www.nettali.com\/?s={search_term_string}\"},\"query-input\":\"required name=search_term_string\"}],\"inLanguage\":\"fr-FR\"},{\"@type\":\"ImageObject\",\"@id\":\"https:\/\/www.nettali.com\/2023\/07\/20\/viol-sur-mineure-le-brancardier-du-centre-talibou-dabo-condamne-a-10-ans-de-reclusion-criminelle\/#primaryimage\",\"inLanguage\":\"fr-FR\",\"url\":\"https:\/\/www.nettali.com\/wp-content\/uploads\/2023\/07\/telechargement-3.jpeg\",\"contentUrl\":\"https:\/\/www.nettali.com\/wp-content\/uploads\/2023\/07\/telechargement-3.jpeg\",\"width\":275,\"height\":183},{\"@type\":\"WebPage\",\"@id\":\"https:\/\/www.nettali.com\/2023\/07\/20\/viol-sur-mineure-le-brancardier-du-centre-talibou-dabo-condamne-a-10-ans-de-reclusion-criminelle\/#webpage\",\"url\":\"https:\/\/www.nettali.com\/2023\/07\/20\/viol-sur-mineure-le-brancardier-du-centre-talibou-dabo-condamne-a-10-ans-de-reclusion-criminelle\/\",\"name\":\"VIOL SUR MINEURE-Le brancardier du centre Talibou Dabo condamn\\u00e9 \\u00e0 10 ans\\u00a0de r\\u00e9clusion criminelle | Nettali.com\",\"isPartOf\":{\"@id\":\"https:\/\/www.nettali.com\/#website\"},\"primaryImageOfPage\":{\"@id\":\"https:\/\/www.nettali.com\/2023\/07\/20\/viol-sur-mineure-le-brancardier-du-centre-talibou-dabo-condamne-a-10-ans-de-reclusion-criminelle\/#primaryimage\"},\"datePublished\":\"2023-07-20T09:08:48+00:00\",\"dateModified\":\"2023-07-20T09:08:48+00:00\",\"author\":{\"@id\":\"https:\/\/www.nettali.com\/#\/schema\/person\/418274a86bdf87caff7a3ef476bd0bbf\"},\"breadcrumb\":{\"@id\":\"https:\/\/www.nettali.com\/2023\/07\/20\/viol-sur-mineure-le-brancardier-du-centre-talibou-dabo-condamne-a-10-ans-de-reclusion-criminelle\/#breadcrumb\"},\"inLanguage\":\"fr-FR\",\"potentialAction\":[{\"@type\":\"ReadAction\",\"target\":[\"https:\/\/www.nettali.com\/2023\/07\/20\/viol-sur-mineure-le-brancardier-du-centre-talibou-dabo-condamne-a-10-ans-de-reclusion-criminelle\/\"]}]},{\"@type\":\"BreadcrumbList\",\"@id\":\"https:\/\/www.nettali.com\/2023\/07\/20\/viol-sur-mineure-le-brancardier-du-centre-talibou-dabo-condamne-a-10-ans-de-reclusion-criminelle\/#breadcrumb\",\"itemListElement\":[{\"@type\":\"ListItem\",\"position\":1,\"name\":\"Accueil\",\"item\":\"https:\/\/www.nettali.com\/\"},{\"@type\":\"ListItem\",\"position\":2,\"name\":\"VIOL SUR MINEURE-Le brancardier du centre Talibou Dabo condamn\\u00e9 \\u00e0 10 ans\\u00a0de r\\u00e9clusion criminelle\"}]},{\"@type\":\"Person\",\"@id\":\"https:\/\/www.nettali.com\/#\/schema\/person\/418274a86bdf87caff7a3ef476bd0bbf\",\"name\":\"Fatou\",\"image\":{\"@type\":\"ImageObject\",\"@id\":\"https:\/\/www.nettali.com\/#personlogo\",\"inLanguage\":\"fr-FR\",\"url\":\"https:\/\/secure.gravatar.com\/avatar\/5a9442a2bee7b4dcf167cab035858e9a?s=96&d=mm&r=g\",\"contentUrl\":\"https:\/\/secure.gravatar.com\/avatar\/5a9442a2bee7b4dcf167cab035858e9a?s=96&d=mm&r=g\",\"caption\":\"Fatou\"},\"sameAs\":[\"https:\/\/www.nettali.com\"]}]}<\/script>\n<!-- \/ Yoast SEO Premium plugin. -->","yoast_head_json":{"title":"VIOL SUR MINEURE-Le brancardier du centre Talibou Dabo condamn\u00e9 \u00e0 10 ans\u00a0de r\u00e9clusion criminelle | Nettali.com","robots":{"index":"index","follow":"follow","max-snippet":"max-snippet:-1","max-image-preview":"max-image-preview:large","max-video-preview":"max-video-preview:-1"},"canonical":"https:\/\/www.nettali.com\/2023\/07\/20\/viol-sur-mineure-le-brancardier-du-centre-talibou-dabo-condamne-a-10-ans-de-reclusion-criminelle\/","og_locale":"fr_FR","og_type":"article","og_title":"VIOL SUR MINEURE-Le brancardier du centre Talibou Dabo condamn\u00e9 \u00e0 10 ans\u00a0de r\u00e9clusion criminelle","og_description":"NETTALI.COM - Un ex-brancardier au centre Talibou Dabo a \u00e9t\u00e9 condamn\u00e9 \u00e0\u00a0 10 ans de r\u00e9clusion criminelle. Mouhamadou Moustapha Lo a \u00e9t\u00e9 reconnu coupable de viol et de\u00a0 p\u00e9dophilie sur deux \u00e9l\u00e8ves mineures et handicap\u00e9es.\u00a0 La chambre criminelle de Dakar a tranch\u00e9 dans l\u2019affaire opposant Mouhamadou Moustapha Lo, un ex-brancardier au centre Talibou Dabo et [&hellip;]","og_url":"https:\/\/www.nettali.com\/2023\/07\/20\/viol-sur-mineure-le-brancardier-du-centre-talibou-dabo-condamne-a-10-ans-de-reclusion-criminelle\/","og_site_name":"Nettali.com","article_publisher":"https:\/\/www.facebook.com\/nettalicom","article_published_time":"2023-07-20T09:08:48+00:00","og_image":[{"width":275,"height":183,"url":"https:\/\/www.nettali.com\/wp-content\/uploads\/2023\/07\/telechargement-3.jpeg","type":"image\/jpeg"}],"twitter_card":"summary_large_image","twitter_misc":{"\u00c9crit par":"Fatou","Dur\u00e9e de lecture estim\u00e9e":"2 minutes"},"schema":{"@context":"https:\/\/schema.org","@graph":[{"@type":"WebSite","@id":"https:\/\/www.nettali.com\/#website","url":"https:\/\/www.nettali.com\/","name":"Nettali.com","description":"Le rendez-vous critique du Net","potentialAction":[{"@type":"SearchAction","target":{"@type":"EntryPoint","urlTemplate":"https:\/\/www.nettali.com\/?s={search_term_string}"},"query-input":"required name=search_term_string"}],"inLanguage":"fr-FR"},{"@type":"ImageObject","@id":"https:\/\/www.nettali.com\/2023\/07\/20\/viol-sur-mineure-le-brancardier-du-centre-talibou-dabo-condamne-a-10-ans-de-reclusion-criminelle\/#primaryimage","inLanguage":"fr-FR","url":"https:\/\/www.nettali.com\/wp-content\/uploads\/2023\/07\/telechargement-3.jpeg","contentUrl":"https:\/\/www.nettali.com\/wp-content\/uploads\/2023\/07\/telechargement-3.jpeg","width":275,"height":183},{"@type":"WebPage","@id":"https:\/\/www.nettali.com\/2023\/07\/20\/viol-sur-mineure-le-brancardier-du-centre-talibou-dabo-condamne-a-10-ans-de-reclusion-criminelle\/#webpage","url":"https:\/\/www.nettali.com\/2023\/07\/20\/viol-sur-mineure-le-brancardier-du-centre-talibou-dabo-condamne-a-10-ans-de-reclusion-criminelle\/","name":"VIOL SUR MINEURE-Le brancardier du centre Talibou Dabo condamn\u00e9 \u00e0 10 ans\u00a0de r\u00e9clusion criminelle | Nettali.com","isPartOf":{"@id":"https:\/\/www.nettali.com\/#website"},"primaryImageOfPage":{"@id":"https:\/\/www.nettali.com\/2023\/07\/20\/viol-sur-mineure-le-brancardier-du-centre-talibou-dabo-condamne-a-10-ans-de-reclusion-criminelle\/#primaryimage"},"datePublished":"2023-07-20T09:08:48+00:00","dateModified":"2023-07-20T09:08:48+00:00","author":{"@id":"https:\/\/www.nettali.com\/#\/schema\/person\/418274a86bdf87caff7a3ef476bd0bbf"},"breadcrumb":{"@id":"https:\/\/www.nettali.com\/2023\/07\/20\/viol-sur-mineure-le-brancardier-du-centre-talibou-dabo-condamne-a-10-ans-de-reclusion-criminelle\/#breadcrumb"},"inLanguage":"fr-FR","potentialAction":[{"@type":"ReadAction","target":["https:\/\/www.nettali.com\/2023\/07\/20\/viol-sur-mineure-le-brancardier-du-centre-talibou-dabo-condamne-a-10-ans-de-reclusion-criminelle\/"]}]},{"@type":"BreadcrumbList","@id":"https:\/\/www.nettali.com\/2023\/07\/20\/viol-sur-mineure-le-brancardier-du-centre-talibou-dabo-condamne-a-10-ans-de-reclusion-criminelle\/#breadcrumb","itemListElement":[{"@type":"ListItem","position":1,"name":"Accueil","item":"https:\/\/www.nettali.com\/"},{"@type":"ListItem","position":2,"name":"VIOL SUR MINEURE-Le brancardier du centre Talibou Dabo condamn\u00e9 \u00e0 10 ans\u00a0de r\u00e9clusion criminelle"}]},{"@type":"Person","@id":"https:\/\/www.nettali.com\/#\/schema\/person\/418274a86bdf87caff7a3ef476bd0bbf","name":"Fatou","image":{"@type":"ImageObject","@id":"https:\/\/www.nettali.com\/#personlogo","inLanguage":"fr-FR","url":"https:\/\/secure.gravatar.com\/avatar\/5a9442a2bee7b4dcf167cab035858e9a?s=96&d=mm&r=g","contentUrl":"https:\/\/secure.gravatar.com\/avatar\/5a9442a2bee7b4dcf167cab035858e9a?s=96&d=mm&r=g","caption":"Fatou"},"sameAs":["https:\/\/www.nettali.com"]}]}},"_links":{"self":[{"href":"https:\/\/www.nettali.com\/rest\/wp\/v2\/posts\/114412"}],"collection":[{"href":"https:\/\/www.nettali.com\/rest\/wp\/v2\/posts"}],"about":[{"href":"https:\/\/www.nettali.com\/rest\/wp\/v2\/types\/post"}],"author":[{"embeddable":true,"href":"https:\/\/www.nettali.com\/rest\/wp\/v2\/users\/6"}],"replies":[{"embeddable":true,"href":"https:\/\/www.nettali.com\/rest\/wp\/v2\/comments?post=114412"}],"version-history":[{"count":3,"href":"https:\/\/www.nettali.com\/rest\/wp\/v2\/posts\/114412\/revisions"}],"predecessor-version":[{"id":114419,"href":"https:\/\/www.nettali.com\/rest\/wp\/v2\/posts\/114412\/revisions\/114419"}],"wp:featuredmedia":[{"embeddable":true,"href":"https:\/\/www.nettali.com\/rest\/wp\/v2\/media\/114413"}],"wp:attachment":[{"href":"https:\/\/www.nettali.com\/rest\/wp\/v2\/media?parent=114412"}],"wp:term":[{"taxonomy":"category","embeddable":true,"href":"https:\/\/www.nettali.com\/rest\/wp\/v2\/categories?post=114412"},{"taxonomy":"post_tag","embeddable":true,"href":"https:\/\/www.nettali.com\/rest\/wp\/v2\/tags?post=114412"}],"curies":[{"name":"wp","href":"https:\/\/api.w.org\/{rel}","templated":true}]}}