{"id":114340,"date":"2023-07-19T07:24:32","date_gmt":"2023-07-19T07:24:32","guid":{"rendered":"https:\/\/www.nettali.com\/?p=114340"},"modified":"2023-07-19T11:44:13","modified_gmt":"2023-07-19T11:44:13","slug":"en-coulisses-force-fonds-covid-19-la-dic-boucle-les-dossiers","status":"publish","type":"post","link":"https:\/\/www.nettali.com\/2023\/07\/19\/en-coulisses-force-fonds-covid-19-la-dic-boucle-les-dossiers\/","title":{"rendered":"EN COULISSES - Force fonds covid 19 : la Dic boucle les dossiers"},"content":{"rendered":"<div class=\"page\" title=\"Page 2\">\n<div class=\"section\">\n<div class=\"layoutArea\">\n<div class=\"column\">\n<p><strong>NETTALI.COM -<\/strong> Face au tolle\u0301 suscite\u0301 par le rapport de la Cour des comptes sur les fonds Force Covid-19, le parquet dirig\u00e9 par Hamady Diouf, \u00e0 l'\u00e9poque, avait saisi la Division des investigations criminelles (Dic) afin de faire la lumie\u0300re sur plusieurs cas de soupc\u0327ons de malversations. Cinq mois plus tard, l'on a appris que les hommes du commissaire Adrame\u0301 Sarr sont au terme de leurs minutieuses investigations.<\/p>\n<p>Selon en effet nos informations, les enque\u0302teurs ont de\u0301ja\u0300 boucle\u0301 et transmis les r\u00e9sultats a\u0300 l\u2019autorite\u0301 judiciaire compe\u0301tente. A\u0300 charge pour cette dernie\u0300re de juger de l\u2019opportunite\u0301 ou non de poursuivre les pre\u0301sume\u0301s de\u0301linquants.<\/p>\n<p>Parmi les ministe\u0300res concerne\u0301s par les dossiers d\u2019enque\u0302te, on peut noter celui en charge de la Femme, de la Famille et du Genre ; le ministe\u0300re de l\u2019Industrie et de la Petite et moyenne industrie ; les ministe\u0300res charge\u0301s de la Ge\u0301ologie, de la Jeunesse, des Sports, de la Culture et de la Communication, ainsi que le ministe\u0300re du De\u0301veloppement communautaire.<\/p>\n<p>De m\u00eame l'on a aussi appris que l\u2019enque\u0302te concernant le ministe\u0300re de la Sante\u0301 sous Abdoulaye Diouf Sarr, est en phase de bouclage.<\/p>\n<\/div>\n<div class=\"column\">Rappelons qu'\u00e0 travers un communique\u0301, le procureur de la r\u00e9publique de l'\u00e9poque insistait sur la rapidit\u00e9 des enqu\u00eates \u00e0 mener.\u00a0 \"Ces enque\u0302tes, au regard de la gravite\u0301 des faits de\u0301nonce\u0301s et de la nature des fonds en question, devront e\u0302tre de\u0301bute\u0301es sans de\u0301lai et conduites avec ce\u0301le\u0301rite\u0301 ainsi qu\u2019une grande rigueur aussi bien professionnelle que proce\u0301durale\u201d, soulignait M. Diouf, qui promettait que les personnes signale\u0301es \"seront rigoureusement traduites devant les juridictions et punies conforme\u0301ment a\u0300 la loi\". Une affaire donc \u00e0 suivre.<\/div>\n<\/div>\n<\/div>\n<\/div>\n<div class='share-to-whatsapp-wrapper'><div class='share-on-whsp'>PARTAGER SUR : <\/div><a data-text='EN COULISSES - Force fonds covid 19 : la Dic boucle les dossiers' data-link='https:\/\/www.nettali.com\/2023\/07\/19\/en-coulisses-force-fonds-covid-19-la-dic-boucle-les-dossiers\/' class='whatsapp-button whatsapp-share'>WhatsApp<\/a><div class='clear '><\/div><\/div>","protected":false},"excerpt":{"rendered":"<p>NETTALI.COM - Face au tolle\u0301 suscite\u0301 par le rapport de la Cour des comptes sur les fonds Force Covid-19, le parquet dirig\u00e9 par Hamady Diouf, \u00e0 l'\u00e9poque, avait saisi la Division des investigations criminelles (Dic) afin de faire la lumie\u0300re sur plusieurs cas de soupc\u0327ons de malversations. Cinq mois plus tard, l'on a appris que [&hellip;]<\/p>\n","protected":false},"author":2,"featured_media":114370,"comment_status":"open","ping_status":"open","sticky":false,"template":"","format":"standard","meta":{"_et_pb_use_builder":"","_et_pb_old_content":""},"categories":[34945],"tags":[],"yoast_head":"<!-- This site is optimized with the Yoast SEO Premium plugin v17.8 (Yoast SEO v17.8) - https:\/\/yoast.com\/wordpress\/plugins\/seo\/ -->\n<title>EN COULISSES - Force fonds covid 19 : la Dic boucle les dossiers | Nettali.com<\/title>\n<meta name=\"robots\" content=\"index, follow, max-snippet:-1, max-image-preview:large, max-video-preview:-1\" \/>\n<link rel=\"canonical\" href=\"https:\/\/www.nettali.com\/2023\/07\/19\/en-coulisses-force-fonds-covid-19-la-dic-boucle-les-dossiers\/\" \/>\n<meta property=\"og:locale\" content=\"fr_FR\" \/>\n<meta property=\"og:type\" content=\"article\" \/>\n<meta property=\"og:title\" content=\"EN COULISSES - Force fonds covid 19 : la Dic boucle les dossiers\" \/>\n<meta property=\"og:description\" content=\"NETTALI.COM - Face au tolle\u0301 suscite\u0301 par le rapport de la Cour des comptes sur les fonds Force Covid-19, le parquet dirig\u00e9 par Hamady Diouf, \u00e0 l&#039;\u00e9poque, avait saisi la Division des investigations criminelles (Dic) afin de faire la lumie\u0300re sur plusieurs cas de soupc\u0327ons de malversations. Cinq mois plus tard, l&#039;on a appris que [&hellip;]\" \/>\n<meta property=\"og:url\" content=\"https:\/\/www.nettali.com\/2023\/07\/19\/en-coulisses-force-fonds-covid-19-la-dic-boucle-les-dossiers\/\" \/>\n<meta property=\"og:site_name\" content=\"Nettali.com\" \/>\n<meta property=\"article:publisher\" content=\"https:\/\/www.facebook.com\/nettalicom\" \/>\n<meta property=\"article:published_time\" content=\"2023-07-19T07:24:32+00:00\" \/>\n<meta property=\"article:modified_time\" content=\"2023-07-19T11:44:13+00:00\" \/>\n<meta property=\"og:image\" content=\"https:\/\/www.nettali.com\/wp-content\/uploads\/2023\/07\/riz-bon-960x450-1.jpg\" \/>\n\t<meta property=\"og:image:width\" content=\"960\" \/>\n\t<meta property=\"og:image:height\" content=\"450\" \/>\n<meta name=\"twitter:card\" content=\"summary_large_image\" \/>\n<meta name=\"twitter:label1\" content=\"\u00c9crit par\" \/>\n\t<meta name=\"twitter:data1\" content=\"CK\" \/>\n\t<meta name=\"twitter:label2\" content=\"Dur\u00e9e de lecture estim\u00e9e\" \/>\n\t<meta name=\"twitter:data2\" content=\"2 minutes\" \/>\n<script type=\"application\/ld+json\" class=\"yoast-schema-graph\">{\"@context\":\"https:\/\/schema.org\",\"@graph\":[{\"@type\":\"WebSite\",\"@id\":\"https:\/\/www.nettali.com\/#website\",\"url\":\"https:\/\/www.nettali.com\/\",\"name\":\"Nettali.com\",\"description\":\"Le rendez-vous critique du Net\",\"potentialAction\":[{\"@type\":\"SearchAction\",\"target\":{\"@type\":\"EntryPoint\",\"urlTemplate\":\"https:\/\/www.nettali.com\/?s={search_term_string}\"},\"query-input\":\"required name=search_term_string\"}],\"inLanguage\":\"fr-FR\"},{\"@type\":\"ImageObject\",\"@id\":\"https:\/\/www.nettali.com\/2023\/07\/19\/en-coulisses-force-fonds-covid-19-la-dic-boucle-les-dossiers\/#primaryimage\",\"inLanguage\":\"fr-FR\",\"url\":\"https:\/\/www.nettali.com\/wp-content\/uploads\/2023\/07\/riz-bon-960x450-1.jpg\",\"contentUrl\":\"https:\/\/www.nettali.com\/wp-content\/uploads\/2023\/07\/riz-bon-960x450-1.jpg\",\"width\":960,\"height\":450},{\"@type\":\"WebPage\",\"@id\":\"https:\/\/www.nettali.com\/2023\/07\/19\/en-coulisses-force-fonds-covid-19-la-dic-boucle-les-dossiers\/#webpage\",\"url\":\"https:\/\/www.nettali.com\/2023\/07\/19\/en-coulisses-force-fonds-covid-19-la-dic-boucle-les-dossiers\/\",\"name\":\"EN COULISSES - Force fonds covid 19 : la Dic boucle les dossiers | Nettali.com\",\"isPartOf\":{\"@id\":\"https:\/\/www.nettali.com\/#website\"},\"primaryImageOfPage\":{\"@id\":\"https:\/\/www.nettali.com\/2023\/07\/19\/en-coulisses-force-fonds-covid-19-la-dic-boucle-les-dossiers\/#primaryimage\"},\"datePublished\":\"2023-07-19T07:24:32+00:00\",\"dateModified\":\"2023-07-19T11:44:13+00:00\",\"author\":{\"@id\":\"https:\/\/www.nettali.com\/#\/schema\/person\/d8ac7b7e27ddad43f1c0d2ef090d7f71\"},\"breadcrumb\":{\"@id\":\"https:\/\/www.nettali.com\/2023\/07\/19\/en-coulisses-force-fonds-covid-19-la-dic-boucle-les-dossiers\/#breadcrumb\"},\"inLanguage\":\"fr-FR\",\"potentialAction\":[{\"@type\":\"ReadAction\",\"target\":[\"https:\/\/www.nettali.com\/2023\/07\/19\/en-coulisses-force-fonds-covid-19-la-dic-boucle-les-dossiers\/\"]}]},{\"@type\":\"BreadcrumbList\",\"@id\":\"https:\/\/www.nettali.com\/2023\/07\/19\/en-coulisses-force-fonds-covid-19-la-dic-boucle-les-dossiers\/#breadcrumb\",\"itemListElement\":[{\"@type\":\"ListItem\",\"position\":1,\"name\":\"Accueil\",\"item\":\"https:\/\/www.nettali.com\/\"},{\"@type\":\"ListItem\",\"position\":2,\"name\":\"EN COULISSES - Force fonds covid 19 : la Dic boucle les dossiers\"}]},{\"@type\":\"Person\",\"@id\":\"https:\/\/www.nettali.com\/#\/schema\/person\/d8ac7b7e27ddad43f1c0d2ef090d7f71\",\"name\":\"CK\",\"image\":{\"@type\":\"ImageObject\",\"@id\":\"https:\/\/www.nettali.com\/#personlogo\",\"inLanguage\":\"fr-FR\",\"url\":\"https:\/\/secure.gravatar.com\/avatar\/1d8d5118b9327d94da7cd4ce7f17fec2?s=96&d=mm&r=g\",\"contentUrl\":\"https:\/\/secure.gravatar.com\/avatar\/1d8d5118b9327d94da7cd4ce7f17fec2?s=96&d=mm&r=g\",\"caption\":\"CK\"},\"sameAs\":[\"https:\/\/www.nettali.com\"]}]}<\/script>\n<!-- \/ Yoast SEO Premium plugin. -->","yoast_head_json":{"title":"EN COULISSES - Force fonds covid 19 : la Dic boucle les dossiers | Nettali.com","robots":{"index":"index","follow":"follow","max-snippet":"max-snippet:-1","max-image-preview":"max-image-preview:large","max-video-preview":"max-video-preview:-1"},"canonical":"https:\/\/www.nettali.com\/2023\/07\/19\/en-coulisses-force-fonds-covid-19-la-dic-boucle-les-dossiers\/","og_locale":"fr_FR","og_type":"article","og_title":"EN COULISSES - Force fonds covid 19 : la Dic boucle les dossiers","og_description":"NETTALI.COM - Face au tolle\u0301 suscite\u0301 par le rapport de la Cour des comptes sur les fonds Force Covid-19, le parquet dirig\u00e9 par Hamady Diouf, \u00e0 l'\u00e9poque, avait saisi la Division des investigations criminelles (Dic) afin de faire la lumie\u0300re sur plusieurs cas de soupc\u0327ons de malversations. Cinq mois plus tard, l'on a appris que [&hellip;]","og_url":"https:\/\/www.nettali.com\/2023\/07\/19\/en-coulisses-force-fonds-covid-19-la-dic-boucle-les-dossiers\/","og_site_name":"Nettali.com","article_publisher":"https:\/\/www.facebook.com\/nettalicom","article_published_time":"2023-07-19T07:24:32+00:00","article_modified_time":"2023-07-19T11:44:13+00:00","og_image":[{"width":960,"height":450,"url":"https:\/\/www.nettali.com\/wp-content\/uploads\/2023\/07\/riz-bon-960x450-1.jpg","type":"image\/jpeg"}],"twitter_card":"summary_large_image","twitter_misc":{"\u00c9crit par":"CK","Dur\u00e9e de lecture estim\u00e9e":"2 minutes"},"schema":{"@context":"https:\/\/schema.org","@graph":[{"@type":"WebSite","@id":"https:\/\/www.nettali.com\/#website","url":"https:\/\/www.nettali.com\/","name":"Nettali.com","description":"Le rendez-vous critique du Net","potentialAction":[{"@type":"SearchAction","target":{"@type":"EntryPoint","urlTemplate":"https:\/\/www.nettali.com\/?s={search_term_string}"},"query-input":"required name=search_term_string"}],"inLanguage":"fr-FR"},{"@type":"ImageObject","@id":"https:\/\/www.nettali.com\/2023\/07\/19\/en-coulisses-force-fonds-covid-19-la-dic-boucle-les-dossiers\/#primaryimage","inLanguage":"fr-FR","url":"https:\/\/www.nettali.com\/wp-content\/uploads\/2023\/07\/riz-bon-960x450-1.jpg","contentUrl":"https:\/\/www.nettali.com\/wp-content\/uploads\/2023\/07\/riz-bon-960x450-1.jpg","width":960,"height":450},{"@type":"WebPage","@id":"https:\/\/www.nettali.com\/2023\/07\/19\/en-coulisses-force-fonds-covid-19-la-dic-boucle-les-dossiers\/#webpage","url":"https:\/\/www.nettali.com\/2023\/07\/19\/en-coulisses-force-fonds-covid-19-la-dic-boucle-les-dossiers\/","name":"EN COULISSES - Force fonds covid 19 : la Dic boucle les dossiers | Nettali.com","isPartOf":{"@id":"https:\/\/www.nettali.com\/#website"},"primaryImageOfPage":{"@id":"https:\/\/www.nettali.com\/2023\/07\/19\/en-coulisses-force-fonds-covid-19-la-dic-boucle-les-dossiers\/#primaryimage"},"datePublished":"2023-07-19T07:24:32+00:00","dateModified":"2023-07-19T11:44:13+00:00","author":{"@id":"https:\/\/www.nettali.com\/#\/schema\/person\/d8ac7b7e27ddad43f1c0d2ef090d7f71"},"breadcrumb":{"@id":"https:\/\/www.nettali.com\/2023\/07\/19\/en-coulisses-force-fonds-covid-19-la-dic-boucle-les-dossiers\/#breadcrumb"},"inLanguage":"fr-FR","potentialAction":[{"@type":"ReadAction","target":["https:\/\/www.nettali.com\/2023\/07\/19\/en-coulisses-force-fonds-covid-19-la-dic-boucle-les-dossiers\/"]}]},{"@type":"BreadcrumbList","@id":"https:\/\/www.nettali.com\/2023\/07\/19\/en-coulisses-force-fonds-covid-19-la-dic-boucle-les-dossiers\/#breadcrumb","itemListElement":[{"@type":"ListItem","position":1,"name":"Accueil","item":"https:\/\/www.nettali.com\/"},{"@type":"ListItem","position":2,"name":"EN COULISSES - Force fonds covid 19 : la Dic boucle les dossiers"}]},{"@type":"Person","@id":"https:\/\/www.nettali.com\/#\/schema\/person\/d8ac7b7e27ddad43f1c0d2ef090d7f71","name":"CK","image":{"@type":"ImageObject","@id":"https:\/\/www.nettali.com\/#personlogo","inLanguage":"fr-FR","url":"https:\/\/secure.gravatar.com\/avatar\/1d8d5118b9327d94da7cd4ce7f17fec2?s=96&d=mm&r=g","contentUrl":"https:\/\/secure.gravatar.com\/avatar\/1d8d5118b9327d94da7cd4ce7f17fec2?s=96&d=mm&r=g","caption":"CK"},"sameAs":["https:\/\/www.nettali.com"]}]}},"_links":{"self":[{"href":"https:\/\/www.nettali.com\/rest\/wp\/v2\/posts\/114340"}],"collection":[{"href":"https:\/\/www.nettali.com\/rest\/wp\/v2\/posts"}],"about":[{"href":"https:\/\/www.nettali.com\/rest\/wp\/v2\/types\/post"}],"author":[{"embeddable":true,"href":"https:\/\/www.nettali.com\/rest\/wp\/v2\/users\/2"}],"replies":[{"embeddable":true,"href":"https:\/\/www.nettali.com\/rest\/wp\/v2\/comments?post=114340"}],"version-history":[{"count":3,"href":"https:\/\/www.nettali.com\/rest\/wp\/v2\/posts\/114340\/revisions"}],"predecessor-version":[{"id":114382,"href":"https:\/\/www.nettali.com\/rest\/wp\/v2\/posts\/114340\/revisions\/114382"}],"wp:featuredmedia":[{"embeddable":true,"href":"https:\/\/www.nettali.com\/rest\/wp\/v2\/media\/114370"}],"wp:attachment":[{"href":"https:\/\/www.nettali.com\/rest\/wp\/v2\/media?parent=114340"}],"wp:term":[{"taxonomy":"category","embeddable":true,"href":"https:\/\/www.nettali.com\/rest\/wp\/v2\/categories?post=114340"},{"taxonomy":"post_tag","embeddable":true,"href":"https:\/\/www.nettali.com\/rest\/wp\/v2\/tags?post=114340"}],"curies":[{"name":"wp","href":"https:\/\/api.w.org\/{rel}","templated":true}]}}