{"id":114315,"date":"2023-07-18T15:34:57","date_gmt":"2023-07-18T15:34:57","guid":{"rendered":"https:\/\/www.nettali.com\/?p=114315"},"modified":"2023-07-18T15:34:57","modified_gmt":"2023-07-18T15:34:57","slug":"arrestation-de-el-malick-ndiaye-le-forum-du-justiciable-appelle-a-la-prudence","status":"publish","type":"post","link":"https:\/\/www.nettali.com\/2023\/07\/18\/arrestation-de-el-malick-ndiaye-le-forum-du-justiciable-appelle-a-la-prudence\/","title":{"rendered":"ARRESTATION DE EL MALICK NDIAYE - Le forum du justiciable appelle \u00e0 la prudence"},"content":{"rendered":"<p><b>NETTALI.COM-\u00a0<\/b><strong>Le bureau ex\u00e9cutif du Forum du Justiciable estime que la justice doit prendre toutes les dispositions n\u00e9cessaires pour authentifier l\u2019audio pour lequel le responsable de la communication de Pastef, El Malick Ndiaye a \u00e9t\u00e9 arr\u00eat\u00e9.<\/strong><\/p>\n<p>L\u2019arrestation du responsable de communication du Pastef fait d\u00e9bat pr\u00e9occup\u00e9 le Forum du justiciable. Dans un communiqu\u00e9, Babacar B\u00e2 appelle \u00e0 la prudence dans cette affaire.\u00a0 \u00ab<em> La justice doit prendre toutes les dispositions n\u00e9cessaires pour authentifier l\u2019audio pour lequel Monsieur El Malick Ndiaye a \u00e9t\u00e9 arr\u00eat\u00e9 et dont il nie en \u00eatre l\u2019auteur<\/em> \u00bb lance le bureau ex\u00e9cutif .<\/p>\n<p>Pour rappel, le responsable de communication de PASTEF a \u00e9t\u00e9 arr\u00eat\u00e9 par la section de recherches de Colobane. Il lui est reproch\u00e9 les faits de diffusion de fausses nouvelles et d\u2019appel \u00e0 l\u2019insurrection. Il a \u00e9t\u00e9 d\u00e9f\u00e9r\u00e9, lundi, au Parquet du palais de justice de Dakar. Il sera fix\u00e9 sur son sort ce mardi.<\/p>\n<div class='share-to-whatsapp-wrapper'><div class='share-on-whsp'>PARTAGER SUR : <\/div><a data-text='ARRESTATION DE EL MALICK NDIAYE - Le forum du justiciable appelle \u00e0 la prudence' data-link='https:\/\/www.nettali.com\/2023\/07\/18\/arrestation-de-el-malick-ndiaye-le-forum-du-justiciable-appelle-a-la-prudence\/' class='whatsapp-button whatsapp-share'>WhatsApp<\/a><div class='clear '><\/div><\/div>","protected":false},"excerpt":{"rendered":"<p>NETTALI.COM-\u00a0Le bureau ex\u00e9cutif du Forum du Justiciable estime que la justice doit prendre toutes les dispositions n\u00e9cessaires pour authentifier l\u2019audio pour lequel le responsable de la communication de Pastef, El Malick Ndiaye a \u00e9t\u00e9 arr\u00eat\u00e9. L\u2019arrestation du responsable de communication du Pastef fait d\u00e9bat pr\u00e9occup\u00e9 le Forum du justiciable. Dans un communiqu\u00e9, Babacar B\u00e2 appelle [&hellip;]<\/p>\n","protected":false},"author":6,"featured_media":106654,"comment_status":"open","ping_status":"open","sticky":false,"template":"","format":"standard","meta":{"_et_pb_use_builder":"","_et_pb_old_content":""},"categories":[3],"tags":[],"yoast_head":"<!-- This site is optimized with the Yoast SEO Premium plugin v17.8 (Yoast SEO v17.8) - https:\/\/yoast.com\/wordpress\/plugins\/seo\/ -->\n<title>ARRESTATION DE EL MALICK NDIAYE - Le forum du justiciable appelle \u00e0 la prudence | Nettali.com<\/title>\n<meta name=\"robots\" content=\"index, follow, max-snippet:-1, max-image-preview:large, max-video-preview:-1\" \/>\n<link rel=\"canonical\" href=\"https:\/\/www.nettali.com\/2023\/07\/18\/arrestation-de-el-malick-ndiaye-le-forum-du-justiciable-appelle-a-la-prudence\/\" \/>\n<meta property=\"og:locale\" content=\"fr_FR\" \/>\n<meta property=\"og:type\" content=\"article\" \/>\n<meta property=\"og:title\" content=\"ARRESTATION DE EL MALICK NDIAYE - Le forum du justiciable appelle \u00e0 la prudence\" \/>\n<meta property=\"og:description\" content=\"NETTALI.COM-\u00a0Le bureau ex\u00e9cutif du Forum du Justiciable estime que la justice doit prendre toutes les dispositions n\u00e9cessaires pour authentifier l\u2019audio pour lequel le responsable de la communication de Pastef, El Malick Ndiaye a \u00e9t\u00e9 arr\u00eat\u00e9. L\u2019arrestation du responsable de communication du Pastef fait d\u00e9bat pr\u00e9occup\u00e9 le Forum du justiciable. Dans un communiqu\u00e9, Babacar B\u00e2 appelle [&hellip;]\" \/>\n<meta property=\"og:url\" content=\"https:\/\/www.nettali.com\/2023\/07\/18\/arrestation-de-el-malick-ndiaye-le-forum-du-justiciable-appelle-a-la-prudence\/\" \/>\n<meta property=\"og:site_name\" content=\"Nettali.com\" \/>\n<meta property=\"article:publisher\" content=\"https:\/\/www.facebook.com\/nettalicom\" \/>\n<meta property=\"article:published_time\" content=\"2023-07-18T15:34:57+00:00\" \/>\n<meta property=\"og:image\" content=\"https:\/\/www.nettali.com\/wp-content\/uploads\/2023\/03\/elhadji_malick_ndiaye-PASTEF.jpeg\" \/>\n\t<meta property=\"og:image:width\" content=\"650\" \/>\n\t<meta property=\"og:image:height\" content=\"388\" \/>\n<meta name=\"twitter:card\" content=\"summary_large_image\" \/>\n<meta name=\"twitter:label1\" content=\"\u00c9crit par\" \/>\n\t<meta name=\"twitter:data1\" content=\"Fatou\" \/>\n\t<meta name=\"twitter:label2\" content=\"Dur\u00e9e de lecture estim\u00e9e\" \/>\n\t<meta name=\"twitter:data2\" content=\"1 minute\" \/>\n<script type=\"application\/ld+json\" class=\"yoast-schema-graph\">{\"@context\":\"https:\/\/schema.org\",\"@graph\":[{\"@type\":\"WebSite\",\"@id\":\"https:\/\/www.nettali.com\/#website\",\"url\":\"https:\/\/www.nettali.com\/\",\"name\":\"Nettali.com\",\"description\":\"Le rendez-vous critique du Net\",\"potentialAction\":[{\"@type\":\"SearchAction\",\"target\":{\"@type\":\"EntryPoint\",\"urlTemplate\":\"https:\/\/www.nettali.com\/?s={search_term_string}\"},\"query-input\":\"required name=search_term_string\"}],\"inLanguage\":\"fr-FR\"},{\"@type\":\"ImageObject\",\"@id\":\"https:\/\/www.nettali.com\/2023\/07\/18\/arrestation-de-el-malick-ndiaye-le-forum-du-justiciable-appelle-a-la-prudence\/#primaryimage\",\"inLanguage\":\"fr-FR\",\"url\":\"https:\/\/www.nettali.com\/wp-content\/uploads\/2023\/03\/elhadji_malick_ndiaye-PASTEF.jpeg\",\"contentUrl\":\"https:\/\/www.nettali.com\/wp-content\/uploads\/2023\/03\/elhadji_malick_ndiaye-PASTEF.jpeg\",\"width\":650,\"height\":388},{\"@type\":\"WebPage\",\"@id\":\"https:\/\/www.nettali.com\/2023\/07\/18\/arrestation-de-el-malick-ndiaye-le-forum-du-justiciable-appelle-a-la-prudence\/#webpage\",\"url\":\"https:\/\/www.nettali.com\/2023\/07\/18\/arrestation-de-el-malick-ndiaye-le-forum-du-justiciable-appelle-a-la-prudence\/\",\"name\":\"ARRESTATION DE EL MALICK NDIAYE - Le forum du justiciable appelle \\u00e0 la prudence | Nettali.com\",\"isPartOf\":{\"@id\":\"https:\/\/www.nettali.com\/#website\"},\"primaryImageOfPage\":{\"@id\":\"https:\/\/www.nettali.com\/2023\/07\/18\/arrestation-de-el-malick-ndiaye-le-forum-du-justiciable-appelle-a-la-prudence\/#primaryimage\"},\"datePublished\":\"2023-07-18T15:34:57+00:00\",\"dateModified\":\"2023-07-18T15:34:57+00:00\",\"author\":{\"@id\":\"https:\/\/www.nettali.com\/#\/schema\/person\/418274a86bdf87caff7a3ef476bd0bbf\"},\"breadcrumb\":{\"@id\":\"https:\/\/www.nettali.com\/2023\/07\/18\/arrestation-de-el-malick-ndiaye-le-forum-du-justiciable-appelle-a-la-prudence\/#breadcrumb\"},\"inLanguage\":\"fr-FR\",\"potentialAction\":[{\"@type\":\"ReadAction\",\"target\":[\"https:\/\/www.nettali.com\/2023\/07\/18\/arrestation-de-el-malick-ndiaye-le-forum-du-justiciable-appelle-a-la-prudence\/\"]}]},{\"@type\":\"BreadcrumbList\",\"@id\":\"https:\/\/www.nettali.com\/2023\/07\/18\/arrestation-de-el-malick-ndiaye-le-forum-du-justiciable-appelle-a-la-prudence\/#breadcrumb\",\"itemListElement\":[{\"@type\":\"ListItem\",\"position\":1,\"name\":\"Accueil\",\"item\":\"https:\/\/www.nettali.com\/\"},{\"@type\":\"ListItem\",\"position\":2,\"name\":\"ARRESTATION DE EL MALICK NDIAYE - Le forum du justiciable appelle \\u00e0 la prudence\"}]},{\"@type\":\"Person\",\"@id\":\"https:\/\/www.nettali.com\/#\/schema\/person\/418274a86bdf87caff7a3ef476bd0bbf\",\"name\":\"Fatou\",\"image\":{\"@type\":\"ImageObject\",\"@id\":\"https:\/\/www.nettali.com\/#personlogo\",\"inLanguage\":\"fr-FR\",\"url\":\"https:\/\/secure.gravatar.com\/avatar\/5a9442a2bee7b4dcf167cab035858e9a?s=96&d=mm&r=g\",\"contentUrl\":\"https:\/\/secure.gravatar.com\/avatar\/5a9442a2bee7b4dcf167cab035858e9a?s=96&d=mm&r=g\",\"caption\":\"Fatou\"},\"sameAs\":[\"https:\/\/www.nettali.com\"]}]}<\/script>\n<!-- \/ Yoast SEO Premium plugin. -->","yoast_head_json":{"title":"ARRESTATION DE EL MALICK NDIAYE - Le forum du justiciable appelle \u00e0 la prudence | Nettali.com","robots":{"index":"index","follow":"follow","max-snippet":"max-snippet:-1","max-image-preview":"max-image-preview:large","max-video-preview":"max-video-preview:-1"},"canonical":"https:\/\/www.nettali.com\/2023\/07\/18\/arrestation-de-el-malick-ndiaye-le-forum-du-justiciable-appelle-a-la-prudence\/","og_locale":"fr_FR","og_type":"article","og_title":"ARRESTATION DE EL MALICK NDIAYE - Le forum du justiciable appelle \u00e0 la prudence","og_description":"NETTALI.COM-\u00a0Le bureau ex\u00e9cutif du Forum du Justiciable estime que la justice doit prendre toutes les dispositions n\u00e9cessaires pour authentifier l\u2019audio pour lequel le responsable de la communication de Pastef, El Malick Ndiaye a \u00e9t\u00e9 arr\u00eat\u00e9. L\u2019arrestation du responsable de communication du Pastef fait d\u00e9bat pr\u00e9occup\u00e9 le Forum du justiciable. Dans un communiqu\u00e9, Babacar B\u00e2 appelle [&hellip;]","og_url":"https:\/\/www.nettali.com\/2023\/07\/18\/arrestation-de-el-malick-ndiaye-le-forum-du-justiciable-appelle-a-la-prudence\/","og_site_name":"Nettali.com","article_publisher":"https:\/\/www.facebook.com\/nettalicom","article_published_time":"2023-07-18T15:34:57+00:00","og_image":[{"width":650,"height":388,"url":"https:\/\/www.nettali.com\/wp-content\/uploads\/2023\/03\/elhadji_malick_ndiaye-PASTEF.jpeg","type":"image\/jpeg"}],"twitter_card":"summary_large_image","twitter_misc":{"\u00c9crit par":"Fatou","Dur\u00e9e de lecture estim\u00e9e":"1 minute"},"schema":{"@context":"https:\/\/schema.org","@graph":[{"@type":"WebSite","@id":"https:\/\/www.nettali.com\/#website","url":"https:\/\/www.nettali.com\/","name":"Nettali.com","description":"Le rendez-vous critique du Net","potentialAction":[{"@type":"SearchAction","target":{"@type":"EntryPoint","urlTemplate":"https:\/\/www.nettali.com\/?s={search_term_string}"},"query-input":"required name=search_term_string"}],"inLanguage":"fr-FR"},{"@type":"ImageObject","@id":"https:\/\/www.nettali.com\/2023\/07\/18\/arrestation-de-el-malick-ndiaye-le-forum-du-justiciable-appelle-a-la-prudence\/#primaryimage","inLanguage":"fr-FR","url":"https:\/\/www.nettali.com\/wp-content\/uploads\/2023\/03\/elhadji_malick_ndiaye-PASTEF.jpeg","contentUrl":"https:\/\/www.nettali.com\/wp-content\/uploads\/2023\/03\/elhadji_malick_ndiaye-PASTEF.jpeg","width":650,"height":388},{"@type":"WebPage","@id":"https:\/\/www.nettali.com\/2023\/07\/18\/arrestation-de-el-malick-ndiaye-le-forum-du-justiciable-appelle-a-la-prudence\/#webpage","url":"https:\/\/www.nettali.com\/2023\/07\/18\/arrestation-de-el-malick-ndiaye-le-forum-du-justiciable-appelle-a-la-prudence\/","name":"ARRESTATION DE EL MALICK NDIAYE - Le forum du justiciable appelle \u00e0 la prudence | Nettali.com","isPartOf":{"@id":"https:\/\/www.nettali.com\/#website"},"primaryImageOfPage":{"@id":"https:\/\/www.nettali.com\/2023\/07\/18\/arrestation-de-el-malick-ndiaye-le-forum-du-justiciable-appelle-a-la-prudence\/#primaryimage"},"datePublished":"2023-07-18T15:34:57+00:00","dateModified":"2023-07-18T15:34:57+00:00","author":{"@id":"https:\/\/www.nettali.com\/#\/schema\/person\/418274a86bdf87caff7a3ef476bd0bbf"},"breadcrumb":{"@id":"https:\/\/www.nettali.com\/2023\/07\/18\/arrestation-de-el-malick-ndiaye-le-forum-du-justiciable-appelle-a-la-prudence\/#breadcrumb"},"inLanguage":"fr-FR","potentialAction":[{"@type":"ReadAction","target":["https:\/\/www.nettali.com\/2023\/07\/18\/arrestation-de-el-malick-ndiaye-le-forum-du-justiciable-appelle-a-la-prudence\/"]}]},{"@type":"BreadcrumbList","@id":"https:\/\/www.nettali.com\/2023\/07\/18\/arrestation-de-el-malick-ndiaye-le-forum-du-justiciable-appelle-a-la-prudence\/#breadcrumb","itemListElement":[{"@type":"ListItem","position":1,"name":"Accueil","item":"https:\/\/www.nettali.com\/"},{"@type":"ListItem","position":2,"name":"ARRESTATION DE EL MALICK NDIAYE - Le forum du justiciable appelle \u00e0 la prudence"}]},{"@type":"Person","@id":"https:\/\/www.nettali.com\/#\/schema\/person\/418274a86bdf87caff7a3ef476bd0bbf","name":"Fatou","image":{"@type":"ImageObject","@id":"https:\/\/www.nettali.com\/#personlogo","inLanguage":"fr-FR","url":"https:\/\/secure.gravatar.com\/avatar\/5a9442a2bee7b4dcf167cab035858e9a?s=96&d=mm&r=g","contentUrl":"https:\/\/secure.gravatar.com\/avatar\/5a9442a2bee7b4dcf167cab035858e9a?s=96&d=mm&r=g","caption":"Fatou"},"sameAs":["https:\/\/www.nettali.com"]}]}},"_links":{"self":[{"href":"https:\/\/www.nettali.com\/rest\/wp\/v2\/posts\/114315"}],"collection":[{"href":"https:\/\/www.nettali.com\/rest\/wp\/v2\/posts"}],"about":[{"href":"https:\/\/www.nettali.com\/rest\/wp\/v2\/types\/post"}],"author":[{"embeddable":true,"href":"https:\/\/www.nettali.com\/rest\/wp\/v2\/users\/6"}],"replies":[{"embeddable":true,"href":"https:\/\/www.nettali.com\/rest\/wp\/v2\/comments?post=114315"}],"version-history":[{"count":1,"href":"https:\/\/www.nettali.com\/rest\/wp\/v2\/posts\/114315\/revisions"}],"predecessor-version":[{"id":114316,"href":"https:\/\/www.nettali.com\/rest\/wp\/v2\/posts\/114315\/revisions\/114316"}],"wp:featuredmedia":[{"embeddable":true,"href":"https:\/\/www.nettali.com\/rest\/wp\/v2\/media\/106654"}],"wp:attachment":[{"href":"https:\/\/www.nettali.com\/rest\/wp\/v2\/media?parent=114315"}],"wp:term":[{"taxonomy":"category","embeddable":true,"href":"https:\/\/www.nettali.com\/rest\/wp\/v2\/categories?post=114315"},{"taxonomy":"post_tag","embeddable":true,"href":"https:\/\/www.nettali.com\/rest\/wp\/v2\/tags?post=114315"}],"curies":[{"name":"wp","href":"https:\/\/api.w.org\/{rel}","templated":true}]}}