{"id":114282,"date":"2023-07-18T08:39:33","date_gmt":"2023-07-18T08:39:33","guid":{"rendered":"https:\/\/www.nettali.com\/?p=114282"},"modified":"2023-07-18T08:39:33","modified_gmt":"2023-07-18T08:39:33","slug":"en-coulisses-le-cri-du-coeur-du-dg-dair-senegal","status":"publish","type":"post","link":"https:\/\/www.nettali.com\/2023\/07\/18\/en-coulisses-le-cri-du-coeur-du-dg-dair-senegal\/","title":{"rendered":"EN COULISSES - Le cri du coeur du DG d'Air S\u00e9n\u00e9gal !"},"content":{"rendered":"<div class=\"page\" title=\"Page 5\">\n<div class=\"layoutArea\">\n<div class=\"column\">\n<p><strong>NETTALI.COM -<\/strong> Restons sur la conf\u00e9rence de presse organis\u00e9e par la compagnie nationale Air S\u00e9n\u00e9gal et relevons que le directeur ge\u0301ne\u0301ral de la compagnie, Badara Fall, a fait d\u00e9clar\u00e9 qu\u2019Air Se\u0301ne\u0301gal appartient a\u0300 100 % a\u0300 tous les Se\u0301ne\u0301galais et n'appartient pas au pre\u0301sident Macky Sall.<\/p>\n<p>Donc, il est \u00e0 son avis important de prote\u0301ger cet outil. \"<em>Beaucoup de compagnies peuvent avoir des retards, mais on ne voit nulle part les gens crier sur les re\u0301seaux sociaux. Mais pour la compagnie Air Se\u0301ne\u0301gal, me\u0302me s'il y a une moindre erreur ou retard, tout le monde critique la compagnie nationale<\/em>\u201d, s'est de\u0301sol\u00e9 celui-ci.<\/p>\n<p>Avant d'ajouter qu'actuellement, il n'y a aucune compagnie plus ponctuelle qu\u2019Air Se\u0301ne\u0301gal. \"<em>On n'a jamais eu une compagnie comme Air Se\u0301ne\u0301gal. Donc, dire que la compagnie est en faillite, est totalement errone\u0301. Air Se\u0301ne\u0301gal est aujourd\u2019hui leader en 2023. Je vous invite a\u0300 veiller a\u0300 sa se\u0301curite\u0301<\/em>\", a lanc\u00e9 le directeur ge\u0301ne\u0301ral d\u2019Air Se\u0301ne\u0301gal.<\/p>\n<p>Dans la me\u0302me veine, Badara Fall a renseign\u00e9 que les fre\u0301quences ont e\u0301te\u0301 re\u0301duites sur certaines lignes, parce qu'elles ne sont pas assez rentables. \"<em>Nous espe\u0301rons que d'ici six mois, Air Se\u0301ne\u0301gal ne va plus enregistrer de pertes. Le centre de maintenance nous permet de faire la maintenance ici au Se\u0301ne\u0301gal<\/em>\", a fait savoir le Directeur g\u00e9n\u00e9ral.<\/p>\n<\/div>\n<\/div>\n<\/div>\n<div class='share-to-whatsapp-wrapper'><div class='share-on-whsp'>PARTAGER SUR : <\/div><a data-text='EN COULISSES - Le cri du coeur du DG d'Air S\u00e9n\u00e9gal !' data-link='https:\/\/www.nettali.com\/2023\/07\/18\/en-coulisses-le-cri-du-coeur-du-dg-dair-senegal\/' class='whatsapp-button whatsapp-share'>WhatsApp<\/a><div class='clear '><\/div><\/div>","protected":false},"excerpt":{"rendered":"<p>NETTALI.COM - Restons sur la conf\u00e9rence de presse organis\u00e9e par la compagnie nationale Air S\u00e9n\u00e9gal et relevons que le directeur ge\u0301ne\u0301ral de la compagnie, Badara Fall, a fait d\u00e9clar\u00e9 qu\u2019Air Se\u0301ne\u0301gal appartient a\u0300 100 % a\u0300 tous les Se\u0301ne\u0301galais et n'appartient pas au pre\u0301sident Macky Sall. Donc, il est \u00e0 son avis important de prote\u0301ger [&hellip;]<\/p>\n","protected":false},"author":2,"featured_media":114284,"comment_status":"open","ping_status":"open","sticky":false,"template":"","format":"standard","meta":{"_et_pb_use_builder":"","_et_pb_old_content":""},"categories":[34945],"tags":[],"yoast_head":"<!-- This site is optimized with the Yoast SEO Premium plugin v17.8 (Yoast SEO v17.8) - https:\/\/yoast.com\/wordpress\/plugins\/seo\/ -->\n<title>EN COULISSES - Le cri du coeur du DG d&#039;Air S\u00e9n\u00e9gal ! | Nettali.com<\/title>\n<meta name=\"robots\" content=\"index, follow, max-snippet:-1, max-image-preview:large, max-video-preview:-1\" \/>\n<link rel=\"canonical\" href=\"https:\/\/www.nettali.com\/2023\/07\/18\/en-coulisses-le-cri-du-coeur-du-dg-dair-senegal\/\" \/>\n<meta property=\"og:locale\" content=\"fr_FR\" \/>\n<meta property=\"og:type\" content=\"article\" \/>\n<meta property=\"og:title\" content=\"EN COULISSES - Le cri du coeur du DG d&#039;Air S\u00e9n\u00e9gal !\" \/>\n<meta property=\"og:description\" content=\"NETTALI.COM - Restons sur la conf\u00e9rence de presse organis\u00e9e par la compagnie nationale Air S\u00e9n\u00e9gal et relevons que le directeur ge\u0301ne\u0301ral de la compagnie, Badara Fall, a fait d\u00e9clar\u00e9 qu\u2019Air Se\u0301ne\u0301gal appartient a\u0300 100 % a\u0300 tous les Se\u0301ne\u0301galais et n&#039;appartient pas au pre\u0301sident Macky Sall. Donc, il est \u00e0 son avis important de prote\u0301ger [&hellip;]\" \/>\n<meta property=\"og:url\" content=\"https:\/\/www.nettali.com\/2023\/07\/18\/en-coulisses-le-cri-du-coeur-du-dg-dair-senegal\/\" \/>\n<meta property=\"og:site_name\" content=\"Nettali.com\" \/>\n<meta property=\"article:publisher\" content=\"https:\/\/www.facebook.com\/nettalicom\" \/>\n<meta property=\"article:published_time\" content=\"2023-07-18T08:39:33+00:00\" \/>\n<meta property=\"og:image\" content=\"https:\/\/www.nettali.com\/wp-content\/uploads\/2023\/07\/badara_fall.jpg\" \/>\n\t<meta property=\"og:image:width\" content=\"612\" \/>\n\t<meta property=\"og:image:height\" content=\"298\" \/>\n<meta name=\"twitter:card\" content=\"summary_large_image\" \/>\n<meta name=\"twitter:label1\" content=\"\u00c9crit par\" \/>\n\t<meta name=\"twitter:data1\" content=\"CK\" \/>\n\t<meta name=\"twitter:label2\" content=\"Dur\u00e9e de lecture estim\u00e9e\" \/>\n\t<meta name=\"twitter:data2\" content=\"2 minutes\" \/>\n<script type=\"application\/ld+json\" class=\"yoast-schema-graph\">{\"@context\":\"https:\/\/schema.org\",\"@graph\":[{\"@type\":\"WebSite\",\"@id\":\"https:\/\/www.nettali.com\/#website\",\"url\":\"https:\/\/www.nettali.com\/\",\"name\":\"Nettali.com\",\"description\":\"Le rendez-vous critique du Net\",\"potentialAction\":[{\"@type\":\"SearchAction\",\"target\":{\"@type\":\"EntryPoint\",\"urlTemplate\":\"https:\/\/www.nettali.com\/?s={search_term_string}\"},\"query-input\":\"required name=search_term_string\"}],\"inLanguage\":\"fr-FR\"},{\"@type\":\"ImageObject\",\"@id\":\"https:\/\/www.nettali.com\/2023\/07\/18\/en-coulisses-le-cri-du-coeur-du-dg-dair-senegal\/#primaryimage\",\"inLanguage\":\"fr-FR\",\"url\":\"https:\/\/www.nettali.com\/wp-content\/uploads\/2023\/07\/badara_fall.jpg\",\"contentUrl\":\"https:\/\/www.nettali.com\/wp-content\/uploads\/2023\/07\/badara_fall.jpg\",\"width\":612,\"height\":298},{\"@type\":\"WebPage\",\"@id\":\"https:\/\/www.nettali.com\/2023\/07\/18\/en-coulisses-le-cri-du-coeur-du-dg-dair-senegal\/#webpage\",\"url\":\"https:\/\/www.nettali.com\/2023\/07\/18\/en-coulisses-le-cri-du-coeur-du-dg-dair-senegal\/\",\"name\":\"EN COULISSES - Le cri du coeur du DG d'Air S\\u00e9n\\u00e9gal ! | Nettali.com\",\"isPartOf\":{\"@id\":\"https:\/\/www.nettali.com\/#website\"},\"primaryImageOfPage\":{\"@id\":\"https:\/\/www.nettali.com\/2023\/07\/18\/en-coulisses-le-cri-du-coeur-du-dg-dair-senegal\/#primaryimage\"},\"datePublished\":\"2023-07-18T08:39:33+00:00\",\"dateModified\":\"2023-07-18T08:39:33+00:00\",\"author\":{\"@id\":\"https:\/\/www.nettali.com\/#\/schema\/person\/d8ac7b7e27ddad43f1c0d2ef090d7f71\"},\"breadcrumb\":{\"@id\":\"https:\/\/www.nettali.com\/2023\/07\/18\/en-coulisses-le-cri-du-coeur-du-dg-dair-senegal\/#breadcrumb\"},\"inLanguage\":\"fr-FR\",\"potentialAction\":[{\"@type\":\"ReadAction\",\"target\":[\"https:\/\/www.nettali.com\/2023\/07\/18\/en-coulisses-le-cri-du-coeur-du-dg-dair-senegal\/\"]}]},{\"@type\":\"BreadcrumbList\",\"@id\":\"https:\/\/www.nettali.com\/2023\/07\/18\/en-coulisses-le-cri-du-coeur-du-dg-dair-senegal\/#breadcrumb\",\"itemListElement\":[{\"@type\":\"ListItem\",\"position\":1,\"name\":\"Accueil\",\"item\":\"https:\/\/www.nettali.com\/\"},{\"@type\":\"ListItem\",\"position\":2,\"name\":\"EN COULISSES - Le cri du coeur du DG d'Air S\\u00e9n\\u00e9gal !\"}]},{\"@type\":\"Person\",\"@id\":\"https:\/\/www.nettali.com\/#\/schema\/person\/d8ac7b7e27ddad43f1c0d2ef090d7f71\",\"name\":\"CK\",\"image\":{\"@type\":\"ImageObject\",\"@id\":\"https:\/\/www.nettali.com\/#personlogo\",\"inLanguage\":\"fr-FR\",\"url\":\"https:\/\/secure.gravatar.com\/avatar\/1d8d5118b9327d94da7cd4ce7f17fec2?s=96&d=mm&r=g\",\"contentUrl\":\"https:\/\/secure.gravatar.com\/avatar\/1d8d5118b9327d94da7cd4ce7f17fec2?s=96&d=mm&r=g\",\"caption\":\"CK\"},\"sameAs\":[\"https:\/\/www.nettali.com\"]}]}<\/script>\n<!-- \/ Yoast SEO Premium plugin. -->","yoast_head_json":{"title":"EN COULISSES - Le cri du coeur du DG d'Air S\u00e9n\u00e9gal ! | Nettali.com","robots":{"index":"index","follow":"follow","max-snippet":"max-snippet:-1","max-image-preview":"max-image-preview:large","max-video-preview":"max-video-preview:-1"},"canonical":"https:\/\/www.nettali.com\/2023\/07\/18\/en-coulisses-le-cri-du-coeur-du-dg-dair-senegal\/","og_locale":"fr_FR","og_type":"article","og_title":"EN COULISSES - Le cri du coeur du DG d'Air S\u00e9n\u00e9gal !","og_description":"NETTALI.COM - Restons sur la conf\u00e9rence de presse organis\u00e9e par la compagnie nationale Air S\u00e9n\u00e9gal et relevons que le directeur ge\u0301ne\u0301ral de la compagnie, Badara Fall, a fait d\u00e9clar\u00e9 qu\u2019Air Se\u0301ne\u0301gal appartient a\u0300 100 % a\u0300 tous les Se\u0301ne\u0301galais et n'appartient pas au pre\u0301sident Macky Sall. Donc, il est \u00e0 son avis important de prote\u0301ger [&hellip;]","og_url":"https:\/\/www.nettali.com\/2023\/07\/18\/en-coulisses-le-cri-du-coeur-du-dg-dair-senegal\/","og_site_name":"Nettali.com","article_publisher":"https:\/\/www.facebook.com\/nettalicom","article_published_time":"2023-07-18T08:39:33+00:00","og_image":[{"width":612,"height":298,"url":"https:\/\/www.nettali.com\/wp-content\/uploads\/2023\/07\/badara_fall.jpg","type":"image\/jpeg"}],"twitter_card":"summary_large_image","twitter_misc":{"\u00c9crit par":"CK","Dur\u00e9e de lecture estim\u00e9e":"2 minutes"},"schema":{"@context":"https:\/\/schema.org","@graph":[{"@type":"WebSite","@id":"https:\/\/www.nettali.com\/#website","url":"https:\/\/www.nettali.com\/","name":"Nettali.com","description":"Le rendez-vous critique du Net","potentialAction":[{"@type":"SearchAction","target":{"@type":"EntryPoint","urlTemplate":"https:\/\/www.nettali.com\/?s={search_term_string}"},"query-input":"required name=search_term_string"}],"inLanguage":"fr-FR"},{"@type":"ImageObject","@id":"https:\/\/www.nettali.com\/2023\/07\/18\/en-coulisses-le-cri-du-coeur-du-dg-dair-senegal\/#primaryimage","inLanguage":"fr-FR","url":"https:\/\/www.nettali.com\/wp-content\/uploads\/2023\/07\/badara_fall.jpg","contentUrl":"https:\/\/www.nettali.com\/wp-content\/uploads\/2023\/07\/badara_fall.jpg","width":612,"height":298},{"@type":"WebPage","@id":"https:\/\/www.nettali.com\/2023\/07\/18\/en-coulisses-le-cri-du-coeur-du-dg-dair-senegal\/#webpage","url":"https:\/\/www.nettali.com\/2023\/07\/18\/en-coulisses-le-cri-du-coeur-du-dg-dair-senegal\/","name":"EN COULISSES - Le cri du coeur du DG d'Air S\u00e9n\u00e9gal ! | Nettali.com","isPartOf":{"@id":"https:\/\/www.nettali.com\/#website"},"primaryImageOfPage":{"@id":"https:\/\/www.nettali.com\/2023\/07\/18\/en-coulisses-le-cri-du-coeur-du-dg-dair-senegal\/#primaryimage"},"datePublished":"2023-07-18T08:39:33+00:00","dateModified":"2023-07-18T08:39:33+00:00","author":{"@id":"https:\/\/www.nettali.com\/#\/schema\/person\/d8ac7b7e27ddad43f1c0d2ef090d7f71"},"breadcrumb":{"@id":"https:\/\/www.nettali.com\/2023\/07\/18\/en-coulisses-le-cri-du-coeur-du-dg-dair-senegal\/#breadcrumb"},"inLanguage":"fr-FR","potentialAction":[{"@type":"ReadAction","target":["https:\/\/www.nettali.com\/2023\/07\/18\/en-coulisses-le-cri-du-coeur-du-dg-dair-senegal\/"]}]},{"@type":"BreadcrumbList","@id":"https:\/\/www.nettali.com\/2023\/07\/18\/en-coulisses-le-cri-du-coeur-du-dg-dair-senegal\/#breadcrumb","itemListElement":[{"@type":"ListItem","position":1,"name":"Accueil","item":"https:\/\/www.nettali.com\/"},{"@type":"ListItem","position":2,"name":"EN COULISSES - Le cri du coeur du DG d'Air S\u00e9n\u00e9gal !"}]},{"@type":"Person","@id":"https:\/\/www.nettali.com\/#\/schema\/person\/d8ac7b7e27ddad43f1c0d2ef090d7f71","name":"CK","image":{"@type":"ImageObject","@id":"https:\/\/www.nettali.com\/#personlogo","inLanguage":"fr-FR","url":"https:\/\/secure.gravatar.com\/avatar\/1d8d5118b9327d94da7cd4ce7f17fec2?s=96&d=mm&r=g","contentUrl":"https:\/\/secure.gravatar.com\/avatar\/1d8d5118b9327d94da7cd4ce7f17fec2?s=96&d=mm&r=g","caption":"CK"},"sameAs":["https:\/\/www.nettali.com"]}]}},"_links":{"self":[{"href":"https:\/\/www.nettali.com\/rest\/wp\/v2\/posts\/114282"}],"collection":[{"href":"https:\/\/www.nettali.com\/rest\/wp\/v2\/posts"}],"about":[{"href":"https:\/\/www.nettali.com\/rest\/wp\/v2\/types\/post"}],"author":[{"embeddable":true,"href":"https:\/\/www.nettali.com\/rest\/wp\/v2\/users\/2"}],"replies":[{"embeddable":true,"href":"https:\/\/www.nettali.com\/rest\/wp\/v2\/comments?post=114282"}],"version-history":[{"count":1,"href":"https:\/\/www.nettali.com\/rest\/wp\/v2\/posts\/114282\/revisions"}],"predecessor-version":[{"id":114283,"href":"https:\/\/www.nettali.com\/rest\/wp\/v2\/posts\/114282\/revisions\/114283"}],"wp:featuredmedia":[{"embeddable":true,"href":"https:\/\/www.nettali.com\/rest\/wp\/v2\/media\/114284"}],"wp:attachment":[{"href":"https:\/\/www.nettali.com\/rest\/wp\/v2\/media?parent=114282"}],"wp:term":[{"taxonomy":"category","embeddable":true,"href":"https:\/\/www.nettali.com\/rest\/wp\/v2\/categories?post=114282"},{"taxonomy":"post_tag","embeddable":true,"href":"https:\/\/www.nettali.com\/rest\/wp\/v2\/tags?post=114282"}],"curies":[{"name":"wp","href":"https:\/\/api.w.org\/{rel}","templated":true}]}}