{"id":114277,"date":"2023-07-18T08:40:24","date_gmt":"2023-07-18T08:40:24","guid":{"rendered":"https:\/\/www.nettali.com\/?p=114277"},"modified":"2023-07-18T08:40:24","modified_gmt":"2023-07-18T08:40:24","slug":"en-coulisses-air-senegal-sort-la-tete-de-leau-bis","status":"publish","type":"post","link":"https:\/\/www.nettali.com\/2023\/07\/18\/en-coulisses-air-senegal-sort-la-tete-de-leau-bis\/","title":{"rendered":"EN COULISSES - Air S\u00e9n\u00e9gal sort la t\u00eate de l'eau (bis)"},"content":{"rendered":"<div class=\"page\" title=\"Page 5\">\n<div class=\"layoutArea\">\n<div class=\"column\">\n<p><strong>NETTALI.COM -<\/strong> Pour rester sur la conf\u00e9rence de presse du lundi 17 juillet, le directeur commercial d'Air S\u00e9n\u00e9gal E\u0301ric Gue\u0300ye a \u00e9galement inform\u00e9 que les re\u0301sultats d'exploitation 2023 (EBIT) sont le\u0301ge\u0300rement meilleurs que les pre\u0301visions indique\u0301es au Conseil interministe\u0301riel de fe\u0301vrier 2023 avec plus de 2,7 milliards F CFA sur 6 mois et plus de 5 milliards F CFA, si les frais exoge\u0300nes lie\u0301s aux affre\u0300tements \/pannes (AOG) avions) sont exclus.<\/p>\n<p>De me\u0302me, a pr\u00e9cis\u00e9 celui-ci, les pertes de janvier a\u0300 juin 2023 ont e\u0301te\u0301 re\u0301duites de pre\u0300s de moitie\u0301 (-47 %) par rapport a\u0300 la me\u0302me pe\u0301riode en 2022, soit une e\u0301conomie sur 6 mois de 19,2 milliards F CFA.<\/p>\n<p>Par ailleurs, a indiqu\u00e9 le directeur commercial, la tendance continue d\u2019e\u0302tre positive sur les deux derniers mois (mai a\u0300 juin 2023), les pertes ont e\u0301te\u0301 re\u0301duites de -58 % par rapport a\u0300 la me\u0302me pe\u0301riode en 2022.<\/p>\n<p>\"<em>Les re\u0301sultats de juin 2023 sont particulie\u0300rement bons, 22 % supe\u0301rieurs aux pre\u0301visions et me\u0302me 32 % supe\u0301rieurs, s'il n'y avait pas eu les frais supple\u0301mentaires d'affre\u0300tement conse\u0301cutifs a\u0300 l'AOG prolonge\u0301 de l'A330 Neo 9H-SZN. On notera notamment le redressement significatif de la route New York (Normalized EBIT [margin] : -201 millions F CFA [-14%] Vs -1,36 MDS F CFA [- 123 %] en janvier 2023)<\/em>\u201d.<\/p>\n<div class=\"page\" title=\"Page 5\">\n<div class=\"layoutArea\">\n<div class=\"column\">\n<p>Ainsi, dit-il, l'objectif d'e\u0301quilibre des comptes est toujours maintenu pour le mois de de\u0301cembre 2023.<\/p>\n<\/div>\n<\/div>\n<\/div>\n<\/div>\n<\/div>\n<\/div>\n<div class='share-to-whatsapp-wrapper'><div class='share-on-whsp'>PARTAGER SUR : <\/div><a data-text='EN COULISSES - Air S\u00e9n\u00e9gal sort la t\u00eate de l'eau (bis)' data-link='https:\/\/www.nettali.com\/2023\/07\/18\/en-coulisses-air-senegal-sort-la-tete-de-leau-bis\/' class='whatsapp-button whatsapp-share'>WhatsApp<\/a><div class='clear '><\/div><\/div>","protected":false},"excerpt":{"rendered":"<p>NETTALI.COM - Pour rester sur la conf\u00e9rence de presse du lundi 17 juillet, le directeur commercial d'Air S\u00e9n\u00e9gal E\u0301ric Gue\u0300ye a \u00e9galement inform\u00e9 que les re\u0301sultats d'exploitation 2023 (EBIT) sont le\u0301ge\u0300rement meilleurs que les pre\u0301visions indique\u0301es au Conseil interministe\u0301riel de fe\u0301vrier 2023 avec plus de 2,7 milliards F CFA sur 6 mois et plus de [&hellip;]<\/p>\n","protected":false},"author":2,"featured_media":114285,"comment_status":"open","ping_status":"open","sticky":false,"template":"","format":"standard","meta":{"_et_pb_use_builder":"","_et_pb_old_content":""},"categories":[34945],"tags":[],"yoast_head":"<!-- This site is optimized with the Yoast SEO Premium plugin v17.8 (Yoast SEO v17.8) - https:\/\/yoast.com\/wordpress\/plugins\/seo\/ -->\n<title>EN COULISSES - Air S\u00e9n\u00e9gal sort la t\u00eate de l&#039;eau (bis) | Nettali.com<\/title>\n<meta name=\"robots\" content=\"index, follow, max-snippet:-1, max-image-preview:large, max-video-preview:-1\" \/>\n<link rel=\"canonical\" href=\"https:\/\/www.nettali.com\/2023\/07\/18\/en-coulisses-air-senegal-sort-la-tete-de-leau-bis\/\" \/>\n<meta property=\"og:locale\" content=\"fr_FR\" \/>\n<meta property=\"og:type\" content=\"article\" \/>\n<meta property=\"og:title\" content=\"EN COULISSES - Air S\u00e9n\u00e9gal sort la t\u00eate de l&#039;eau (bis)\" \/>\n<meta property=\"og:description\" content=\"NETTALI.COM - Pour rester sur la conf\u00e9rence de presse du lundi 17 juillet, le directeur commercial d&#039;Air S\u00e9n\u00e9gal E\u0301ric Gue\u0300ye a \u00e9galement inform\u00e9 que les re\u0301sultats d&#039;exploitation 2023 (EBIT) sont le\u0301ge\u0300rement meilleurs que les pre\u0301visions indique\u0301es au Conseil interministe\u0301riel de fe\u0301vrier 2023 avec plus de 2,7 milliards F CFA sur 6 mois et plus de [&hellip;]\" \/>\n<meta property=\"og:url\" content=\"https:\/\/www.nettali.com\/2023\/07\/18\/en-coulisses-air-senegal-sort-la-tete-de-leau-bis\/\" \/>\n<meta property=\"og:site_name\" content=\"Nettali.com\" \/>\n<meta property=\"article:publisher\" content=\"https:\/\/www.facebook.com\/nettalicom\" \/>\n<meta property=\"article:published_time\" content=\"2023-07-18T08:40:24+00:00\" \/>\n<meta property=\"og:image\" content=\"https:\/\/www.nettali.com\/wp-content\/uploads\/2023\/07\/A6901C39-4157-4576-82C2-F5CC4A319E59.jpeg\" \/>\n\t<meta property=\"og:image:width\" content=\"800\" \/>\n\t<meta property=\"og:image:height\" content=\"505\" \/>\n<meta name=\"twitter:card\" content=\"summary_large_image\" \/>\n<meta name=\"twitter:label1\" content=\"\u00c9crit par\" \/>\n\t<meta name=\"twitter:data1\" content=\"CK\" \/>\n\t<meta name=\"twitter:label2\" content=\"Dur\u00e9e de lecture estim\u00e9e\" \/>\n\t<meta name=\"twitter:data2\" content=\"2 minutes\" \/>\n<script type=\"application\/ld+json\" class=\"yoast-schema-graph\">{\"@context\":\"https:\/\/schema.org\",\"@graph\":[{\"@type\":\"WebSite\",\"@id\":\"https:\/\/www.nettali.com\/#website\",\"url\":\"https:\/\/www.nettali.com\/\",\"name\":\"Nettali.com\",\"description\":\"Le rendez-vous critique du Net\",\"potentialAction\":[{\"@type\":\"SearchAction\",\"target\":{\"@type\":\"EntryPoint\",\"urlTemplate\":\"https:\/\/www.nettali.com\/?s={search_term_string}\"},\"query-input\":\"required name=search_term_string\"}],\"inLanguage\":\"fr-FR\"},{\"@type\":\"ImageObject\",\"@id\":\"https:\/\/www.nettali.com\/2023\/07\/18\/en-coulisses-air-senegal-sort-la-tete-de-leau-bis\/#primaryimage\",\"inLanguage\":\"fr-FR\",\"url\":\"https:\/\/www.nettali.com\/wp-content\/uploads\/2023\/07\/A6901C39-4157-4576-82C2-F5CC4A319E59.jpeg\",\"contentUrl\":\"https:\/\/www.nettali.com\/wp-content\/uploads\/2023\/07\/A6901C39-4157-4576-82C2-F5CC4A319E59.jpeg\",\"width\":800,\"height\":505},{\"@type\":\"WebPage\",\"@id\":\"https:\/\/www.nettali.com\/2023\/07\/18\/en-coulisses-air-senegal-sort-la-tete-de-leau-bis\/#webpage\",\"url\":\"https:\/\/www.nettali.com\/2023\/07\/18\/en-coulisses-air-senegal-sort-la-tete-de-leau-bis\/\",\"name\":\"EN COULISSES - Air S\\u00e9n\\u00e9gal sort la t\\u00eate de l'eau (bis) | Nettali.com\",\"isPartOf\":{\"@id\":\"https:\/\/www.nettali.com\/#website\"},\"primaryImageOfPage\":{\"@id\":\"https:\/\/www.nettali.com\/2023\/07\/18\/en-coulisses-air-senegal-sort-la-tete-de-leau-bis\/#primaryimage\"},\"datePublished\":\"2023-07-18T08:40:24+00:00\",\"dateModified\":\"2023-07-18T08:40:24+00:00\",\"author\":{\"@id\":\"https:\/\/www.nettali.com\/#\/schema\/person\/d8ac7b7e27ddad43f1c0d2ef090d7f71\"},\"breadcrumb\":{\"@id\":\"https:\/\/www.nettali.com\/2023\/07\/18\/en-coulisses-air-senegal-sort-la-tete-de-leau-bis\/#breadcrumb\"},\"inLanguage\":\"fr-FR\",\"potentialAction\":[{\"@type\":\"ReadAction\",\"target\":[\"https:\/\/www.nettali.com\/2023\/07\/18\/en-coulisses-air-senegal-sort-la-tete-de-leau-bis\/\"]}]},{\"@type\":\"BreadcrumbList\",\"@id\":\"https:\/\/www.nettali.com\/2023\/07\/18\/en-coulisses-air-senegal-sort-la-tete-de-leau-bis\/#breadcrumb\",\"itemListElement\":[{\"@type\":\"ListItem\",\"position\":1,\"name\":\"Accueil\",\"item\":\"https:\/\/www.nettali.com\/\"},{\"@type\":\"ListItem\",\"position\":2,\"name\":\"EN COULISSES - Air S\\u00e9n\\u00e9gal sort la t\\u00eate de l'eau (bis)\"}]},{\"@type\":\"Person\",\"@id\":\"https:\/\/www.nettali.com\/#\/schema\/person\/d8ac7b7e27ddad43f1c0d2ef090d7f71\",\"name\":\"CK\",\"image\":{\"@type\":\"ImageObject\",\"@id\":\"https:\/\/www.nettali.com\/#personlogo\",\"inLanguage\":\"fr-FR\",\"url\":\"https:\/\/secure.gravatar.com\/avatar\/1d8d5118b9327d94da7cd4ce7f17fec2?s=96&d=mm&r=g\",\"contentUrl\":\"https:\/\/secure.gravatar.com\/avatar\/1d8d5118b9327d94da7cd4ce7f17fec2?s=96&d=mm&r=g\",\"caption\":\"CK\"},\"sameAs\":[\"https:\/\/www.nettali.com\"]}]}<\/script>\n<!-- \/ Yoast SEO Premium plugin. -->","yoast_head_json":{"title":"EN COULISSES - Air S\u00e9n\u00e9gal sort la t\u00eate de l'eau (bis) | Nettali.com","robots":{"index":"index","follow":"follow","max-snippet":"max-snippet:-1","max-image-preview":"max-image-preview:large","max-video-preview":"max-video-preview:-1"},"canonical":"https:\/\/www.nettali.com\/2023\/07\/18\/en-coulisses-air-senegal-sort-la-tete-de-leau-bis\/","og_locale":"fr_FR","og_type":"article","og_title":"EN COULISSES - Air S\u00e9n\u00e9gal sort la t\u00eate de l'eau (bis)","og_description":"NETTALI.COM - Pour rester sur la conf\u00e9rence de presse du lundi 17 juillet, le directeur commercial d'Air S\u00e9n\u00e9gal E\u0301ric Gue\u0300ye a \u00e9galement inform\u00e9 que les re\u0301sultats d'exploitation 2023 (EBIT) sont le\u0301ge\u0300rement meilleurs que les pre\u0301visions indique\u0301es au Conseil interministe\u0301riel de fe\u0301vrier 2023 avec plus de 2,7 milliards F CFA sur 6 mois et plus de [&hellip;]","og_url":"https:\/\/www.nettali.com\/2023\/07\/18\/en-coulisses-air-senegal-sort-la-tete-de-leau-bis\/","og_site_name":"Nettali.com","article_publisher":"https:\/\/www.facebook.com\/nettalicom","article_published_time":"2023-07-18T08:40:24+00:00","og_image":[{"width":800,"height":505,"url":"https:\/\/www.nettali.com\/wp-content\/uploads\/2023\/07\/A6901C39-4157-4576-82C2-F5CC4A319E59.jpeg","type":"image\/jpeg"}],"twitter_card":"summary_large_image","twitter_misc":{"\u00c9crit par":"CK","Dur\u00e9e de lecture estim\u00e9e":"2 minutes"},"schema":{"@context":"https:\/\/schema.org","@graph":[{"@type":"WebSite","@id":"https:\/\/www.nettali.com\/#website","url":"https:\/\/www.nettali.com\/","name":"Nettali.com","description":"Le rendez-vous critique du Net","potentialAction":[{"@type":"SearchAction","target":{"@type":"EntryPoint","urlTemplate":"https:\/\/www.nettali.com\/?s={search_term_string}"},"query-input":"required name=search_term_string"}],"inLanguage":"fr-FR"},{"@type":"ImageObject","@id":"https:\/\/www.nettali.com\/2023\/07\/18\/en-coulisses-air-senegal-sort-la-tete-de-leau-bis\/#primaryimage","inLanguage":"fr-FR","url":"https:\/\/www.nettali.com\/wp-content\/uploads\/2023\/07\/A6901C39-4157-4576-82C2-F5CC4A319E59.jpeg","contentUrl":"https:\/\/www.nettali.com\/wp-content\/uploads\/2023\/07\/A6901C39-4157-4576-82C2-F5CC4A319E59.jpeg","width":800,"height":505},{"@type":"WebPage","@id":"https:\/\/www.nettali.com\/2023\/07\/18\/en-coulisses-air-senegal-sort-la-tete-de-leau-bis\/#webpage","url":"https:\/\/www.nettali.com\/2023\/07\/18\/en-coulisses-air-senegal-sort-la-tete-de-leau-bis\/","name":"EN COULISSES - Air S\u00e9n\u00e9gal sort la t\u00eate de l'eau (bis) | Nettali.com","isPartOf":{"@id":"https:\/\/www.nettali.com\/#website"},"primaryImageOfPage":{"@id":"https:\/\/www.nettali.com\/2023\/07\/18\/en-coulisses-air-senegal-sort-la-tete-de-leau-bis\/#primaryimage"},"datePublished":"2023-07-18T08:40:24+00:00","dateModified":"2023-07-18T08:40:24+00:00","author":{"@id":"https:\/\/www.nettali.com\/#\/schema\/person\/d8ac7b7e27ddad43f1c0d2ef090d7f71"},"breadcrumb":{"@id":"https:\/\/www.nettali.com\/2023\/07\/18\/en-coulisses-air-senegal-sort-la-tete-de-leau-bis\/#breadcrumb"},"inLanguage":"fr-FR","potentialAction":[{"@type":"ReadAction","target":["https:\/\/www.nettali.com\/2023\/07\/18\/en-coulisses-air-senegal-sort-la-tete-de-leau-bis\/"]}]},{"@type":"BreadcrumbList","@id":"https:\/\/www.nettali.com\/2023\/07\/18\/en-coulisses-air-senegal-sort-la-tete-de-leau-bis\/#breadcrumb","itemListElement":[{"@type":"ListItem","position":1,"name":"Accueil","item":"https:\/\/www.nettali.com\/"},{"@type":"ListItem","position":2,"name":"EN COULISSES - Air S\u00e9n\u00e9gal sort la t\u00eate de l'eau (bis)"}]},{"@type":"Person","@id":"https:\/\/www.nettali.com\/#\/schema\/person\/d8ac7b7e27ddad43f1c0d2ef090d7f71","name":"CK","image":{"@type":"ImageObject","@id":"https:\/\/www.nettali.com\/#personlogo","inLanguage":"fr-FR","url":"https:\/\/secure.gravatar.com\/avatar\/1d8d5118b9327d94da7cd4ce7f17fec2?s=96&d=mm&r=g","contentUrl":"https:\/\/secure.gravatar.com\/avatar\/1d8d5118b9327d94da7cd4ce7f17fec2?s=96&d=mm&r=g","caption":"CK"},"sameAs":["https:\/\/www.nettali.com"]}]}},"_links":{"self":[{"href":"https:\/\/www.nettali.com\/rest\/wp\/v2\/posts\/114277"}],"collection":[{"href":"https:\/\/www.nettali.com\/rest\/wp\/v2\/posts"}],"about":[{"href":"https:\/\/www.nettali.com\/rest\/wp\/v2\/types\/post"}],"author":[{"embeddable":true,"href":"https:\/\/www.nettali.com\/rest\/wp\/v2\/users\/2"}],"replies":[{"embeddable":true,"href":"https:\/\/www.nettali.com\/rest\/wp\/v2\/comments?post=114277"}],"version-history":[{"count":2,"href":"https:\/\/www.nettali.com\/rest\/wp\/v2\/posts\/114277\/revisions"}],"predecessor-version":[{"id":114281,"href":"https:\/\/www.nettali.com\/rest\/wp\/v2\/posts\/114277\/revisions\/114281"}],"wp:featuredmedia":[{"embeddable":true,"href":"https:\/\/www.nettali.com\/rest\/wp\/v2\/media\/114285"}],"wp:attachment":[{"href":"https:\/\/www.nettali.com\/rest\/wp\/v2\/media?parent=114277"}],"wp:term":[{"taxonomy":"category","embeddable":true,"href":"https:\/\/www.nettali.com\/rest\/wp\/v2\/categories?post=114277"},{"taxonomy":"post_tag","embeddable":true,"href":"https:\/\/www.nettali.com\/rest\/wp\/v2\/tags?post=114277"}],"curies":[{"name":"wp","href":"https:\/\/api.w.org\/{rel}","templated":true}]}}