{"id":114275,"date":"2023-07-18T08:41:27","date_gmt":"2023-07-18T08:41:27","guid":{"rendered":"https:\/\/www.nettali.com\/?p=114275"},"modified":"2023-07-18T08:41:27","modified_gmt":"2023-07-18T08:41:27","slug":"en-coulisses-air-senegal-sort-la-tete-de-leau","status":"publish","type":"post","link":"https:\/\/www.nettali.com\/2023\/07\/18\/en-coulisses-air-senegal-sort-la-tete-de-leau\/","title":{"rendered":"EN COULISSES - Air S\u00e9n\u00e9gal sort la t\u00eate de l'eau"},"content":{"rendered":"<div class=\"page\" title=\"Page 5\">\n<div class=\"layoutArea\">\n<div class=\"column\">\n<p><strong>NETTALI.COM -<\/strong> Au cours d'une conf\u00e9rence de presse, organis\u00e9e ce lundi 17 juillet \u00e0 Dakar,\u00a0 la compagnie ae\u0301rienne a inform\u00e9 qu'elle va mieux, au regard de ses e\u0301volutions et re\u0301alisations.<\/p>\n<p>Selon en effet son directeur commercial E\u0301ric Gue\u0300ye, Air S\u00e9n\u00e9gal a affiche\u0301 des pertes mensuelles comprises entre 6 et 7 milliards F CFA par mois en 2022, correspondant a\u0300 des marges ne\u0301gatives (EBIT) de -50 % a\u0300 -60 % du fait de prix bas, d\u2019un manque de maitrise de la crise du carburant, des de\u0301fauts de maintenance, des surcou\u0302ts de location et enfin du manque de maturite\u0301 des mode\u0300les ope\u0301rationnel et organisationnel. Elle est aussi, poursuit-il, confronte\u0301e a\u0300 pre\u0300s de 48 milliards F CFA de factures e\u0301chues (hors 22 milliards F CFA de taxes RDIA).<\/p>\n<\/div>\n<div class=\"column\">\n<p>Cependant, informe M. Gue\u0300ye, \"<em>la perte a e\u0301te\u0301 re\u0301sorbe\u0301e a\u0300 2 milliards F CFA en 2023. Les pertes de janvier a\u0300 juin 2023 ont e\u0301te\u0301 e\u0301galement re\u0301duites de pre\u0300s de moitie\u0301 (-47 %) par rapport a\u0300 la me\u0302me pe\u0301riode en 2022. Les re\u0301sultats de juin 2023 sont particulie\u0300rement bons, 22 % supe\u0301rieurs aux pre\u0301visions<\/em>\".<\/p>\n<\/div>\n<div class=\"column\">\n<p>En effet, pour endiguer la perte, la compagnie Air Se\u0301ne\u0301gal a mis en place un plan d'action structure\u0301 comme suit : financement par l'E\u0301tat d'un montant de 48 milliards F CFA avant fin de\u0301cembre 2022 ; diversification des sources de revenus a\u0300 travers le rachat de 2AS et le projet MRO ; restructuration du re\u0301seau et ame\u0301lioration des ope\u0301rations de maintenance ; offre de prestations de service en ade\u0301quation avec les standards internationaux ; lancement d'un plan de communication ; imple\u0301mentation d'un Yield management performant ; de\u0301veloppement des alliances et partenariats en Code Share et Interlines ; re\u0301duction des fre\u0301quences et restructuration du re\u0301seau ; rationalisation de la flotte et ame\u0301lioration significative de la productivite\u0301.<\/p>\n<\/div>\n<\/div>\n<\/div>\n<div class='share-to-whatsapp-wrapper'><div class='share-on-whsp'>PARTAGER SUR : <\/div><a data-text='EN COULISSES - Air S\u00e9n\u00e9gal sort la t\u00eate de l'eau' data-link='https:\/\/www.nettali.com\/2023\/07\/18\/en-coulisses-air-senegal-sort-la-tete-de-leau\/' class='whatsapp-button whatsapp-share'>WhatsApp<\/a><div class='clear '><\/div><\/div>","protected":false},"excerpt":{"rendered":"<p>NETTALI.COM - Au cours d'une conf\u00e9rence de presse, organis\u00e9e ce lundi 17 juillet \u00e0 Dakar,\u00a0 la compagnie ae\u0301rienne a inform\u00e9 qu'elle va mieux, au regard de ses e\u0301volutions et re\u0301alisations. Selon en effet son directeur commercial E\u0301ric Gue\u0300ye, Air S\u00e9n\u00e9gal a affiche\u0301 des pertes mensuelles comprises entre 6 et 7 milliards F CFA par mois [&hellip;]<\/p>\n","protected":false},"author":2,"featured_media":114286,"comment_status":"open","ping_status":"open","sticky":false,"template":"","format":"standard","meta":{"_et_pb_use_builder":"","_et_pb_old_content":""},"categories":[34945],"tags":[],"yoast_head":"<!-- This site is optimized with the Yoast SEO Premium plugin v17.8 (Yoast SEO v17.8) - https:\/\/yoast.com\/wordpress\/plugins\/seo\/ -->\n<title>EN COULISSES - Air S\u00e9n\u00e9gal sort la t\u00eate de l&#039;eau | Nettali.com<\/title>\n<meta name=\"robots\" content=\"index, follow, max-snippet:-1, max-image-preview:large, max-video-preview:-1\" \/>\n<link rel=\"canonical\" href=\"https:\/\/www.nettali.com\/2023\/07\/18\/en-coulisses-air-senegal-sort-la-tete-de-leau\/\" \/>\n<meta property=\"og:locale\" content=\"fr_FR\" \/>\n<meta property=\"og:type\" content=\"article\" \/>\n<meta property=\"og:title\" content=\"EN COULISSES - Air S\u00e9n\u00e9gal sort la t\u00eate de l&#039;eau\" \/>\n<meta property=\"og:description\" content=\"NETTALI.COM - Au cours d&#039;une conf\u00e9rence de presse, organis\u00e9e ce lundi 17 juillet \u00e0 Dakar,\u00a0 la compagnie ae\u0301rienne a inform\u00e9 qu&#039;elle va mieux, au regard de ses e\u0301volutions et re\u0301alisations. Selon en effet son directeur commercial E\u0301ric Gue\u0300ye, Air S\u00e9n\u00e9gal a affiche\u0301 des pertes mensuelles comprises entre 6 et 7 milliards F CFA par mois [&hellip;]\" \/>\n<meta property=\"og:url\" content=\"https:\/\/www.nettali.com\/2023\/07\/18\/en-coulisses-air-senegal-sort-la-tete-de-leau\/\" \/>\n<meta property=\"og:site_name\" content=\"Nettali.com\" \/>\n<meta property=\"article:publisher\" content=\"https:\/\/www.facebook.com\/nettalicom\" \/>\n<meta property=\"article:published_time\" content=\"2023-07-18T08:41:27+00:00\" \/>\n<meta property=\"og:image\" content=\"https:\/\/www.nettali.com\/wp-content\/uploads\/2023\/07\/images.jpeg\" \/>\n\t<meta property=\"og:image:width\" content=\"259\" \/>\n\t<meta property=\"og:image:height\" content=\"194\" \/>\n<meta name=\"twitter:card\" content=\"summary_large_image\" \/>\n<meta name=\"twitter:label1\" content=\"\u00c9crit par\" \/>\n\t<meta name=\"twitter:data1\" content=\"CK\" \/>\n\t<meta name=\"twitter:label2\" content=\"Dur\u00e9e de lecture estim\u00e9e\" \/>\n\t<meta name=\"twitter:data2\" content=\"2 minutes\" \/>\n<script type=\"application\/ld+json\" class=\"yoast-schema-graph\">{\"@context\":\"https:\/\/schema.org\",\"@graph\":[{\"@type\":\"WebSite\",\"@id\":\"https:\/\/www.nettali.com\/#website\",\"url\":\"https:\/\/www.nettali.com\/\",\"name\":\"Nettali.com\",\"description\":\"Le rendez-vous critique du Net\",\"potentialAction\":[{\"@type\":\"SearchAction\",\"target\":{\"@type\":\"EntryPoint\",\"urlTemplate\":\"https:\/\/www.nettali.com\/?s={search_term_string}\"},\"query-input\":\"required name=search_term_string\"}],\"inLanguage\":\"fr-FR\"},{\"@type\":\"ImageObject\",\"@id\":\"https:\/\/www.nettali.com\/2023\/07\/18\/en-coulisses-air-senegal-sort-la-tete-de-leau\/#primaryimage\",\"inLanguage\":\"fr-FR\",\"url\":\"https:\/\/www.nettali.com\/wp-content\/uploads\/2023\/07\/images.jpeg\",\"contentUrl\":\"https:\/\/www.nettali.com\/wp-content\/uploads\/2023\/07\/images.jpeg\",\"width\":259,\"height\":194},{\"@type\":\"WebPage\",\"@id\":\"https:\/\/www.nettali.com\/2023\/07\/18\/en-coulisses-air-senegal-sort-la-tete-de-leau\/#webpage\",\"url\":\"https:\/\/www.nettali.com\/2023\/07\/18\/en-coulisses-air-senegal-sort-la-tete-de-leau\/\",\"name\":\"EN COULISSES - Air S\\u00e9n\\u00e9gal sort la t\\u00eate de l'eau | Nettali.com\",\"isPartOf\":{\"@id\":\"https:\/\/www.nettali.com\/#website\"},\"primaryImageOfPage\":{\"@id\":\"https:\/\/www.nettali.com\/2023\/07\/18\/en-coulisses-air-senegal-sort-la-tete-de-leau\/#primaryimage\"},\"datePublished\":\"2023-07-18T08:41:27+00:00\",\"dateModified\":\"2023-07-18T08:41:27+00:00\",\"author\":{\"@id\":\"https:\/\/www.nettali.com\/#\/schema\/person\/d8ac7b7e27ddad43f1c0d2ef090d7f71\"},\"breadcrumb\":{\"@id\":\"https:\/\/www.nettali.com\/2023\/07\/18\/en-coulisses-air-senegal-sort-la-tete-de-leau\/#breadcrumb\"},\"inLanguage\":\"fr-FR\",\"potentialAction\":[{\"@type\":\"ReadAction\",\"target\":[\"https:\/\/www.nettali.com\/2023\/07\/18\/en-coulisses-air-senegal-sort-la-tete-de-leau\/\"]}]},{\"@type\":\"BreadcrumbList\",\"@id\":\"https:\/\/www.nettali.com\/2023\/07\/18\/en-coulisses-air-senegal-sort-la-tete-de-leau\/#breadcrumb\",\"itemListElement\":[{\"@type\":\"ListItem\",\"position\":1,\"name\":\"Accueil\",\"item\":\"https:\/\/www.nettali.com\/\"},{\"@type\":\"ListItem\",\"position\":2,\"name\":\"EN COULISSES - Air S\\u00e9n\\u00e9gal sort la t\\u00eate de l'eau\"}]},{\"@type\":\"Person\",\"@id\":\"https:\/\/www.nettali.com\/#\/schema\/person\/d8ac7b7e27ddad43f1c0d2ef090d7f71\",\"name\":\"CK\",\"image\":{\"@type\":\"ImageObject\",\"@id\":\"https:\/\/www.nettali.com\/#personlogo\",\"inLanguage\":\"fr-FR\",\"url\":\"https:\/\/secure.gravatar.com\/avatar\/1d8d5118b9327d94da7cd4ce7f17fec2?s=96&d=mm&r=g\",\"contentUrl\":\"https:\/\/secure.gravatar.com\/avatar\/1d8d5118b9327d94da7cd4ce7f17fec2?s=96&d=mm&r=g\",\"caption\":\"CK\"},\"sameAs\":[\"https:\/\/www.nettali.com\"]}]}<\/script>\n<!-- \/ Yoast SEO Premium plugin. -->","yoast_head_json":{"title":"EN COULISSES - Air S\u00e9n\u00e9gal sort la t\u00eate de l'eau | Nettali.com","robots":{"index":"index","follow":"follow","max-snippet":"max-snippet:-1","max-image-preview":"max-image-preview:large","max-video-preview":"max-video-preview:-1"},"canonical":"https:\/\/www.nettali.com\/2023\/07\/18\/en-coulisses-air-senegal-sort-la-tete-de-leau\/","og_locale":"fr_FR","og_type":"article","og_title":"EN COULISSES - Air S\u00e9n\u00e9gal sort la t\u00eate de l'eau","og_description":"NETTALI.COM - Au cours d'une conf\u00e9rence de presse, organis\u00e9e ce lundi 17 juillet \u00e0 Dakar,\u00a0 la compagnie ae\u0301rienne a inform\u00e9 qu'elle va mieux, au regard de ses e\u0301volutions et re\u0301alisations. Selon en effet son directeur commercial E\u0301ric Gue\u0300ye, Air S\u00e9n\u00e9gal a affiche\u0301 des pertes mensuelles comprises entre 6 et 7 milliards F CFA par mois [&hellip;]","og_url":"https:\/\/www.nettali.com\/2023\/07\/18\/en-coulisses-air-senegal-sort-la-tete-de-leau\/","og_site_name":"Nettali.com","article_publisher":"https:\/\/www.facebook.com\/nettalicom","article_published_time":"2023-07-18T08:41:27+00:00","og_image":[{"width":259,"height":194,"url":"https:\/\/www.nettali.com\/wp-content\/uploads\/2023\/07\/images.jpeg","type":"image\/jpeg"}],"twitter_card":"summary_large_image","twitter_misc":{"\u00c9crit par":"CK","Dur\u00e9e de lecture estim\u00e9e":"2 minutes"},"schema":{"@context":"https:\/\/schema.org","@graph":[{"@type":"WebSite","@id":"https:\/\/www.nettali.com\/#website","url":"https:\/\/www.nettali.com\/","name":"Nettali.com","description":"Le rendez-vous critique du Net","potentialAction":[{"@type":"SearchAction","target":{"@type":"EntryPoint","urlTemplate":"https:\/\/www.nettali.com\/?s={search_term_string}"},"query-input":"required name=search_term_string"}],"inLanguage":"fr-FR"},{"@type":"ImageObject","@id":"https:\/\/www.nettali.com\/2023\/07\/18\/en-coulisses-air-senegal-sort-la-tete-de-leau\/#primaryimage","inLanguage":"fr-FR","url":"https:\/\/www.nettali.com\/wp-content\/uploads\/2023\/07\/images.jpeg","contentUrl":"https:\/\/www.nettali.com\/wp-content\/uploads\/2023\/07\/images.jpeg","width":259,"height":194},{"@type":"WebPage","@id":"https:\/\/www.nettali.com\/2023\/07\/18\/en-coulisses-air-senegal-sort-la-tete-de-leau\/#webpage","url":"https:\/\/www.nettali.com\/2023\/07\/18\/en-coulisses-air-senegal-sort-la-tete-de-leau\/","name":"EN COULISSES - Air S\u00e9n\u00e9gal sort la t\u00eate de l'eau | Nettali.com","isPartOf":{"@id":"https:\/\/www.nettali.com\/#website"},"primaryImageOfPage":{"@id":"https:\/\/www.nettali.com\/2023\/07\/18\/en-coulisses-air-senegal-sort-la-tete-de-leau\/#primaryimage"},"datePublished":"2023-07-18T08:41:27+00:00","dateModified":"2023-07-18T08:41:27+00:00","author":{"@id":"https:\/\/www.nettali.com\/#\/schema\/person\/d8ac7b7e27ddad43f1c0d2ef090d7f71"},"breadcrumb":{"@id":"https:\/\/www.nettali.com\/2023\/07\/18\/en-coulisses-air-senegal-sort-la-tete-de-leau\/#breadcrumb"},"inLanguage":"fr-FR","potentialAction":[{"@type":"ReadAction","target":["https:\/\/www.nettali.com\/2023\/07\/18\/en-coulisses-air-senegal-sort-la-tete-de-leau\/"]}]},{"@type":"BreadcrumbList","@id":"https:\/\/www.nettali.com\/2023\/07\/18\/en-coulisses-air-senegal-sort-la-tete-de-leau\/#breadcrumb","itemListElement":[{"@type":"ListItem","position":1,"name":"Accueil","item":"https:\/\/www.nettali.com\/"},{"@type":"ListItem","position":2,"name":"EN COULISSES - Air S\u00e9n\u00e9gal sort la t\u00eate de l'eau"}]},{"@type":"Person","@id":"https:\/\/www.nettali.com\/#\/schema\/person\/d8ac7b7e27ddad43f1c0d2ef090d7f71","name":"CK","image":{"@type":"ImageObject","@id":"https:\/\/www.nettali.com\/#personlogo","inLanguage":"fr-FR","url":"https:\/\/secure.gravatar.com\/avatar\/1d8d5118b9327d94da7cd4ce7f17fec2?s=96&d=mm&r=g","contentUrl":"https:\/\/secure.gravatar.com\/avatar\/1d8d5118b9327d94da7cd4ce7f17fec2?s=96&d=mm&r=g","caption":"CK"},"sameAs":["https:\/\/www.nettali.com"]}]}},"_links":{"self":[{"href":"https:\/\/www.nettali.com\/rest\/wp\/v2\/posts\/114275"}],"collection":[{"href":"https:\/\/www.nettali.com\/rest\/wp\/v2\/posts"}],"about":[{"href":"https:\/\/www.nettali.com\/rest\/wp\/v2\/types\/post"}],"author":[{"embeddable":true,"href":"https:\/\/www.nettali.com\/rest\/wp\/v2\/users\/2"}],"replies":[{"embeddable":true,"href":"https:\/\/www.nettali.com\/rest\/wp\/v2\/comments?post=114275"}],"version-history":[{"count":3,"href":"https:\/\/www.nettali.com\/rest\/wp\/v2\/posts\/114275\/revisions"}],"predecessor-version":[{"id":114280,"href":"https:\/\/www.nettali.com\/rest\/wp\/v2\/posts\/114275\/revisions\/114280"}],"wp:featuredmedia":[{"embeddable":true,"href":"https:\/\/www.nettali.com\/rest\/wp\/v2\/media\/114286"}],"wp:attachment":[{"href":"https:\/\/www.nettali.com\/rest\/wp\/v2\/media?parent=114275"}],"wp:term":[{"taxonomy":"category","embeddable":true,"href":"https:\/\/www.nettali.com\/rest\/wp\/v2\/categories?post=114275"},{"taxonomy":"post_tag","embeddable":true,"href":"https:\/\/www.nettali.com\/rest\/wp\/v2\/tags?post=114275"}],"curies":[{"name":"wp","href":"https:\/\/api.w.org\/{rel}","templated":true}]}}