{"id":114173,"date":"2023-07-16T15:59:46","date_gmt":"2023-07-16T15:59:46","guid":{"rendered":"https:\/\/www.nettali.com\/?p=114173"},"modified":"2023-07-16T16:39:56","modified_gmt":"2023-07-16T16:39:56","slug":"en-coulisses-que-le-ps-ait-une-candidature-a-la-candidature-nest-pas-un-crime","status":"publish","type":"post","link":"https:\/\/www.nettali.com\/2023\/07\/16\/en-coulisses-que-le-ps-ait-une-candidature-a-la-candidature-nest-pas-un-crime\/","title":{"rendered":"EN COULISSES - \"Que le PS ait un candidat \u00e0 la candidature...\""},"content":{"rendered":"<p><strong>NETTALI.COM - <\/strong>Invit\u00e9 de l'\u00e9mission \"Grand Jury\" de ce dimanche 16 juillet, Abdoulaye Wilane s'est prononc\u00e9 sur la question de la candidature au Parti socialiste (Ps) qui fait d\u00e9bat. Pour le porte-parole dudit parti, ce n'est pas un crime que le premier parti s\u00e9n\u00e9galais au pouvoir \"<em>ait un candidat \u00e0 la candidature<\/em>.\"<\/p>\n<p>\"<em>En 2012, \u00e0 Benno Bok Yakaar, il y avait une multitude de candidatures avec un accord de d\u00e9sistement respect\u00e9 par tout le monde au second tour. En 2019, pour lui (Macky Sall) donner la chance de faire son second mandat, tous, on s\u2019\u00e9tait rang\u00e9s autour de lui. Maintenant que lui-m\u00eame n\u2019est plus candidat, c\u2019est tout \u00e0 fait normal et logique que chacun se dise je vais me tester<\/em>\", a laiss\u00e9 entendre Abdoulaye Wilane.<\/p>\n<p>\"<em>M\u00eame si nous devons avoir un candidat, qui ne soit pas issu du parti socialiste comme en 2019, il faudrait qu\u2019il soit investi par congr\u00e8s. Moi j\u2019ai un probl\u00e8me, c\u2019est comment faire pour incarner tout le parti pour que tout le parti se retrouve dans ce que nous faisons. Le temps est court pour tout le monde. Il est court mais il y a combien de candidats d\u00e9clar\u00e9s dans l\u2019APR? Pas moins d\u2019une dizaine, pour ce qu\u2019on lit sur les r\u00e9seaux sociaux. Alors pourquoi donc ce serait un crime que de souhaiter que le PS ait une candidature \u00e0 la candidature<\/em>\", a-t-il insist\u00e9.<\/p>\n<div class='share-to-whatsapp-wrapper'><div class='share-on-whsp'>PARTAGER SUR : <\/div><a data-text='EN COULISSES - \"Que le PS ait un candidat \u00e0 la candidature...\"' data-link='https:\/\/www.nettali.com\/2023\/07\/16\/en-coulisses-que-le-ps-ait-une-candidature-a-la-candidature-nest-pas-un-crime\/' class='whatsapp-button whatsapp-share'>WhatsApp<\/a><div class='clear '><\/div><\/div>","protected":false},"excerpt":{"rendered":"<p>NETTALI.COM - Invit\u00e9 de l'\u00e9mission \"Grand Jury\" de ce dimanche 16 juillet, Abdoulaye Wilane s'est prononc\u00e9 sur la question de la candidature au Parti socialiste (Ps) qui fait d\u00e9bat. Pour le porte-parole dudit parti, ce n'est pas un crime que le premier parti s\u00e9n\u00e9galais au pouvoir \"ait un candidat \u00e0 la candidature.\" \"En 2012, \u00e0 [&hellip;]<\/p>\n","protected":false},"author":5,"featured_media":114176,"comment_status":"open","ping_status":"open","sticky":false,"template":"","format":"standard","meta":{"_et_pb_use_builder":"","_et_pb_old_content":""},"categories":[34945],"tags":[],"yoast_head":"<!-- This site is optimized with the Yoast SEO Premium plugin v17.8 (Yoast SEO v17.8) - https:\/\/yoast.com\/wordpress\/plugins\/seo\/ -->\n<title>EN COULISSES - &quot;Que le PS ait un candidat \u00e0 la candidature...&quot; | Nettali.com<\/title>\n<meta name=\"robots\" content=\"index, follow, max-snippet:-1, max-image-preview:large, max-video-preview:-1\" \/>\n<link rel=\"canonical\" href=\"https:\/\/www.nettali.com\/2023\/07\/16\/en-coulisses-que-le-ps-ait-une-candidature-a-la-candidature-nest-pas-un-crime\/\" \/>\n<meta property=\"og:locale\" content=\"fr_FR\" \/>\n<meta property=\"og:type\" content=\"article\" \/>\n<meta property=\"og:title\" content=\"EN COULISSES - &quot;Que le PS ait un candidat \u00e0 la candidature...&quot;\" \/>\n<meta property=\"og:description\" content=\"NETTALI.COM - Invit\u00e9 de l&#039;\u00e9mission &quot;Grand Jury&quot; de ce dimanche 16 juillet, Abdoulaye Wilane s&#039;est prononc\u00e9 sur la question de la candidature au Parti socialiste (Ps) qui fait d\u00e9bat. Pour le porte-parole dudit parti, ce n&#039;est pas un crime que le premier parti s\u00e9n\u00e9galais au pouvoir &quot;ait un candidat \u00e0 la candidature.&quot; &quot;En 2012, \u00e0 [&hellip;]\" \/>\n<meta property=\"og:url\" content=\"https:\/\/www.nettali.com\/2023\/07\/16\/en-coulisses-que-le-ps-ait-une-candidature-a-la-candidature-nest-pas-un-crime\/\" \/>\n<meta property=\"og:site_name\" content=\"Nettali.com\" \/>\n<meta property=\"article:publisher\" content=\"https:\/\/www.facebook.com\/nettalicom\" \/>\n<meta property=\"article:published_time\" content=\"2023-07-16T15:59:46+00:00\" \/>\n<meta property=\"article:modified_time\" content=\"2023-07-16T16:39:56+00:00\" \/>\n<meta property=\"og:image\" content=\"https:\/\/www.nettali.com\/wp-content\/uploads\/2023\/07\/arton24840-e1685746407368.jpg\" \/>\n\t<meta property=\"og:image:width\" content=\"617\" \/>\n\t<meta property=\"og:image:height\" content=\"328\" \/>\n<meta name=\"twitter:card\" content=\"summary_large_image\" \/>\n<meta name=\"twitter:label1\" content=\"\u00c9crit par\" \/>\n\t<meta name=\"twitter:data1\" content=\"Ibrahima\" \/>\n\t<meta name=\"twitter:label2\" content=\"Dur\u00e9e de lecture estim\u00e9e\" \/>\n\t<meta name=\"twitter:data2\" content=\"2 minutes\" \/>\n<script type=\"application\/ld+json\" class=\"yoast-schema-graph\">{\"@context\":\"https:\/\/schema.org\",\"@graph\":[{\"@type\":\"WebSite\",\"@id\":\"https:\/\/www.nettali.com\/#website\",\"url\":\"https:\/\/www.nettali.com\/\",\"name\":\"Nettali.com\",\"description\":\"Le rendez-vous critique du Net\",\"potentialAction\":[{\"@type\":\"SearchAction\",\"target\":{\"@type\":\"EntryPoint\",\"urlTemplate\":\"https:\/\/www.nettali.com\/?s={search_term_string}\"},\"query-input\":\"required name=search_term_string\"}],\"inLanguage\":\"fr-FR\"},{\"@type\":\"ImageObject\",\"@id\":\"https:\/\/www.nettali.com\/2023\/07\/16\/en-coulisses-que-le-ps-ait-une-candidature-a-la-candidature-nest-pas-un-crime\/#primaryimage\",\"inLanguage\":\"fr-FR\",\"url\":\"https:\/\/www.nettali.com\/wp-content\/uploads\/2023\/07\/arton24840-e1685746407368.jpg\",\"contentUrl\":\"https:\/\/www.nettali.com\/wp-content\/uploads\/2023\/07\/arton24840-e1685746407368.jpg\",\"width\":617,\"height\":328},{\"@type\":\"WebPage\",\"@id\":\"https:\/\/www.nettali.com\/2023\/07\/16\/en-coulisses-que-le-ps-ait-une-candidature-a-la-candidature-nest-pas-un-crime\/#webpage\",\"url\":\"https:\/\/www.nettali.com\/2023\/07\/16\/en-coulisses-que-le-ps-ait-une-candidature-a-la-candidature-nest-pas-un-crime\/\",\"name\":\"EN COULISSES - \\\"Que le PS ait un candidat \\u00e0 la candidature...\\\" | Nettali.com\",\"isPartOf\":{\"@id\":\"https:\/\/www.nettali.com\/#website\"},\"primaryImageOfPage\":{\"@id\":\"https:\/\/www.nettali.com\/2023\/07\/16\/en-coulisses-que-le-ps-ait-une-candidature-a-la-candidature-nest-pas-un-crime\/#primaryimage\"},\"datePublished\":\"2023-07-16T15:59:46+00:00\",\"dateModified\":\"2023-07-16T16:39:56+00:00\",\"author\":{\"@id\":\"https:\/\/www.nettali.com\/#\/schema\/person\/bb147657c2986240405a608162b9bb23\"},\"breadcrumb\":{\"@id\":\"https:\/\/www.nettali.com\/2023\/07\/16\/en-coulisses-que-le-ps-ait-une-candidature-a-la-candidature-nest-pas-un-crime\/#breadcrumb\"},\"inLanguage\":\"fr-FR\",\"potentialAction\":[{\"@type\":\"ReadAction\",\"target\":[\"https:\/\/www.nettali.com\/2023\/07\/16\/en-coulisses-que-le-ps-ait-une-candidature-a-la-candidature-nest-pas-un-crime\/\"]}]},{\"@type\":\"BreadcrumbList\",\"@id\":\"https:\/\/www.nettali.com\/2023\/07\/16\/en-coulisses-que-le-ps-ait-une-candidature-a-la-candidature-nest-pas-un-crime\/#breadcrumb\",\"itemListElement\":[{\"@type\":\"ListItem\",\"position\":1,\"name\":\"Accueil\",\"item\":\"https:\/\/www.nettali.com\/\"},{\"@type\":\"ListItem\",\"position\":2,\"name\":\"EN COULISSES - \\\"Que le PS ait un candidat \\u00e0 la candidature...\\\"\"}]},{\"@type\":\"Person\",\"@id\":\"https:\/\/www.nettali.com\/#\/schema\/person\/bb147657c2986240405a608162b9bb23\",\"name\":\"Ibrahima\",\"image\":{\"@type\":\"ImageObject\",\"@id\":\"https:\/\/www.nettali.com\/#personlogo\",\"inLanguage\":\"fr-FR\",\"url\":\"https:\/\/secure.gravatar.com\/avatar\/26a8a81f09f0dd7624c9d5c36c9ba3a2?s=96&d=mm&r=g\",\"contentUrl\":\"https:\/\/secure.gravatar.com\/avatar\/26a8a81f09f0dd7624c9d5c36c9ba3a2?s=96&d=mm&r=g\",\"caption\":\"Ibrahima\"},\"sameAs\":[\"https:\/\/www.nettali.com\"]}]}<\/script>\n<!-- \/ Yoast SEO Premium plugin. -->","yoast_head_json":{"title":"EN COULISSES - \"Que le PS ait un candidat \u00e0 la candidature...\" | Nettali.com","robots":{"index":"index","follow":"follow","max-snippet":"max-snippet:-1","max-image-preview":"max-image-preview:large","max-video-preview":"max-video-preview:-1"},"canonical":"https:\/\/www.nettali.com\/2023\/07\/16\/en-coulisses-que-le-ps-ait-une-candidature-a-la-candidature-nest-pas-un-crime\/","og_locale":"fr_FR","og_type":"article","og_title":"EN COULISSES - \"Que le PS ait un candidat \u00e0 la candidature...\"","og_description":"NETTALI.COM - Invit\u00e9 de l'\u00e9mission \"Grand Jury\" de ce dimanche 16 juillet, Abdoulaye Wilane s'est prononc\u00e9 sur la question de la candidature au Parti socialiste (Ps) qui fait d\u00e9bat. Pour le porte-parole dudit parti, ce n'est pas un crime que le premier parti s\u00e9n\u00e9galais au pouvoir \"ait un candidat \u00e0 la candidature.\" \"En 2012, \u00e0 [&hellip;]","og_url":"https:\/\/www.nettali.com\/2023\/07\/16\/en-coulisses-que-le-ps-ait-une-candidature-a-la-candidature-nest-pas-un-crime\/","og_site_name":"Nettali.com","article_publisher":"https:\/\/www.facebook.com\/nettalicom","article_published_time":"2023-07-16T15:59:46+00:00","article_modified_time":"2023-07-16T16:39:56+00:00","og_image":[{"width":617,"height":328,"url":"https:\/\/www.nettali.com\/wp-content\/uploads\/2023\/07\/arton24840-e1685746407368.jpg","type":"image\/jpeg"}],"twitter_card":"summary_large_image","twitter_misc":{"\u00c9crit par":"Ibrahima","Dur\u00e9e de lecture estim\u00e9e":"2 minutes"},"schema":{"@context":"https:\/\/schema.org","@graph":[{"@type":"WebSite","@id":"https:\/\/www.nettali.com\/#website","url":"https:\/\/www.nettali.com\/","name":"Nettali.com","description":"Le rendez-vous critique du Net","potentialAction":[{"@type":"SearchAction","target":{"@type":"EntryPoint","urlTemplate":"https:\/\/www.nettali.com\/?s={search_term_string}"},"query-input":"required name=search_term_string"}],"inLanguage":"fr-FR"},{"@type":"ImageObject","@id":"https:\/\/www.nettali.com\/2023\/07\/16\/en-coulisses-que-le-ps-ait-une-candidature-a-la-candidature-nest-pas-un-crime\/#primaryimage","inLanguage":"fr-FR","url":"https:\/\/www.nettali.com\/wp-content\/uploads\/2023\/07\/arton24840-e1685746407368.jpg","contentUrl":"https:\/\/www.nettali.com\/wp-content\/uploads\/2023\/07\/arton24840-e1685746407368.jpg","width":617,"height":328},{"@type":"WebPage","@id":"https:\/\/www.nettali.com\/2023\/07\/16\/en-coulisses-que-le-ps-ait-une-candidature-a-la-candidature-nest-pas-un-crime\/#webpage","url":"https:\/\/www.nettali.com\/2023\/07\/16\/en-coulisses-que-le-ps-ait-une-candidature-a-la-candidature-nest-pas-un-crime\/","name":"EN COULISSES - \"Que le PS ait un candidat \u00e0 la candidature...\" | Nettali.com","isPartOf":{"@id":"https:\/\/www.nettali.com\/#website"},"primaryImageOfPage":{"@id":"https:\/\/www.nettali.com\/2023\/07\/16\/en-coulisses-que-le-ps-ait-une-candidature-a-la-candidature-nest-pas-un-crime\/#primaryimage"},"datePublished":"2023-07-16T15:59:46+00:00","dateModified":"2023-07-16T16:39:56+00:00","author":{"@id":"https:\/\/www.nettali.com\/#\/schema\/person\/bb147657c2986240405a608162b9bb23"},"breadcrumb":{"@id":"https:\/\/www.nettali.com\/2023\/07\/16\/en-coulisses-que-le-ps-ait-une-candidature-a-la-candidature-nest-pas-un-crime\/#breadcrumb"},"inLanguage":"fr-FR","potentialAction":[{"@type":"ReadAction","target":["https:\/\/www.nettali.com\/2023\/07\/16\/en-coulisses-que-le-ps-ait-une-candidature-a-la-candidature-nest-pas-un-crime\/"]}]},{"@type":"BreadcrumbList","@id":"https:\/\/www.nettali.com\/2023\/07\/16\/en-coulisses-que-le-ps-ait-une-candidature-a-la-candidature-nest-pas-un-crime\/#breadcrumb","itemListElement":[{"@type":"ListItem","position":1,"name":"Accueil","item":"https:\/\/www.nettali.com\/"},{"@type":"ListItem","position":2,"name":"EN COULISSES - \"Que le PS ait un candidat \u00e0 la candidature...\""}]},{"@type":"Person","@id":"https:\/\/www.nettali.com\/#\/schema\/person\/bb147657c2986240405a608162b9bb23","name":"Ibrahima","image":{"@type":"ImageObject","@id":"https:\/\/www.nettali.com\/#personlogo","inLanguage":"fr-FR","url":"https:\/\/secure.gravatar.com\/avatar\/26a8a81f09f0dd7624c9d5c36c9ba3a2?s=96&d=mm&r=g","contentUrl":"https:\/\/secure.gravatar.com\/avatar\/26a8a81f09f0dd7624c9d5c36c9ba3a2?s=96&d=mm&r=g","caption":"Ibrahima"},"sameAs":["https:\/\/www.nettali.com"]}]}},"_links":{"self":[{"href":"https:\/\/www.nettali.com\/rest\/wp\/v2\/posts\/114173"}],"collection":[{"href":"https:\/\/www.nettali.com\/rest\/wp\/v2\/posts"}],"about":[{"href":"https:\/\/www.nettali.com\/rest\/wp\/v2\/types\/post"}],"author":[{"embeddable":true,"href":"https:\/\/www.nettali.com\/rest\/wp\/v2\/users\/5"}],"replies":[{"embeddable":true,"href":"https:\/\/www.nettali.com\/rest\/wp\/v2\/comments?post=114173"}],"version-history":[{"count":6,"href":"https:\/\/www.nettali.com\/rest\/wp\/v2\/posts\/114173\/revisions"}],"predecessor-version":[{"id":114201,"href":"https:\/\/www.nettali.com\/rest\/wp\/v2\/posts\/114173\/revisions\/114201"}],"wp:featuredmedia":[{"embeddable":true,"href":"https:\/\/www.nettali.com\/rest\/wp\/v2\/media\/114176"}],"wp:attachment":[{"href":"https:\/\/www.nettali.com\/rest\/wp\/v2\/media?parent=114173"}],"wp:term":[{"taxonomy":"category","embeddable":true,"href":"https:\/\/www.nettali.com\/rest\/wp\/v2\/categories?post=114173"},{"taxonomy":"post_tag","embeddable":true,"href":"https:\/\/www.nettali.com\/rest\/wp\/v2\/tags?post=114173"}],"curies":[{"name":"wp","href":"https:\/\/api.w.org\/{rel}","templated":true}]}}