{"id":114130,"date":"2023-07-15T10:03:33","date_gmt":"2023-07-15T10:03:33","guid":{"rendered":"https:\/\/www.nettali.com\/?p=114130"},"modified":"2023-07-15T10:03:33","modified_gmt":"2023-07-15T10:03:33","slug":"en-coulisses-bayern-un-accord-total-avec-walker","status":"publish","type":"post","link":"https:\/\/www.nettali.com\/2023\/07\/15\/en-coulisses-bayern-un-accord-total-avec-walker\/","title":{"rendered":"EN COULISSES - Bayern - Un accord total avec Walker !"},"content":{"rendered":"<div class=\"page\" title=\"Page 11\">\n<div class=\"section\">\n<div class=\"layoutArea\">\n<div class=\"column\">\n<p><strong>NETTALI.COM -<\/strong>\u00a0 En attendant de trouver un terrain d\u2019entente avec Manchester City concernant les conditions financie\u0300res d\u2019un transfert, le champion d\u2019Allemagne est parvenu a\u0300 un accord total avec le late\u0301ral droit anglais, Kyle Walker (33 ans, 39 matchs toutes compe\u0301titions pour la saison 2022-2023) vendredi, re\u0301ve\u0300le Sky Allemagne, pour un contrat de deux ans, soit jusqu\u2019en 2025, plus une autre anne\u0301e en option.<\/p>\n<p>Le tre\u0300s gros coup se confirme donc pour les Roten.<\/p>\n<\/div>\n<\/div>\n<\/div>\n<\/div>\n<div class='share-to-whatsapp-wrapper'><div class='share-on-whsp'>PARTAGER SUR : <\/div><a data-text='EN COULISSES - Bayern - Un accord total avec Walker !' data-link='https:\/\/www.nettali.com\/2023\/07\/15\/en-coulisses-bayern-un-accord-total-avec-walker\/' class='whatsapp-button whatsapp-share'>WhatsApp<\/a><div class='clear '><\/div><\/div>","protected":false},"excerpt":{"rendered":"<p>NETTALI.COM -\u00a0 En attendant de trouver un terrain d\u2019entente avec Manchester City concernant les conditions financie\u0300res d\u2019un transfert, le champion d\u2019Allemagne est parvenu a\u0300 un accord total avec le late\u0301ral droit anglais, Kyle Walker (33 ans, 39 matchs toutes compe\u0301titions pour la saison 2022-2023) vendredi, re\u0301ve\u0300le Sky Allemagne, pour un contrat de deux ans, soit [&hellip;]<\/p>\n","protected":false},"author":2,"featured_media":114132,"comment_status":"open","ping_status":"open","sticky":false,"template":"","format":"standard","meta":{"_et_pb_use_builder":"","_et_pb_old_content":""},"categories":[34945],"tags":[],"yoast_head":"<!-- This site is optimized with the Yoast SEO Premium plugin v17.8 (Yoast SEO v17.8) - https:\/\/yoast.com\/wordpress\/plugins\/seo\/ -->\n<title>EN COULISSES - Bayern - Un accord total avec Walker ! | Nettali.com<\/title>\n<meta name=\"robots\" content=\"index, follow, max-snippet:-1, max-image-preview:large, max-video-preview:-1\" \/>\n<link rel=\"canonical\" href=\"https:\/\/www.nettali.com\/2023\/07\/15\/en-coulisses-bayern-un-accord-total-avec-walker\/\" \/>\n<meta property=\"og:locale\" content=\"fr_FR\" \/>\n<meta property=\"og:type\" content=\"article\" \/>\n<meta property=\"og:title\" content=\"EN COULISSES - Bayern - Un accord total avec Walker !\" \/>\n<meta property=\"og:description\" content=\"NETTALI.COM -\u00a0 En attendant de trouver un terrain d\u2019entente avec Manchester City concernant les conditions financie\u0300res d\u2019un transfert, le champion d\u2019Allemagne est parvenu a\u0300 un accord total avec le late\u0301ral droit anglais, Kyle Walker (33 ans, 39 matchs toutes compe\u0301titions pour la saison 2022-2023) vendredi, re\u0301ve\u0300le Sky Allemagne, pour un contrat de deux ans, soit [&hellip;]\" \/>\n<meta property=\"og:url\" content=\"https:\/\/www.nettali.com\/2023\/07\/15\/en-coulisses-bayern-un-accord-total-avec-walker\/\" \/>\n<meta property=\"og:site_name\" content=\"Nettali.com\" \/>\n<meta property=\"article:publisher\" content=\"https:\/\/www.facebook.com\/nettalicom\" \/>\n<meta property=\"article:published_time\" content=\"2023-07-15T10:03:33+00:00\" \/>\n<meta property=\"og:image\" content=\"https:\/\/www.nettali.com\/wp-content\/uploads\/2023\/07\/skysports-kyle-walker-man-city_5921976.jpg\" \/>\n\t<meta property=\"og:image:width\" content=\"2048\" \/>\n\t<meta property=\"og:image:height\" content=\"1152\" \/>\n<meta name=\"twitter:card\" content=\"summary_large_image\" \/>\n<meta name=\"twitter:label1\" content=\"\u00c9crit par\" \/>\n\t<meta name=\"twitter:data1\" content=\"CK\" \/>\n\t<meta name=\"twitter:label2\" content=\"Dur\u00e9e de lecture estim\u00e9e\" \/>\n\t<meta name=\"twitter:data2\" content=\"1 minute\" \/>\n<script type=\"application\/ld+json\" class=\"yoast-schema-graph\">{\"@context\":\"https:\/\/schema.org\",\"@graph\":[{\"@type\":\"WebSite\",\"@id\":\"https:\/\/www.nettali.com\/#website\",\"url\":\"https:\/\/www.nettali.com\/\",\"name\":\"Nettali.com\",\"description\":\"Le rendez-vous critique du Net\",\"potentialAction\":[{\"@type\":\"SearchAction\",\"target\":{\"@type\":\"EntryPoint\",\"urlTemplate\":\"https:\/\/www.nettali.com\/?s={search_term_string}\"},\"query-input\":\"required name=search_term_string\"}],\"inLanguage\":\"fr-FR\"},{\"@type\":\"ImageObject\",\"@id\":\"https:\/\/www.nettali.com\/2023\/07\/15\/en-coulisses-bayern-un-accord-total-avec-walker\/#primaryimage\",\"inLanguage\":\"fr-FR\",\"url\":\"https:\/\/www.nettali.com\/wp-content\/uploads\/2023\/07\/skysports-kyle-walker-man-city_5921976.jpg\",\"contentUrl\":\"https:\/\/www.nettali.com\/wp-content\/uploads\/2023\/07\/skysports-kyle-walker-man-city_5921976.jpg\",\"width\":2048,\"height\":1152},{\"@type\":\"WebPage\",\"@id\":\"https:\/\/www.nettali.com\/2023\/07\/15\/en-coulisses-bayern-un-accord-total-avec-walker\/#webpage\",\"url\":\"https:\/\/www.nettali.com\/2023\/07\/15\/en-coulisses-bayern-un-accord-total-avec-walker\/\",\"name\":\"EN COULISSES - Bayern - Un accord total avec Walker ! | Nettali.com\",\"isPartOf\":{\"@id\":\"https:\/\/www.nettali.com\/#website\"},\"primaryImageOfPage\":{\"@id\":\"https:\/\/www.nettali.com\/2023\/07\/15\/en-coulisses-bayern-un-accord-total-avec-walker\/#primaryimage\"},\"datePublished\":\"2023-07-15T10:03:33+00:00\",\"dateModified\":\"2023-07-15T10:03:33+00:00\",\"author\":{\"@id\":\"https:\/\/www.nettali.com\/#\/schema\/person\/d8ac7b7e27ddad43f1c0d2ef090d7f71\"},\"breadcrumb\":{\"@id\":\"https:\/\/www.nettali.com\/2023\/07\/15\/en-coulisses-bayern-un-accord-total-avec-walker\/#breadcrumb\"},\"inLanguage\":\"fr-FR\",\"potentialAction\":[{\"@type\":\"ReadAction\",\"target\":[\"https:\/\/www.nettali.com\/2023\/07\/15\/en-coulisses-bayern-un-accord-total-avec-walker\/\"]}]},{\"@type\":\"BreadcrumbList\",\"@id\":\"https:\/\/www.nettali.com\/2023\/07\/15\/en-coulisses-bayern-un-accord-total-avec-walker\/#breadcrumb\",\"itemListElement\":[{\"@type\":\"ListItem\",\"position\":1,\"name\":\"Accueil\",\"item\":\"https:\/\/www.nettali.com\/\"},{\"@type\":\"ListItem\",\"position\":2,\"name\":\"EN COULISSES - Bayern - Un accord total avec Walker !\"}]},{\"@type\":\"Person\",\"@id\":\"https:\/\/www.nettali.com\/#\/schema\/person\/d8ac7b7e27ddad43f1c0d2ef090d7f71\",\"name\":\"CK\",\"image\":{\"@type\":\"ImageObject\",\"@id\":\"https:\/\/www.nettali.com\/#personlogo\",\"inLanguage\":\"fr-FR\",\"url\":\"https:\/\/secure.gravatar.com\/avatar\/1d8d5118b9327d94da7cd4ce7f17fec2?s=96&d=mm&r=g\",\"contentUrl\":\"https:\/\/secure.gravatar.com\/avatar\/1d8d5118b9327d94da7cd4ce7f17fec2?s=96&d=mm&r=g\",\"caption\":\"CK\"},\"sameAs\":[\"https:\/\/www.nettali.com\"]}]}<\/script>\n<!-- \/ Yoast SEO Premium plugin. -->","yoast_head_json":{"title":"EN COULISSES - Bayern - Un accord total avec Walker ! | Nettali.com","robots":{"index":"index","follow":"follow","max-snippet":"max-snippet:-1","max-image-preview":"max-image-preview:large","max-video-preview":"max-video-preview:-1"},"canonical":"https:\/\/www.nettali.com\/2023\/07\/15\/en-coulisses-bayern-un-accord-total-avec-walker\/","og_locale":"fr_FR","og_type":"article","og_title":"EN COULISSES - Bayern - Un accord total avec Walker !","og_description":"NETTALI.COM -\u00a0 En attendant de trouver un terrain d\u2019entente avec Manchester City concernant les conditions financie\u0300res d\u2019un transfert, le champion d\u2019Allemagne est parvenu a\u0300 un accord total avec le late\u0301ral droit anglais, Kyle Walker (33 ans, 39 matchs toutes compe\u0301titions pour la saison 2022-2023) vendredi, re\u0301ve\u0300le Sky Allemagne, pour un contrat de deux ans, soit [&hellip;]","og_url":"https:\/\/www.nettali.com\/2023\/07\/15\/en-coulisses-bayern-un-accord-total-avec-walker\/","og_site_name":"Nettali.com","article_publisher":"https:\/\/www.facebook.com\/nettalicom","article_published_time":"2023-07-15T10:03:33+00:00","og_image":[{"width":2048,"height":1152,"url":"https:\/\/www.nettali.com\/wp-content\/uploads\/2023\/07\/skysports-kyle-walker-man-city_5921976.jpg","type":"image\/jpeg"}],"twitter_card":"summary_large_image","twitter_misc":{"\u00c9crit par":"CK","Dur\u00e9e de lecture estim\u00e9e":"1 minute"},"schema":{"@context":"https:\/\/schema.org","@graph":[{"@type":"WebSite","@id":"https:\/\/www.nettali.com\/#website","url":"https:\/\/www.nettali.com\/","name":"Nettali.com","description":"Le rendez-vous critique du Net","potentialAction":[{"@type":"SearchAction","target":{"@type":"EntryPoint","urlTemplate":"https:\/\/www.nettali.com\/?s={search_term_string}"},"query-input":"required name=search_term_string"}],"inLanguage":"fr-FR"},{"@type":"ImageObject","@id":"https:\/\/www.nettali.com\/2023\/07\/15\/en-coulisses-bayern-un-accord-total-avec-walker\/#primaryimage","inLanguage":"fr-FR","url":"https:\/\/www.nettali.com\/wp-content\/uploads\/2023\/07\/skysports-kyle-walker-man-city_5921976.jpg","contentUrl":"https:\/\/www.nettali.com\/wp-content\/uploads\/2023\/07\/skysports-kyle-walker-man-city_5921976.jpg","width":2048,"height":1152},{"@type":"WebPage","@id":"https:\/\/www.nettali.com\/2023\/07\/15\/en-coulisses-bayern-un-accord-total-avec-walker\/#webpage","url":"https:\/\/www.nettali.com\/2023\/07\/15\/en-coulisses-bayern-un-accord-total-avec-walker\/","name":"EN COULISSES - Bayern - Un accord total avec Walker ! | Nettali.com","isPartOf":{"@id":"https:\/\/www.nettali.com\/#website"},"primaryImageOfPage":{"@id":"https:\/\/www.nettali.com\/2023\/07\/15\/en-coulisses-bayern-un-accord-total-avec-walker\/#primaryimage"},"datePublished":"2023-07-15T10:03:33+00:00","dateModified":"2023-07-15T10:03:33+00:00","author":{"@id":"https:\/\/www.nettali.com\/#\/schema\/person\/d8ac7b7e27ddad43f1c0d2ef090d7f71"},"breadcrumb":{"@id":"https:\/\/www.nettali.com\/2023\/07\/15\/en-coulisses-bayern-un-accord-total-avec-walker\/#breadcrumb"},"inLanguage":"fr-FR","potentialAction":[{"@type":"ReadAction","target":["https:\/\/www.nettali.com\/2023\/07\/15\/en-coulisses-bayern-un-accord-total-avec-walker\/"]}]},{"@type":"BreadcrumbList","@id":"https:\/\/www.nettali.com\/2023\/07\/15\/en-coulisses-bayern-un-accord-total-avec-walker\/#breadcrumb","itemListElement":[{"@type":"ListItem","position":1,"name":"Accueil","item":"https:\/\/www.nettali.com\/"},{"@type":"ListItem","position":2,"name":"EN COULISSES - Bayern - Un accord total avec Walker !"}]},{"@type":"Person","@id":"https:\/\/www.nettali.com\/#\/schema\/person\/d8ac7b7e27ddad43f1c0d2ef090d7f71","name":"CK","image":{"@type":"ImageObject","@id":"https:\/\/www.nettali.com\/#personlogo","inLanguage":"fr-FR","url":"https:\/\/secure.gravatar.com\/avatar\/1d8d5118b9327d94da7cd4ce7f17fec2?s=96&d=mm&r=g","contentUrl":"https:\/\/secure.gravatar.com\/avatar\/1d8d5118b9327d94da7cd4ce7f17fec2?s=96&d=mm&r=g","caption":"CK"},"sameAs":["https:\/\/www.nettali.com"]}]}},"_links":{"self":[{"href":"https:\/\/www.nettali.com\/rest\/wp\/v2\/posts\/114130"}],"collection":[{"href":"https:\/\/www.nettali.com\/rest\/wp\/v2\/posts"}],"about":[{"href":"https:\/\/www.nettali.com\/rest\/wp\/v2\/types\/post"}],"author":[{"embeddable":true,"href":"https:\/\/www.nettali.com\/rest\/wp\/v2\/users\/2"}],"replies":[{"embeddable":true,"href":"https:\/\/www.nettali.com\/rest\/wp\/v2\/comments?post=114130"}],"version-history":[{"count":1,"href":"https:\/\/www.nettali.com\/rest\/wp\/v2\/posts\/114130\/revisions"}],"predecessor-version":[{"id":114131,"href":"https:\/\/www.nettali.com\/rest\/wp\/v2\/posts\/114130\/revisions\/114131"}],"wp:featuredmedia":[{"embeddable":true,"href":"https:\/\/www.nettali.com\/rest\/wp\/v2\/media\/114132"}],"wp:attachment":[{"href":"https:\/\/www.nettali.com\/rest\/wp\/v2\/media?parent=114130"}],"wp:term":[{"taxonomy":"category","embeddable":true,"href":"https:\/\/www.nettali.com\/rest\/wp\/v2\/categories?post=114130"},{"taxonomy":"post_tag","embeddable":true,"href":"https:\/\/www.nettali.com\/rest\/wp\/v2\/tags?post=114130"}],"curies":[{"name":"wp","href":"https:\/\/api.w.org\/{rel}","templated":true}]}}