{"id":114106,"date":"2023-07-14T22:51:54","date_gmt":"2023-07-14T22:51:54","guid":{"rendered":"https:\/\/www.nettali.com\/?p=114106"},"modified":"2023-07-16T09:08:48","modified_gmt":"2023-07-16T09:08:48","slug":"en-coulisses-ousmane-sonko-sursoit-a-la-ceremonie-dinvestiture","status":"publish","type":"post","link":"https:\/\/www.nettali.com\/2023\/07\/14\/en-coulisses-ousmane-sonko-sursoit-a-la-ceremonie-dinvestiture\/","title":{"rendered":"EN COULISSES - Ousmane Sonko sursoit \u00e0 la c\u00e9r\u00e9monie d'investiture"},"content":{"rendered":"<p><strong>NETTALI.COM -<\/strong> Le leader de Pastef, Ousmane Sonko, a appel\u00e9 ce vendredi 14 juillet, les responsables de son parti \u00e0 surseoir \u00e0 la c\u00e9r\u00e9monie d\u2019investiture qui devait \u00eatre organis\u00e9e ce samedi 15 juillet au stade Amadou Barry de Gu\u00e9diawaye.<\/p>\n<p>\u00c0 la place, il appelle ses militants \u00e0 organiser un concert de casseroles et \u00e0 arborer du rouge pour marquer leur \"<em>d\u00e9saccord avec les agissements de Macky Sall et son r\u00e9gime<\/em>\".<\/p>\n<p>Ousmane Sonko a \u00e9galement \u00e9voqu\u00e9 l\u2019\u00e9chec au Baccalaur\u00e9at de son fils Chouaib et les conditions extr\u00eamement difficiles dans lesquelles son enfant a pass\u00e9 l\u2019ann\u00e9e scolaire. Priv\u00e9 la plupart du temps de sortir de son domicile pour se rendre \u00e0 l\u2019\u00e9cole.<\/p>\n<div class='share-to-whatsapp-wrapper'><div class='share-on-whsp'>PARTAGER SUR : <\/div><a data-text='EN COULISSES - Ousmane Sonko sursoit \u00e0 la c\u00e9r\u00e9monie d'investiture' data-link='https:\/\/www.nettali.com\/2023\/07\/14\/en-coulisses-ousmane-sonko-sursoit-a-la-ceremonie-dinvestiture\/' class='whatsapp-button whatsapp-share'>WhatsApp<\/a><div class='clear '><\/div><\/div>","protected":false},"excerpt":{"rendered":"<p>NETTALI.COM - Le leader de Pastef, Ousmane Sonko, a appel\u00e9 ce vendredi 14 juillet, les responsables de son parti \u00e0 surseoir \u00e0 la c\u00e9r\u00e9monie d\u2019investiture qui devait \u00eatre organis\u00e9e ce samedi 15 juillet au stade Amadou Barry de Gu\u00e9diawaye. \u00c0 la place, il appelle ses militants \u00e0 organiser un concert de casseroles et \u00e0 arborer [&hellip;]<\/p>\n","protected":false},"author":5,"featured_media":113761,"comment_status":"open","ping_status":"open","sticky":false,"template":"","format":"standard","meta":{"_et_pb_use_builder":"","_et_pb_old_content":""},"categories":[34945],"tags":[],"yoast_head":"<!-- This site is optimized with the Yoast SEO Premium plugin v17.8 (Yoast SEO v17.8) - https:\/\/yoast.com\/wordpress\/plugins\/seo\/ -->\n<title>EN COULISSES - Ousmane Sonko sursoit \u00e0 la c\u00e9r\u00e9monie d&#039;investiture | Nettali.com<\/title>\n<meta name=\"robots\" content=\"index, follow, max-snippet:-1, max-image-preview:large, max-video-preview:-1\" \/>\n<link rel=\"canonical\" href=\"https:\/\/www.nettali.com\/2023\/07\/14\/en-coulisses-ousmane-sonko-sursoit-a-la-ceremonie-dinvestiture\/\" \/>\n<meta property=\"og:locale\" content=\"fr_FR\" \/>\n<meta property=\"og:type\" content=\"article\" \/>\n<meta property=\"og:title\" content=\"EN COULISSES - Ousmane Sonko sursoit \u00e0 la c\u00e9r\u00e9monie d&#039;investiture\" \/>\n<meta property=\"og:description\" content=\"NETTALI.COM - Le leader de Pastef, Ousmane Sonko, a appel\u00e9 ce vendredi 14 juillet, les responsables de son parti \u00e0 surseoir \u00e0 la c\u00e9r\u00e9monie d\u2019investiture qui devait \u00eatre organis\u00e9e ce samedi 15 juillet au stade Amadou Barry de Gu\u00e9diawaye. \u00c0 la place, il appelle ses militants \u00e0 organiser un concert de casseroles et \u00e0 arborer [&hellip;]\" \/>\n<meta property=\"og:url\" content=\"https:\/\/www.nettali.com\/2023\/07\/14\/en-coulisses-ousmane-sonko-sursoit-a-la-ceremonie-dinvestiture\/\" \/>\n<meta property=\"og:site_name\" content=\"Nettali.com\" \/>\n<meta property=\"article:publisher\" content=\"https:\/\/www.facebook.com\/nettalicom\" \/>\n<meta property=\"article:published_time\" content=\"2023-07-14T22:51:54+00:00\" \/>\n<meta property=\"article:modified_time\" content=\"2023-07-16T09:08:48+00:00\" \/>\n<meta property=\"og:image\" content=\"https:\/\/www.nettali.com\/wp-content\/uploads\/2023\/07\/Sonko-1.jpeg\" \/>\n\t<meta property=\"og:image:width\" content=\"960\" \/>\n\t<meta property=\"og:image:height\" content=\"960\" \/>\n<meta name=\"twitter:card\" content=\"summary_large_image\" \/>\n<meta name=\"twitter:label1\" content=\"\u00c9crit par\" \/>\n\t<meta name=\"twitter:data1\" content=\"Ibrahima\" \/>\n\t<meta name=\"twitter:label2\" content=\"Dur\u00e9e de lecture estim\u00e9e\" \/>\n\t<meta name=\"twitter:data2\" content=\"1 minute\" \/>\n<script type=\"application\/ld+json\" class=\"yoast-schema-graph\">{\"@context\":\"https:\/\/schema.org\",\"@graph\":[{\"@type\":\"WebSite\",\"@id\":\"https:\/\/www.nettali.com\/#website\",\"url\":\"https:\/\/www.nettali.com\/\",\"name\":\"Nettali.com\",\"description\":\"Le rendez-vous critique du Net\",\"potentialAction\":[{\"@type\":\"SearchAction\",\"target\":{\"@type\":\"EntryPoint\",\"urlTemplate\":\"https:\/\/www.nettali.com\/?s={search_term_string}\"},\"query-input\":\"required name=search_term_string\"}],\"inLanguage\":\"fr-FR\"},{\"@type\":\"ImageObject\",\"@id\":\"https:\/\/www.nettali.com\/2023\/07\/14\/en-coulisses-ousmane-sonko-sursoit-a-la-ceremonie-dinvestiture\/#primaryimage\",\"inLanguage\":\"fr-FR\",\"url\":\"https:\/\/www.nettali.com\/wp-content\/uploads\/2023\/07\/Sonko-1.jpeg\",\"contentUrl\":\"https:\/\/www.nettali.com\/wp-content\/uploads\/2023\/07\/Sonko-1.jpeg\",\"width\":960,\"height\":960},{\"@type\":\"WebPage\",\"@id\":\"https:\/\/www.nettali.com\/2023\/07\/14\/en-coulisses-ousmane-sonko-sursoit-a-la-ceremonie-dinvestiture\/#webpage\",\"url\":\"https:\/\/www.nettali.com\/2023\/07\/14\/en-coulisses-ousmane-sonko-sursoit-a-la-ceremonie-dinvestiture\/\",\"name\":\"EN COULISSES - Ousmane Sonko sursoit \\u00e0 la c\\u00e9r\\u00e9monie d'investiture | Nettali.com\",\"isPartOf\":{\"@id\":\"https:\/\/www.nettali.com\/#website\"},\"primaryImageOfPage\":{\"@id\":\"https:\/\/www.nettali.com\/2023\/07\/14\/en-coulisses-ousmane-sonko-sursoit-a-la-ceremonie-dinvestiture\/#primaryimage\"},\"datePublished\":\"2023-07-14T22:51:54+00:00\",\"dateModified\":\"2023-07-16T09:08:48+00:00\",\"author\":{\"@id\":\"https:\/\/www.nettali.com\/#\/schema\/person\/bb147657c2986240405a608162b9bb23\"},\"breadcrumb\":{\"@id\":\"https:\/\/www.nettali.com\/2023\/07\/14\/en-coulisses-ousmane-sonko-sursoit-a-la-ceremonie-dinvestiture\/#breadcrumb\"},\"inLanguage\":\"fr-FR\",\"potentialAction\":[{\"@type\":\"ReadAction\",\"target\":[\"https:\/\/www.nettali.com\/2023\/07\/14\/en-coulisses-ousmane-sonko-sursoit-a-la-ceremonie-dinvestiture\/\"]}]},{\"@type\":\"BreadcrumbList\",\"@id\":\"https:\/\/www.nettali.com\/2023\/07\/14\/en-coulisses-ousmane-sonko-sursoit-a-la-ceremonie-dinvestiture\/#breadcrumb\",\"itemListElement\":[{\"@type\":\"ListItem\",\"position\":1,\"name\":\"Accueil\",\"item\":\"https:\/\/www.nettali.com\/\"},{\"@type\":\"ListItem\",\"position\":2,\"name\":\"EN COULISSES - Ousmane Sonko sursoit \\u00e0 la c\\u00e9r\\u00e9monie d'investiture\"}]},{\"@type\":\"Person\",\"@id\":\"https:\/\/www.nettali.com\/#\/schema\/person\/bb147657c2986240405a608162b9bb23\",\"name\":\"Ibrahima\",\"image\":{\"@type\":\"ImageObject\",\"@id\":\"https:\/\/www.nettali.com\/#personlogo\",\"inLanguage\":\"fr-FR\",\"url\":\"https:\/\/secure.gravatar.com\/avatar\/26a8a81f09f0dd7624c9d5c36c9ba3a2?s=96&d=mm&r=g\",\"contentUrl\":\"https:\/\/secure.gravatar.com\/avatar\/26a8a81f09f0dd7624c9d5c36c9ba3a2?s=96&d=mm&r=g\",\"caption\":\"Ibrahima\"},\"sameAs\":[\"https:\/\/www.nettali.com\"]}]}<\/script>\n<!-- \/ Yoast SEO Premium plugin. -->","yoast_head_json":{"title":"EN COULISSES - Ousmane Sonko sursoit \u00e0 la c\u00e9r\u00e9monie d'investiture | Nettali.com","robots":{"index":"index","follow":"follow","max-snippet":"max-snippet:-1","max-image-preview":"max-image-preview:large","max-video-preview":"max-video-preview:-1"},"canonical":"https:\/\/www.nettali.com\/2023\/07\/14\/en-coulisses-ousmane-sonko-sursoit-a-la-ceremonie-dinvestiture\/","og_locale":"fr_FR","og_type":"article","og_title":"EN COULISSES - Ousmane Sonko sursoit \u00e0 la c\u00e9r\u00e9monie d'investiture","og_description":"NETTALI.COM - Le leader de Pastef, Ousmane Sonko, a appel\u00e9 ce vendredi 14 juillet, les responsables de son parti \u00e0 surseoir \u00e0 la c\u00e9r\u00e9monie d\u2019investiture qui devait \u00eatre organis\u00e9e ce samedi 15 juillet au stade Amadou Barry de Gu\u00e9diawaye. \u00c0 la place, il appelle ses militants \u00e0 organiser un concert de casseroles et \u00e0 arborer [&hellip;]","og_url":"https:\/\/www.nettali.com\/2023\/07\/14\/en-coulisses-ousmane-sonko-sursoit-a-la-ceremonie-dinvestiture\/","og_site_name":"Nettali.com","article_publisher":"https:\/\/www.facebook.com\/nettalicom","article_published_time":"2023-07-14T22:51:54+00:00","article_modified_time":"2023-07-16T09:08:48+00:00","og_image":[{"width":960,"height":960,"url":"https:\/\/www.nettali.com\/wp-content\/uploads\/2023\/07\/Sonko-1.jpeg","type":"image\/jpeg"}],"twitter_card":"summary_large_image","twitter_misc":{"\u00c9crit par":"Ibrahima","Dur\u00e9e de lecture estim\u00e9e":"1 minute"},"schema":{"@context":"https:\/\/schema.org","@graph":[{"@type":"WebSite","@id":"https:\/\/www.nettali.com\/#website","url":"https:\/\/www.nettali.com\/","name":"Nettali.com","description":"Le rendez-vous critique du Net","potentialAction":[{"@type":"SearchAction","target":{"@type":"EntryPoint","urlTemplate":"https:\/\/www.nettali.com\/?s={search_term_string}"},"query-input":"required name=search_term_string"}],"inLanguage":"fr-FR"},{"@type":"ImageObject","@id":"https:\/\/www.nettali.com\/2023\/07\/14\/en-coulisses-ousmane-sonko-sursoit-a-la-ceremonie-dinvestiture\/#primaryimage","inLanguage":"fr-FR","url":"https:\/\/www.nettali.com\/wp-content\/uploads\/2023\/07\/Sonko-1.jpeg","contentUrl":"https:\/\/www.nettali.com\/wp-content\/uploads\/2023\/07\/Sonko-1.jpeg","width":960,"height":960},{"@type":"WebPage","@id":"https:\/\/www.nettali.com\/2023\/07\/14\/en-coulisses-ousmane-sonko-sursoit-a-la-ceremonie-dinvestiture\/#webpage","url":"https:\/\/www.nettali.com\/2023\/07\/14\/en-coulisses-ousmane-sonko-sursoit-a-la-ceremonie-dinvestiture\/","name":"EN COULISSES - Ousmane Sonko sursoit \u00e0 la c\u00e9r\u00e9monie d'investiture | Nettali.com","isPartOf":{"@id":"https:\/\/www.nettali.com\/#website"},"primaryImageOfPage":{"@id":"https:\/\/www.nettali.com\/2023\/07\/14\/en-coulisses-ousmane-sonko-sursoit-a-la-ceremonie-dinvestiture\/#primaryimage"},"datePublished":"2023-07-14T22:51:54+00:00","dateModified":"2023-07-16T09:08:48+00:00","author":{"@id":"https:\/\/www.nettali.com\/#\/schema\/person\/bb147657c2986240405a608162b9bb23"},"breadcrumb":{"@id":"https:\/\/www.nettali.com\/2023\/07\/14\/en-coulisses-ousmane-sonko-sursoit-a-la-ceremonie-dinvestiture\/#breadcrumb"},"inLanguage":"fr-FR","potentialAction":[{"@type":"ReadAction","target":["https:\/\/www.nettali.com\/2023\/07\/14\/en-coulisses-ousmane-sonko-sursoit-a-la-ceremonie-dinvestiture\/"]}]},{"@type":"BreadcrumbList","@id":"https:\/\/www.nettali.com\/2023\/07\/14\/en-coulisses-ousmane-sonko-sursoit-a-la-ceremonie-dinvestiture\/#breadcrumb","itemListElement":[{"@type":"ListItem","position":1,"name":"Accueil","item":"https:\/\/www.nettali.com\/"},{"@type":"ListItem","position":2,"name":"EN COULISSES - Ousmane Sonko sursoit \u00e0 la c\u00e9r\u00e9monie d'investiture"}]},{"@type":"Person","@id":"https:\/\/www.nettali.com\/#\/schema\/person\/bb147657c2986240405a608162b9bb23","name":"Ibrahima","image":{"@type":"ImageObject","@id":"https:\/\/www.nettali.com\/#personlogo","inLanguage":"fr-FR","url":"https:\/\/secure.gravatar.com\/avatar\/26a8a81f09f0dd7624c9d5c36c9ba3a2?s=96&d=mm&r=g","contentUrl":"https:\/\/secure.gravatar.com\/avatar\/26a8a81f09f0dd7624c9d5c36c9ba3a2?s=96&d=mm&r=g","caption":"Ibrahima"},"sameAs":["https:\/\/www.nettali.com"]}]}},"_links":{"self":[{"href":"https:\/\/www.nettali.com\/rest\/wp\/v2\/posts\/114106"}],"collection":[{"href":"https:\/\/www.nettali.com\/rest\/wp\/v2\/posts"}],"about":[{"href":"https:\/\/www.nettali.com\/rest\/wp\/v2\/types\/post"}],"author":[{"embeddable":true,"href":"https:\/\/www.nettali.com\/rest\/wp\/v2\/users\/5"}],"replies":[{"embeddable":true,"href":"https:\/\/www.nettali.com\/rest\/wp\/v2\/comments?post=114106"}],"version-history":[{"count":4,"href":"https:\/\/www.nettali.com\/rest\/wp\/v2\/posts\/114106\/revisions"}],"predecessor-version":[{"id":114155,"href":"https:\/\/www.nettali.com\/rest\/wp\/v2\/posts\/114106\/revisions\/114155"}],"wp:featuredmedia":[{"embeddable":true,"href":"https:\/\/www.nettali.com\/rest\/wp\/v2\/media\/113761"}],"wp:attachment":[{"href":"https:\/\/www.nettali.com\/rest\/wp\/v2\/media?parent=114106"}],"wp:term":[{"taxonomy":"category","embeddable":true,"href":"https:\/\/www.nettali.com\/rest\/wp\/v2\/categories?post=114106"},{"taxonomy":"post_tag","embeddable":true,"href":"https:\/\/www.nettali.com\/rest\/wp\/v2\/tags?post=114106"}],"curies":[{"name":"wp","href":"https:\/\/api.w.org\/{rel}","templated":true}]}}