{"id":114085,"date":"2023-07-14T14:53:39","date_gmt":"2023-07-14T14:53:39","guid":{"rendered":"https:\/\/www.nettali.com\/?p=114085"},"modified":"2023-07-14T14:53:39","modified_gmt":"2023-07-14T14:53:39","slug":"emigration-clandestine-ce-quil-faut-eviter-selon-antoine-diome","status":"publish","type":"post","link":"https:\/\/www.nettali.com\/2023\/07\/14\/emigration-clandestine-ce-quil-faut-eviter-selon-antoine-diome\/","title":{"rendered":"EMIGRATION CLANDESTINE - Ce qu'il faut \u00e9viter, selon Antoine Diome"},"content":{"rendered":"<p><strong>NETTALI.COM - La question de la migration clandestine ne doit pas \u00eatre abord\u00e9e sous le seul angle de la r\u00e9pression, a affirm\u00e9 le ministre de l\u2019Int\u00e9rieur, Antoine F\u00e9lix Abdoulaye Diome.<\/strong><\/p>\n<p><em>\"On ne peut aborder la question de la migration clandestine sous le seul angle de la r\u00e9pression \u00bb<\/em>, a-t-il notamment dit, dans un entretien avec des journalistes, jeudi, en marge d\u2019une effectuait \u00e0 Saint-Louis (nord), au lendemain du chavirement d\u2019une pirogue transportant des migrants.<\/p>\n<p>Huit personnes ont p\u00e9ri dans cet accident.<\/p>\n<p><em>\u00ab\u00a0Il y a la question de la r\u00e9pression qui vise les convoyeurs qui font miroiter l\u2019eldorado \u00e0 ces jeunes en s\u2019emparant de toute leur \u00e9conomie, mais aussi, il faut penser aux aspects sociologiques, \u00e9conomiques\u00a0\u00bb<\/em>, a d\u00e9clar\u00e9 M. Diome.<\/p>\n<p>Le ministre de l\u2019Int\u00e9rieur a plaid\u00e9 pour une implication des communaut\u00e9s et de la soci\u00e9t\u00e9 civile dans cette croisade.<\/p>\n<p>Il indique que les migrants ne sont pas seulement mus par des questions \u00e9conomiques, donnant l\u2019exemple d\u2019un rescap\u00e9 du chavirement survenu mercredi, qui dit \u00eatre motiv\u00e9 par le go\u00fbt de la d\u00e9couverte pour expliquer son exp\u00e9rience malheureuse.<\/p>\n<p>Il a rappel\u00e9 que l\u2019\u00c9tat a mis en place un comit\u00e9 interminist\u00e9riel de lutte contre la migration clandestine depuis 2020. Selon lui, un travail de fond est en cours pour trouver une solution \u00e0 ce ph\u00e9nom\u00e8ne.<\/p>\n<p><em>\u00ab\u00a0Il s\u2019agit de mettre en place une strat\u00e9gie de lutte contre la migration clandestine en impliquant toutes les parties prenantes : soci\u00e9t\u00e9 civile, associations de migrants, etc.\u00a0\u00bb<\/em>, a poursuivi Antoine Diome.<\/p>\n<p>Le travail technique a \u00e9t\u00e9 valid\u00e9 et sera finalis\u00e9 au cours d\u2019une rencontre pr\u00e9vue le 27 juillet prochain sous la pr\u00e9sidence du Premier ministre, Amadou Ba.<\/p>\n<p>Il a rappel\u00e9 que les politiques de financement des jeunes et des femmes \u00e0 travers la D\u00e9l\u00e9gation \u00e0 l\u2019entrepreneuriat rapide (DER FJ) ou l\u2019initiative \u2018\u00a0\u00bbXeyou ndaw yi\u00a0\u00bb entrent dans le cadre de cette volont\u00e9 de lutter contre la migration clandestine.<\/p>\n<div class='share-to-whatsapp-wrapper'><div class='share-on-whsp'>PARTAGER SUR : <\/div><a data-text='EMIGRATION CLANDESTINE - Ce qu'il faut \u00e9viter, selon Antoine Diome' data-link='https:\/\/www.nettali.com\/2023\/07\/14\/emigration-clandestine-ce-quil-faut-eviter-selon-antoine-diome\/' class='whatsapp-button whatsapp-share'>WhatsApp<\/a><div class='clear '><\/div><\/div>","protected":false},"excerpt":{"rendered":"<p>NETTALI.COM - La question de la migration clandestine ne doit pas \u00eatre abord\u00e9e sous le seul angle de la r\u00e9pression, a affirm\u00e9 le ministre de l\u2019Int\u00e9rieur, Antoine F\u00e9lix Abdoulaye Diome. \"On ne peut aborder la question de la migration clandestine sous le seul angle de la r\u00e9pression \u00bb, a-t-il notamment dit, dans un entretien avec [&hellip;]<\/p>\n","protected":false},"author":4,"featured_media":102904,"comment_status":"open","ping_status":"open","sticky":false,"template":"","format":"standard","meta":{"_et_pb_use_builder":"","_et_pb_old_content":""},"categories":[3],"tags":[],"yoast_head":"<!-- This site is optimized with the Yoast SEO Premium plugin v17.8 (Yoast SEO v17.8) - https:\/\/yoast.com\/wordpress\/plugins\/seo\/ -->\n<title>EMIGRATION CLANDESTINE - Ce qu&#039;il faut \u00e9viter, selon Antoine Diome | Nettali.com<\/title>\n<meta name=\"robots\" content=\"index, follow, max-snippet:-1, max-image-preview:large, max-video-preview:-1\" \/>\n<link rel=\"canonical\" href=\"https:\/\/www.nettali.com\/2023\/07\/14\/emigration-clandestine-ce-quil-faut-eviter-selon-antoine-diome\/\" \/>\n<meta property=\"og:locale\" content=\"fr_FR\" \/>\n<meta property=\"og:type\" content=\"article\" \/>\n<meta property=\"og:title\" content=\"EMIGRATION CLANDESTINE - Ce qu&#039;il faut \u00e9viter, selon Antoine Diome\" \/>\n<meta property=\"og:description\" content=\"NETTALI.COM - La question de la migration clandestine ne doit pas \u00eatre abord\u00e9e sous le seul angle de la r\u00e9pression, a affirm\u00e9 le ministre de l\u2019Int\u00e9rieur, Antoine F\u00e9lix Abdoulaye Diome. &quot;On ne peut aborder la question de la migration clandestine sous le seul angle de la r\u00e9pression \u00bb, a-t-il notamment dit, dans un entretien avec [&hellip;]\" \/>\n<meta property=\"og:url\" content=\"https:\/\/www.nettali.com\/2023\/07\/14\/emigration-clandestine-ce-quil-faut-eviter-selon-antoine-diome\/\" \/>\n<meta property=\"og:site_name\" content=\"Nettali.com\" \/>\n<meta property=\"article:publisher\" content=\"https:\/\/www.facebook.com\/nettalicom\" \/>\n<meta property=\"article:published_time\" content=\"2023-07-14T14:53:39+00:00\" \/>\n<meta property=\"og:image\" content=\"https:\/\/www.nettali.com\/wp-content\/uploads\/2023\/01\/Antoine-diome.jpeg\" \/>\n\t<meta property=\"og:image:width\" content=\"1193\" \/>\n\t<meta property=\"og:image:height\" content=\"749\" \/>\n<meta name=\"twitter:card\" content=\"summary_large_image\" \/>\n<meta name=\"twitter:label1\" content=\"\u00c9crit par\" \/>\n\t<meta name=\"twitter:data1\" content=\"Daouda\" \/>\n\t<meta name=\"twitter:label2\" content=\"Dur\u00e9e de lecture estim\u00e9e\" \/>\n\t<meta name=\"twitter:data2\" content=\"2 minutes\" \/>\n<script type=\"application\/ld+json\" class=\"yoast-schema-graph\">{\"@context\":\"https:\/\/schema.org\",\"@graph\":[{\"@type\":\"WebSite\",\"@id\":\"https:\/\/www.nettali.com\/#website\",\"url\":\"https:\/\/www.nettali.com\/\",\"name\":\"Nettali.com\",\"description\":\"Le rendez-vous critique du Net\",\"potentialAction\":[{\"@type\":\"SearchAction\",\"target\":{\"@type\":\"EntryPoint\",\"urlTemplate\":\"https:\/\/www.nettali.com\/?s={search_term_string}\"},\"query-input\":\"required name=search_term_string\"}],\"inLanguage\":\"fr-FR\"},{\"@type\":\"ImageObject\",\"@id\":\"https:\/\/www.nettali.com\/2023\/07\/14\/emigration-clandestine-ce-quil-faut-eviter-selon-antoine-diome\/#primaryimage\",\"inLanguage\":\"fr-FR\",\"url\":\"https:\/\/www.nettali.com\/wp-content\/uploads\/2023\/01\/Antoine-diome.jpeg\",\"contentUrl\":\"https:\/\/www.nettali.com\/wp-content\/uploads\/2023\/01\/Antoine-diome.jpeg\",\"width\":1193,\"height\":749},{\"@type\":\"WebPage\",\"@id\":\"https:\/\/www.nettali.com\/2023\/07\/14\/emigration-clandestine-ce-quil-faut-eviter-selon-antoine-diome\/#webpage\",\"url\":\"https:\/\/www.nettali.com\/2023\/07\/14\/emigration-clandestine-ce-quil-faut-eviter-selon-antoine-diome\/\",\"name\":\"EMIGRATION CLANDESTINE - Ce qu'il faut \\u00e9viter, selon Antoine Diome | Nettali.com\",\"isPartOf\":{\"@id\":\"https:\/\/www.nettali.com\/#website\"},\"primaryImageOfPage\":{\"@id\":\"https:\/\/www.nettali.com\/2023\/07\/14\/emigration-clandestine-ce-quil-faut-eviter-selon-antoine-diome\/#primaryimage\"},\"datePublished\":\"2023-07-14T14:53:39+00:00\",\"dateModified\":\"2023-07-14T14:53:39+00:00\",\"author\":{\"@id\":\"https:\/\/www.nettali.com\/#\/schema\/person\/3317e0bb3aa1da309fbf7b2780901bf4\"},\"breadcrumb\":{\"@id\":\"https:\/\/www.nettali.com\/2023\/07\/14\/emigration-clandestine-ce-quil-faut-eviter-selon-antoine-diome\/#breadcrumb\"},\"inLanguage\":\"fr-FR\",\"potentialAction\":[{\"@type\":\"ReadAction\",\"target\":[\"https:\/\/www.nettali.com\/2023\/07\/14\/emigration-clandestine-ce-quil-faut-eviter-selon-antoine-diome\/\"]}]},{\"@type\":\"BreadcrumbList\",\"@id\":\"https:\/\/www.nettali.com\/2023\/07\/14\/emigration-clandestine-ce-quil-faut-eviter-selon-antoine-diome\/#breadcrumb\",\"itemListElement\":[{\"@type\":\"ListItem\",\"position\":1,\"name\":\"Accueil\",\"item\":\"https:\/\/www.nettali.com\/\"},{\"@type\":\"ListItem\",\"position\":2,\"name\":\"EMIGRATION CLANDESTINE - Ce qu'il faut \\u00e9viter, selon Antoine Diome\"}]},{\"@type\":\"Person\",\"@id\":\"https:\/\/www.nettali.com\/#\/schema\/person\/3317e0bb3aa1da309fbf7b2780901bf4\",\"name\":\"Daouda\",\"image\":{\"@type\":\"ImageObject\",\"@id\":\"https:\/\/www.nettali.com\/#personlogo\",\"inLanguage\":\"fr-FR\",\"url\":\"https:\/\/secure.gravatar.com\/avatar\/8d143b5a49345098ddcfee1c49c2f47c?s=96&d=mm&r=g\",\"contentUrl\":\"https:\/\/secure.gravatar.com\/avatar\/8d143b5a49345098ddcfee1c49c2f47c?s=96&d=mm&r=g\",\"caption\":\"Daouda\"},\"sameAs\":[\"https:\/\/www.nettali.com\"]}]}<\/script>\n<!-- \/ Yoast SEO Premium plugin. -->","yoast_head_json":{"title":"EMIGRATION CLANDESTINE - Ce qu'il faut \u00e9viter, selon Antoine Diome | Nettali.com","robots":{"index":"index","follow":"follow","max-snippet":"max-snippet:-1","max-image-preview":"max-image-preview:large","max-video-preview":"max-video-preview:-1"},"canonical":"https:\/\/www.nettali.com\/2023\/07\/14\/emigration-clandestine-ce-quil-faut-eviter-selon-antoine-diome\/","og_locale":"fr_FR","og_type":"article","og_title":"EMIGRATION CLANDESTINE - Ce qu'il faut \u00e9viter, selon Antoine Diome","og_description":"NETTALI.COM - La question de la migration clandestine ne doit pas \u00eatre abord\u00e9e sous le seul angle de la r\u00e9pression, a affirm\u00e9 le ministre de l\u2019Int\u00e9rieur, Antoine F\u00e9lix Abdoulaye Diome. \"On ne peut aborder la question de la migration clandestine sous le seul angle de la r\u00e9pression \u00bb, a-t-il notamment dit, dans un entretien avec [&hellip;]","og_url":"https:\/\/www.nettali.com\/2023\/07\/14\/emigration-clandestine-ce-quil-faut-eviter-selon-antoine-diome\/","og_site_name":"Nettali.com","article_publisher":"https:\/\/www.facebook.com\/nettalicom","article_published_time":"2023-07-14T14:53:39+00:00","og_image":[{"width":1193,"height":749,"url":"https:\/\/www.nettali.com\/wp-content\/uploads\/2023\/01\/Antoine-diome.jpeg","type":"image\/jpeg"}],"twitter_card":"summary_large_image","twitter_misc":{"\u00c9crit par":"Daouda","Dur\u00e9e de lecture estim\u00e9e":"2 minutes"},"schema":{"@context":"https:\/\/schema.org","@graph":[{"@type":"WebSite","@id":"https:\/\/www.nettali.com\/#website","url":"https:\/\/www.nettali.com\/","name":"Nettali.com","description":"Le rendez-vous critique du Net","potentialAction":[{"@type":"SearchAction","target":{"@type":"EntryPoint","urlTemplate":"https:\/\/www.nettali.com\/?s={search_term_string}"},"query-input":"required name=search_term_string"}],"inLanguage":"fr-FR"},{"@type":"ImageObject","@id":"https:\/\/www.nettali.com\/2023\/07\/14\/emigration-clandestine-ce-quil-faut-eviter-selon-antoine-diome\/#primaryimage","inLanguage":"fr-FR","url":"https:\/\/www.nettali.com\/wp-content\/uploads\/2023\/01\/Antoine-diome.jpeg","contentUrl":"https:\/\/www.nettali.com\/wp-content\/uploads\/2023\/01\/Antoine-diome.jpeg","width":1193,"height":749},{"@type":"WebPage","@id":"https:\/\/www.nettali.com\/2023\/07\/14\/emigration-clandestine-ce-quil-faut-eviter-selon-antoine-diome\/#webpage","url":"https:\/\/www.nettali.com\/2023\/07\/14\/emigration-clandestine-ce-quil-faut-eviter-selon-antoine-diome\/","name":"EMIGRATION CLANDESTINE - Ce qu'il faut \u00e9viter, selon Antoine Diome | Nettali.com","isPartOf":{"@id":"https:\/\/www.nettali.com\/#website"},"primaryImageOfPage":{"@id":"https:\/\/www.nettali.com\/2023\/07\/14\/emigration-clandestine-ce-quil-faut-eviter-selon-antoine-diome\/#primaryimage"},"datePublished":"2023-07-14T14:53:39+00:00","dateModified":"2023-07-14T14:53:39+00:00","author":{"@id":"https:\/\/www.nettali.com\/#\/schema\/person\/3317e0bb3aa1da309fbf7b2780901bf4"},"breadcrumb":{"@id":"https:\/\/www.nettali.com\/2023\/07\/14\/emigration-clandestine-ce-quil-faut-eviter-selon-antoine-diome\/#breadcrumb"},"inLanguage":"fr-FR","potentialAction":[{"@type":"ReadAction","target":["https:\/\/www.nettali.com\/2023\/07\/14\/emigration-clandestine-ce-quil-faut-eviter-selon-antoine-diome\/"]}]},{"@type":"BreadcrumbList","@id":"https:\/\/www.nettali.com\/2023\/07\/14\/emigration-clandestine-ce-quil-faut-eviter-selon-antoine-diome\/#breadcrumb","itemListElement":[{"@type":"ListItem","position":1,"name":"Accueil","item":"https:\/\/www.nettali.com\/"},{"@type":"ListItem","position":2,"name":"EMIGRATION CLANDESTINE - Ce qu'il faut \u00e9viter, selon Antoine Diome"}]},{"@type":"Person","@id":"https:\/\/www.nettali.com\/#\/schema\/person\/3317e0bb3aa1da309fbf7b2780901bf4","name":"Daouda","image":{"@type":"ImageObject","@id":"https:\/\/www.nettali.com\/#personlogo","inLanguage":"fr-FR","url":"https:\/\/secure.gravatar.com\/avatar\/8d143b5a49345098ddcfee1c49c2f47c?s=96&d=mm&r=g","contentUrl":"https:\/\/secure.gravatar.com\/avatar\/8d143b5a49345098ddcfee1c49c2f47c?s=96&d=mm&r=g","caption":"Daouda"},"sameAs":["https:\/\/www.nettali.com"]}]}},"_links":{"self":[{"href":"https:\/\/www.nettali.com\/rest\/wp\/v2\/posts\/114085"}],"collection":[{"href":"https:\/\/www.nettali.com\/rest\/wp\/v2\/posts"}],"about":[{"href":"https:\/\/www.nettali.com\/rest\/wp\/v2\/types\/post"}],"author":[{"embeddable":true,"href":"https:\/\/www.nettali.com\/rest\/wp\/v2\/users\/4"}],"replies":[{"embeddable":true,"href":"https:\/\/www.nettali.com\/rest\/wp\/v2\/comments?post=114085"}],"version-history":[{"count":1,"href":"https:\/\/www.nettali.com\/rest\/wp\/v2\/posts\/114085\/revisions"}],"predecessor-version":[{"id":114086,"href":"https:\/\/www.nettali.com\/rest\/wp\/v2\/posts\/114085\/revisions\/114086"}],"wp:featuredmedia":[{"embeddable":true,"href":"https:\/\/www.nettali.com\/rest\/wp\/v2\/media\/102904"}],"wp:attachment":[{"href":"https:\/\/www.nettali.com\/rest\/wp\/v2\/media?parent=114085"}],"wp:term":[{"taxonomy":"category","embeddable":true,"href":"https:\/\/www.nettali.com\/rest\/wp\/v2\/categories?post=114085"},{"taxonomy":"post_tag","embeddable":true,"href":"https:\/\/www.nettali.com\/rest\/wp\/v2\/tags?post=114085"}],"curies":[{"name":"wp","href":"https:\/\/api.w.org\/{rel}","templated":true}]}}