{"id":114081,"date":"2023-07-14T11:14:43","date_gmt":"2023-07-14T11:14:43","guid":{"rendered":"https:\/\/www.nettali.com\/?p=114081"},"modified":"2023-07-15T09:01:34","modified_gmt":"2023-07-15T09:01:34","slug":"pousse-vers-la-sortie-mane-part-au-bras-de-fer-avec-le-bayern","status":"publish","type":"post","link":"https:\/\/www.nettali.com\/2023\/07\/14\/pousse-vers-la-sortie-mane-part-au-bras-de-fer-avec-le-bayern\/","title":{"rendered":"POUSSE VERS LA SORTIE - Man\u00e9 part au bras de fer avec le Bayern"},"content":{"rendered":"<p data-live-id=\"articleLead.isLive\" data-live-value=\"16893234270\" data-live=\"0\" data-live-reload=\"1\"><span style=\"font-size: 16px; font-family: Futura;\"><strong>NETTALI.COM - Le Bayern Munich ne veut plus de Sadio Man\u00e9. Mais l'international s\u00e9n\u00e9galais ne l'entend pas de cette oreille. Il veut co\u00fbte que co\u00fbte rester chez le champion d'Allemagne.\u00a0<\/strong><\/span><\/p>\n<p data-live-id=\"articleLead.isLive\" data-live-value=\"16893234270\" data-live=\"0\" data-live-reload=\"1\"><span style=\"font-size: 16px; font-family: Futura;\"><span style=\"color: #303030; background-color: #fefcfb;\">En un an, Sadio Man\u00e9 <\/span><span style=\"color: #303030; background-color: #fefcfb;\">est pass\u00e9 de recrue star \u00e0 un joueur d\u00e9class\u00e9. Arriv\u00e9 pour 32 millions d\u2019euros, l\u2019ancien joueur de Liverpool devait apporter son exp\u00e9rience du haut niveau, son talent ainsi que des buts et des passes d\u00e9cisives. Apr\u00e8s de bons d\u00e9buts, le S\u00e9n\u00e9galais a connu une petite descente aux enfers. Bless\u00e9, il a rat\u00e9 le Mondial 2022. Et lorsqu\u2019il a retrouv\u00e9 les terrains, Julian Nagelsmann pr\u00e9f\u00e9rait miser sur d\u2019autres joueurs. <\/span><\/span><\/p>\n<p data-live-id=\"articleLead.isLive\" data-live-value=\"16893234270\" data-live=\"0\" data-live-reload=\"1\"><span style=\"color: #303030; font-family: Futura; font-size: 16px; background-color: #fefcfb;\">L\u2019arriv\u00e9e de Thomas Tuchel n\u2019a pas vraiment chang\u00e9 sa situation. Une situation qui s\u2019est m\u00eame d\u00e9grad\u00e9e apr\u00e8s qu\u2019il a frapp\u00e9 Leroy San\u00e9 dans les vestiaires lors du match aller de Champions League face \u00e0 Manchester City. Mis \u00e0 l\u2019\u00e9cart, le joueur a pr\u00e9sent\u00e9 ses excuses. Il a rat\u00e9 un match et a pay\u00e9 une amende de plus de 300 000 euros. De retour, il n\u2019a plus beaucoup jou\u00e9 et ses relations avec le vestiaire bavarois, o\u00f9 il a v\u00e9cu un enfer selon diverses sources, ne sont pas vraiment arrang\u00e9es.<\/span><\/p>\n<p data-live-id=\"articleLead.isLive\" data-live-value=\"16893234270\" data-live=\"0\" data-live-reload=\"1\"><span style=\"font-size: 16px; font-family: Futura;\">Pour toutes ces raisons, mais aussi parce qu\u2019il n\u2019a pas un profil qui colle \u00e0 ce que Thomas Tuchel veut mettre en place et qu\u2019il poss\u00e8de un gros salaire, Man\u00e9 est invit\u00e9 \u00e0 s\u2019en aller. Comme r\u00e9v\u00e9l\u00e9 sur notre site il y a plusieurs semaines, Al-Hilal a t\u00e2t\u00e9 le terrain. Mais le joueur a \u00e9t\u00e9 cash en indiquant ne pas vouloir quitter le Bayern Munich. Un club qui fait tout pour s\u2019en d\u00e9barrasser. <em style=\"box-sizing: inherit; min-width: 0px; min-height: 0px;\">Kicker<\/em> a r\u00e9v\u00e9l\u00e9 que le club lui a signifi\u00e9 qu\u2019il ne compte plus sur lui. <em style=\"box-sizing: inherit; min-width: 0px; min-height: 0px;\">Sky Germany<\/em>\u00a0a d\u2019ailleurs ajout\u00e9 que les Munichois avaient fix\u00e9 son prix de d\u00e9part \u00e0 20 millions d\u2019euros.<\/span><\/p>\n<p data-live-id=\"articleLead.isLive\" data-live-value=\"16893234270\" data-live=\"0\" data-live-reload=\"1\"><span style=\"font-size: 16px; font-family: Futura;\">Malgr\u00e9 cela, Sadio Man\u00e9 est bien d\u00e9cid\u00e9 \u00e0 rester. C\u2019est ce que r\u00e9v\u00e8le <em>Bild<\/em> ce vendredi. Dans son podcast, le m\u00e9dia allemand pr\u00e9cise que l\u2019attaquant souhaite rester co\u00fbte que co\u00fbte et veut participer \u00e0 la tourn\u00e9e du Bayern Munich en Asie. Il n\u2019a aucun doute sur le fait qu\u2019il peut encore \u00eatre un joueur tr\u00e8s important pour le club et l\u2019\u00e9quipe. Cela ne fait pas les affaires du Rekordmeister, qui a une belle \u00e9pine dans le pied. Le bras de fer est lanc\u00e9.<\/span><\/p>\n<p style=\"text-align: right;\" data-live-id=\"articleLead.isLive\" data-live-value=\"16893234270\" data-live=\"0\" data-live-reload=\"1\"><strong>(Source : footmercato)\u00a0<\/strong><\/p>\n<p data-live-id=\"articleLead.isLive\" data-live-value=\"16893234270\" data-live=\"0\" data-live-reload=\"1\">\n<div class='share-to-whatsapp-wrapper'><div class='share-on-whsp'>PARTAGER SUR : <\/div><a data-text='POUSSE VERS LA SORTIE - Man\u00e9 part au bras de fer avec le Bayern' data-link='https:\/\/www.nettali.com\/2023\/07\/14\/pousse-vers-la-sortie-mane-part-au-bras-de-fer-avec-le-bayern\/' class='whatsapp-button whatsapp-share'>WhatsApp<\/a><div class='clear '><\/div><\/div>","protected":false},"excerpt":{"rendered":"<p>NETTALI.COM - Le Bayern Munich ne veut plus de Sadio Man\u00e9. Mais l'international s\u00e9n\u00e9galais ne l'entend pas de cette oreille. Il veut co\u00fbte que co\u00fbte rester chez le champion d'Allemagne.\u00a0 En un an, Sadio Man\u00e9 est pass\u00e9 de recrue star \u00e0 un joueur d\u00e9class\u00e9. Arriv\u00e9 pour 32 millions d\u2019euros, l\u2019ancien joueur de Liverpool devait apporter [&hellip;]<\/p>\n","protected":false},"author":3,"featured_media":108313,"comment_status":"open","ping_status":"open","sticky":false,"template":"","format":"standard","meta":{"_et_pb_use_builder":"","_et_pb_old_content":""},"categories":[6],"tags":[],"yoast_head":"<!-- This site is optimized with the Yoast SEO Premium plugin v17.8 (Yoast SEO v17.8) - https:\/\/yoast.com\/wordpress\/plugins\/seo\/ -->\n<title>POUSSE VERS LA SORTIE - Man\u00e9 part au bras de fer avec le Bayern | Nettali.com<\/title>\n<meta name=\"robots\" content=\"index, follow, max-snippet:-1, max-image-preview:large, max-video-preview:-1\" \/>\n<link rel=\"canonical\" href=\"https:\/\/www.nettali.com\/2023\/07\/14\/pousse-vers-la-sortie-mane-part-au-bras-de-fer-avec-le-bayern\/\" \/>\n<meta property=\"og:locale\" content=\"fr_FR\" \/>\n<meta property=\"og:type\" content=\"article\" \/>\n<meta property=\"og:title\" content=\"POUSSE VERS LA SORTIE - Man\u00e9 part au bras de fer avec le Bayern\" \/>\n<meta property=\"og:description\" content=\"NETTALI.COM - Le Bayern Munich ne veut plus de Sadio Man\u00e9. Mais l&#039;international s\u00e9n\u00e9galais ne l&#039;entend pas de cette oreille. Il veut co\u00fbte que co\u00fbte rester chez le champion d&#039;Allemagne.\u00a0 En un an, Sadio Man\u00e9 est pass\u00e9 de recrue star \u00e0 un joueur d\u00e9class\u00e9. Arriv\u00e9 pour 32 millions d\u2019euros, l\u2019ancien joueur de Liverpool devait apporter [&hellip;]\" \/>\n<meta property=\"og:url\" content=\"https:\/\/www.nettali.com\/2023\/07\/14\/pousse-vers-la-sortie-mane-part-au-bras-de-fer-avec-le-bayern\/\" \/>\n<meta property=\"og:site_name\" content=\"Nettali.com\" \/>\n<meta property=\"article:publisher\" content=\"https:\/\/www.facebook.com\/nettalicom\" \/>\n<meta property=\"article:published_time\" content=\"2023-07-14T11:14:43+00:00\" \/>\n<meta property=\"article:modified_time\" content=\"2023-07-15T09:01:34+00:00\" \/>\n<meta property=\"og:image\" content=\"https:\/\/www.nettali.com\/wp-content\/uploads\/2023\/04\/Thomas-Tuchel-et-Sadio-Mane.jpeg\" \/>\n\t<meta property=\"og:image:width\" content=\"992\" \/>\n\t<meta property=\"og:image:height\" content=\"558\" \/>\n<meta name=\"twitter:card\" content=\"summary_large_image\" \/>\n<meta name=\"twitter:label1\" content=\"\u00c9crit par\" \/>\n\t<meta name=\"twitter:data1\" content=\"Moustapha\" \/>\n\t<meta name=\"twitter:label2\" content=\"Dur\u00e9e de lecture estim\u00e9e\" \/>\n\t<meta name=\"twitter:data2\" content=\"2 minutes\" \/>\n<script type=\"application\/ld+json\" class=\"yoast-schema-graph\">{\"@context\":\"https:\/\/schema.org\",\"@graph\":[{\"@type\":\"WebSite\",\"@id\":\"https:\/\/www.nettali.com\/#website\",\"url\":\"https:\/\/www.nettali.com\/\",\"name\":\"Nettali.com\",\"description\":\"Le rendez-vous critique du Net\",\"potentialAction\":[{\"@type\":\"SearchAction\",\"target\":{\"@type\":\"EntryPoint\",\"urlTemplate\":\"https:\/\/www.nettali.com\/?s={search_term_string}\"},\"query-input\":\"required name=search_term_string\"}],\"inLanguage\":\"fr-FR\"},{\"@type\":\"ImageObject\",\"@id\":\"https:\/\/www.nettali.com\/2023\/07\/14\/pousse-vers-la-sortie-mane-part-au-bras-de-fer-avec-le-bayern\/#primaryimage\",\"inLanguage\":\"fr-FR\",\"url\":\"https:\/\/www.nettali.com\/wp-content\/uploads\/2023\/04\/Thomas-Tuchel-et-Sadio-Mane.jpeg\",\"contentUrl\":\"https:\/\/www.nettali.com\/wp-content\/uploads\/2023\/04\/Thomas-Tuchel-et-Sadio-Mane.jpeg\",\"width\":992,\"height\":558},{\"@type\":\"WebPage\",\"@id\":\"https:\/\/www.nettali.com\/2023\/07\/14\/pousse-vers-la-sortie-mane-part-au-bras-de-fer-avec-le-bayern\/#webpage\",\"url\":\"https:\/\/www.nettali.com\/2023\/07\/14\/pousse-vers-la-sortie-mane-part-au-bras-de-fer-avec-le-bayern\/\",\"name\":\"POUSSE VERS LA SORTIE - Man\\u00e9 part au bras de fer avec le Bayern | Nettali.com\",\"isPartOf\":{\"@id\":\"https:\/\/www.nettali.com\/#website\"},\"primaryImageOfPage\":{\"@id\":\"https:\/\/www.nettali.com\/2023\/07\/14\/pousse-vers-la-sortie-mane-part-au-bras-de-fer-avec-le-bayern\/#primaryimage\"},\"datePublished\":\"2023-07-14T11:14:43+00:00\",\"dateModified\":\"2023-07-15T09:01:34+00:00\",\"author\":{\"@id\":\"https:\/\/www.nettali.com\/#\/schema\/person\/7962a12a6e0267f88f0ffa544c36469a\"},\"breadcrumb\":{\"@id\":\"https:\/\/www.nettali.com\/2023\/07\/14\/pousse-vers-la-sortie-mane-part-au-bras-de-fer-avec-le-bayern\/#breadcrumb\"},\"inLanguage\":\"fr-FR\",\"potentialAction\":[{\"@type\":\"ReadAction\",\"target\":[\"https:\/\/www.nettali.com\/2023\/07\/14\/pousse-vers-la-sortie-mane-part-au-bras-de-fer-avec-le-bayern\/\"]}]},{\"@type\":\"BreadcrumbList\",\"@id\":\"https:\/\/www.nettali.com\/2023\/07\/14\/pousse-vers-la-sortie-mane-part-au-bras-de-fer-avec-le-bayern\/#breadcrumb\",\"itemListElement\":[{\"@type\":\"ListItem\",\"position\":1,\"name\":\"Accueil\",\"item\":\"https:\/\/www.nettali.com\/\"},{\"@type\":\"ListItem\",\"position\":2,\"name\":\"POUSSE VERS LA SORTIE - Man\\u00e9 part au bras de fer avec le Bayern\"}]},{\"@type\":\"Person\",\"@id\":\"https:\/\/www.nettali.com\/#\/schema\/person\/7962a12a6e0267f88f0ffa544c36469a\",\"name\":\"Moustapha\",\"image\":{\"@type\":\"ImageObject\",\"@id\":\"https:\/\/www.nettali.com\/#personlogo\",\"inLanguage\":\"fr-FR\",\"url\":\"https:\/\/secure.gravatar.com\/avatar\/10fdf6a071cccdcf374e3dbe45159590?s=96&d=mm&r=g\",\"contentUrl\":\"https:\/\/secure.gravatar.com\/avatar\/10fdf6a071cccdcf374e3dbe45159590?s=96&d=mm&r=g\",\"caption\":\"Moustapha\"},\"sameAs\":[\"https:\/\/www.nettali.com\"]}]}<\/script>\n<!-- \/ Yoast SEO Premium plugin. -->","yoast_head_json":{"title":"POUSSE VERS LA SORTIE - Man\u00e9 part au bras de fer avec le Bayern | Nettali.com","robots":{"index":"index","follow":"follow","max-snippet":"max-snippet:-1","max-image-preview":"max-image-preview:large","max-video-preview":"max-video-preview:-1"},"canonical":"https:\/\/www.nettali.com\/2023\/07\/14\/pousse-vers-la-sortie-mane-part-au-bras-de-fer-avec-le-bayern\/","og_locale":"fr_FR","og_type":"article","og_title":"POUSSE VERS LA SORTIE - Man\u00e9 part au bras de fer avec le Bayern","og_description":"NETTALI.COM - Le Bayern Munich ne veut plus de Sadio Man\u00e9. Mais l'international s\u00e9n\u00e9galais ne l'entend pas de cette oreille. Il veut co\u00fbte que co\u00fbte rester chez le champion d'Allemagne.\u00a0 En un an, Sadio Man\u00e9 est pass\u00e9 de recrue star \u00e0 un joueur d\u00e9class\u00e9. Arriv\u00e9 pour 32 millions d\u2019euros, l\u2019ancien joueur de Liverpool devait apporter [&hellip;]","og_url":"https:\/\/www.nettali.com\/2023\/07\/14\/pousse-vers-la-sortie-mane-part-au-bras-de-fer-avec-le-bayern\/","og_site_name":"Nettali.com","article_publisher":"https:\/\/www.facebook.com\/nettalicom","article_published_time":"2023-07-14T11:14:43+00:00","article_modified_time":"2023-07-15T09:01:34+00:00","og_image":[{"width":992,"height":558,"url":"https:\/\/www.nettali.com\/wp-content\/uploads\/2023\/04\/Thomas-Tuchel-et-Sadio-Mane.jpeg","type":"image\/jpeg"}],"twitter_card":"summary_large_image","twitter_misc":{"\u00c9crit par":"Moustapha","Dur\u00e9e de lecture estim\u00e9e":"2 minutes"},"schema":{"@context":"https:\/\/schema.org","@graph":[{"@type":"WebSite","@id":"https:\/\/www.nettali.com\/#website","url":"https:\/\/www.nettali.com\/","name":"Nettali.com","description":"Le rendez-vous critique du Net","potentialAction":[{"@type":"SearchAction","target":{"@type":"EntryPoint","urlTemplate":"https:\/\/www.nettali.com\/?s={search_term_string}"},"query-input":"required name=search_term_string"}],"inLanguage":"fr-FR"},{"@type":"ImageObject","@id":"https:\/\/www.nettali.com\/2023\/07\/14\/pousse-vers-la-sortie-mane-part-au-bras-de-fer-avec-le-bayern\/#primaryimage","inLanguage":"fr-FR","url":"https:\/\/www.nettali.com\/wp-content\/uploads\/2023\/04\/Thomas-Tuchel-et-Sadio-Mane.jpeg","contentUrl":"https:\/\/www.nettali.com\/wp-content\/uploads\/2023\/04\/Thomas-Tuchel-et-Sadio-Mane.jpeg","width":992,"height":558},{"@type":"WebPage","@id":"https:\/\/www.nettali.com\/2023\/07\/14\/pousse-vers-la-sortie-mane-part-au-bras-de-fer-avec-le-bayern\/#webpage","url":"https:\/\/www.nettali.com\/2023\/07\/14\/pousse-vers-la-sortie-mane-part-au-bras-de-fer-avec-le-bayern\/","name":"POUSSE VERS LA SORTIE - Man\u00e9 part au bras de fer avec le Bayern | Nettali.com","isPartOf":{"@id":"https:\/\/www.nettali.com\/#website"},"primaryImageOfPage":{"@id":"https:\/\/www.nettali.com\/2023\/07\/14\/pousse-vers-la-sortie-mane-part-au-bras-de-fer-avec-le-bayern\/#primaryimage"},"datePublished":"2023-07-14T11:14:43+00:00","dateModified":"2023-07-15T09:01:34+00:00","author":{"@id":"https:\/\/www.nettali.com\/#\/schema\/person\/7962a12a6e0267f88f0ffa544c36469a"},"breadcrumb":{"@id":"https:\/\/www.nettali.com\/2023\/07\/14\/pousse-vers-la-sortie-mane-part-au-bras-de-fer-avec-le-bayern\/#breadcrumb"},"inLanguage":"fr-FR","potentialAction":[{"@type":"ReadAction","target":["https:\/\/www.nettali.com\/2023\/07\/14\/pousse-vers-la-sortie-mane-part-au-bras-de-fer-avec-le-bayern\/"]}]},{"@type":"BreadcrumbList","@id":"https:\/\/www.nettali.com\/2023\/07\/14\/pousse-vers-la-sortie-mane-part-au-bras-de-fer-avec-le-bayern\/#breadcrumb","itemListElement":[{"@type":"ListItem","position":1,"name":"Accueil","item":"https:\/\/www.nettali.com\/"},{"@type":"ListItem","position":2,"name":"POUSSE VERS LA SORTIE - Man\u00e9 part au bras de fer avec le Bayern"}]},{"@type":"Person","@id":"https:\/\/www.nettali.com\/#\/schema\/person\/7962a12a6e0267f88f0ffa544c36469a","name":"Moustapha","image":{"@type":"ImageObject","@id":"https:\/\/www.nettali.com\/#personlogo","inLanguage":"fr-FR","url":"https:\/\/secure.gravatar.com\/avatar\/10fdf6a071cccdcf374e3dbe45159590?s=96&d=mm&r=g","contentUrl":"https:\/\/secure.gravatar.com\/avatar\/10fdf6a071cccdcf374e3dbe45159590?s=96&d=mm&r=g","caption":"Moustapha"},"sameAs":["https:\/\/www.nettali.com"]}]}},"_links":{"self":[{"href":"https:\/\/www.nettali.com\/rest\/wp\/v2\/posts\/114081"}],"collection":[{"href":"https:\/\/www.nettali.com\/rest\/wp\/v2\/posts"}],"about":[{"href":"https:\/\/www.nettali.com\/rest\/wp\/v2\/types\/post"}],"author":[{"embeddable":true,"href":"https:\/\/www.nettali.com\/rest\/wp\/v2\/users\/3"}],"replies":[{"embeddable":true,"href":"https:\/\/www.nettali.com\/rest\/wp\/v2\/comments?post=114081"}],"version-history":[{"count":3,"href":"https:\/\/www.nettali.com\/rest\/wp\/v2\/posts\/114081\/revisions"}],"predecessor-version":[{"id":114084,"href":"https:\/\/www.nettali.com\/rest\/wp\/v2\/posts\/114081\/revisions\/114084"}],"wp:featuredmedia":[{"embeddable":true,"href":"https:\/\/www.nettali.com\/rest\/wp\/v2\/media\/108313"}],"wp:attachment":[{"href":"https:\/\/www.nettali.com\/rest\/wp\/v2\/media?parent=114081"}],"wp:term":[{"taxonomy":"category","embeddable":true,"href":"https:\/\/www.nettali.com\/rest\/wp\/v2\/categories?post=114081"},{"taxonomy":"post_tag","embeddable":true,"href":"https:\/\/www.nettali.com\/rest\/wp\/v2\/tags?post=114081"}],"curies":[{"name":"wp","href":"https:\/\/api.w.org\/{rel}","templated":true}]}}