{"id":114015,"date":"2023-07-13T18:14:17","date_gmt":"2023-07-13T18:14:17","guid":{"rendered":"https:\/\/www.nettali.com\/?p=114015"},"modified":"2023-07-13T21:10:59","modified_gmt":"2023-07-13T21:10:59","slug":"hommage-au-chef-de-letat-lavenue-louis-faidherbe-porte-desormais-le-nom-de-macky-sall","status":"publish","type":"post","link":"https:\/\/www.nettali.com\/2023\/07\/13\/hommage-au-chef-de-letat-lavenue-louis-faidherbe-porte-desormais-le-nom-de-macky-sall\/","title":{"rendered":"HOMMAGE AU CHEF DE L'ETAT - L\u2019avenue Louis Faidherbe porte d\u00e9sormais le nom de Macky Sall"},"content":{"rendered":"<p><strong>NETTALI.COM- Le maire de la commune de Dakar Plateau, Alioune Ndoye a d\u00e9cid\u00e9 de rendre un vibrant hommage au Pr\u00e9sident de la R\u00e9publique. Son nom est d\u00e9sormais attribu\u00e9 \u00e0 l\u2019avenue Faidherbe rebaptis\u00e9e \u00abAvenue Macky Sall \u00bb .<\/strong><\/p>\n<p>Le Pr\u00e9sident de la R\u00e9publique re\u00e7oit d\u00e9j\u00e0 des hommages alors qu\u2019il n\u2019a pas encore termin\u00e9 son mandat. Le maire de Dakar-Plateau Alioune Ndoye a d\u00e9cid\u00e9 de l'honorer.\u00a0 \u00ab<em> Le maire de la Commune de Dakar-Plateau porte \u00e0 la connaissance de l'ensemble de ses concitoyens s\u00e9n\u00e9galais et des h\u00f4tes \u00e9trangers \u00e9tablis au S\u00e9n\u00e9gal que le Conseil municipal de la Commune de Dakar- Plateau, par d\u00e9lib\u00e9ration adopt\u00e9e en sa s\u00e9ance du 10 juillet 2023, a d\u00e9cid\u00e9 de rebaptiser l'Avenue Louis Faidherbe.Celle-ci porte, d\u00e9sormais, le nom de : \u00ab Avenue Pr\u00e9sident Macky SALL<\/em> \u00bb, indique un\u00a0 communiqu\u00e9.<\/p>\n<p><em>\u00ab Cet hommage est une parfaite illustration de l\u2019homme d\u2019Etat qu\u2019est le Pr\u00e9sident de la R\u00e9publique, l\u2019homme int\u00e8gre et g\u00e9n\u00e9reux<\/em>\",\u00a0 t\u00e9moigne le maire. Qui souligne qu' \u00ab<em> \u00e0 travers cette d\u00e9marche d'une aussi grande port\u00e9e historique, les populations de Dakar-Plateau, par le biais de leurs repr\u00e9sentants, entendent ainsi t\u00e9moigner toute leur reconnaissance \u00e0 cet illustre Homme d'Etat qui, durant tout son magist\u00e8re, a toujours su pr\u00eater une \u00e9coute attentive \u00e0 leurs pr\u00e9occupations en soutenant et en accompagnant de mani\u00e8re efficace, d\u00e9termin\u00e9e et d\u00e9cisive, toutes les initiatives port\u00e9es \u00e0 son attention<\/em> \u00bb.<\/p>\n<p>Cet hommage, souligne le communiqu\u00e9 \u00ab <em>est d\u2019autant plus m\u00e9ritant car il marque l\u2019\u0153uvre immense de ce leader et b\u00e2tisseur hors pair, pour notre pays, dont les innombrables r\u00e9alisations structurantes op\u00e9r\u00e9es au profit des dakarois, dans le cadre de la mise en \u0153uvre des grands projets du Plan S\u00e9n\u00e9gal Emergent<\/em> \u00bb.<\/p>\n<p>Ainsi Aliou Ndoye invite-t-il ses compatriotes, les services, entreprises et structures publics, parapublics et priv\u00e9s de m\u00eame que l'ensemble des usagers de<br \/>\nladite avenue, nouvellement rebaptis\u00e9e, \u00e0 tirer toutes les cons\u00e9quences de droit qu'induit ce changement de d\u00e9nomination.<\/p>\n<div class='share-to-whatsapp-wrapper'><div class='share-on-whsp'>PARTAGER SUR : <\/div><a data-text='HOMMAGE AU CHEF DE L'ETAT - L\u2019avenue Louis Faidherbe porte d\u00e9sormais le nom de Macky Sall' data-link='https:\/\/www.nettali.com\/2023\/07\/13\/hommage-au-chef-de-letat-lavenue-louis-faidherbe-porte-desormais-le-nom-de-macky-sall\/' class='whatsapp-button whatsapp-share'>WhatsApp<\/a><div class='clear '><\/div><\/div>","protected":false},"excerpt":{"rendered":"<p>NETTALI.COM- Le maire de la commune de Dakar Plateau, Alioune Ndoye a d\u00e9cid\u00e9 de rendre un vibrant hommage au Pr\u00e9sident de la R\u00e9publique. Son nom est d\u00e9sormais attribu\u00e9 \u00e0 l\u2019avenue Faidherbe rebaptis\u00e9e \u00abAvenue Macky Sall \u00bb . Le Pr\u00e9sident de la R\u00e9publique re\u00e7oit d\u00e9j\u00e0 des hommages alors qu\u2019il n\u2019a pas encore termin\u00e9 son mandat. Le [&hellip;]<\/p>\n","protected":false},"author":6,"featured_media":103781,"comment_status":"open","ping_status":"open","sticky":false,"template":"","format":"standard","meta":{"_et_pb_use_builder":"","_et_pb_old_content":""},"categories":[3],"tags":[],"yoast_head":"<!-- This site is optimized with the Yoast SEO Premium plugin v17.8 (Yoast SEO v17.8) - https:\/\/yoast.com\/wordpress\/plugins\/seo\/ -->\n<title>HOMMAGE AU CHEF DE L&#039;ETAT - L\u2019avenue Louis Faidherbe porte d\u00e9sormais le nom de Macky Sall | Nettali.com<\/title>\n<meta name=\"robots\" content=\"index, follow, max-snippet:-1, max-image-preview:large, max-video-preview:-1\" \/>\n<link rel=\"canonical\" href=\"https:\/\/www.nettali.com\/2023\/07\/13\/hommage-au-chef-de-letat-lavenue-louis-faidherbe-porte-desormais-le-nom-de-macky-sall\/\" \/>\n<meta property=\"og:locale\" content=\"fr_FR\" \/>\n<meta property=\"og:type\" content=\"article\" \/>\n<meta property=\"og:title\" content=\"HOMMAGE AU CHEF DE L&#039;ETAT - L\u2019avenue Louis Faidherbe porte d\u00e9sormais le nom de Macky Sall\" \/>\n<meta property=\"og:description\" content=\"NETTALI.COM- Le maire de la commune de Dakar Plateau, Alioune Ndoye a d\u00e9cid\u00e9 de rendre un vibrant hommage au Pr\u00e9sident de la R\u00e9publique. Son nom est d\u00e9sormais attribu\u00e9 \u00e0 l\u2019avenue Faidherbe rebaptis\u00e9e \u00abAvenue Macky Sall \u00bb . Le Pr\u00e9sident de la R\u00e9publique re\u00e7oit d\u00e9j\u00e0 des hommages alors qu\u2019il n\u2019a pas encore termin\u00e9 son mandat. Le [&hellip;]\" \/>\n<meta property=\"og:url\" content=\"https:\/\/www.nettali.com\/2023\/07\/13\/hommage-au-chef-de-letat-lavenue-louis-faidherbe-porte-desormais-le-nom-de-macky-sall\/\" \/>\n<meta property=\"og:site_name\" content=\"Nettali.com\" \/>\n<meta property=\"article:publisher\" content=\"https:\/\/www.facebook.com\/nettalicom\" \/>\n<meta property=\"article:published_time\" content=\"2023-07-13T18:14:17+00:00\" \/>\n<meta property=\"article:modified_time\" content=\"2023-07-13T21:10:59+00:00\" \/>\n<meta property=\"og:image\" content=\"https:\/\/www.nettali.com\/wp-content\/uploads\/2023\/02\/Macky-thie\u0300s.jpeg\" \/>\n\t<meta property=\"og:image:width\" content=\"1280\" \/>\n\t<meta property=\"og:image:height\" content=\"854\" \/>\n<meta name=\"twitter:card\" content=\"summary_large_image\" \/>\n<meta name=\"twitter:label1\" content=\"\u00c9crit par\" \/>\n\t<meta name=\"twitter:data1\" content=\"Fatou\" \/>\n\t<meta name=\"twitter:label2\" content=\"Dur\u00e9e de lecture estim\u00e9e\" \/>\n\t<meta name=\"twitter:data2\" content=\"2 minutes\" \/>\n<script type=\"application\/ld+json\" class=\"yoast-schema-graph\">{\"@context\":\"https:\/\/schema.org\",\"@graph\":[{\"@type\":\"WebSite\",\"@id\":\"https:\/\/www.nettali.com\/#website\",\"url\":\"https:\/\/www.nettali.com\/\",\"name\":\"Nettali.com\",\"description\":\"Le rendez-vous critique du Net\",\"potentialAction\":[{\"@type\":\"SearchAction\",\"target\":{\"@type\":\"EntryPoint\",\"urlTemplate\":\"https:\/\/www.nettali.com\/?s={search_term_string}\"},\"query-input\":\"required name=search_term_string\"}],\"inLanguage\":\"fr-FR\"},{\"@type\":\"ImageObject\",\"@id\":\"https:\/\/www.nettali.com\/2023\/07\/13\/hommage-au-chef-de-letat-lavenue-louis-faidherbe-porte-desormais-le-nom-de-macky-sall\/#primaryimage\",\"inLanguage\":\"fr-FR\",\"url\":\"https:\/\/www.nettali.com\/wp-content\/uploads\/2023\/02\/Macky-thie\\u0300s.jpeg\",\"contentUrl\":\"https:\/\/www.nettali.com\/wp-content\/uploads\/2023\/02\/Macky-thie\\u0300s.jpeg\",\"width\":1280,\"height\":854},{\"@type\":\"WebPage\",\"@id\":\"https:\/\/www.nettali.com\/2023\/07\/13\/hommage-au-chef-de-letat-lavenue-louis-faidherbe-porte-desormais-le-nom-de-macky-sall\/#webpage\",\"url\":\"https:\/\/www.nettali.com\/2023\/07\/13\/hommage-au-chef-de-letat-lavenue-louis-faidherbe-porte-desormais-le-nom-de-macky-sall\/\",\"name\":\"HOMMAGE AU CHEF DE L'ETAT - L\\u2019avenue Louis Faidherbe porte d\\u00e9sormais le nom de Macky Sall | Nettali.com\",\"isPartOf\":{\"@id\":\"https:\/\/www.nettali.com\/#website\"},\"primaryImageOfPage\":{\"@id\":\"https:\/\/www.nettali.com\/2023\/07\/13\/hommage-au-chef-de-letat-lavenue-louis-faidherbe-porte-desormais-le-nom-de-macky-sall\/#primaryimage\"},\"datePublished\":\"2023-07-13T18:14:17+00:00\",\"dateModified\":\"2023-07-13T21:10:59+00:00\",\"author\":{\"@id\":\"https:\/\/www.nettali.com\/#\/schema\/person\/418274a86bdf87caff7a3ef476bd0bbf\"},\"breadcrumb\":{\"@id\":\"https:\/\/www.nettali.com\/2023\/07\/13\/hommage-au-chef-de-letat-lavenue-louis-faidherbe-porte-desormais-le-nom-de-macky-sall\/#breadcrumb\"},\"inLanguage\":\"fr-FR\",\"potentialAction\":[{\"@type\":\"ReadAction\",\"target\":[\"https:\/\/www.nettali.com\/2023\/07\/13\/hommage-au-chef-de-letat-lavenue-louis-faidherbe-porte-desormais-le-nom-de-macky-sall\/\"]}]},{\"@type\":\"BreadcrumbList\",\"@id\":\"https:\/\/www.nettali.com\/2023\/07\/13\/hommage-au-chef-de-letat-lavenue-louis-faidherbe-porte-desormais-le-nom-de-macky-sall\/#breadcrumb\",\"itemListElement\":[{\"@type\":\"ListItem\",\"position\":1,\"name\":\"Accueil\",\"item\":\"https:\/\/www.nettali.com\/\"},{\"@type\":\"ListItem\",\"position\":2,\"name\":\"HOMMAGE AU CHEF DE L'ETAT - L\\u2019avenue Louis Faidherbe porte d\\u00e9sormais le nom de Macky Sall\"}]},{\"@type\":\"Person\",\"@id\":\"https:\/\/www.nettali.com\/#\/schema\/person\/418274a86bdf87caff7a3ef476bd0bbf\",\"name\":\"Fatou\",\"image\":{\"@type\":\"ImageObject\",\"@id\":\"https:\/\/www.nettali.com\/#personlogo\",\"inLanguage\":\"fr-FR\",\"url\":\"https:\/\/secure.gravatar.com\/avatar\/5a9442a2bee7b4dcf167cab035858e9a?s=96&d=mm&r=g\",\"contentUrl\":\"https:\/\/secure.gravatar.com\/avatar\/5a9442a2bee7b4dcf167cab035858e9a?s=96&d=mm&r=g\",\"caption\":\"Fatou\"},\"sameAs\":[\"https:\/\/www.nettali.com\"]}]}<\/script>\n<!-- \/ Yoast SEO Premium plugin. -->","yoast_head_json":{"title":"HOMMAGE AU CHEF DE L'ETAT - L\u2019avenue Louis Faidherbe porte d\u00e9sormais le nom de Macky Sall | Nettali.com","robots":{"index":"index","follow":"follow","max-snippet":"max-snippet:-1","max-image-preview":"max-image-preview:large","max-video-preview":"max-video-preview:-1"},"canonical":"https:\/\/www.nettali.com\/2023\/07\/13\/hommage-au-chef-de-letat-lavenue-louis-faidherbe-porte-desormais-le-nom-de-macky-sall\/","og_locale":"fr_FR","og_type":"article","og_title":"HOMMAGE AU CHEF DE L'ETAT - L\u2019avenue Louis Faidherbe porte d\u00e9sormais le nom de Macky Sall","og_description":"NETTALI.COM- Le maire de la commune de Dakar Plateau, Alioune Ndoye a d\u00e9cid\u00e9 de rendre un vibrant hommage au Pr\u00e9sident de la R\u00e9publique. Son nom est d\u00e9sormais attribu\u00e9 \u00e0 l\u2019avenue Faidherbe rebaptis\u00e9e \u00abAvenue Macky Sall \u00bb . Le Pr\u00e9sident de la R\u00e9publique re\u00e7oit d\u00e9j\u00e0 des hommages alors qu\u2019il n\u2019a pas encore termin\u00e9 son mandat. Le [&hellip;]","og_url":"https:\/\/www.nettali.com\/2023\/07\/13\/hommage-au-chef-de-letat-lavenue-louis-faidherbe-porte-desormais-le-nom-de-macky-sall\/","og_site_name":"Nettali.com","article_publisher":"https:\/\/www.facebook.com\/nettalicom","article_published_time":"2023-07-13T18:14:17+00:00","article_modified_time":"2023-07-13T21:10:59+00:00","og_image":[{"width":1280,"height":854,"url":"https:\/\/www.nettali.com\/wp-content\/uploads\/2023\/02\/Macky-thie\u0300s.jpeg","type":"image\/jpeg"}],"twitter_card":"summary_large_image","twitter_misc":{"\u00c9crit par":"Fatou","Dur\u00e9e de lecture estim\u00e9e":"2 minutes"},"schema":{"@context":"https:\/\/schema.org","@graph":[{"@type":"WebSite","@id":"https:\/\/www.nettali.com\/#website","url":"https:\/\/www.nettali.com\/","name":"Nettali.com","description":"Le rendez-vous critique du Net","potentialAction":[{"@type":"SearchAction","target":{"@type":"EntryPoint","urlTemplate":"https:\/\/www.nettali.com\/?s={search_term_string}"},"query-input":"required name=search_term_string"}],"inLanguage":"fr-FR"},{"@type":"ImageObject","@id":"https:\/\/www.nettali.com\/2023\/07\/13\/hommage-au-chef-de-letat-lavenue-louis-faidherbe-porte-desormais-le-nom-de-macky-sall\/#primaryimage","inLanguage":"fr-FR","url":"https:\/\/www.nettali.com\/wp-content\/uploads\/2023\/02\/Macky-thie\u0300s.jpeg","contentUrl":"https:\/\/www.nettali.com\/wp-content\/uploads\/2023\/02\/Macky-thie\u0300s.jpeg","width":1280,"height":854},{"@type":"WebPage","@id":"https:\/\/www.nettali.com\/2023\/07\/13\/hommage-au-chef-de-letat-lavenue-louis-faidherbe-porte-desormais-le-nom-de-macky-sall\/#webpage","url":"https:\/\/www.nettali.com\/2023\/07\/13\/hommage-au-chef-de-letat-lavenue-louis-faidherbe-porte-desormais-le-nom-de-macky-sall\/","name":"HOMMAGE AU CHEF DE L'ETAT - L\u2019avenue Louis Faidherbe porte d\u00e9sormais le nom de Macky Sall | Nettali.com","isPartOf":{"@id":"https:\/\/www.nettali.com\/#website"},"primaryImageOfPage":{"@id":"https:\/\/www.nettali.com\/2023\/07\/13\/hommage-au-chef-de-letat-lavenue-louis-faidherbe-porte-desormais-le-nom-de-macky-sall\/#primaryimage"},"datePublished":"2023-07-13T18:14:17+00:00","dateModified":"2023-07-13T21:10:59+00:00","author":{"@id":"https:\/\/www.nettali.com\/#\/schema\/person\/418274a86bdf87caff7a3ef476bd0bbf"},"breadcrumb":{"@id":"https:\/\/www.nettali.com\/2023\/07\/13\/hommage-au-chef-de-letat-lavenue-louis-faidherbe-porte-desormais-le-nom-de-macky-sall\/#breadcrumb"},"inLanguage":"fr-FR","potentialAction":[{"@type":"ReadAction","target":["https:\/\/www.nettali.com\/2023\/07\/13\/hommage-au-chef-de-letat-lavenue-louis-faidherbe-porte-desormais-le-nom-de-macky-sall\/"]}]},{"@type":"BreadcrumbList","@id":"https:\/\/www.nettali.com\/2023\/07\/13\/hommage-au-chef-de-letat-lavenue-louis-faidherbe-porte-desormais-le-nom-de-macky-sall\/#breadcrumb","itemListElement":[{"@type":"ListItem","position":1,"name":"Accueil","item":"https:\/\/www.nettali.com\/"},{"@type":"ListItem","position":2,"name":"HOMMAGE AU CHEF DE L'ETAT - L\u2019avenue Louis Faidherbe porte d\u00e9sormais le nom de Macky Sall"}]},{"@type":"Person","@id":"https:\/\/www.nettali.com\/#\/schema\/person\/418274a86bdf87caff7a3ef476bd0bbf","name":"Fatou","image":{"@type":"ImageObject","@id":"https:\/\/www.nettali.com\/#personlogo","inLanguage":"fr-FR","url":"https:\/\/secure.gravatar.com\/avatar\/5a9442a2bee7b4dcf167cab035858e9a?s=96&d=mm&r=g","contentUrl":"https:\/\/secure.gravatar.com\/avatar\/5a9442a2bee7b4dcf167cab035858e9a?s=96&d=mm&r=g","caption":"Fatou"},"sameAs":["https:\/\/www.nettali.com"]}]}},"_links":{"self":[{"href":"https:\/\/www.nettali.com\/rest\/wp\/v2\/posts\/114015"}],"collection":[{"href":"https:\/\/www.nettali.com\/rest\/wp\/v2\/posts"}],"about":[{"href":"https:\/\/www.nettali.com\/rest\/wp\/v2\/types\/post"}],"author":[{"embeddable":true,"href":"https:\/\/www.nettali.com\/rest\/wp\/v2\/users\/6"}],"replies":[{"embeddable":true,"href":"https:\/\/www.nettali.com\/rest\/wp\/v2\/comments?post=114015"}],"version-history":[{"count":4,"href":"https:\/\/www.nettali.com\/rest\/wp\/v2\/posts\/114015\/revisions"}],"predecessor-version":[{"id":114033,"href":"https:\/\/www.nettali.com\/rest\/wp\/v2\/posts\/114015\/revisions\/114033"}],"wp:featuredmedia":[{"embeddable":true,"href":"https:\/\/www.nettali.com\/rest\/wp\/v2\/media\/103781"}],"wp:attachment":[{"href":"https:\/\/www.nettali.com\/rest\/wp\/v2\/media?parent=114015"}],"wp:term":[{"taxonomy":"category","embeddable":true,"href":"https:\/\/www.nettali.com\/rest\/wp\/v2\/categories?post=114015"},{"taxonomy":"post_tag","embeddable":true,"href":"https:\/\/www.nettali.com\/rest\/wp\/v2\/tags?post=114015"}],"curies":[{"name":"wp","href":"https:\/\/api.w.org\/{rel}","templated":true}]}}