{"id":113960,"date":"2023-07-13T07:42:15","date_gmt":"2023-07-13T07:42:15","guid":{"rendered":"https:\/\/www.nettali.com\/?p=113960"},"modified":"2023-07-13T07:42:15","modified_gmt":"2023-07-13T07:42:15","slug":"diffamation-kouthia-et-amina-pote-devant-la-barre-le-26-juillet","status":"publish","type":"post","link":"https:\/\/www.nettali.com\/2023\/07\/13\/diffamation-kouthia-et-amina-pote-devant-la-barre-le-26-juillet\/","title":{"rendered":"DIFFAMATION - Kouthia et Amina Pot\u00e9 devant la barre le 26 juillet"},"content":{"rendered":"<p><strong>NETTALI.COM - L\u2019animatrice Amina Pot\u00e9 et l\u2019humoriste Kouthia vont r\u00e9gler leur diff\u00e9rend devant la justice. L'animatrice a, en effet,\u00a0 servi une citation directe \u00e0 l'humoriste, pour diffamation. Les deux agents de la TFM sont convoqu\u00e9s au tribunal le 26 juillet.<\/strong><\/p>\n<p>Amina Pot\u00e9 avait servi une citation directe \u00e0 Kouthia via son avocat, Me Abdy Nar Ndiaye. Elle lui demande de fournir les preuves des accusations port\u00e9es contre elle dans des audio o\u00f9 une voix attribu\u00e9e \u00e0 l\u2019humoriste la taxe, notamment, de lesbienne.<\/p>\n<p>L'affaire a \u00e9t\u00e9 enr\u00f4l\u00e9 et l'audience fix\u00e9e au 26 juillet prochain.<\/p>\n<div class='share-to-whatsapp-wrapper'><div class='share-on-whsp'>PARTAGER SUR : <\/div><a data-text='DIFFAMATION - Kouthia et Amina Pot\u00e9 devant la barre le 26 juillet' data-link='https:\/\/www.nettali.com\/2023\/07\/13\/diffamation-kouthia-et-amina-pote-devant-la-barre-le-26-juillet\/' class='whatsapp-button whatsapp-share'>WhatsApp<\/a><div class='clear '><\/div><\/div>","protected":false},"excerpt":{"rendered":"<p>NETTALI.COM - L\u2019animatrice Amina Pot\u00e9 et l\u2019humoriste Kouthia vont r\u00e9gler leur diff\u00e9rend devant la justice. L'animatrice a, en effet,\u00a0 servi une citation directe \u00e0 l'humoriste, pour diffamation. Les deux agents de la TFM sont convoqu\u00e9s au tribunal le 26 juillet. Amina Pot\u00e9 avait servi une citation directe \u00e0 Kouthia via son avocat, Me Abdy Nar [&hellip;]<\/p>\n","protected":false},"author":4,"featured_media":37314,"comment_status":"open","ping_status":"open","sticky":false,"template":"","format":"standard","meta":{"_et_pb_use_builder":"","_et_pb_old_content":""},"categories":[3],"tags":[],"yoast_head":"<!-- This site is optimized with the Yoast SEO Premium plugin v17.8 (Yoast SEO v17.8) - https:\/\/yoast.com\/wordpress\/plugins\/seo\/ -->\n<title>DIFFAMATION - Kouthia et Amina Pot\u00e9 devant la barre le 26 juillet | Nettali.com<\/title>\n<meta name=\"robots\" content=\"index, follow, max-snippet:-1, max-image-preview:large, max-video-preview:-1\" \/>\n<link rel=\"canonical\" href=\"https:\/\/www.nettali.com\/2023\/07\/13\/diffamation-kouthia-et-amina-pote-devant-la-barre-le-26-juillet\/\" \/>\n<meta property=\"og:locale\" content=\"fr_FR\" \/>\n<meta property=\"og:type\" content=\"article\" \/>\n<meta property=\"og:title\" content=\"DIFFAMATION - Kouthia et Amina Pot\u00e9 devant la barre le 26 juillet\" \/>\n<meta property=\"og:description\" content=\"NETTALI.COM - L\u2019animatrice Amina Pot\u00e9 et l\u2019humoriste Kouthia vont r\u00e9gler leur diff\u00e9rend devant la justice. L&#039;animatrice a, en effet,\u00a0 servi une citation directe \u00e0 l&#039;humoriste, pour diffamation. Les deux agents de la TFM sont convoqu\u00e9s au tribunal le 26 juillet. Amina Pot\u00e9 avait servi une citation directe \u00e0 Kouthia via son avocat, Me Abdy Nar [&hellip;]\" \/>\n<meta property=\"og:url\" content=\"https:\/\/www.nettali.com\/2023\/07\/13\/diffamation-kouthia-et-amina-pote-devant-la-barre-le-26-juillet\/\" \/>\n<meta property=\"og:site_name\" content=\"Nettali.com\" \/>\n<meta property=\"article:publisher\" content=\"https:\/\/www.facebook.com\/nettalicom\" \/>\n<meta property=\"article:published_time\" content=\"2023-07-13T07:42:15+00:00\" \/>\n<meta property=\"og:image\" content=\"https:\/\/www.nettali.com\/wp-content\/uploads\/2020\/05\/Kouthia-1.png\" \/>\n\t<meta property=\"og:image:width\" content=\"1200\" \/>\n\t<meta property=\"og:image:height\" content=\"675\" \/>\n<meta name=\"twitter:card\" content=\"summary_large_image\" \/>\n<meta name=\"twitter:label1\" content=\"\u00c9crit par\" \/>\n\t<meta name=\"twitter:data1\" content=\"Daouda\" \/>\n\t<meta name=\"twitter:label2\" content=\"Dur\u00e9e de lecture estim\u00e9e\" \/>\n\t<meta name=\"twitter:data2\" content=\"1 minute\" \/>\n<script type=\"application\/ld+json\" class=\"yoast-schema-graph\">{\"@context\":\"https:\/\/schema.org\",\"@graph\":[{\"@type\":\"WebSite\",\"@id\":\"https:\/\/www.nettali.com\/#website\",\"url\":\"https:\/\/www.nettali.com\/\",\"name\":\"Nettali.com\",\"description\":\"Le rendez-vous critique du Net\",\"potentialAction\":[{\"@type\":\"SearchAction\",\"target\":{\"@type\":\"EntryPoint\",\"urlTemplate\":\"https:\/\/www.nettali.com\/?s={search_term_string}\"},\"query-input\":\"required name=search_term_string\"}],\"inLanguage\":\"fr-FR\"},{\"@type\":\"ImageObject\",\"@id\":\"https:\/\/www.nettali.com\/2023\/07\/13\/diffamation-kouthia-et-amina-pote-devant-la-barre-le-26-juillet\/#primaryimage\",\"inLanguage\":\"fr-FR\",\"url\":\"https:\/\/www.nettali.com\/wp-content\/uploads\/2020\/05\/Kouthia-1.png\",\"contentUrl\":\"https:\/\/www.nettali.com\/wp-content\/uploads\/2020\/05\/Kouthia-1.png\",\"width\":1200,\"height\":675},{\"@type\":\"WebPage\",\"@id\":\"https:\/\/www.nettali.com\/2023\/07\/13\/diffamation-kouthia-et-amina-pote-devant-la-barre-le-26-juillet\/#webpage\",\"url\":\"https:\/\/www.nettali.com\/2023\/07\/13\/diffamation-kouthia-et-amina-pote-devant-la-barre-le-26-juillet\/\",\"name\":\"DIFFAMATION - Kouthia et Amina Pot\\u00e9 devant la barre le 26 juillet | Nettali.com\",\"isPartOf\":{\"@id\":\"https:\/\/www.nettali.com\/#website\"},\"primaryImageOfPage\":{\"@id\":\"https:\/\/www.nettali.com\/2023\/07\/13\/diffamation-kouthia-et-amina-pote-devant-la-barre-le-26-juillet\/#primaryimage\"},\"datePublished\":\"2023-07-13T07:42:15+00:00\",\"dateModified\":\"2023-07-13T07:42:15+00:00\",\"author\":{\"@id\":\"https:\/\/www.nettali.com\/#\/schema\/person\/3317e0bb3aa1da309fbf7b2780901bf4\"},\"breadcrumb\":{\"@id\":\"https:\/\/www.nettali.com\/2023\/07\/13\/diffamation-kouthia-et-amina-pote-devant-la-barre-le-26-juillet\/#breadcrumb\"},\"inLanguage\":\"fr-FR\",\"potentialAction\":[{\"@type\":\"ReadAction\",\"target\":[\"https:\/\/www.nettali.com\/2023\/07\/13\/diffamation-kouthia-et-amina-pote-devant-la-barre-le-26-juillet\/\"]}]},{\"@type\":\"BreadcrumbList\",\"@id\":\"https:\/\/www.nettali.com\/2023\/07\/13\/diffamation-kouthia-et-amina-pote-devant-la-barre-le-26-juillet\/#breadcrumb\",\"itemListElement\":[{\"@type\":\"ListItem\",\"position\":1,\"name\":\"Accueil\",\"item\":\"https:\/\/www.nettali.com\/\"},{\"@type\":\"ListItem\",\"position\":2,\"name\":\"DIFFAMATION - Kouthia et Amina Pot\\u00e9 devant la barre le 26 juillet\"}]},{\"@type\":\"Person\",\"@id\":\"https:\/\/www.nettali.com\/#\/schema\/person\/3317e0bb3aa1da309fbf7b2780901bf4\",\"name\":\"Daouda\",\"image\":{\"@type\":\"ImageObject\",\"@id\":\"https:\/\/www.nettali.com\/#personlogo\",\"inLanguage\":\"fr-FR\",\"url\":\"https:\/\/secure.gravatar.com\/avatar\/8d143b5a49345098ddcfee1c49c2f47c?s=96&d=mm&r=g\",\"contentUrl\":\"https:\/\/secure.gravatar.com\/avatar\/8d143b5a49345098ddcfee1c49c2f47c?s=96&d=mm&r=g\",\"caption\":\"Daouda\"},\"sameAs\":[\"https:\/\/www.nettali.com\"]}]}<\/script>\n<!-- \/ Yoast SEO Premium plugin. -->","yoast_head_json":{"title":"DIFFAMATION - Kouthia et Amina Pot\u00e9 devant la barre le 26 juillet | Nettali.com","robots":{"index":"index","follow":"follow","max-snippet":"max-snippet:-1","max-image-preview":"max-image-preview:large","max-video-preview":"max-video-preview:-1"},"canonical":"https:\/\/www.nettali.com\/2023\/07\/13\/diffamation-kouthia-et-amina-pote-devant-la-barre-le-26-juillet\/","og_locale":"fr_FR","og_type":"article","og_title":"DIFFAMATION - Kouthia et Amina Pot\u00e9 devant la barre le 26 juillet","og_description":"NETTALI.COM - L\u2019animatrice Amina Pot\u00e9 et l\u2019humoriste Kouthia vont r\u00e9gler leur diff\u00e9rend devant la justice. L'animatrice a, en effet,\u00a0 servi une citation directe \u00e0 l'humoriste, pour diffamation. Les deux agents de la TFM sont convoqu\u00e9s au tribunal le 26 juillet. Amina Pot\u00e9 avait servi une citation directe \u00e0 Kouthia via son avocat, Me Abdy Nar [&hellip;]","og_url":"https:\/\/www.nettali.com\/2023\/07\/13\/diffamation-kouthia-et-amina-pote-devant-la-barre-le-26-juillet\/","og_site_name":"Nettali.com","article_publisher":"https:\/\/www.facebook.com\/nettalicom","article_published_time":"2023-07-13T07:42:15+00:00","og_image":[{"width":1200,"height":675,"url":"https:\/\/www.nettali.com\/wp-content\/uploads\/2020\/05\/Kouthia-1.png","type":"image\/png"}],"twitter_card":"summary_large_image","twitter_misc":{"\u00c9crit par":"Daouda","Dur\u00e9e de lecture estim\u00e9e":"1 minute"},"schema":{"@context":"https:\/\/schema.org","@graph":[{"@type":"WebSite","@id":"https:\/\/www.nettali.com\/#website","url":"https:\/\/www.nettali.com\/","name":"Nettali.com","description":"Le rendez-vous critique du Net","potentialAction":[{"@type":"SearchAction","target":{"@type":"EntryPoint","urlTemplate":"https:\/\/www.nettali.com\/?s={search_term_string}"},"query-input":"required name=search_term_string"}],"inLanguage":"fr-FR"},{"@type":"ImageObject","@id":"https:\/\/www.nettali.com\/2023\/07\/13\/diffamation-kouthia-et-amina-pote-devant-la-barre-le-26-juillet\/#primaryimage","inLanguage":"fr-FR","url":"https:\/\/www.nettali.com\/wp-content\/uploads\/2020\/05\/Kouthia-1.png","contentUrl":"https:\/\/www.nettali.com\/wp-content\/uploads\/2020\/05\/Kouthia-1.png","width":1200,"height":675},{"@type":"WebPage","@id":"https:\/\/www.nettali.com\/2023\/07\/13\/diffamation-kouthia-et-amina-pote-devant-la-barre-le-26-juillet\/#webpage","url":"https:\/\/www.nettali.com\/2023\/07\/13\/diffamation-kouthia-et-amina-pote-devant-la-barre-le-26-juillet\/","name":"DIFFAMATION - Kouthia et Amina Pot\u00e9 devant la barre le 26 juillet | Nettali.com","isPartOf":{"@id":"https:\/\/www.nettali.com\/#website"},"primaryImageOfPage":{"@id":"https:\/\/www.nettali.com\/2023\/07\/13\/diffamation-kouthia-et-amina-pote-devant-la-barre-le-26-juillet\/#primaryimage"},"datePublished":"2023-07-13T07:42:15+00:00","dateModified":"2023-07-13T07:42:15+00:00","author":{"@id":"https:\/\/www.nettali.com\/#\/schema\/person\/3317e0bb3aa1da309fbf7b2780901bf4"},"breadcrumb":{"@id":"https:\/\/www.nettali.com\/2023\/07\/13\/diffamation-kouthia-et-amina-pote-devant-la-barre-le-26-juillet\/#breadcrumb"},"inLanguage":"fr-FR","potentialAction":[{"@type":"ReadAction","target":["https:\/\/www.nettali.com\/2023\/07\/13\/diffamation-kouthia-et-amina-pote-devant-la-barre-le-26-juillet\/"]}]},{"@type":"BreadcrumbList","@id":"https:\/\/www.nettali.com\/2023\/07\/13\/diffamation-kouthia-et-amina-pote-devant-la-barre-le-26-juillet\/#breadcrumb","itemListElement":[{"@type":"ListItem","position":1,"name":"Accueil","item":"https:\/\/www.nettali.com\/"},{"@type":"ListItem","position":2,"name":"DIFFAMATION - Kouthia et Amina Pot\u00e9 devant la barre le 26 juillet"}]},{"@type":"Person","@id":"https:\/\/www.nettali.com\/#\/schema\/person\/3317e0bb3aa1da309fbf7b2780901bf4","name":"Daouda","image":{"@type":"ImageObject","@id":"https:\/\/www.nettali.com\/#personlogo","inLanguage":"fr-FR","url":"https:\/\/secure.gravatar.com\/avatar\/8d143b5a49345098ddcfee1c49c2f47c?s=96&d=mm&r=g","contentUrl":"https:\/\/secure.gravatar.com\/avatar\/8d143b5a49345098ddcfee1c49c2f47c?s=96&d=mm&r=g","caption":"Daouda"},"sameAs":["https:\/\/www.nettali.com"]}]}},"_links":{"self":[{"href":"https:\/\/www.nettali.com\/rest\/wp\/v2\/posts\/113960"}],"collection":[{"href":"https:\/\/www.nettali.com\/rest\/wp\/v2\/posts"}],"about":[{"href":"https:\/\/www.nettali.com\/rest\/wp\/v2\/types\/post"}],"author":[{"embeddable":true,"href":"https:\/\/www.nettali.com\/rest\/wp\/v2\/users\/4"}],"replies":[{"embeddable":true,"href":"https:\/\/www.nettali.com\/rest\/wp\/v2\/comments?post=113960"}],"version-history":[{"count":1,"href":"https:\/\/www.nettali.com\/rest\/wp\/v2\/posts\/113960\/revisions"}],"predecessor-version":[{"id":113961,"href":"https:\/\/www.nettali.com\/rest\/wp\/v2\/posts\/113960\/revisions\/113961"}],"wp:featuredmedia":[{"embeddable":true,"href":"https:\/\/www.nettali.com\/rest\/wp\/v2\/media\/37314"}],"wp:attachment":[{"href":"https:\/\/www.nettali.com\/rest\/wp\/v2\/media?parent=113960"}],"wp:term":[{"taxonomy":"category","embeddable":true,"href":"https:\/\/www.nettali.com\/rest\/wp\/v2\/categories?post=113960"},{"taxonomy":"post_tag","embeddable":true,"href":"https:\/\/www.nettali.com\/rest\/wp\/v2\/tags?post=113960"}],"curies":[{"name":"wp","href":"https:\/\/api.w.org\/{rel}","templated":true}]}}