{"id":113941,"date":"2023-07-12T23:13:05","date_gmt":"2023-07-12T23:13:05","guid":{"rendered":"https:\/\/www.nettali.com\/?p=113941"},"modified":"2023-07-12T23:13:05","modified_gmt":"2023-07-12T23:13:05","slug":"transport-ferroviaire-macky-sall-somme-amadou-ba-de-relancer-le-chemin-de-fer","status":"publish","type":"post","link":"https:\/\/www.nettali.com\/2023\/07\/12\/transport-ferroviaire-macky-sall-somme-amadou-ba-de-relancer-le-chemin-de-fer\/","title":{"rendered":"TRANSPORT FERROVIAIRE - Macky Sall somme Amadou Ba de relancer le chemin de fer"},"content":{"rendered":"<p style=\"font-weight: 400;\"><strong>NETTALI.COM - <\/strong><strong>En pr\u00e9sidant le Conseil des ministres de ce mercredi 12 juillet 2023, le Chef de l\u2019Etat Macky Sall, a exhort\u00e9 le Premier ministre \u00e0 <\/strong><strong>tenir un Conseil interminist\u00e9riel sur la relance des chemins de fer et le d\u00e9veloppement des transports ferroviaires.<\/strong><\/p>\n<p style=\"font-weight: 400;\">Le d\u00e9veloppement des transports ferroviaires et la relance des chemins de fer\u00a0 tiennent \u00e0 c\u0153ur le pr\u00e9sident de la R\u00e9publique. En conseil des ministres ce mercredi 12 juillet 2023, \u00a0le chef de l\u2019Etat a exhort\u00e9 le premier ministre \u00e0 tenir un Conseil interminist\u00e9riel sur la relance des chemins de fer (notamment l\u2019axe Dakar- Tambacounda) et le d\u00e9veloppement des transports ferroviaires en vue de l\u2019adoption prochaine d\u2019une Strat\u00e9gie ferroviaire nationale (SFN), globale, coh\u00e9rente et pragmatique dans sa d\u00e9clinaison temporelle et sa mise en \u0153uvre.<\/p>\n<p style=\"font-weight: 400;\">Macky Sall n\u2019a pas manqu\u00e9 de noter\u00a0 l\u2019importance d\u2019accorder une attention particuli\u00e8re au d\u00e9veloppement territorial des communes de Diass et de Keur Mousseu polaris\u00e9es par la zone a\u00e9roportuaire et la desserte ferroviaire.<\/p>\n<p style=\"font-weight: 400;\"><strong>Maintenance de la gare AIBD<\/strong><\/p>\n<p style=\"font-weight: 400;\">Par ailleurs, le Pr\u00e9sident a magnifi\u00e9 la r\u00e9ception de la quatorzi\u00e8me gare du TER \u00e0 l\u2019A\u00e9roport international Blaise Diagne (AIBD). Celle-ci fait office de premi\u00e8re gare hors de la r\u00e9gion de Dakar apr\u00e8s une extension du r\u00e9seau de 19 km entre Diamniadio et AIBD.<\/p>\n<p style=\"font-weight: 400;\">Aussi invite-t-il le gouvernement \u00e0 prendre toutes les dispositions administratives et financi\u00e8res requises pour assurer la maintenance de la gare AIBD ainsi que la finalisation fonctionnelle dans les d\u00e9lais de la phase II du TER. Non sans se f\u00e9liciter de la qualit\u00e9 remarquable des travaux, ainsi que des diligences accomplies en vue de l\u2019\u00e9dification en dix (10) mois avant l\u2019expiration des d\u00e9lais contractuels (12 mois), de cette gare embl\u00e9matique de notre marche soutenue vers l\u2019\u00e9mergence.<\/p>\n<div class='share-to-whatsapp-wrapper'><div class='share-on-whsp'>PARTAGER SUR : <\/div><a data-text='TRANSPORT FERROVIAIRE - Macky Sall somme Amadou Ba de relancer le chemin de fer' data-link='https:\/\/www.nettali.com\/2023\/07\/12\/transport-ferroviaire-macky-sall-somme-amadou-ba-de-relancer-le-chemin-de-fer\/' class='whatsapp-button whatsapp-share'>WhatsApp<\/a><div class='clear '><\/div><\/div>","protected":false},"excerpt":{"rendered":"<p>NETTALI.COM - En pr\u00e9sidant le Conseil des ministres de ce mercredi 12 juillet 2023, le Chef de l\u2019Etat Macky Sall, a exhort\u00e9 le Premier ministre \u00e0 tenir un Conseil interminist\u00e9riel sur la relance des chemins de fer et le d\u00e9veloppement des transports ferroviaires. Le d\u00e9veloppement des transports ferroviaires et la relance des chemins de fer\u00a0 [&hellip;]<\/p>\n","protected":false},"author":6,"featured_media":113942,"comment_status":"open","ping_status":"open","sticky":false,"template":"","format":"standard","meta":{"_et_pb_use_builder":"","_et_pb_old_content":""},"categories":[3],"tags":[],"yoast_head":"<!-- This site is optimized with the Yoast SEO Premium plugin v17.8 (Yoast SEO v17.8) - https:\/\/yoast.com\/wordpress\/plugins\/seo\/ -->\n<title>TRANSPORT FERROVIAIRE - Macky Sall somme Amadou Ba de relancer le chemin de fer | Nettali.com<\/title>\n<meta name=\"robots\" content=\"index, follow, max-snippet:-1, max-image-preview:large, max-video-preview:-1\" \/>\n<link rel=\"canonical\" href=\"https:\/\/www.nettali.com\/2023\/07\/12\/transport-ferroviaire-macky-sall-somme-amadou-ba-de-relancer-le-chemin-de-fer\/\" \/>\n<meta property=\"og:locale\" content=\"fr_FR\" \/>\n<meta property=\"og:type\" content=\"article\" \/>\n<meta property=\"og:title\" content=\"TRANSPORT FERROVIAIRE - Macky Sall somme Amadou Ba de relancer le chemin de fer\" \/>\n<meta property=\"og:description\" content=\"NETTALI.COM - En pr\u00e9sidant le Conseil des ministres de ce mercredi 12 juillet 2023, le Chef de l\u2019Etat Macky Sall, a exhort\u00e9 le Premier ministre \u00e0 tenir un Conseil interminist\u00e9riel sur la relance des chemins de fer et le d\u00e9veloppement des transports ferroviaires. Le d\u00e9veloppement des transports ferroviaires et la relance des chemins de fer\u00a0 [&hellip;]\" \/>\n<meta property=\"og:url\" content=\"https:\/\/www.nettali.com\/2023\/07\/12\/transport-ferroviaire-macky-sall-somme-amadou-ba-de-relancer-le-chemin-de-fer\/\" \/>\n<meta property=\"og:site_name\" content=\"Nettali.com\" \/>\n<meta property=\"article:publisher\" content=\"https:\/\/www.facebook.com\/nettalicom\" \/>\n<meta property=\"article:published_time\" content=\"2023-07-12T23:13:05+00:00\" \/>\n<meta property=\"og:image\" content=\"https:\/\/www.nettali.com\/wp-content\/uploads\/2023\/07\/Travaux-du-Ter.jpg\" \/>\n\t<meta property=\"og:image:width\" content=\"600\" \/>\n\t<meta property=\"og:image:height\" content=\"320\" \/>\n<meta name=\"twitter:card\" content=\"summary_large_image\" \/>\n<meta name=\"twitter:label1\" content=\"\u00c9crit par\" \/>\n\t<meta name=\"twitter:data1\" content=\"Fatou\" \/>\n\t<meta name=\"twitter:label2\" content=\"Dur\u00e9e de lecture estim\u00e9e\" \/>\n\t<meta name=\"twitter:data2\" content=\"2 minutes\" \/>\n<script type=\"application\/ld+json\" class=\"yoast-schema-graph\">{\"@context\":\"https:\/\/schema.org\",\"@graph\":[{\"@type\":\"WebSite\",\"@id\":\"https:\/\/www.nettali.com\/#website\",\"url\":\"https:\/\/www.nettali.com\/\",\"name\":\"Nettali.com\",\"description\":\"Le rendez-vous critique du Net\",\"potentialAction\":[{\"@type\":\"SearchAction\",\"target\":{\"@type\":\"EntryPoint\",\"urlTemplate\":\"https:\/\/www.nettali.com\/?s={search_term_string}\"},\"query-input\":\"required name=search_term_string\"}],\"inLanguage\":\"fr-FR\"},{\"@type\":\"ImageObject\",\"@id\":\"https:\/\/www.nettali.com\/2023\/07\/12\/transport-ferroviaire-macky-sall-somme-amadou-ba-de-relancer-le-chemin-de-fer\/#primaryimage\",\"inLanguage\":\"fr-FR\",\"url\":\"https:\/\/www.nettali.com\/wp-content\/uploads\/2023\/07\/Travaux-du-Ter.jpg\",\"contentUrl\":\"https:\/\/www.nettali.com\/wp-content\/uploads\/2023\/07\/Travaux-du-Ter.jpg\",\"width\":600,\"height\":320},{\"@type\":\"WebPage\",\"@id\":\"https:\/\/www.nettali.com\/2023\/07\/12\/transport-ferroviaire-macky-sall-somme-amadou-ba-de-relancer-le-chemin-de-fer\/#webpage\",\"url\":\"https:\/\/www.nettali.com\/2023\/07\/12\/transport-ferroviaire-macky-sall-somme-amadou-ba-de-relancer-le-chemin-de-fer\/\",\"name\":\"TRANSPORT FERROVIAIRE - Macky Sall somme Amadou Ba de relancer le chemin de fer | Nettali.com\",\"isPartOf\":{\"@id\":\"https:\/\/www.nettali.com\/#website\"},\"primaryImageOfPage\":{\"@id\":\"https:\/\/www.nettali.com\/2023\/07\/12\/transport-ferroviaire-macky-sall-somme-amadou-ba-de-relancer-le-chemin-de-fer\/#primaryimage\"},\"datePublished\":\"2023-07-12T23:13:05+00:00\",\"dateModified\":\"2023-07-12T23:13:05+00:00\",\"author\":{\"@id\":\"https:\/\/www.nettali.com\/#\/schema\/person\/418274a86bdf87caff7a3ef476bd0bbf\"},\"breadcrumb\":{\"@id\":\"https:\/\/www.nettali.com\/2023\/07\/12\/transport-ferroviaire-macky-sall-somme-amadou-ba-de-relancer-le-chemin-de-fer\/#breadcrumb\"},\"inLanguage\":\"fr-FR\",\"potentialAction\":[{\"@type\":\"ReadAction\",\"target\":[\"https:\/\/www.nettali.com\/2023\/07\/12\/transport-ferroviaire-macky-sall-somme-amadou-ba-de-relancer-le-chemin-de-fer\/\"]}]},{\"@type\":\"BreadcrumbList\",\"@id\":\"https:\/\/www.nettali.com\/2023\/07\/12\/transport-ferroviaire-macky-sall-somme-amadou-ba-de-relancer-le-chemin-de-fer\/#breadcrumb\",\"itemListElement\":[{\"@type\":\"ListItem\",\"position\":1,\"name\":\"Accueil\",\"item\":\"https:\/\/www.nettali.com\/\"},{\"@type\":\"ListItem\",\"position\":2,\"name\":\"TRANSPORT FERROVIAIRE - Macky Sall somme Amadou Ba de relancer le chemin de fer\"}]},{\"@type\":\"Person\",\"@id\":\"https:\/\/www.nettali.com\/#\/schema\/person\/418274a86bdf87caff7a3ef476bd0bbf\",\"name\":\"Fatou\",\"image\":{\"@type\":\"ImageObject\",\"@id\":\"https:\/\/www.nettali.com\/#personlogo\",\"inLanguage\":\"fr-FR\",\"url\":\"https:\/\/secure.gravatar.com\/avatar\/5a9442a2bee7b4dcf167cab035858e9a?s=96&d=mm&r=g\",\"contentUrl\":\"https:\/\/secure.gravatar.com\/avatar\/5a9442a2bee7b4dcf167cab035858e9a?s=96&d=mm&r=g\",\"caption\":\"Fatou\"},\"sameAs\":[\"https:\/\/www.nettali.com\"]}]}<\/script>\n<!-- \/ Yoast SEO Premium plugin. -->","yoast_head_json":{"title":"TRANSPORT FERROVIAIRE - Macky Sall somme Amadou Ba de relancer le chemin de fer | Nettali.com","robots":{"index":"index","follow":"follow","max-snippet":"max-snippet:-1","max-image-preview":"max-image-preview:large","max-video-preview":"max-video-preview:-1"},"canonical":"https:\/\/www.nettali.com\/2023\/07\/12\/transport-ferroviaire-macky-sall-somme-amadou-ba-de-relancer-le-chemin-de-fer\/","og_locale":"fr_FR","og_type":"article","og_title":"TRANSPORT FERROVIAIRE - Macky Sall somme Amadou Ba de relancer le chemin de fer","og_description":"NETTALI.COM - En pr\u00e9sidant le Conseil des ministres de ce mercredi 12 juillet 2023, le Chef de l\u2019Etat Macky Sall, a exhort\u00e9 le Premier ministre \u00e0 tenir un Conseil interminist\u00e9riel sur la relance des chemins de fer et le d\u00e9veloppement des transports ferroviaires. Le d\u00e9veloppement des transports ferroviaires et la relance des chemins de fer\u00a0 [&hellip;]","og_url":"https:\/\/www.nettali.com\/2023\/07\/12\/transport-ferroviaire-macky-sall-somme-amadou-ba-de-relancer-le-chemin-de-fer\/","og_site_name":"Nettali.com","article_publisher":"https:\/\/www.facebook.com\/nettalicom","article_published_time":"2023-07-12T23:13:05+00:00","og_image":[{"width":600,"height":320,"url":"https:\/\/www.nettali.com\/wp-content\/uploads\/2023\/07\/Travaux-du-Ter.jpg","type":"image\/jpeg"}],"twitter_card":"summary_large_image","twitter_misc":{"\u00c9crit par":"Fatou","Dur\u00e9e de lecture estim\u00e9e":"2 minutes"},"schema":{"@context":"https:\/\/schema.org","@graph":[{"@type":"WebSite","@id":"https:\/\/www.nettali.com\/#website","url":"https:\/\/www.nettali.com\/","name":"Nettali.com","description":"Le rendez-vous critique du Net","potentialAction":[{"@type":"SearchAction","target":{"@type":"EntryPoint","urlTemplate":"https:\/\/www.nettali.com\/?s={search_term_string}"},"query-input":"required name=search_term_string"}],"inLanguage":"fr-FR"},{"@type":"ImageObject","@id":"https:\/\/www.nettali.com\/2023\/07\/12\/transport-ferroviaire-macky-sall-somme-amadou-ba-de-relancer-le-chemin-de-fer\/#primaryimage","inLanguage":"fr-FR","url":"https:\/\/www.nettali.com\/wp-content\/uploads\/2023\/07\/Travaux-du-Ter.jpg","contentUrl":"https:\/\/www.nettali.com\/wp-content\/uploads\/2023\/07\/Travaux-du-Ter.jpg","width":600,"height":320},{"@type":"WebPage","@id":"https:\/\/www.nettali.com\/2023\/07\/12\/transport-ferroviaire-macky-sall-somme-amadou-ba-de-relancer-le-chemin-de-fer\/#webpage","url":"https:\/\/www.nettali.com\/2023\/07\/12\/transport-ferroviaire-macky-sall-somme-amadou-ba-de-relancer-le-chemin-de-fer\/","name":"TRANSPORT FERROVIAIRE - Macky Sall somme Amadou Ba de relancer le chemin de fer | Nettali.com","isPartOf":{"@id":"https:\/\/www.nettali.com\/#website"},"primaryImageOfPage":{"@id":"https:\/\/www.nettali.com\/2023\/07\/12\/transport-ferroviaire-macky-sall-somme-amadou-ba-de-relancer-le-chemin-de-fer\/#primaryimage"},"datePublished":"2023-07-12T23:13:05+00:00","dateModified":"2023-07-12T23:13:05+00:00","author":{"@id":"https:\/\/www.nettali.com\/#\/schema\/person\/418274a86bdf87caff7a3ef476bd0bbf"},"breadcrumb":{"@id":"https:\/\/www.nettali.com\/2023\/07\/12\/transport-ferroviaire-macky-sall-somme-amadou-ba-de-relancer-le-chemin-de-fer\/#breadcrumb"},"inLanguage":"fr-FR","potentialAction":[{"@type":"ReadAction","target":["https:\/\/www.nettali.com\/2023\/07\/12\/transport-ferroviaire-macky-sall-somme-amadou-ba-de-relancer-le-chemin-de-fer\/"]}]},{"@type":"BreadcrumbList","@id":"https:\/\/www.nettali.com\/2023\/07\/12\/transport-ferroviaire-macky-sall-somme-amadou-ba-de-relancer-le-chemin-de-fer\/#breadcrumb","itemListElement":[{"@type":"ListItem","position":1,"name":"Accueil","item":"https:\/\/www.nettali.com\/"},{"@type":"ListItem","position":2,"name":"TRANSPORT FERROVIAIRE - Macky Sall somme Amadou Ba de relancer le chemin de fer"}]},{"@type":"Person","@id":"https:\/\/www.nettali.com\/#\/schema\/person\/418274a86bdf87caff7a3ef476bd0bbf","name":"Fatou","image":{"@type":"ImageObject","@id":"https:\/\/www.nettali.com\/#personlogo","inLanguage":"fr-FR","url":"https:\/\/secure.gravatar.com\/avatar\/5a9442a2bee7b4dcf167cab035858e9a?s=96&d=mm&r=g","contentUrl":"https:\/\/secure.gravatar.com\/avatar\/5a9442a2bee7b4dcf167cab035858e9a?s=96&d=mm&r=g","caption":"Fatou"},"sameAs":["https:\/\/www.nettali.com"]}]}},"_links":{"self":[{"href":"https:\/\/www.nettali.com\/rest\/wp\/v2\/posts\/113941"}],"collection":[{"href":"https:\/\/www.nettali.com\/rest\/wp\/v2\/posts"}],"about":[{"href":"https:\/\/www.nettali.com\/rest\/wp\/v2\/types\/post"}],"author":[{"embeddable":true,"href":"https:\/\/www.nettali.com\/rest\/wp\/v2\/users\/6"}],"replies":[{"embeddable":true,"href":"https:\/\/www.nettali.com\/rest\/wp\/v2\/comments?post=113941"}],"version-history":[{"count":3,"href":"https:\/\/www.nettali.com\/rest\/wp\/v2\/posts\/113941\/revisions"}],"predecessor-version":[{"id":113957,"href":"https:\/\/www.nettali.com\/rest\/wp\/v2\/posts\/113941\/revisions\/113957"}],"wp:featuredmedia":[{"embeddable":true,"href":"https:\/\/www.nettali.com\/rest\/wp\/v2\/media\/113942"}],"wp:attachment":[{"href":"https:\/\/www.nettali.com\/rest\/wp\/v2\/media?parent=113941"}],"wp:term":[{"taxonomy":"category","embeddable":true,"href":"https:\/\/www.nettali.com\/rest\/wp\/v2\/categories?post=113941"},{"taxonomy":"post_tag","embeddable":true,"href":"https:\/\/www.nettali.com\/rest\/wp\/v2\/tags?post=113941"}],"curies":[{"name":"wp","href":"https:\/\/api.w.org\/{rel}","templated":true}]}}