{"id":113925,"date":"2023-07-12T15:21:06","date_gmt":"2023-07-12T15:21:06","guid":{"rendered":"https:\/\/www.nettali.com\/?p=113925"},"modified":"2023-07-12T15:21:06","modified_gmt":"2023-07-12T15:21:06","slug":"la-reaction-de-branco-apres-la-plainte-de-la-france-les-masques-tombent","status":"publish","type":"post","link":"https:\/\/www.nettali.com\/2023\/07\/12\/la-reaction-de-branco-apres-la-plainte-de-la-france-les-masques-tombent\/","title":{"rendered":"LA REACTION DE BRANCO APRES LA PLAINTE DE LA FRANCE - \"Les masques tombent\""},"content":{"rendered":"<div class=\"xdj266r x11i5rnm xat24cr x1mh8g0r x1vvkbs x126k92a\">\n<div dir=\"auto\"><strong>NETTALI.COM - Apr\u00e8s la plainte du minist\u00e8re des Affaires \u00e9trang\u00e8res de la France contre lui, Juan Brando s'est indign\u00e9 de la d\u00e9marche dans sa page facebook. Voici la totalit\u00e9 de sa r\u00e9action.<\/strong><\/div>\n<div dir=\"auto\"><\/div>\n<div dir=\"auto\">\"Les masques tombent. La France porte plainte contre moi.<\/div>\n<\/div>\n<div class=\"x11i5rnm xat24cr x1mh8g0r x1vvkbs xtlvy1s x126k92a\">\n<div dir=\"auto\">Mon pays. Mon peuple. Ma patrie.<\/div>\n<\/div>\n<div class=\"x11i5rnm xat24cr x1mh8g0r x1vvkbs xtlvy1s x126k92a\">\n<div dir=\"auto\">Quel honneur. Quelle tentative d'intimidation. Et quelle fa\u00e7on, pour mon ancienne maison, de reconna\u00eetre la v\u00e9racit\u00e9 de nos informations.<\/div>\n<\/div>\n<div class=\"x11i5rnm xat24cr x1mh8g0r x1vvkbs xtlvy1s x126k92a\">\n<div dir=\"auto\">Pourquoi ? Pour avoir r\u00e9v\u00e9l\u00e9 la commission de crimes contre l'humanit\u00e9.<\/div>\n<\/div>\n<div class=\"x11i5rnm xat24cr x1mh8g0r x1vvkbs xtlvy1s x126k92a\">\n<div dir=\"auto\">Tandis que des crimes sont commis sans jamais \u00eatre d\u00e9nonc\u00e9s, ceux qui les exposent sont harcel\u00e9s et pers\u00e9cut\u00e9s.<\/div>\n<\/div>\n<div class=\"x11i5rnm xat24cr x1mh8g0r x1vvkbs xtlvy1s x126k92a\">\n<div dir=\"auto\">Les faits que nous avons r\u00e9v\u00e9l\u00e9s ont montr\u00e9 l'implication d'agents fran\u00e7ais dans l'organisation et l'ex\u00e9cution de la r\u00e9pression mise en oeuvre par le r\u00e9gime de Macky Sall contre des manifestants d\u00e9mocratiques, ayant fait 60 morts, ainsi que des milliers de d\u00e9tenus et bless\u00e9s.<\/div>\n<\/div>\n<div class=\"x11i5rnm xat24cr x1mh8g0r x1vvkbs xtlvy1s x126k92a\">\n<div dir=\"auto\">Ils sont \u00e9tay\u00e9s. Ce sont des crimes contre l'humanit\u00e9, passibles de poursuites devant la Cour p\u00e9nale internationale et devant les juridictions fran\u00e7aises.<\/div>\n<\/div>\n<div class=\"x11i5rnm xat24cr x1mh8g0r x1vvkbs xtlvy1s x126k92a\">\n<div dir=\"auto\">Ils sont imprescriptibles.<\/div>\n<\/div>\n<div class=\"x11i5rnm xat24cr x1mh8g0r x1vvkbs xtlvy1s x126k92a\">\n<div dir=\"auto\">Le Quai d'Orsay ne les a jamais d\u00e9nonc\u00e9s.<\/div>\n<\/div>\n<div class=\"x11i5rnm xat24cr x1mh8g0r x1vvkbs xtlvy1s x126k92a\">\n<div dir=\"auto\">Nous ne c\u00e9derons \u00e0 aucune intimidation. Pour qu'ailleurs l'on puisse continuer \u00e0 se dire: oui, il y a en France, encore, des \u00eatres qui ont du courage, des valeurs, un rapport \u00e0 l'honneur, \u00e0 l'int\u00e9grit\u00e9, et \u00e0 la dignit\u00e9. Pour que notre pays ne puisse \u00eatre humili\u00e9, et encore une fois, rabaiss\u00e9 parce que certains \u00eatres auront d\u00e9cid\u00e9 de le souiller.<\/div>\n<\/div>\n<div class=\"x11i5rnm xat24cr x1mh8g0r x1vvkbs xtlvy1s x126k92a\">\n<div dir=\"auto\">Maintiens rekk. Nous sommes des fr\u00e8res.<\/div>\n<\/div>\n<div class=\"x11i5rnm xat24cr x1mh8g0r x1vvkbs xtlvy1s x126k92a\">\n<div dir=\"auto\">Seule la lutte lib\u00e8re.<\/div>\n<div dir=\"auto\"><\/div>\n<\/div>\n<p><iframe loading=\"lazy\" src=\"https:\/\/www.facebook.com\/plugins\/post.php?href=https%3A%2F%2Fwww.facebook.com%2Fjuan.branco.98%2Fposts%2F1915143558857621&show_text=true&width=500\" width=\"500\" height=\"472\" style=\"border:none;overflow:hidden\" scrolling=\"no\" frameborder=\"0\" allowfullscreen=\"true\" allow=\"autoplay; clipboard-write; encrypted-media; picture-in-picture; web-share\"><\/iframe><\/p>\n<div class='share-to-whatsapp-wrapper'><div class='share-on-whsp'>PARTAGER SUR : <\/div><a data-text='LA REACTION DE BRANCO APRES LA PLAINTE DE LA FRANCE - \"Les masques tombent\"' data-link='https:\/\/www.nettali.com\/2023\/07\/12\/la-reaction-de-branco-apres-la-plainte-de-la-france-les-masques-tombent\/' class='whatsapp-button whatsapp-share'>WhatsApp<\/a><div class='clear '><\/div><\/div>","protected":false},"excerpt":{"rendered":"<p>NETTALI.COM - Apr\u00e8s la plainte du minist\u00e8re des Affaires \u00e9trang\u00e8res de la France contre lui, Juan Brando s'est indign\u00e9 de la d\u00e9marche dans sa page facebook. Voici la totalit\u00e9 de sa r\u00e9action. \"Les masques tombent. La France porte plainte contre moi. Mon pays. Mon peuple. Ma patrie. Quel honneur. Quelle tentative d'intimidation. Et quelle fa\u00e7on, [&hellip;]<\/p>\n","protected":false},"author":4,"featured_media":107223,"comment_status":"open","ping_status":"open","sticky":false,"template":"","format":"standard","meta":{"_et_pb_use_builder":"","_et_pb_old_content":""},"categories":[2],"tags":[],"yoast_head":"<!-- This site is optimized with the Yoast SEO Premium plugin v17.8 (Yoast SEO v17.8) - https:\/\/yoast.com\/wordpress\/plugins\/seo\/ -->\n<title>LA REACTION DE BRANCO APRES LA PLAINTE DE LA FRANCE - &quot;Les masques tombent&quot; | Nettali.com<\/title>\n<meta name=\"robots\" content=\"index, follow, max-snippet:-1, max-image-preview:large, max-video-preview:-1\" \/>\n<link rel=\"canonical\" href=\"https:\/\/www.nettali.com\/2023\/07\/12\/la-reaction-de-branco-apres-la-plainte-de-la-france-les-masques-tombent\/\" \/>\n<meta property=\"og:locale\" content=\"fr_FR\" \/>\n<meta property=\"og:type\" content=\"article\" \/>\n<meta property=\"og:title\" content=\"LA REACTION DE BRANCO APRES LA PLAINTE DE LA FRANCE - &quot;Les masques tombent&quot;\" \/>\n<meta property=\"og:description\" content=\"NETTALI.COM - Apr\u00e8s la plainte du minist\u00e8re des Affaires \u00e9trang\u00e8res de la France contre lui, Juan Brando s&#039;est indign\u00e9 de la d\u00e9marche dans sa page facebook. Voici la totalit\u00e9 de sa r\u00e9action. &quot;Les masques tombent. La France porte plainte contre moi. Mon pays. Mon peuple. Ma patrie. Quel honneur. Quelle tentative d&#039;intimidation. Et quelle fa\u00e7on, [&hellip;]\" \/>\n<meta property=\"og:url\" content=\"https:\/\/www.nettali.com\/2023\/07\/12\/la-reaction-de-branco-apres-la-plainte-de-la-france-les-masques-tombent\/\" \/>\n<meta property=\"og:site_name\" content=\"Nettali.com\" \/>\n<meta property=\"article:publisher\" content=\"https:\/\/www.facebook.com\/nettalicom\" \/>\n<meta property=\"article:published_time\" content=\"2023-07-12T15:21:06+00:00\" \/>\n<meta property=\"og:image\" content=\"https:\/\/www.nettali.com\/wp-content\/uploads\/2023\/03\/Juan-Branco.jpeg\" \/>\n\t<meta property=\"og:image:width\" content=\"476\" \/>\n\t<meta property=\"og:image:height\" content=\"287\" \/>\n<meta name=\"twitter:card\" content=\"summary_large_image\" \/>\n<meta name=\"twitter:label1\" content=\"\u00c9crit par\" \/>\n\t<meta name=\"twitter:data1\" content=\"Daouda\" \/>\n\t<meta name=\"twitter:label2\" content=\"Dur\u00e9e de lecture estim\u00e9e\" \/>\n\t<meta name=\"twitter:data2\" content=\"2 minutes\" \/>\n<script type=\"application\/ld+json\" class=\"yoast-schema-graph\">{\"@context\":\"https:\/\/schema.org\",\"@graph\":[{\"@type\":\"WebSite\",\"@id\":\"https:\/\/www.nettali.com\/#website\",\"url\":\"https:\/\/www.nettali.com\/\",\"name\":\"Nettali.com\",\"description\":\"Le rendez-vous critique du Net\",\"potentialAction\":[{\"@type\":\"SearchAction\",\"target\":{\"@type\":\"EntryPoint\",\"urlTemplate\":\"https:\/\/www.nettali.com\/?s={search_term_string}\"},\"query-input\":\"required name=search_term_string\"}],\"inLanguage\":\"fr-FR\"},{\"@type\":\"ImageObject\",\"@id\":\"https:\/\/www.nettali.com\/2023\/07\/12\/la-reaction-de-branco-apres-la-plainte-de-la-france-les-masques-tombent\/#primaryimage\",\"inLanguage\":\"fr-FR\",\"url\":\"https:\/\/www.nettali.com\/wp-content\/uploads\/2023\/03\/Juan-Branco.jpeg\",\"contentUrl\":\"https:\/\/www.nettali.com\/wp-content\/uploads\/2023\/03\/Juan-Branco.jpeg\",\"width\":476,\"height\":287},{\"@type\":\"WebPage\",\"@id\":\"https:\/\/www.nettali.com\/2023\/07\/12\/la-reaction-de-branco-apres-la-plainte-de-la-france-les-masques-tombent\/#webpage\",\"url\":\"https:\/\/www.nettali.com\/2023\/07\/12\/la-reaction-de-branco-apres-la-plainte-de-la-france-les-masques-tombent\/\",\"name\":\"LA REACTION DE BRANCO APRES LA PLAINTE DE LA FRANCE - \\\"Les masques tombent\\\" | Nettali.com\",\"isPartOf\":{\"@id\":\"https:\/\/www.nettali.com\/#website\"},\"primaryImageOfPage\":{\"@id\":\"https:\/\/www.nettali.com\/2023\/07\/12\/la-reaction-de-branco-apres-la-plainte-de-la-france-les-masques-tombent\/#primaryimage\"},\"datePublished\":\"2023-07-12T15:21:06+00:00\",\"dateModified\":\"2023-07-12T15:21:06+00:00\",\"author\":{\"@id\":\"https:\/\/www.nettali.com\/#\/schema\/person\/3317e0bb3aa1da309fbf7b2780901bf4\"},\"breadcrumb\":{\"@id\":\"https:\/\/www.nettali.com\/2023\/07\/12\/la-reaction-de-branco-apres-la-plainte-de-la-france-les-masques-tombent\/#breadcrumb\"},\"inLanguage\":\"fr-FR\",\"potentialAction\":[{\"@type\":\"ReadAction\",\"target\":[\"https:\/\/www.nettali.com\/2023\/07\/12\/la-reaction-de-branco-apres-la-plainte-de-la-france-les-masques-tombent\/\"]}]},{\"@type\":\"BreadcrumbList\",\"@id\":\"https:\/\/www.nettali.com\/2023\/07\/12\/la-reaction-de-branco-apres-la-plainte-de-la-france-les-masques-tombent\/#breadcrumb\",\"itemListElement\":[{\"@type\":\"ListItem\",\"position\":1,\"name\":\"Accueil\",\"item\":\"https:\/\/www.nettali.com\/\"},{\"@type\":\"ListItem\",\"position\":2,\"name\":\"LA REACTION DE BRANCO APRES LA PLAINTE DE LA FRANCE - \\\"Les masques tombent\\\"\"}]},{\"@type\":\"Person\",\"@id\":\"https:\/\/www.nettali.com\/#\/schema\/person\/3317e0bb3aa1da309fbf7b2780901bf4\",\"name\":\"Daouda\",\"image\":{\"@type\":\"ImageObject\",\"@id\":\"https:\/\/www.nettali.com\/#personlogo\",\"inLanguage\":\"fr-FR\",\"url\":\"https:\/\/secure.gravatar.com\/avatar\/8d143b5a49345098ddcfee1c49c2f47c?s=96&d=mm&r=g\",\"contentUrl\":\"https:\/\/secure.gravatar.com\/avatar\/8d143b5a49345098ddcfee1c49c2f47c?s=96&d=mm&r=g\",\"caption\":\"Daouda\"},\"sameAs\":[\"https:\/\/www.nettali.com\"]}]}<\/script>\n<!-- \/ Yoast SEO Premium plugin. -->","yoast_head_json":{"title":"LA REACTION DE BRANCO APRES LA PLAINTE DE LA FRANCE - \"Les masques tombent\" | Nettali.com","robots":{"index":"index","follow":"follow","max-snippet":"max-snippet:-1","max-image-preview":"max-image-preview:large","max-video-preview":"max-video-preview:-1"},"canonical":"https:\/\/www.nettali.com\/2023\/07\/12\/la-reaction-de-branco-apres-la-plainte-de-la-france-les-masques-tombent\/","og_locale":"fr_FR","og_type":"article","og_title":"LA REACTION DE BRANCO APRES LA PLAINTE DE LA FRANCE - \"Les masques tombent\"","og_description":"NETTALI.COM - Apr\u00e8s la plainte du minist\u00e8re des Affaires \u00e9trang\u00e8res de la France contre lui, Juan Brando s'est indign\u00e9 de la d\u00e9marche dans sa page facebook. Voici la totalit\u00e9 de sa r\u00e9action. \"Les masques tombent. La France porte plainte contre moi. Mon pays. Mon peuple. Ma patrie. Quel honneur. Quelle tentative d'intimidation. Et quelle fa\u00e7on, [&hellip;]","og_url":"https:\/\/www.nettali.com\/2023\/07\/12\/la-reaction-de-branco-apres-la-plainte-de-la-france-les-masques-tombent\/","og_site_name":"Nettali.com","article_publisher":"https:\/\/www.facebook.com\/nettalicom","article_published_time":"2023-07-12T15:21:06+00:00","og_image":[{"width":476,"height":287,"url":"https:\/\/www.nettali.com\/wp-content\/uploads\/2023\/03\/Juan-Branco.jpeg","type":"image\/jpeg"}],"twitter_card":"summary_large_image","twitter_misc":{"\u00c9crit par":"Daouda","Dur\u00e9e de lecture estim\u00e9e":"2 minutes"},"schema":{"@context":"https:\/\/schema.org","@graph":[{"@type":"WebSite","@id":"https:\/\/www.nettali.com\/#website","url":"https:\/\/www.nettali.com\/","name":"Nettali.com","description":"Le rendez-vous critique du Net","potentialAction":[{"@type":"SearchAction","target":{"@type":"EntryPoint","urlTemplate":"https:\/\/www.nettali.com\/?s={search_term_string}"},"query-input":"required name=search_term_string"}],"inLanguage":"fr-FR"},{"@type":"ImageObject","@id":"https:\/\/www.nettali.com\/2023\/07\/12\/la-reaction-de-branco-apres-la-plainte-de-la-france-les-masques-tombent\/#primaryimage","inLanguage":"fr-FR","url":"https:\/\/www.nettali.com\/wp-content\/uploads\/2023\/03\/Juan-Branco.jpeg","contentUrl":"https:\/\/www.nettali.com\/wp-content\/uploads\/2023\/03\/Juan-Branco.jpeg","width":476,"height":287},{"@type":"WebPage","@id":"https:\/\/www.nettali.com\/2023\/07\/12\/la-reaction-de-branco-apres-la-plainte-de-la-france-les-masques-tombent\/#webpage","url":"https:\/\/www.nettali.com\/2023\/07\/12\/la-reaction-de-branco-apres-la-plainte-de-la-france-les-masques-tombent\/","name":"LA REACTION DE BRANCO APRES LA PLAINTE DE LA FRANCE - \"Les masques tombent\" | Nettali.com","isPartOf":{"@id":"https:\/\/www.nettali.com\/#website"},"primaryImageOfPage":{"@id":"https:\/\/www.nettali.com\/2023\/07\/12\/la-reaction-de-branco-apres-la-plainte-de-la-france-les-masques-tombent\/#primaryimage"},"datePublished":"2023-07-12T15:21:06+00:00","dateModified":"2023-07-12T15:21:06+00:00","author":{"@id":"https:\/\/www.nettali.com\/#\/schema\/person\/3317e0bb3aa1da309fbf7b2780901bf4"},"breadcrumb":{"@id":"https:\/\/www.nettali.com\/2023\/07\/12\/la-reaction-de-branco-apres-la-plainte-de-la-france-les-masques-tombent\/#breadcrumb"},"inLanguage":"fr-FR","potentialAction":[{"@type":"ReadAction","target":["https:\/\/www.nettali.com\/2023\/07\/12\/la-reaction-de-branco-apres-la-plainte-de-la-france-les-masques-tombent\/"]}]},{"@type":"BreadcrumbList","@id":"https:\/\/www.nettali.com\/2023\/07\/12\/la-reaction-de-branco-apres-la-plainte-de-la-france-les-masques-tombent\/#breadcrumb","itemListElement":[{"@type":"ListItem","position":1,"name":"Accueil","item":"https:\/\/www.nettali.com\/"},{"@type":"ListItem","position":2,"name":"LA REACTION DE BRANCO APRES LA PLAINTE DE LA FRANCE - \"Les masques tombent\""}]},{"@type":"Person","@id":"https:\/\/www.nettali.com\/#\/schema\/person\/3317e0bb3aa1da309fbf7b2780901bf4","name":"Daouda","image":{"@type":"ImageObject","@id":"https:\/\/www.nettali.com\/#personlogo","inLanguage":"fr-FR","url":"https:\/\/secure.gravatar.com\/avatar\/8d143b5a49345098ddcfee1c49c2f47c?s=96&d=mm&r=g","contentUrl":"https:\/\/secure.gravatar.com\/avatar\/8d143b5a49345098ddcfee1c49c2f47c?s=96&d=mm&r=g","caption":"Daouda"},"sameAs":["https:\/\/www.nettali.com"]}]}},"_links":{"self":[{"href":"https:\/\/www.nettali.com\/rest\/wp\/v2\/posts\/113925"}],"collection":[{"href":"https:\/\/www.nettali.com\/rest\/wp\/v2\/posts"}],"about":[{"href":"https:\/\/www.nettali.com\/rest\/wp\/v2\/types\/post"}],"author":[{"embeddable":true,"href":"https:\/\/www.nettali.com\/rest\/wp\/v2\/users\/4"}],"replies":[{"embeddable":true,"href":"https:\/\/www.nettali.com\/rest\/wp\/v2\/comments?post=113925"}],"version-history":[{"count":2,"href":"https:\/\/www.nettali.com\/rest\/wp\/v2\/posts\/113925\/revisions"}],"predecessor-version":[{"id":113933,"href":"https:\/\/www.nettali.com\/rest\/wp\/v2\/posts\/113925\/revisions\/113933"}],"wp:featuredmedia":[{"embeddable":true,"href":"https:\/\/www.nettali.com\/rest\/wp\/v2\/media\/107223"}],"wp:attachment":[{"href":"https:\/\/www.nettali.com\/rest\/wp\/v2\/media?parent=113925"}],"wp:term":[{"taxonomy":"category","embeddable":true,"href":"https:\/\/www.nettali.com\/rest\/wp\/v2\/categories?post=113925"},{"taxonomy":"post_tag","embeddable":true,"href":"https:\/\/www.nettali.com\/rest\/wp\/v2\/tags?post=113925"}],"curies":[{"name":"wp","href":"https:\/\/api.w.org\/{rel}","templated":true}]}}