{"id":113887,"date":"2023-07-12T09:11:08","date_gmt":"2023-07-12T09:11:08","guid":{"rendered":"https:\/\/www.nettali.com\/?p=113887"},"modified":"2023-07-12T09:11:08","modified_gmt":"2023-07-12T09:11:08","slug":"en-coulisses-democratie-au-sein-des-partis-et-coalitions","status":"publish","type":"post","link":"https:\/\/www.nettali.com\/2023\/07\/12\/en-coulisses-democratie-au-sein-des-partis-et-coalitions\/","title":{"rendered":"EN COULISSES - D\u00e9mocratie au sein des partis et coalitions ?"},"content":{"rendered":"<div class=\"page\" title=\"Page 2\">\n<div class=\"layoutArea\">\n<div class=\"column\">\n<p><strong>NETTALI.COM -<\/strong> La question de la d\u00e9mocratie au sein des partis et coalitions \u00e0 quelques mois de la pr\u00e9sidentielle du 24 f\u00e9vrier 2024, c'est ce qu'a pos\u00e9 le directeur et fondateur de Afrika Jom Center, Alioune Tine.<\/p>\n<p>\u00ab <em>La question de la de\u0301mocratie a\u0300 l\u2019inte\u0301rieur des partis ou des coalitions est un des de\u0301fis a\u0300 relever par la de\u0301mocratie se\u0301ne\u0301galaise. En de\u0301pit d\u2019une multitude de candidats a\u0300 la candidature, pas de primaire pour choisir de\u0301mocratiquement le candidat. Le choix du Chef peut e\u0302tre \u00ab arbitraire \u00bb<\/em> \u00bb, a-t-il poste\u0301 sur twitter.<\/p>\n<p>Une interrogation qui a tout son sens, \u00e0 6 mois de la pr\u00e9sidentielle o\u00f9 la question des rivalit\u00e9s se pose avec acuit\u00e9 \u00e0 l'int\u00e9rieur des partis politiques et coalitions. Une illustration parfaite est la coalition Benno Book Yaakar o\u00f9 la pr\u00e9sident de la r\u00e9publique et chef de file vient de d\u00e9clarer qu'il ne sera pas candidat et doit se prononcer d'ici le 15 juillet sur le candidat de son choix. Carte blanche lui a certes \u00e9t\u00e9 donn\u00e9e par sa coalition, mais l'on note d\u00e9j\u00e0 \u00e0 travers les retours m\u00e9diatiques que des dissidences vont na\u00eetre, une fois le choix fait par le Chef de l'Etat.<\/p>\n<p>L'interpellation d'Alioune ne manque pas d'int\u00e9r\u00eat car une primaire aurait facilement enlev\u00e9 une \u00e9pine du pied de Macky. Mais comme on n'est qu'une d\u00e9mocratie \u00e9lectorale, il y a encore du chemin \u00e0 faire avant d'\u00eatre une d\u00e9mocratie majeure.<\/p>\n<\/div>\n<\/div>\n<\/div>\n<div class='share-to-whatsapp-wrapper'><div class='share-on-whsp'>PARTAGER SUR : <\/div><a data-text='EN COULISSES - D\u00e9mocratie au sein des partis et coalitions ?' data-link='https:\/\/www.nettali.com\/2023\/07\/12\/en-coulisses-democratie-au-sein-des-partis-et-coalitions\/' class='whatsapp-button whatsapp-share'>WhatsApp<\/a><div class='clear '><\/div><\/div>","protected":false},"excerpt":{"rendered":"<p>NETTALI.COM - La question de la d\u00e9mocratie au sein des partis et coalitions \u00e0 quelques mois de la pr\u00e9sidentielle du 24 f\u00e9vrier 2024, c'est ce qu'a pos\u00e9 le directeur et fondateur de Afrika Jom Center, Alioune Tine. \u00ab La question de la de\u0301mocratie a\u0300 l\u2019inte\u0301rieur des partis ou des coalitions est un des de\u0301fis a\u0300 [&hellip;]<\/p>\n","protected":false},"author":2,"featured_media":113897,"comment_status":"open","ping_status":"open","sticky":false,"template":"","format":"standard","meta":{"_et_pb_use_builder":"","_et_pb_old_content":""},"categories":[34945],"tags":[],"yoast_head":"<!-- This site is optimized with the Yoast SEO Premium plugin v17.8 (Yoast SEO v17.8) - https:\/\/yoast.com\/wordpress\/plugins\/seo\/ -->\n<title>EN COULISSES - D\u00e9mocratie au sein des partis et coalitions ? | Nettali.com<\/title>\n<meta name=\"robots\" content=\"index, follow, max-snippet:-1, max-image-preview:large, max-video-preview:-1\" \/>\n<link rel=\"canonical\" href=\"https:\/\/www.nettali.com\/2023\/07\/12\/en-coulisses-democratie-au-sein-des-partis-et-coalitions\/\" \/>\n<meta property=\"og:locale\" content=\"fr_FR\" \/>\n<meta property=\"og:type\" content=\"article\" \/>\n<meta property=\"og:title\" content=\"EN COULISSES - D\u00e9mocratie au sein des partis et coalitions ?\" \/>\n<meta property=\"og:description\" content=\"NETTALI.COM - La question de la d\u00e9mocratie au sein des partis et coalitions \u00e0 quelques mois de la pr\u00e9sidentielle du 24 f\u00e9vrier 2024, c&#039;est ce qu&#039;a pos\u00e9 le directeur et fondateur de Afrika Jom Center, Alioune Tine. \u00ab La question de la de\u0301mocratie a\u0300 l\u2019inte\u0301rieur des partis ou des coalitions est un des de\u0301fis a\u0300 [&hellip;]\" \/>\n<meta property=\"og:url\" content=\"https:\/\/www.nettali.com\/2023\/07\/12\/en-coulisses-democratie-au-sein-des-partis-et-coalitions\/\" \/>\n<meta property=\"og:site_name\" content=\"Nettali.com\" \/>\n<meta property=\"article:publisher\" content=\"https:\/\/www.facebook.com\/nettalicom\" \/>\n<meta property=\"article:published_time\" content=\"2023-07-12T09:11:08+00:00\" \/>\n<meta property=\"og:image\" content=\"https:\/\/www.nettali.com\/wp-content\/uploads\/2023\/07\/59086904-43485146.jpg\" \/>\n\t<meta property=\"og:image:width\" content=\"800\" \/>\n\t<meta property=\"og:image:height\" content=\"504\" \/>\n<meta name=\"twitter:card\" content=\"summary_large_image\" \/>\n<meta name=\"twitter:label1\" content=\"\u00c9crit par\" \/>\n\t<meta name=\"twitter:data1\" content=\"CK\" \/>\n\t<meta name=\"twitter:label2\" content=\"Dur\u00e9e de lecture estim\u00e9e\" \/>\n\t<meta name=\"twitter:data2\" content=\"2 minutes\" \/>\n<script type=\"application\/ld+json\" class=\"yoast-schema-graph\">{\"@context\":\"https:\/\/schema.org\",\"@graph\":[{\"@type\":\"WebSite\",\"@id\":\"https:\/\/www.nettali.com\/#website\",\"url\":\"https:\/\/www.nettali.com\/\",\"name\":\"Nettali.com\",\"description\":\"Le rendez-vous critique du Net\",\"potentialAction\":[{\"@type\":\"SearchAction\",\"target\":{\"@type\":\"EntryPoint\",\"urlTemplate\":\"https:\/\/www.nettali.com\/?s={search_term_string}\"},\"query-input\":\"required name=search_term_string\"}],\"inLanguage\":\"fr-FR\"},{\"@type\":\"ImageObject\",\"@id\":\"https:\/\/www.nettali.com\/2023\/07\/12\/en-coulisses-democratie-au-sein-des-partis-et-coalitions\/#primaryimage\",\"inLanguage\":\"fr-FR\",\"url\":\"https:\/\/www.nettali.com\/wp-content\/uploads\/2023\/07\/59086904-43485146.jpg\",\"contentUrl\":\"https:\/\/www.nettali.com\/wp-content\/uploads\/2023\/07\/59086904-43485146.jpg\",\"width\":800,\"height\":504},{\"@type\":\"WebPage\",\"@id\":\"https:\/\/www.nettali.com\/2023\/07\/12\/en-coulisses-democratie-au-sein-des-partis-et-coalitions\/#webpage\",\"url\":\"https:\/\/www.nettali.com\/2023\/07\/12\/en-coulisses-democratie-au-sein-des-partis-et-coalitions\/\",\"name\":\"EN COULISSES - D\\u00e9mocratie au sein des partis et coalitions ? | Nettali.com\",\"isPartOf\":{\"@id\":\"https:\/\/www.nettali.com\/#website\"},\"primaryImageOfPage\":{\"@id\":\"https:\/\/www.nettali.com\/2023\/07\/12\/en-coulisses-democratie-au-sein-des-partis-et-coalitions\/#primaryimage\"},\"datePublished\":\"2023-07-12T09:11:08+00:00\",\"dateModified\":\"2023-07-12T09:11:08+00:00\",\"author\":{\"@id\":\"https:\/\/www.nettali.com\/#\/schema\/person\/d8ac7b7e27ddad43f1c0d2ef090d7f71\"},\"breadcrumb\":{\"@id\":\"https:\/\/www.nettali.com\/2023\/07\/12\/en-coulisses-democratie-au-sein-des-partis-et-coalitions\/#breadcrumb\"},\"inLanguage\":\"fr-FR\",\"potentialAction\":[{\"@type\":\"ReadAction\",\"target\":[\"https:\/\/www.nettali.com\/2023\/07\/12\/en-coulisses-democratie-au-sein-des-partis-et-coalitions\/\"]}]},{\"@type\":\"BreadcrumbList\",\"@id\":\"https:\/\/www.nettali.com\/2023\/07\/12\/en-coulisses-democratie-au-sein-des-partis-et-coalitions\/#breadcrumb\",\"itemListElement\":[{\"@type\":\"ListItem\",\"position\":1,\"name\":\"Accueil\",\"item\":\"https:\/\/www.nettali.com\/\"},{\"@type\":\"ListItem\",\"position\":2,\"name\":\"EN COULISSES - D\\u00e9mocratie au sein des partis et coalitions ?\"}]},{\"@type\":\"Person\",\"@id\":\"https:\/\/www.nettali.com\/#\/schema\/person\/d8ac7b7e27ddad43f1c0d2ef090d7f71\",\"name\":\"CK\",\"image\":{\"@type\":\"ImageObject\",\"@id\":\"https:\/\/www.nettali.com\/#personlogo\",\"inLanguage\":\"fr-FR\",\"url\":\"https:\/\/secure.gravatar.com\/avatar\/1d8d5118b9327d94da7cd4ce7f17fec2?s=96&d=mm&r=g\",\"contentUrl\":\"https:\/\/secure.gravatar.com\/avatar\/1d8d5118b9327d94da7cd4ce7f17fec2?s=96&d=mm&r=g\",\"caption\":\"CK\"},\"sameAs\":[\"https:\/\/www.nettali.com\"]}]}<\/script>\n<!-- \/ Yoast SEO Premium plugin. -->","yoast_head_json":{"title":"EN COULISSES - D\u00e9mocratie au sein des partis et coalitions ? | Nettali.com","robots":{"index":"index","follow":"follow","max-snippet":"max-snippet:-1","max-image-preview":"max-image-preview:large","max-video-preview":"max-video-preview:-1"},"canonical":"https:\/\/www.nettali.com\/2023\/07\/12\/en-coulisses-democratie-au-sein-des-partis-et-coalitions\/","og_locale":"fr_FR","og_type":"article","og_title":"EN COULISSES - D\u00e9mocratie au sein des partis et coalitions ?","og_description":"NETTALI.COM - La question de la d\u00e9mocratie au sein des partis et coalitions \u00e0 quelques mois de la pr\u00e9sidentielle du 24 f\u00e9vrier 2024, c'est ce qu'a pos\u00e9 le directeur et fondateur de Afrika Jom Center, Alioune Tine. \u00ab La question de la de\u0301mocratie a\u0300 l\u2019inte\u0301rieur des partis ou des coalitions est un des de\u0301fis a\u0300 [&hellip;]","og_url":"https:\/\/www.nettali.com\/2023\/07\/12\/en-coulisses-democratie-au-sein-des-partis-et-coalitions\/","og_site_name":"Nettali.com","article_publisher":"https:\/\/www.facebook.com\/nettalicom","article_published_time":"2023-07-12T09:11:08+00:00","og_image":[{"width":800,"height":504,"url":"https:\/\/www.nettali.com\/wp-content\/uploads\/2023\/07\/59086904-43485146.jpg","type":"image\/jpeg"}],"twitter_card":"summary_large_image","twitter_misc":{"\u00c9crit par":"CK","Dur\u00e9e de lecture estim\u00e9e":"2 minutes"},"schema":{"@context":"https:\/\/schema.org","@graph":[{"@type":"WebSite","@id":"https:\/\/www.nettali.com\/#website","url":"https:\/\/www.nettali.com\/","name":"Nettali.com","description":"Le rendez-vous critique du Net","potentialAction":[{"@type":"SearchAction","target":{"@type":"EntryPoint","urlTemplate":"https:\/\/www.nettali.com\/?s={search_term_string}"},"query-input":"required name=search_term_string"}],"inLanguage":"fr-FR"},{"@type":"ImageObject","@id":"https:\/\/www.nettali.com\/2023\/07\/12\/en-coulisses-democratie-au-sein-des-partis-et-coalitions\/#primaryimage","inLanguage":"fr-FR","url":"https:\/\/www.nettali.com\/wp-content\/uploads\/2023\/07\/59086904-43485146.jpg","contentUrl":"https:\/\/www.nettali.com\/wp-content\/uploads\/2023\/07\/59086904-43485146.jpg","width":800,"height":504},{"@type":"WebPage","@id":"https:\/\/www.nettali.com\/2023\/07\/12\/en-coulisses-democratie-au-sein-des-partis-et-coalitions\/#webpage","url":"https:\/\/www.nettali.com\/2023\/07\/12\/en-coulisses-democratie-au-sein-des-partis-et-coalitions\/","name":"EN COULISSES - D\u00e9mocratie au sein des partis et coalitions ? | Nettali.com","isPartOf":{"@id":"https:\/\/www.nettali.com\/#website"},"primaryImageOfPage":{"@id":"https:\/\/www.nettali.com\/2023\/07\/12\/en-coulisses-democratie-au-sein-des-partis-et-coalitions\/#primaryimage"},"datePublished":"2023-07-12T09:11:08+00:00","dateModified":"2023-07-12T09:11:08+00:00","author":{"@id":"https:\/\/www.nettali.com\/#\/schema\/person\/d8ac7b7e27ddad43f1c0d2ef090d7f71"},"breadcrumb":{"@id":"https:\/\/www.nettali.com\/2023\/07\/12\/en-coulisses-democratie-au-sein-des-partis-et-coalitions\/#breadcrumb"},"inLanguage":"fr-FR","potentialAction":[{"@type":"ReadAction","target":["https:\/\/www.nettali.com\/2023\/07\/12\/en-coulisses-democratie-au-sein-des-partis-et-coalitions\/"]}]},{"@type":"BreadcrumbList","@id":"https:\/\/www.nettali.com\/2023\/07\/12\/en-coulisses-democratie-au-sein-des-partis-et-coalitions\/#breadcrumb","itemListElement":[{"@type":"ListItem","position":1,"name":"Accueil","item":"https:\/\/www.nettali.com\/"},{"@type":"ListItem","position":2,"name":"EN COULISSES - D\u00e9mocratie au sein des partis et coalitions ?"}]},{"@type":"Person","@id":"https:\/\/www.nettali.com\/#\/schema\/person\/d8ac7b7e27ddad43f1c0d2ef090d7f71","name":"CK","image":{"@type":"ImageObject","@id":"https:\/\/www.nettali.com\/#personlogo","inLanguage":"fr-FR","url":"https:\/\/secure.gravatar.com\/avatar\/1d8d5118b9327d94da7cd4ce7f17fec2?s=96&d=mm&r=g","contentUrl":"https:\/\/secure.gravatar.com\/avatar\/1d8d5118b9327d94da7cd4ce7f17fec2?s=96&d=mm&r=g","caption":"CK"},"sameAs":["https:\/\/www.nettali.com"]}]}},"_links":{"self":[{"href":"https:\/\/www.nettali.com\/rest\/wp\/v2\/posts\/113887"}],"collection":[{"href":"https:\/\/www.nettali.com\/rest\/wp\/v2\/posts"}],"about":[{"href":"https:\/\/www.nettali.com\/rest\/wp\/v2\/types\/post"}],"author":[{"embeddable":true,"href":"https:\/\/www.nettali.com\/rest\/wp\/v2\/users\/2"}],"replies":[{"embeddable":true,"href":"https:\/\/www.nettali.com\/rest\/wp\/v2\/comments?post=113887"}],"version-history":[{"count":1,"href":"https:\/\/www.nettali.com\/rest\/wp\/v2\/posts\/113887\/revisions"}],"predecessor-version":[{"id":113889,"href":"https:\/\/www.nettali.com\/rest\/wp\/v2\/posts\/113887\/revisions\/113889"}],"wp:featuredmedia":[{"embeddable":true,"href":"https:\/\/www.nettali.com\/rest\/wp\/v2\/media\/113897"}],"wp:attachment":[{"href":"https:\/\/www.nettali.com\/rest\/wp\/v2\/media?parent=113887"}],"wp:term":[{"taxonomy":"category","embeddable":true,"href":"https:\/\/www.nettali.com\/rest\/wp\/v2\/categories?post=113887"},{"taxonomy":"post_tag","embeddable":true,"href":"https:\/\/www.nettali.com\/rest\/wp\/v2\/tags?post=113887"}],"curies":[{"name":"wp","href":"https:\/\/api.w.org\/{rel}","templated":true}]}}