{"id":113832,"date":"2023-07-11T09:30:41","date_gmt":"2023-07-11T09:30:41","guid":{"rendered":"https:\/\/www.nettali.com\/?p=113832"},"modified":"2023-07-12T13:19:51","modified_gmt":"2023-07-12T13:19:51","slug":"macky-sall-je-ferai-comme-abdou-diouf","status":"publish","type":"post","link":"https:\/\/www.nettali.com\/2023\/07\/11\/macky-sall-je-ferai-comme-abdou-diouf\/","title":{"rendered":"MACKY SALL : \"Je ferai comme Abdou Diouf\""},"content":{"rendered":"<p><strong>NETTALI.COM - Le pr\u00e9sident de la R\u00e9publique, Macky Sall, passera la main \u00e0 son successeur le 02 avril 2024. Il a d\u00e9cid\u00e9 de ne pas briguer un 3<sup>e<\/sup> mandat. Dans un entretien avec Jeune Afrique, il soutient qu\u2019il ne fera pas moins qu\u2019Abdou Diouf.<\/strong><\/p>\n<p><em>\u201cSi nous l\u2019emportons, conserver la direction du parti n\u2019aurait aucun sens. Il faut savoir tourner la page. Je ferai comme Abdou Diouf, je me retirerai compl\u00e8tement\u201d<\/em>, a d\u00e9clar\u00e9 Macky Sall sur Jeune Afrique. Evoquant son statut de futur ex-pr\u00e9sident et la posture qu\u2019il souhaite tenir, Macky Sall dira qu\u2019il souhaite opter la m\u00e9thode Abdou Diouf plut\u00f4t que celle de son mentor, Abdoulaye Wade.<\/p>\n<p>Si son \u201cdauphin\u201d est \u00e9lu, Macky Sall esp\u00e8re un sc\u00e9nario apais\u00e9 avec un mod\u00e8le \u00e0 la nig\u00e9rienne \u201cBazoum-Issoufou\u201d. L\u2019anti-mod\u00e8le \u00e9tant pour lui le sc\u00e9nario mauritanien, qui a vu \u201cMohamed Ould Abdelaziz tenter de rester le ma\u00eetre du jeu, pensant que Ghazouani serait l\u2019\u00e9quivalent de ce que fut Dmitri Medvedev \u00e0 Poutine \u00e0 Vladimir Poutine, une simple marionnette\u201d.<\/p>\n<p>Alors qu\u2019on lui pr\u00eate l\u2019ambition de succ\u00e9der \u00e0 Antonio Guterres \u00e0 la t\u00eate de l\u2019ONU en 2026, M. Sall\u00a0 envisage, d\u2019ici-l\u00e0- de cr\u00e9er une fondation pour la paix, le d\u00e9veloppement et la d\u00e9mocratie. Les questions li\u00e9es au climat et \u00e0 la transition \u00e9nerg\u00e9tique l\u2019int\u00e9ressent \u00e9galement, renseignent nos confr\u00e8res de Jeune Afrique.<\/p>\n<div class='share-to-whatsapp-wrapper'><div class='share-on-whsp'>PARTAGER SUR : <\/div><a data-text='MACKY SALL : \"Je ferai comme Abdou Diouf\"' data-link='https:\/\/www.nettali.com\/2023\/07\/11\/macky-sall-je-ferai-comme-abdou-diouf\/' class='whatsapp-button whatsapp-share'>WhatsApp<\/a><div class='clear '><\/div><\/div>","protected":false},"excerpt":{"rendered":"<p>NETTALI.COM - Le pr\u00e9sident de la R\u00e9publique, Macky Sall, passera la main \u00e0 son successeur le 02 avril 2024. Il a d\u00e9cid\u00e9 de ne pas briguer un 3e mandat. Dans un entretien avec Jeune Afrique, il soutient qu\u2019il ne fera pas moins qu\u2019Abdou Diouf. \u201cSi nous l\u2019emportons, conserver la direction du parti n\u2019aurait aucun sens. [&hellip;]<\/p>\n","protected":false},"author":4,"featured_media":103615,"comment_status":"open","ping_status":"open","sticky":false,"template":"","format":"standard","meta":{"_et_pb_use_builder":"","_et_pb_old_content":""},"categories":[2],"tags":[],"yoast_head":"<!-- This site is optimized with the Yoast SEO Premium plugin v17.8 (Yoast SEO v17.8) - https:\/\/yoast.com\/wordpress\/plugins\/seo\/ -->\n<title>MACKY SALL : &quot;Je ferai comme Abdou Diouf&quot; | Nettali.com<\/title>\n<meta name=\"robots\" content=\"index, follow, max-snippet:-1, max-image-preview:large, max-video-preview:-1\" \/>\n<link rel=\"canonical\" href=\"https:\/\/www.nettali.com\/2023\/07\/11\/macky-sall-je-ferai-comme-abdou-diouf\/\" \/>\n<meta property=\"og:locale\" content=\"fr_FR\" \/>\n<meta property=\"og:type\" content=\"article\" \/>\n<meta property=\"og:title\" content=\"MACKY SALL : &quot;Je ferai comme Abdou Diouf&quot;\" \/>\n<meta property=\"og:description\" content=\"NETTALI.COM - Le pr\u00e9sident de la R\u00e9publique, Macky Sall, passera la main \u00e0 son successeur le 02 avril 2024. Il a d\u00e9cid\u00e9 de ne pas briguer un 3e mandat. Dans un entretien avec Jeune Afrique, il soutient qu\u2019il ne fera pas moins qu\u2019Abdou Diouf. \u201cSi nous l\u2019emportons, conserver la direction du parti n\u2019aurait aucun sens. [&hellip;]\" \/>\n<meta property=\"og:url\" content=\"https:\/\/www.nettali.com\/2023\/07\/11\/macky-sall-je-ferai-comme-abdou-diouf\/\" \/>\n<meta property=\"og:site_name\" content=\"Nettali.com\" \/>\n<meta property=\"article:publisher\" content=\"https:\/\/www.facebook.com\/nettalicom\" \/>\n<meta property=\"article:published_time\" content=\"2023-07-11T09:30:41+00:00\" \/>\n<meta property=\"article:modified_time\" content=\"2023-07-12T13:19:51+00:00\" \/>\n<meta property=\"og:image\" content=\"https:\/\/www.nettali.com\/wp-content\/uploads\/2023\/02\/MACKY-DIOUF.jpeg\" \/>\n\t<meta property=\"og:image:width\" content=\"720\" \/>\n\t<meta property=\"og:image:height\" content=\"487\" \/>\n<meta name=\"twitter:card\" content=\"summary_large_image\" \/>\n<meta name=\"twitter:label1\" content=\"\u00c9crit par\" \/>\n\t<meta name=\"twitter:data1\" content=\"Daouda\" \/>\n\t<meta name=\"twitter:label2\" content=\"Dur\u00e9e de lecture estim\u00e9e\" \/>\n\t<meta name=\"twitter:data2\" content=\"2 minutes\" \/>\n<script type=\"application\/ld+json\" class=\"yoast-schema-graph\">{\"@context\":\"https:\/\/schema.org\",\"@graph\":[{\"@type\":\"WebSite\",\"@id\":\"https:\/\/www.nettali.com\/#website\",\"url\":\"https:\/\/www.nettali.com\/\",\"name\":\"Nettali.com\",\"description\":\"Le rendez-vous critique du Net\",\"potentialAction\":[{\"@type\":\"SearchAction\",\"target\":{\"@type\":\"EntryPoint\",\"urlTemplate\":\"https:\/\/www.nettali.com\/?s={search_term_string}\"},\"query-input\":\"required name=search_term_string\"}],\"inLanguage\":\"fr-FR\"},{\"@type\":\"ImageObject\",\"@id\":\"https:\/\/www.nettali.com\/2023\/07\/11\/macky-sall-je-ferai-comme-abdou-diouf\/#primaryimage\",\"inLanguage\":\"fr-FR\",\"url\":\"https:\/\/www.nettali.com\/wp-content\/uploads\/2023\/02\/MACKY-DIOUF.jpeg\",\"contentUrl\":\"https:\/\/www.nettali.com\/wp-content\/uploads\/2023\/02\/MACKY-DIOUF.jpeg\",\"width\":720,\"height\":487},{\"@type\":\"WebPage\",\"@id\":\"https:\/\/www.nettali.com\/2023\/07\/11\/macky-sall-je-ferai-comme-abdou-diouf\/#webpage\",\"url\":\"https:\/\/www.nettali.com\/2023\/07\/11\/macky-sall-je-ferai-comme-abdou-diouf\/\",\"name\":\"MACKY SALL : \\\"Je ferai comme Abdou Diouf\\\" | Nettali.com\",\"isPartOf\":{\"@id\":\"https:\/\/www.nettali.com\/#website\"},\"primaryImageOfPage\":{\"@id\":\"https:\/\/www.nettali.com\/2023\/07\/11\/macky-sall-je-ferai-comme-abdou-diouf\/#primaryimage\"},\"datePublished\":\"2023-07-11T09:30:41+00:00\",\"dateModified\":\"2023-07-12T13:19:51+00:00\",\"author\":{\"@id\":\"https:\/\/www.nettali.com\/#\/schema\/person\/3317e0bb3aa1da309fbf7b2780901bf4\"},\"breadcrumb\":{\"@id\":\"https:\/\/www.nettali.com\/2023\/07\/11\/macky-sall-je-ferai-comme-abdou-diouf\/#breadcrumb\"},\"inLanguage\":\"fr-FR\",\"potentialAction\":[{\"@type\":\"ReadAction\",\"target\":[\"https:\/\/www.nettali.com\/2023\/07\/11\/macky-sall-je-ferai-comme-abdou-diouf\/\"]}]},{\"@type\":\"BreadcrumbList\",\"@id\":\"https:\/\/www.nettali.com\/2023\/07\/11\/macky-sall-je-ferai-comme-abdou-diouf\/#breadcrumb\",\"itemListElement\":[{\"@type\":\"ListItem\",\"position\":1,\"name\":\"Accueil\",\"item\":\"https:\/\/www.nettali.com\/\"},{\"@type\":\"ListItem\",\"position\":2,\"name\":\"MACKY SALL : \\\"Je ferai comme Abdou Diouf\\\"\"}]},{\"@type\":\"Person\",\"@id\":\"https:\/\/www.nettali.com\/#\/schema\/person\/3317e0bb3aa1da309fbf7b2780901bf4\",\"name\":\"Daouda\",\"image\":{\"@type\":\"ImageObject\",\"@id\":\"https:\/\/www.nettali.com\/#personlogo\",\"inLanguage\":\"fr-FR\",\"url\":\"https:\/\/secure.gravatar.com\/avatar\/8d143b5a49345098ddcfee1c49c2f47c?s=96&d=mm&r=g\",\"contentUrl\":\"https:\/\/secure.gravatar.com\/avatar\/8d143b5a49345098ddcfee1c49c2f47c?s=96&d=mm&r=g\",\"caption\":\"Daouda\"},\"sameAs\":[\"https:\/\/www.nettali.com\"]}]}<\/script>\n<!-- \/ Yoast SEO Premium plugin. -->","yoast_head_json":{"title":"MACKY SALL : \"Je ferai comme Abdou Diouf\" | Nettali.com","robots":{"index":"index","follow":"follow","max-snippet":"max-snippet:-1","max-image-preview":"max-image-preview:large","max-video-preview":"max-video-preview:-1"},"canonical":"https:\/\/www.nettali.com\/2023\/07\/11\/macky-sall-je-ferai-comme-abdou-diouf\/","og_locale":"fr_FR","og_type":"article","og_title":"MACKY SALL : \"Je ferai comme Abdou Diouf\"","og_description":"NETTALI.COM - Le pr\u00e9sident de la R\u00e9publique, Macky Sall, passera la main \u00e0 son successeur le 02 avril 2024. Il a d\u00e9cid\u00e9 de ne pas briguer un 3e mandat. Dans un entretien avec Jeune Afrique, il soutient qu\u2019il ne fera pas moins qu\u2019Abdou Diouf. \u201cSi nous l\u2019emportons, conserver la direction du parti n\u2019aurait aucun sens. [&hellip;]","og_url":"https:\/\/www.nettali.com\/2023\/07\/11\/macky-sall-je-ferai-comme-abdou-diouf\/","og_site_name":"Nettali.com","article_publisher":"https:\/\/www.facebook.com\/nettalicom","article_published_time":"2023-07-11T09:30:41+00:00","article_modified_time":"2023-07-12T13:19:51+00:00","og_image":[{"width":720,"height":487,"url":"https:\/\/www.nettali.com\/wp-content\/uploads\/2023\/02\/MACKY-DIOUF.jpeg","type":"image\/jpeg"}],"twitter_card":"summary_large_image","twitter_misc":{"\u00c9crit par":"Daouda","Dur\u00e9e de lecture estim\u00e9e":"2 minutes"},"schema":{"@context":"https:\/\/schema.org","@graph":[{"@type":"WebSite","@id":"https:\/\/www.nettali.com\/#website","url":"https:\/\/www.nettali.com\/","name":"Nettali.com","description":"Le rendez-vous critique du Net","potentialAction":[{"@type":"SearchAction","target":{"@type":"EntryPoint","urlTemplate":"https:\/\/www.nettali.com\/?s={search_term_string}"},"query-input":"required name=search_term_string"}],"inLanguage":"fr-FR"},{"@type":"ImageObject","@id":"https:\/\/www.nettali.com\/2023\/07\/11\/macky-sall-je-ferai-comme-abdou-diouf\/#primaryimage","inLanguage":"fr-FR","url":"https:\/\/www.nettali.com\/wp-content\/uploads\/2023\/02\/MACKY-DIOUF.jpeg","contentUrl":"https:\/\/www.nettali.com\/wp-content\/uploads\/2023\/02\/MACKY-DIOUF.jpeg","width":720,"height":487},{"@type":"WebPage","@id":"https:\/\/www.nettali.com\/2023\/07\/11\/macky-sall-je-ferai-comme-abdou-diouf\/#webpage","url":"https:\/\/www.nettali.com\/2023\/07\/11\/macky-sall-je-ferai-comme-abdou-diouf\/","name":"MACKY SALL : \"Je ferai comme Abdou Diouf\" | Nettali.com","isPartOf":{"@id":"https:\/\/www.nettali.com\/#website"},"primaryImageOfPage":{"@id":"https:\/\/www.nettali.com\/2023\/07\/11\/macky-sall-je-ferai-comme-abdou-diouf\/#primaryimage"},"datePublished":"2023-07-11T09:30:41+00:00","dateModified":"2023-07-12T13:19:51+00:00","author":{"@id":"https:\/\/www.nettali.com\/#\/schema\/person\/3317e0bb3aa1da309fbf7b2780901bf4"},"breadcrumb":{"@id":"https:\/\/www.nettali.com\/2023\/07\/11\/macky-sall-je-ferai-comme-abdou-diouf\/#breadcrumb"},"inLanguage":"fr-FR","potentialAction":[{"@type":"ReadAction","target":["https:\/\/www.nettali.com\/2023\/07\/11\/macky-sall-je-ferai-comme-abdou-diouf\/"]}]},{"@type":"BreadcrumbList","@id":"https:\/\/www.nettali.com\/2023\/07\/11\/macky-sall-je-ferai-comme-abdou-diouf\/#breadcrumb","itemListElement":[{"@type":"ListItem","position":1,"name":"Accueil","item":"https:\/\/www.nettali.com\/"},{"@type":"ListItem","position":2,"name":"MACKY SALL : \"Je ferai comme Abdou Diouf\""}]},{"@type":"Person","@id":"https:\/\/www.nettali.com\/#\/schema\/person\/3317e0bb3aa1da309fbf7b2780901bf4","name":"Daouda","image":{"@type":"ImageObject","@id":"https:\/\/www.nettali.com\/#personlogo","inLanguage":"fr-FR","url":"https:\/\/secure.gravatar.com\/avatar\/8d143b5a49345098ddcfee1c49c2f47c?s=96&d=mm&r=g","contentUrl":"https:\/\/secure.gravatar.com\/avatar\/8d143b5a49345098ddcfee1c49c2f47c?s=96&d=mm&r=g","caption":"Daouda"},"sameAs":["https:\/\/www.nettali.com"]}]}},"_links":{"self":[{"href":"https:\/\/www.nettali.com\/rest\/wp\/v2\/posts\/113832"}],"collection":[{"href":"https:\/\/www.nettali.com\/rest\/wp\/v2\/posts"}],"about":[{"href":"https:\/\/www.nettali.com\/rest\/wp\/v2\/types\/post"}],"author":[{"embeddable":true,"href":"https:\/\/www.nettali.com\/rest\/wp\/v2\/users\/4"}],"replies":[{"embeddable":true,"href":"https:\/\/www.nettali.com\/rest\/wp\/v2\/comments?post=113832"}],"version-history":[{"count":2,"href":"https:\/\/www.nettali.com\/rest\/wp\/v2\/posts\/113832\/revisions"}],"predecessor-version":[{"id":113845,"href":"https:\/\/www.nettali.com\/rest\/wp\/v2\/posts\/113832\/revisions\/113845"}],"wp:featuredmedia":[{"embeddable":true,"href":"https:\/\/www.nettali.com\/rest\/wp\/v2\/media\/103615"}],"wp:attachment":[{"href":"https:\/\/www.nettali.com\/rest\/wp\/v2\/media?parent=113832"}],"wp:term":[{"taxonomy":"category","embeddable":true,"href":"https:\/\/www.nettali.com\/rest\/wp\/v2\/categories?post=113832"},{"taxonomy":"post_tag","embeddable":true,"href":"https:\/\/www.nettali.com\/rest\/wp\/v2\/tags?post=113832"}],"curies":[{"name":"wp","href":"https:\/\/api.w.org\/{rel}","templated":true}]}}