{"id":113680,"date":"2023-07-08T10:06:20","date_gmt":"2023-07-08T10:06:20","guid":{"rendered":"https:\/\/www.nettali.com\/?p=113680"},"modified":"2023-07-08T10:06:20","modified_gmt":"2023-07-08T10:06:20","slug":"en-coulisses-les-conseils-de-lafp-a-macky","status":"publish","type":"post","link":"https:\/\/www.nettali.com\/2023\/07\/08\/en-coulisses-les-conseils-de-lafp-a-macky\/","title":{"rendered":"EN COULISSES - Les conseils de l'Afp \u00e0 Macky"},"content":{"rendered":"<div class=\"page\" title=\"Page 2\">\n<div class=\"section\">\n<div class=\"layoutArea\">\n<div class=\"column\">\n<p><strong>NETTALI.COM -<\/strong> L\u2019 Alliance des forces de progre\u0300s (AFP), le parti politique de Moustapha Niasse, \"<em>encourage<\/em>\" Macky Sall a\u0300 rester \"<em>intransigeant sur la protection des personnes et des biens, le respect des lois et re\u0300glements de notre pays et la de\u0301fense de la forme re\u0301publicaine de l\u2019E\u0301tat\".<\/em><\/p>\n<p>\"<em>L\u2019AFP encourage le pre\u0301sident de la Re\u0301publique a\u0300 exercer, jusqu\u2019a\u0300 la fin du processus qui nous conduit a\u0300 la prochaine e\u0301lection pre\u0301sidentielle de 2024, le mandat que le peuple se\u0301ne\u0301galais lui a de\u0301mocratiquement confie\u0301, en restant intransigeant sur la protection des personnes et des biens, le respect des lois et re\u0300glements de notre pays et la de\u0301fense de la forme re\u0301publicaine de l\u2019E\u0301tat<\/em>\", lit-on dans un communique\u0301 de cette formation politique membre de la majorite\u0301 pre\u0301sidentielle.<\/p>\n<\/div>\n<div class=\"column\">\n<p>L\u2019Alliance des forces de progre\u0300s fe\u0301licite Macky Sall d\u2019avoir coordonne\u0301 \"<em>intelligemment et avec me\u0301thode, a\u0300 la te\u0302te d\u2019une e\u0301quipe plurielle, soude\u0301e et solidaire le Dialogue national<\/em>\" lance\u0301 le 31 mai par le chef de l\u2019E\u0301tat.<\/p>\n<p>Cette concertation boucle\u0301e fin juin a e\u0301te\u0301 dirige\u0301e par le secre\u0301taire ge\u0301ne\u0301ral de l\u2019AFP, Moustapha Niasse, l\u2019ex-pre\u0301sident de l\u2019Assemble\u0301e nationale.<\/p>\n<p>Le parti politique de M. Niasse \"<em>s\u2019incline devant la me\u0301moire des victimes<\/em>\" des violences survenues entre le 1er et le 3 juin a\u0300 Dakar et dans d\u2019autres villes, a\u0300 l\u2019origine de la mort de 16 a\u0300 30 personnes, selon diverses sources.<\/p>\n<\/div>\n<div class=\"column\">\n<p>&nbsp;<\/p>\n<\/div>\n<\/div>\n<\/div>\n<\/div>\n<div class='share-to-whatsapp-wrapper'><div class='share-on-whsp'>PARTAGER SUR : <\/div><a data-text='EN COULISSES - Les conseils de l'Afp \u00e0 Macky' data-link='https:\/\/www.nettali.com\/2023\/07\/08\/en-coulisses-les-conseils-de-lafp-a-macky\/' class='whatsapp-button whatsapp-share'>WhatsApp<\/a><div class='clear '><\/div><\/div>","protected":false},"excerpt":{"rendered":"<p>NETTALI.COM - L\u2019 Alliance des forces de progre\u0300s (AFP), le parti politique de Moustapha Niasse, \"encourage\" Macky Sall a\u0300 rester \"intransigeant sur la protection des personnes et des biens, le respect des lois et re\u0300glements de notre pays et la de\u0301fense de la forme re\u0301publicaine de l\u2019E\u0301tat\". \"L\u2019AFP encourage le pre\u0301sident de la Re\u0301publique a\u0300 [&hellip;]<\/p>\n","protected":false},"author":2,"featured_media":113683,"comment_status":"open","ping_status":"open","sticky":false,"template":"","format":"standard","meta":{"_et_pb_use_builder":"","_et_pb_old_content":""},"categories":[34945],"tags":[],"yoast_head":"<!-- This site is optimized with the Yoast SEO Premium plugin v17.8 (Yoast SEO v17.8) - https:\/\/yoast.com\/wordpress\/plugins\/seo\/ -->\n<title>EN COULISSES - Les conseils de l&#039;Afp \u00e0 Macky | Nettali.com<\/title>\n<meta name=\"robots\" content=\"index, follow, max-snippet:-1, max-image-preview:large, max-video-preview:-1\" \/>\n<link rel=\"canonical\" href=\"https:\/\/www.nettali.com\/2023\/07\/08\/en-coulisses-les-conseils-de-lafp-a-macky\/\" \/>\n<meta property=\"og:locale\" content=\"fr_FR\" \/>\n<meta property=\"og:type\" content=\"article\" \/>\n<meta property=\"og:title\" content=\"EN COULISSES - Les conseils de l&#039;Afp \u00e0 Macky\" \/>\n<meta property=\"og:description\" content=\"NETTALI.COM - L\u2019 Alliance des forces de progre\u0300s (AFP), le parti politique de Moustapha Niasse, &quot;encourage&quot; Macky Sall a\u0300 rester &quot;intransigeant sur la protection des personnes et des biens, le respect des lois et re\u0300glements de notre pays et la de\u0301fense de la forme re\u0301publicaine de l\u2019E\u0301tat&quot;. &quot;L\u2019AFP encourage le pre\u0301sident de la Re\u0301publique a\u0300 [&hellip;]\" \/>\n<meta property=\"og:url\" content=\"https:\/\/www.nettali.com\/2023\/07\/08\/en-coulisses-les-conseils-de-lafp-a-macky\/\" \/>\n<meta property=\"og:site_name\" content=\"Nettali.com\" \/>\n<meta property=\"article:publisher\" content=\"https:\/\/www.facebook.com\/nettalicom\" \/>\n<meta property=\"article:published_time\" content=\"2023-07-08T10:06:20+00:00\" \/>\n<meta property=\"og:image\" content=\"https:\/\/www.nettali.com\/wp-content\/uploads\/2023\/07\/niasse.png\" \/>\n\t<meta property=\"og:image:width\" content=\"698\" \/>\n\t<meta property=\"og:image:height\" content=\"540\" \/>\n<meta name=\"twitter:card\" content=\"summary_large_image\" \/>\n<meta name=\"twitter:label1\" content=\"\u00c9crit par\" \/>\n\t<meta name=\"twitter:data1\" content=\"CK\" \/>\n\t<meta name=\"twitter:label2\" content=\"Dur\u00e9e de lecture estim\u00e9e\" \/>\n\t<meta name=\"twitter:data2\" content=\"2 minutes\" \/>\n<script type=\"application\/ld+json\" class=\"yoast-schema-graph\">{\"@context\":\"https:\/\/schema.org\",\"@graph\":[{\"@type\":\"WebSite\",\"@id\":\"https:\/\/www.nettali.com\/#website\",\"url\":\"https:\/\/www.nettali.com\/\",\"name\":\"Nettali.com\",\"description\":\"Le rendez-vous critique du Net\",\"potentialAction\":[{\"@type\":\"SearchAction\",\"target\":{\"@type\":\"EntryPoint\",\"urlTemplate\":\"https:\/\/www.nettali.com\/?s={search_term_string}\"},\"query-input\":\"required name=search_term_string\"}],\"inLanguage\":\"fr-FR\"},{\"@type\":\"ImageObject\",\"@id\":\"https:\/\/www.nettali.com\/2023\/07\/08\/en-coulisses-les-conseils-de-lafp-a-macky\/#primaryimage\",\"inLanguage\":\"fr-FR\",\"url\":\"https:\/\/www.nettali.com\/wp-content\/uploads\/2023\/07\/niasse.png\",\"contentUrl\":\"https:\/\/www.nettali.com\/wp-content\/uploads\/2023\/07\/niasse.png\",\"width\":698,\"height\":540},{\"@type\":\"WebPage\",\"@id\":\"https:\/\/www.nettali.com\/2023\/07\/08\/en-coulisses-les-conseils-de-lafp-a-macky\/#webpage\",\"url\":\"https:\/\/www.nettali.com\/2023\/07\/08\/en-coulisses-les-conseils-de-lafp-a-macky\/\",\"name\":\"EN COULISSES - Les conseils de l'Afp \\u00e0 Macky | Nettali.com\",\"isPartOf\":{\"@id\":\"https:\/\/www.nettali.com\/#website\"},\"primaryImageOfPage\":{\"@id\":\"https:\/\/www.nettali.com\/2023\/07\/08\/en-coulisses-les-conseils-de-lafp-a-macky\/#primaryimage\"},\"datePublished\":\"2023-07-08T10:06:20+00:00\",\"dateModified\":\"2023-07-08T10:06:20+00:00\",\"author\":{\"@id\":\"https:\/\/www.nettali.com\/#\/schema\/person\/d8ac7b7e27ddad43f1c0d2ef090d7f71\"},\"breadcrumb\":{\"@id\":\"https:\/\/www.nettali.com\/2023\/07\/08\/en-coulisses-les-conseils-de-lafp-a-macky\/#breadcrumb\"},\"inLanguage\":\"fr-FR\",\"potentialAction\":[{\"@type\":\"ReadAction\",\"target\":[\"https:\/\/www.nettali.com\/2023\/07\/08\/en-coulisses-les-conseils-de-lafp-a-macky\/\"]}]},{\"@type\":\"BreadcrumbList\",\"@id\":\"https:\/\/www.nettali.com\/2023\/07\/08\/en-coulisses-les-conseils-de-lafp-a-macky\/#breadcrumb\",\"itemListElement\":[{\"@type\":\"ListItem\",\"position\":1,\"name\":\"Accueil\",\"item\":\"https:\/\/www.nettali.com\/\"},{\"@type\":\"ListItem\",\"position\":2,\"name\":\"EN COULISSES - Les conseils de l'Afp \\u00e0 Macky\"}]},{\"@type\":\"Person\",\"@id\":\"https:\/\/www.nettali.com\/#\/schema\/person\/d8ac7b7e27ddad43f1c0d2ef090d7f71\",\"name\":\"CK\",\"image\":{\"@type\":\"ImageObject\",\"@id\":\"https:\/\/www.nettali.com\/#personlogo\",\"inLanguage\":\"fr-FR\",\"url\":\"https:\/\/secure.gravatar.com\/avatar\/1d8d5118b9327d94da7cd4ce7f17fec2?s=96&d=mm&r=g\",\"contentUrl\":\"https:\/\/secure.gravatar.com\/avatar\/1d8d5118b9327d94da7cd4ce7f17fec2?s=96&d=mm&r=g\",\"caption\":\"CK\"},\"sameAs\":[\"https:\/\/www.nettali.com\"]}]}<\/script>\n<!-- \/ Yoast SEO Premium plugin. -->","yoast_head_json":{"title":"EN COULISSES - Les conseils de l'Afp \u00e0 Macky | Nettali.com","robots":{"index":"index","follow":"follow","max-snippet":"max-snippet:-1","max-image-preview":"max-image-preview:large","max-video-preview":"max-video-preview:-1"},"canonical":"https:\/\/www.nettali.com\/2023\/07\/08\/en-coulisses-les-conseils-de-lafp-a-macky\/","og_locale":"fr_FR","og_type":"article","og_title":"EN COULISSES - Les conseils de l'Afp \u00e0 Macky","og_description":"NETTALI.COM - L\u2019 Alliance des forces de progre\u0300s (AFP), le parti politique de Moustapha Niasse, \"encourage\" Macky Sall a\u0300 rester \"intransigeant sur la protection des personnes et des biens, le respect des lois et re\u0300glements de notre pays et la de\u0301fense de la forme re\u0301publicaine de l\u2019E\u0301tat\". \"L\u2019AFP encourage le pre\u0301sident de la Re\u0301publique a\u0300 [&hellip;]","og_url":"https:\/\/www.nettali.com\/2023\/07\/08\/en-coulisses-les-conseils-de-lafp-a-macky\/","og_site_name":"Nettali.com","article_publisher":"https:\/\/www.facebook.com\/nettalicom","article_published_time":"2023-07-08T10:06:20+00:00","og_image":[{"width":698,"height":540,"url":"https:\/\/www.nettali.com\/wp-content\/uploads\/2023\/07\/niasse.png","type":"image\/png"}],"twitter_card":"summary_large_image","twitter_misc":{"\u00c9crit par":"CK","Dur\u00e9e de lecture estim\u00e9e":"2 minutes"},"schema":{"@context":"https:\/\/schema.org","@graph":[{"@type":"WebSite","@id":"https:\/\/www.nettali.com\/#website","url":"https:\/\/www.nettali.com\/","name":"Nettali.com","description":"Le rendez-vous critique du Net","potentialAction":[{"@type":"SearchAction","target":{"@type":"EntryPoint","urlTemplate":"https:\/\/www.nettali.com\/?s={search_term_string}"},"query-input":"required name=search_term_string"}],"inLanguage":"fr-FR"},{"@type":"ImageObject","@id":"https:\/\/www.nettali.com\/2023\/07\/08\/en-coulisses-les-conseils-de-lafp-a-macky\/#primaryimage","inLanguage":"fr-FR","url":"https:\/\/www.nettali.com\/wp-content\/uploads\/2023\/07\/niasse.png","contentUrl":"https:\/\/www.nettali.com\/wp-content\/uploads\/2023\/07\/niasse.png","width":698,"height":540},{"@type":"WebPage","@id":"https:\/\/www.nettali.com\/2023\/07\/08\/en-coulisses-les-conseils-de-lafp-a-macky\/#webpage","url":"https:\/\/www.nettali.com\/2023\/07\/08\/en-coulisses-les-conseils-de-lafp-a-macky\/","name":"EN COULISSES - Les conseils de l'Afp \u00e0 Macky | Nettali.com","isPartOf":{"@id":"https:\/\/www.nettali.com\/#website"},"primaryImageOfPage":{"@id":"https:\/\/www.nettali.com\/2023\/07\/08\/en-coulisses-les-conseils-de-lafp-a-macky\/#primaryimage"},"datePublished":"2023-07-08T10:06:20+00:00","dateModified":"2023-07-08T10:06:20+00:00","author":{"@id":"https:\/\/www.nettali.com\/#\/schema\/person\/d8ac7b7e27ddad43f1c0d2ef090d7f71"},"breadcrumb":{"@id":"https:\/\/www.nettali.com\/2023\/07\/08\/en-coulisses-les-conseils-de-lafp-a-macky\/#breadcrumb"},"inLanguage":"fr-FR","potentialAction":[{"@type":"ReadAction","target":["https:\/\/www.nettali.com\/2023\/07\/08\/en-coulisses-les-conseils-de-lafp-a-macky\/"]}]},{"@type":"BreadcrumbList","@id":"https:\/\/www.nettali.com\/2023\/07\/08\/en-coulisses-les-conseils-de-lafp-a-macky\/#breadcrumb","itemListElement":[{"@type":"ListItem","position":1,"name":"Accueil","item":"https:\/\/www.nettali.com\/"},{"@type":"ListItem","position":2,"name":"EN COULISSES - Les conseils de l'Afp \u00e0 Macky"}]},{"@type":"Person","@id":"https:\/\/www.nettali.com\/#\/schema\/person\/d8ac7b7e27ddad43f1c0d2ef090d7f71","name":"CK","image":{"@type":"ImageObject","@id":"https:\/\/www.nettali.com\/#personlogo","inLanguage":"fr-FR","url":"https:\/\/secure.gravatar.com\/avatar\/1d8d5118b9327d94da7cd4ce7f17fec2?s=96&d=mm&r=g","contentUrl":"https:\/\/secure.gravatar.com\/avatar\/1d8d5118b9327d94da7cd4ce7f17fec2?s=96&d=mm&r=g","caption":"CK"},"sameAs":["https:\/\/www.nettali.com"]}]}},"_links":{"self":[{"href":"https:\/\/www.nettali.com\/rest\/wp\/v2\/posts\/113680"}],"collection":[{"href":"https:\/\/www.nettali.com\/rest\/wp\/v2\/posts"}],"about":[{"href":"https:\/\/www.nettali.com\/rest\/wp\/v2\/types\/post"}],"author":[{"embeddable":true,"href":"https:\/\/www.nettali.com\/rest\/wp\/v2\/users\/2"}],"replies":[{"embeddable":true,"href":"https:\/\/www.nettali.com\/rest\/wp\/v2\/comments?post=113680"}],"version-history":[{"count":1,"href":"https:\/\/www.nettali.com\/rest\/wp\/v2\/posts\/113680\/revisions"}],"predecessor-version":[{"id":113684,"href":"https:\/\/www.nettali.com\/rest\/wp\/v2\/posts\/113680\/revisions\/113684"}],"wp:featuredmedia":[{"embeddable":true,"href":"https:\/\/www.nettali.com\/rest\/wp\/v2\/media\/113683"}],"wp:attachment":[{"href":"https:\/\/www.nettali.com\/rest\/wp\/v2\/media?parent=113680"}],"wp:term":[{"taxonomy":"category","embeddable":true,"href":"https:\/\/www.nettali.com\/rest\/wp\/v2\/categories?post=113680"},{"taxonomy":"post_tag","embeddable":true,"href":"https:\/\/www.nettali.com\/rest\/wp\/v2\/tags?post=113680"}],"curies":[{"name":"wp","href":"https:\/\/api.w.org\/{rel}","templated":true}]}}