{"id":113560,"date":"2023-07-06T09:29:49","date_gmt":"2023-07-06T09:29:49","guid":{"rendered":"https:\/\/www.nettali.com\/?p=113560"},"modified":"2023-07-06T09:29:49","modified_gmt":"2023-07-06T09:29:49","slug":"pastef-ousmane-sonko-procede-a-des-nominations","status":"publish","type":"post","link":"https:\/\/www.nettali.com\/2023\/07\/06\/pastef-ousmane-sonko-procede-a-des-nominations\/","title":{"rendered":"PASTEF - Ousmane Sonko proc\u00e8de \u00e0 des nominations"},"content":{"rendered":"<p class=\"summary_label\">NETTALI.COM -\u00a0 Le leader de Pastef, Ousmane Sonko, a proc\u00e9d\u00e9 \u00e0 de nouvelles nominations au sein de son parti. C'est ainsi que le d\u00e9put\u00e9 Ayib Daff\u00e9 est promu au poste de secr\u00e9taire g\u00e9n\u00e9ral. Poste qui \u00e9tait occup\u00e9 par Bassirou Diomaye Faye, aujourd'hui en prison. Ayib Daff\u00e9 \u00e9tait l'adjoint de Bassirou Diomaye Faye.\u00a0 Me Ngagne Demba Tour\u00e9 est nomm\u00e9 coordonnateur du mouvement Jeunesse patriotique du S\u00e9n\u00e9gal. Ci-dessous la liste compl\u00e8te des nominations.<\/p>\n<p><img loading=\"lazy\" class=\"alignnone size-large wp-image-113563\" src=\"https:\/\/www.nettali.com\/wp-content\/uploads\/2023\/07\/Sonko-742x1024.jpeg\" alt=\"\" width=\"742\" height=\"1024\" srcset=\"https:\/\/www.nettali.com\/wp-content\/uploads\/2023\/07\/Sonko-742x1024.jpeg 742w, https:\/\/www.nettali.com\/wp-content\/uploads\/2023\/07\/Sonko-217x300.jpeg 217w, https:\/\/www.nettali.com\/wp-content\/uploads\/2023\/07\/Sonko-768x1060.jpeg 768w, https:\/\/www.nettali.com\/wp-content\/uploads\/2023\/07\/Sonko.jpeg 978w\" sizes=\"(max-width: 742px) 100vw, 742px\" \/><\/p>\n<div id=\"printable\" class=\"text_body\"><\/div>\n<div class='share-to-whatsapp-wrapper'><div class='share-on-whsp'>PARTAGER SUR : <\/div><a data-text='PASTEF - Ousmane Sonko proc\u00e8de \u00e0 des nominations' data-link='https:\/\/www.nettali.com\/2023\/07\/06\/pastef-ousmane-sonko-procede-a-des-nominations\/' class='whatsapp-button whatsapp-share'>WhatsApp<\/a><div class='clear '><\/div><\/div>","protected":false},"excerpt":{"rendered":"<p>NETTALI.COM -\u00a0 Le leader de Pastef, Ousmane Sonko, a proc\u00e9d\u00e9 \u00e0 de nouvelles nominations au sein de son parti. C'est ainsi que le d\u00e9put\u00e9 Ayib Daff\u00e9 est promu au poste de secr\u00e9taire g\u00e9n\u00e9ral. Poste qui \u00e9tait occup\u00e9 par Bassirou Diomaye Faye, aujourd'hui en prison. Ayib Daff\u00e9 \u00e9tait l'adjoint de Bassirou Diomaye Faye.\u00a0 Me Ngagne Demba [&hellip;]<\/p>\n","protected":false},"author":4,"featured_media":113564,"comment_status":"open","ping_status":"open","sticky":false,"template":"","format":"standard","meta":{"_et_pb_use_builder":"","_et_pb_old_content":""},"categories":[2],"tags":[],"yoast_head":"<!-- This site is optimized with the Yoast SEO Premium plugin v17.8 (Yoast SEO v17.8) - https:\/\/yoast.com\/wordpress\/plugins\/seo\/ -->\n<title>PASTEF - Ousmane Sonko proc\u00e8de \u00e0 des nominations | Nettali.com<\/title>\n<meta name=\"robots\" content=\"index, follow, max-snippet:-1, max-image-preview:large, max-video-preview:-1\" \/>\n<link rel=\"canonical\" href=\"https:\/\/www.nettali.com\/2023\/07\/06\/pastef-ousmane-sonko-procede-a-des-nominations\/\" \/>\n<meta property=\"og:locale\" content=\"fr_FR\" \/>\n<meta property=\"og:type\" content=\"article\" \/>\n<meta property=\"og:title\" content=\"PASTEF - Ousmane Sonko proc\u00e8de \u00e0 des nominations\" \/>\n<meta property=\"og:description\" content=\"NETTALI.COM -\u00a0 Le leader de Pastef, Ousmane Sonko, a proc\u00e9d\u00e9 \u00e0 de nouvelles nominations au sein de son parti. C&#039;est ainsi que le d\u00e9put\u00e9 Ayib Daff\u00e9 est promu au poste de secr\u00e9taire g\u00e9n\u00e9ral. Poste qui \u00e9tait occup\u00e9 par Bassirou Diomaye Faye, aujourd&#039;hui en prison. Ayib Daff\u00e9 \u00e9tait l&#039;adjoint de Bassirou Diomaye Faye.\u00a0 Me Ngagne Demba [&hellip;]\" \/>\n<meta property=\"og:url\" content=\"https:\/\/www.nettali.com\/2023\/07\/06\/pastef-ousmane-sonko-procede-a-des-nominations\/\" \/>\n<meta property=\"og:site_name\" content=\"Nettali.com\" \/>\n<meta property=\"article:publisher\" content=\"https:\/\/www.facebook.com\/nettalicom\" \/>\n<meta property=\"article:published_time\" content=\"2023-07-06T09:29:49+00:00\" \/>\n<meta property=\"og:image\" content=\"https:\/\/www.nettali.com\/wp-content\/uploads\/2023\/07\/Sonko-e1688635709112.png\" \/>\n\t<meta property=\"og:image:width\" content=\"1596\" \/>\n\t<meta property=\"og:image:height\" content=\"684\" \/>\n<meta name=\"twitter:card\" content=\"summary_large_image\" \/>\n<meta name=\"twitter:label1\" content=\"\u00c9crit par\" \/>\n\t<meta name=\"twitter:data1\" content=\"Daouda\" \/>\n\t<meta name=\"twitter:label2\" content=\"Dur\u00e9e de lecture estim\u00e9e\" \/>\n\t<meta name=\"twitter:data2\" content=\"1 minute\" \/>\n<script type=\"application\/ld+json\" class=\"yoast-schema-graph\">{\"@context\":\"https:\/\/schema.org\",\"@graph\":[{\"@type\":\"WebSite\",\"@id\":\"https:\/\/www.nettali.com\/#website\",\"url\":\"https:\/\/www.nettali.com\/\",\"name\":\"Nettali.com\",\"description\":\"Le rendez-vous critique du Net\",\"potentialAction\":[{\"@type\":\"SearchAction\",\"target\":{\"@type\":\"EntryPoint\",\"urlTemplate\":\"https:\/\/www.nettali.com\/?s={search_term_string}\"},\"query-input\":\"required name=search_term_string\"}],\"inLanguage\":\"fr-FR\"},{\"@type\":\"ImageObject\",\"@id\":\"https:\/\/www.nettali.com\/2023\/07\/06\/pastef-ousmane-sonko-procede-a-des-nominations\/#primaryimage\",\"inLanguage\":\"fr-FR\",\"url\":\"https:\/\/www.nettali.com\/wp-content\/uploads\/2023\/07\/Sonko-e1688635709112.png\",\"contentUrl\":\"https:\/\/www.nettali.com\/wp-content\/uploads\/2023\/07\/Sonko-e1688635709112.png\",\"width\":1596,\"height\":684},{\"@type\":\"WebPage\",\"@id\":\"https:\/\/www.nettali.com\/2023\/07\/06\/pastef-ousmane-sonko-procede-a-des-nominations\/#webpage\",\"url\":\"https:\/\/www.nettali.com\/2023\/07\/06\/pastef-ousmane-sonko-procede-a-des-nominations\/\",\"name\":\"PASTEF - Ousmane Sonko proc\\u00e8de \\u00e0 des nominations | Nettali.com\",\"isPartOf\":{\"@id\":\"https:\/\/www.nettali.com\/#website\"},\"primaryImageOfPage\":{\"@id\":\"https:\/\/www.nettali.com\/2023\/07\/06\/pastef-ousmane-sonko-procede-a-des-nominations\/#primaryimage\"},\"datePublished\":\"2023-07-06T09:29:49+00:00\",\"dateModified\":\"2023-07-06T09:29:49+00:00\",\"author\":{\"@id\":\"https:\/\/www.nettali.com\/#\/schema\/person\/3317e0bb3aa1da309fbf7b2780901bf4\"},\"breadcrumb\":{\"@id\":\"https:\/\/www.nettali.com\/2023\/07\/06\/pastef-ousmane-sonko-procede-a-des-nominations\/#breadcrumb\"},\"inLanguage\":\"fr-FR\",\"potentialAction\":[{\"@type\":\"ReadAction\",\"target\":[\"https:\/\/www.nettali.com\/2023\/07\/06\/pastef-ousmane-sonko-procede-a-des-nominations\/\"]}]},{\"@type\":\"BreadcrumbList\",\"@id\":\"https:\/\/www.nettali.com\/2023\/07\/06\/pastef-ousmane-sonko-procede-a-des-nominations\/#breadcrumb\",\"itemListElement\":[{\"@type\":\"ListItem\",\"position\":1,\"name\":\"Accueil\",\"item\":\"https:\/\/www.nettali.com\/\"},{\"@type\":\"ListItem\",\"position\":2,\"name\":\"PASTEF - Ousmane Sonko proc\\u00e8de \\u00e0 des nominations\"}]},{\"@type\":\"Person\",\"@id\":\"https:\/\/www.nettali.com\/#\/schema\/person\/3317e0bb3aa1da309fbf7b2780901bf4\",\"name\":\"Daouda\",\"image\":{\"@type\":\"ImageObject\",\"@id\":\"https:\/\/www.nettali.com\/#personlogo\",\"inLanguage\":\"fr-FR\",\"url\":\"https:\/\/secure.gravatar.com\/avatar\/8d143b5a49345098ddcfee1c49c2f47c?s=96&d=mm&r=g\",\"contentUrl\":\"https:\/\/secure.gravatar.com\/avatar\/8d143b5a49345098ddcfee1c49c2f47c?s=96&d=mm&r=g\",\"caption\":\"Daouda\"},\"sameAs\":[\"https:\/\/www.nettali.com\"]}]}<\/script>\n<!-- \/ Yoast SEO Premium plugin. -->","yoast_head_json":{"title":"PASTEF - Ousmane Sonko proc\u00e8de \u00e0 des nominations | Nettali.com","robots":{"index":"index","follow":"follow","max-snippet":"max-snippet:-1","max-image-preview":"max-image-preview:large","max-video-preview":"max-video-preview:-1"},"canonical":"https:\/\/www.nettali.com\/2023\/07\/06\/pastef-ousmane-sonko-procede-a-des-nominations\/","og_locale":"fr_FR","og_type":"article","og_title":"PASTEF - Ousmane Sonko proc\u00e8de \u00e0 des nominations","og_description":"NETTALI.COM -\u00a0 Le leader de Pastef, Ousmane Sonko, a proc\u00e9d\u00e9 \u00e0 de nouvelles nominations au sein de son parti. C'est ainsi que le d\u00e9put\u00e9 Ayib Daff\u00e9 est promu au poste de secr\u00e9taire g\u00e9n\u00e9ral. Poste qui \u00e9tait occup\u00e9 par Bassirou Diomaye Faye, aujourd'hui en prison. Ayib Daff\u00e9 \u00e9tait l'adjoint de Bassirou Diomaye Faye.\u00a0 Me Ngagne Demba [&hellip;]","og_url":"https:\/\/www.nettali.com\/2023\/07\/06\/pastef-ousmane-sonko-procede-a-des-nominations\/","og_site_name":"Nettali.com","article_publisher":"https:\/\/www.facebook.com\/nettalicom","article_published_time":"2023-07-06T09:29:49+00:00","og_image":[{"width":1596,"height":684,"url":"https:\/\/www.nettali.com\/wp-content\/uploads\/2023\/07\/Sonko-e1688635709112.png","type":"image\/png"}],"twitter_card":"summary_large_image","twitter_misc":{"\u00c9crit par":"Daouda","Dur\u00e9e de lecture estim\u00e9e":"1 minute"},"schema":{"@context":"https:\/\/schema.org","@graph":[{"@type":"WebSite","@id":"https:\/\/www.nettali.com\/#website","url":"https:\/\/www.nettali.com\/","name":"Nettali.com","description":"Le rendez-vous critique du Net","potentialAction":[{"@type":"SearchAction","target":{"@type":"EntryPoint","urlTemplate":"https:\/\/www.nettali.com\/?s={search_term_string}"},"query-input":"required name=search_term_string"}],"inLanguage":"fr-FR"},{"@type":"ImageObject","@id":"https:\/\/www.nettali.com\/2023\/07\/06\/pastef-ousmane-sonko-procede-a-des-nominations\/#primaryimage","inLanguage":"fr-FR","url":"https:\/\/www.nettali.com\/wp-content\/uploads\/2023\/07\/Sonko-e1688635709112.png","contentUrl":"https:\/\/www.nettali.com\/wp-content\/uploads\/2023\/07\/Sonko-e1688635709112.png","width":1596,"height":684},{"@type":"WebPage","@id":"https:\/\/www.nettali.com\/2023\/07\/06\/pastef-ousmane-sonko-procede-a-des-nominations\/#webpage","url":"https:\/\/www.nettali.com\/2023\/07\/06\/pastef-ousmane-sonko-procede-a-des-nominations\/","name":"PASTEF - Ousmane Sonko proc\u00e8de \u00e0 des nominations | Nettali.com","isPartOf":{"@id":"https:\/\/www.nettali.com\/#website"},"primaryImageOfPage":{"@id":"https:\/\/www.nettali.com\/2023\/07\/06\/pastef-ousmane-sonko-procede-a-des-nominations\/#primaryimage"},"datePublished":"2023-07-06T09:29:49+00:00","dateModified":"2023-07-06T09:29:49+00:00","author":{"@id":"https:\/\/www.nettali.com\/#\/schema\/person\/3317e0bb3aa1da309fbf7b2780901bf4"},"breadcrumb":{"@id":"https:\/\/www.nettali.com\/2023\/07\/06\/pastef-ousmane-sonko-procede-a-des-nominations\/#breadcrumb"},"inLanguage":"fr-FR","potentialAction":[{"@type":"ReadAction","target":["https:\/\/www.nettali.com\/2023\/07\/06\/pastef-ousmane-sonko-procede-a-des-nominations\/"]}]},{"@type":"BreadcrumbList","@id":"https:\/\/www.nettali.com\/2023\/07\/06\/pastef-ousmane-sonko-procede-a-des-nominations\/#breadcrumb","itemListElement":[{"@type":"ListItem","position":1,"name":"Accueil","item":"https:\/\/www.nettali.com\/"},{"@type":"ListItem","position":2,"name":"PASTEF - Ousmane Sonko proc\u00e8de \u00e0 des nominations"}]},{"@type":"Person","@id":"https:\/\/www.nettali.com\/#\/schema\/person\/3317e0bb3aa1da309fbf7b2780901bf4","name":"Daouda","image":{"@type":"ImageObject","@id":"https:\/\/www.nettali.com\/#personlogo","inLanguage":"fr-FR","url":"https:\/\/secure.gravatar.com\/avatar\/8d143b5a49345098ddcfee1c49c2f47c?s=96&d=mm&r=g","contentUrl":"https:\/\/secure.gravatar.com\/avatar\/8d143b5a49345098ddcfee1c49c2f47c?s=96&d=mm&r=g","caption":"Daouda"},"sameAs":["https:\/\/www.nettali.com"]}]}},"_links":{"self":[{"href":"https:\/\/www.nettali.com\/rest\/wp\/v2\/posts\/113560"}],"collection":[{"href":"https:\/\/www.nettali.com\/rest\/wp\/v2\/posts"}],"about":[{"href":"https:\/\/www.nettali.com\/rest\/wp\/v2\/types\/post"}],"author":[{"embeddable":true,"href":"https:\/\/www.nettali.com\/rest\/wp\/v2\/users\/4"}],"replies":[{"embeddable":true,"href":"https:\/\/www.nettali.com\/rest\/wp\/v2\/comments?post=113560"}],"version-history":[{"count":1,"href":"https:\/\/www.nettali.com\/rest\/wp\/v2\/posts\/113560\/revisions"}],"predecessor-version":[{"id":113566,"href":"https:\/\/www.nettali.com\/rest\/wp\/v2\/posts\/113560\/revisions\/113566"}],"wp:featuredmedia":[{"embeddable":true,"href":"https:\/\/www.nettali.com\/rest\/wp\/v2\/media\/113564"}],"wp:attachment":[{"href":"https:\/\/www.nettali.com\/rest\/wp\/v2\/media?parent=113560"}],"wp:term":[{"taxonomy":"category","embeddable":true,"href":"https:\/\/www.nettali.com\/rest\/wp\/v2\/categories?post=113560"},{"taxonomy":"post_tag","embeddable":true,"href":"https:\/\/www.nettali.com\/rest\/wp\/v2\/tags?post=113560"}],"curies":[{"name":"wp","href":"https:\/\/api.w.org\/{rel}","templated":true}]}}