{"id":113549,"date":"2023-07-06T08:40:48","date_gmt":"2023-07-06T08:40:48","guid":{"rendered":"https:\/\/www.nettali.com\/?p=113549"},"modified":"2023-07-06T08:41:08","modified_gmt":"2023-07-06T08:41:08","slug":"en-coulisses-tuchel-sest-deplace-chez-kane","status":"publish","type":"post","link":"https:\/\/www.nettali.com\/2023\/07\/06\/en-coulisses-tuchel-sest-deplace-chez-kane\/","title":{"rendered":"EN COULISSES - Tuchel s'est d\u00e9plac\u00e9 chez Kane"},"content":{"rendered":"<p><strong>NETTALI.COM -<\/strong> A la recherche d'un nouveau buteur, le Bayern Munich a jet\u00e9 son d\u00e9volu sur Harry Kane. Et l'entra\u00eeneur bavarois Thomas Tuchel n'h\u00e9site pas \u00e0 mettre la main \u00e0 la p\u00e2te dans ce dossier.<\/p>\n<p>Comme le rapporte Sport Bild, le technicien s'est d\u00e9plac\u00e9 personnellement chez l'avant-centre de Tottenham pour dis- cuter de sa potentielle venue en Bavi\u00e8re.<\/p>\n<p>Si Kane est s\u00e9duit \u00e0 l'id\u00e9e de rejoindre le champion d'Allemagne, ce dernier doit encore convaincre Tottenham. Et c'est loin d'\u00eatre gagn\u00e9 apr\u00e8s une premi\u00e8re offre, estim\u00e9e \u00e0 70 millions d'euros, refus\u00e9e par la formation de Premier League...<\/p>\n<div class='share-to-whatsapp-wrapper'><div class='share-on-whsp'>PARTAGER SUR : <\/div><a data-text='EN COULISSES - Tuchel s'est d\u00e9plac\u00e9 chez Kane' data-link='https:\/\/www.nettali.com\/2023\/07\/06\/en-coulisses-tuchel-sest-deplace-chez-kane\/' class='whatsapp-button whatsapp-share'>WhatsApp<\/a><div class='clear '><\/div><\/div>","protected":false},"excerpt":{"rendered":"<p>NETTALI.COM - A la recherche d'un nouveau buteur, le Bayern Munich a jet\u00e9 son d\u00e9volu sur Harry Kane. Et l'entra\u00eeneur bavarois Thomas Tuchel n'h\u00e9site pas \u00e0 mettre la main \u00e0 la p\u00e2te dans ce dossier. Comme le rapporte Sport Bild, le technicien s'est d\u00e9plac\u00e9 personnellement chez l'avant-centre de Tottenham pour dis- cuter de sa potentielle [&hellip;]<\/p>\n","protected":false},"author":2,"featured_media":0,"comment_status":"open","ping_status":"open","sticky":false,"template":"","format":"standard","meta":{"_et_pb_use_builder":"","_et_pb_old_content":""},"categories":[34945],"tags":[],"yoast_head":"<!-- This site is optimized with the Yoast SEO Premium plugin v17.8 (Yoast SEO v17.8) - https:\/\/yoast.com\/wordpress\/plugins\/seo\/ -->\n<title>EN COULISSES - Tuchel s&#039;est d\u00e9plac\u00e9 chez Kane | Nettali.com<\/title>\n<meta name=\"robots\" content=\"index, follow, max-snippet:-1, max-image-preview:large, max-video-preview:-1\" \/>\n<link rel=\"canonical\" href=\"https:\/\/www.nettali.com\/2023\/07\/06\/en-coulisses-tuchel-sest-deplace-chez-kane\/\" \/>\n<meta property=\"og:locale\" content=\"fr_FR\" \/>\n<meta property=\"og:type\" content=\"article\" \/>\n<meta property=\"og:title\" content=\"EN COULISSES - Tuchel s&#039;est d\u00e9plac\u00e9 chez Kane\" \/>\n<meta property=\"og:description\" content=\"NETTALI.COM - A la recherche d&#039;un nouveau buteur, le Bayern Munich a jet\u00e9 son d\u00e9volu sur Harry Kane. Et l&#039;entra\u00eeneur bavarois Thomas Tuchel n&#039;h\u00e9site pas \u00e0 mettre la main \u00e0 la p\u00e2te dans ce dossier. Comme le rapporte Sport Bild, le technicien s&#039;est d\u00e9plac\u00e9 personnellement chez l&#039;avant-centre de Tottenham pour dis- cuter de sa potentielle [&hellip;]\" \/>\n<meta property=\"og:url\" content=\"https:\/\/www.nettali.com\/2023\/07\/06\/en-coulisses-tuchel-sest-deplace-chez-kane\/\" \/>\n<meta property=\"og:site_name\" content=\"Nettali.com\" \/>\n<meta property=\"article:publisher\" content=\"https:\/\/www.facebook.com\/nettalicom\" \/>\n<meta property=\"article:published_time\" content=\"2023-07-06T08:40:48+00:00\" \/>\n<meta property=\"article:modified_time\" content=\"2023-07-06T08:41:08+00:00\" \/>\n<meta property=\"og:image\" content=\"https:\/\/www.nettali.com\/wp-content\/uploads\/2019\/03\/nettali-placeholder-post.jpg\" \/>\n\t<meta property=\"og:image:width\" content=\"1200\" \/>\n\t<meta property=\"og:image:height\" content=\"1200\" \/>\n<meta name=\"twitter:card\" content=\"summary_large_image\" \/>\n<meta name=\"twitter:label1\" content=\"\u00c9crit par\" \/>\n\t<meta name=\"twitter:data1\" content=\"CK\" \/>\n\t<meta name=\"twitter:label2\" content=\"Dur\u00e9e de lecture estim\u00e9e\" \/>\n\t<meta name=\"twitter:data2\" content=\"1 minute\" \/>\n<script type=\"application\/ld+json\" class=\"yoast-schema-graph\">{\"@context\":\"https:\/\/schema.org\",\"@graph\":[{\"@type\":\"WebSite\",\"@id\":\"https:\/\/www.nettali.com\/#website\",\"url\":\"https:\/\/www.nettali.com\/\",\"name\":\"Nettali.com\",\"description\":\"Le rendez-vous critique du Net\",\"potentialAction\":[{\"@type\":\"SearchAction\",\"target\":{\"@type\":\"EntryPoint\",\"urlTemplate\":\"https:\/\/www.nettali.com\/?s={search_term_string}\"},\"query-input\":\"required name=search_term_string\"}],\"inLanguage\":\"fr-FR\"},{\"@type\":\"WebPage\",\"@id\":\"https:\/\/www.nettali.com\/2023\/07\/06\/en-coulisses-tuchel-sest-deplace-chez-kane\/#webpage\",\"url\":\"https:\/\/www.nettali.com\/2023\/07\/06\/en-coulisses-tuchel-sest-deplace-chez-kane\/\",\"name\":\"EN COULISSES - Tuchel s'est d\\u00e9plac\\u00e9 chez Kane | Nettali.com\",\"isPartOf\":{\"@id\":\"https:\/\/www.nettali.com\/#website\"},\"datePublished\":\"2023-07-06T08:40:48+00:00\",\"dateModified\":\"2023-07-06T08:41:08+00:00\",\"author\":{\"@id\":\"https:\/\/www.nettali.com\/#\/schema\/person\/d8ac7b7e27ddad43f1c0d2ef090d7f71\"},\"breadcrumb\":{\"@id\":\"https:\/\/www.nettali.com\/2023\/07\/06\/en-coulisses-tuchel-sest-deplace-chez-kane\/#breadcrumb\"},\"inLanguage\":\"fr-FR\",\"potentialAction\":[{\"@type\":\"ReadAction\",\"target\":[\"https:\/\/www.nettali.com\/2023\/07\/06\/en-coulisses-tuchel-sest-deplace-chez-kane\/\"]}]},{\"@type\":\"BreadcrumbList\",\"@id\":\"https:\/\/www.nettali.com\/2023\/07\/06\/en-coulisses-tuchel-sest-deplace-chez-kane\/#breadcrumb\",\"itemListElement\":[{\"@type\":\"ListItem\",\"position\":1,\"name\":\"Accueil\",\"item\":\"https:\/\/www.nettali.com\/\"},{\"@type\":\"ListItem\",\"position\":2,\"name\":\"EN COULISSES - Tuchel s'est d\\u00e9plac\\u00e9 chez Kane\"}]},{\"@type\":\"Person\",\"@id\":\"https:\/\/www.nettali.com\/#\/schema\/person\/d8ac7b7e27ddad43f1c0d2ef090d7f71\",\"name\":\"CK\",\"image\":{\"@type\":\"ImageObject\",\"@id\":\"https:\/\/www.nettali.com\/#personlogo\",\"inLanguage\":\"fr-FR\",\"url\":\"https:\/\/secure.gravatar.com\/avatar\/1d8d5118b9327d94da7cd4ce7f17fec2?s=96&d=mm&r=g\",\"contentUrl\":\"https:\/\/secure.gravatar.com\/avatar\/1d8d5118b9327d94da7cd4ce7f17fec2?s=96&d=mm&r=g\",\"caption\":\"CK\"},\"sameAs\":[\"https:\/\/www.nettali.com\"]}]}<\/script>\n<!-- \/ Yoast SEO Premium plugin. -->","yoast_head_json":{"title":"EN COULISSES - Tuchel s'est d\u00e9plac\u00e9 chez Kane | Nettali.com","robots":{"index":"index","follow":"follow","max-snippet":"max-snippet:-1","max-image-preview":"max-image-preview:large","max-video-preview":"max-video-preview:-1"},"canonical":"https:\/\/www.nettali.com\/2023\/07\/06\/en-coulisses-tuchel-sest-deplace-chez-kane\/","og_locale":"fr_FR","og_type":"article","og_title":"EN COULISSES - Tuchel s'est d\u00e9plac\u00e9 chez Kane","og_description":"NETTALI.COM - A la recherche d'un nouveau buteur, le Bayern Munich a jet\u00e9 son d\u00e9volu sur Harry Kane. Et l'entra\u00eeneur bavarois Thomas Tuchel n'h\u00e9site pas \u00e0 mettre la main \u00e0 la p\u00e2te dans ce dossier. Comme le rapporte Sport Bild, le technicien s'est d\u00e9plac\u00e9 personnellement chez l'avant-centre de Tottenham pour dis- cuter de sa potentielle [&hellip;]","og_url":"https:\/\/www.nettali.com\/2023\/07\/06\/en-coulisses-tuchel-sest-deplace-chez-kane\/","og_site_name":"Nettali.com","article_publisher":"https:\/\/www.facebook.com\/nettalicom","article_published_time":"2023-07-06T08:40:48+00:00","article_modified_time":"2023-07-06T08:41:08+00:00","og_image":[{"width":1200,"height":1200,"url":"https:\/\/www.nettali.com\/wp-content\/uploads\/2019\/03\/nettali-placeholder-post.jpg","type":"image\/jpeg"}],"twitter_card":"summary_large_image","twitter_misc":{"\u00c9crit par":"CK","Dur\u00e9e de lecture estim\u00e9e":"1 minute"},"schema":{"@context":"https:\/\/schema.org","@graph":[{"@type":"WebSite","@id":"https:\/\/www.nettali.com\/#website","url":"https:\/\/www.nettali.com\/","name":"Nettali.com","description":"Le rendez-vous critique du Net","potentialAction":[{"@type":"SearchAction","target":{"@type":"EntryPoint","urlTemplate":"https:\/\/www.nettali.com\/?s={search_term_string}"},"query-input":"required name=search_term_string"}],"inLanguage":"fr-FR"},{"@type":"WebPage","@id":"https:\/\/www.nettali.com\/2023\/07\/06\/en-coulisses-tuchel-sest-deplace-chez-kane\/#webpage","url":"https:\/\/www.nettali.com\/2023\/07\/06\/en-coulisses-tuchel-sest-deplace-chez-kane\/","name":"EN COULISSES - Tuchel s'est d\u00e9plac\u00e9 chez Kane | Nettali.com","isPartOf":{"@id":"https:\/\/www.nettali.com\/#website"},"datePublished":"2023-07-06T08:40:48+00:00","dateModified":"2023-07-06T08:41:08+00:00","author":{"@id":"https:\/\/www.nettali.com\/#\/schema\/person\/d8ac7b7e27ddad43f1c0d2ef090d7f71"},"breadcrumb":{"@id":"https:\/\/www.nettali.com\/2023\/07\/06\/en-coulisses-tuchel-sest-deplace-chez-kane\/#breadcrumb"},"inLanguage":"fr-FR","potentialAction":[{"@type":"ReadAction","target":["https:\/\/www.nettali.com\/2023\/07\/06\/en-coulisses-tuchel-sest-deplace-chez-kane\/"]}]},{"@type":"BreadcrumbList","@id":"https:\/\/www.nettali.com\/2023\/07\/06\/en-coulisses-tuchel-sest-deplace-chez-kane\/#breadcrumb","itemListElement":[{"@type":"ListItem","position":1,"name":"Accueil","item":"https:\/\/www.nettali.com\/"},{"@type":"ListItem","position":2,"name":"EN COULISSES - Tuchel s'est d\u00e9plac\u00e9 chez Kane"}]},{"@type":"Person","@id":"https:\/\/www.nettali.com\/#\/schema\/person\/d8ac7b7e27ddad43f1c0d2ef090d7f71","name":"CK","image":{"@type":"ImageObject","@id":"https:\/\/www.nettali.com\/#personlogo","inLanguage":"fr-FR","url":"https:\/\/secure.gravatar.com\/avatar\/1d8d5118b9327d94da7cd4ce7f17fec2?s=96&d=mm&r=g","contentUrl":"https:\/\/secure.gravatar.com\/avatar\/1d8d5118b9327d94da7cd4ce7f17fec2?s=96&d=mm&r=g","caption":"CK"},"sameAs":["https:\/\/www.nettali.com"]}]}},"_links":{"self":[{"href":"https:\/\/www.nettali.com\/rest\/wp\/v2\/posts\/113549"}],"collection":[{"href":"https:\/\/www.nettali.com\/rest\/wp\/v2\/posts"}],"about":[{"href":"https:\/\/www.nettali.com\/rest\/wp\/v2\/types\/post"}],"author":[{"embeddable":true,"href":"https:\/\/www.nettali.com\/rest\/wp\/v2\/users\/2"}],"replies":[{"embeddable":true,"href":"https:\/\/www.nettali.com\/rest\/wp\/v2\/comments?post=113549"}],"version-history":[{"count":1,"href":"https:\/\/www.nettali.com\/rest\/wp\/v2\/posts\/113549\/revisions"}],"predecessor-version":[{"id":113550,"href":"https:\/\/www.nettali.com\/rest\/wp\/v2\/posts\/113549\/revisions\/113550"}],"wp:attachment":[{"href":"https:\/\/www.nettali.com\/rest\/wp\/v2\/media?parent=113549"}],"wp:term":[{"taxonomy":"category","embeddable":true,"href":"https:\/\/www.nettali.com\/rest\/wp\/v2\/categories?post=113549"},{"taxonomy":"post_tag","embeddable":true,"href":"https:\/\/www.nettali.com\/rest\/wp\/v2\/tags?post=113549"}],"curies":[{"name":"wp","href":"https:\/\/api.w.org\/{rel}","templated":true}]}}