{"id":113546,"date":"2023-07-06T08:41:52","date_gmt":"2023-07-06T08:41:52","guid":{"rendered":"https:\/\/www.nettali.com\/?p=113546"},"modified":"2023-07-06T08:41:52","modified_gmt":"2023-07-06T08:41:52","slug":"en-coulisses-la-sortie-de-route-de-trop","status":"publish","type":"post","link":"https:\/\/www.nettali.com\/2023\/07\/06\/en-coulisses-la-sortie-de-route-de-trop\/","title":{"rendered":"EN COULISSES - La sortie de route de trop !"},"content":{"rendered":"<div class=\"page\" title=\"Page 4\">\n<div class=\"layoutArea\">\n<div class=\"column\">\n<p><strong>NETTALI.COM -<\/strong> Une sortie qui a eu du mal \u00e0 passer dans l'opinion, c\u2019est celle de Birame Soul\u00e8ye Diop et non moins pr\u00e9sident du groupe parlementaire Yewwi Askan Wi. C'\u00e9tait\u00a0 lors de la confe\u0301rence de presse de ladite coalition, mardi 4 juillet.<\/p>\n<p>Le cadre de Pastef qui se montrait plus que me\u0301fiant sur les intentions du pre\u0301sident de la Re\u0301publique Macky Sall, apre\u0300s que ce dernier a annonce\u0301 qu\u2019il ne briguera pas un troisie\u0300me mandat, a voulu mettre en garde ses remplac\u0327ants potentiels au sein de la mouvance pre\u0301sidentielle en ces termes : \"<em>J\u2019avertis les prochains candidats de l\u2019APR. E\u0301vitez de manger chez lui (Macky Sall, NDLR) et de boire son eau, car il est capable de vous empoisonner... et de dire que comme nous n\u2019avons pas de candidat je reviens.<\/em>\u201d<\/p>\n<\/div>\n<div class=\"column\">\n<p>Malgre\u0301 ces similitudes, la tentative d\u2019e\u0301quivalence du de\u0301pute\u0301 de Pastef entre les situations politiques entre les deux pays ouest-africains a \u00e9t\u00e9 tr\u00e8s peu appr\u00e9ci\u00e9e. A\u0300 l\u2019image du coordonnateur Forum civil\/ Section se\u0301ne\u0301galaise de Transparency International. S\u2019adressant aux membres de YAW, Birahime Seck estime \"qu\u2019en un moment donne\u0301, il faut savoir raison garder. Je de\u0301nonce vigoureusement les propos inacceptables de monsieur Birame Soule\u0300ye Diop tenus a\u0300 l'endroit du pre\u0301sident de la Re\u0301publique\".<\/p>\n<p>Ancien Premier ministre du Se\u0301ne\u0301gal, Abdoul Mbaye s\u2019est e\u0301galement prononce\u0301 sur cette affaire. Dans un tweet, le pre\u0301sident de l\u2019ACT invite a\u0300 prendre \"<em>acte des excuses pre\u0301sente\u0301es<\/em>\". L\u2019opposant appelle tout de me\u0302me la classe politique a\u0300 e\u0301viter de mettre \"l<em>e discre\u0301dit sur notre pays via celui de ses acteurs politiques. L\u2019insulte, l\u2019accusation gratuite avec pour cibles de simples citoyens ou chefs d\u2019E\u0301tat, nationaux ou e\u0301trangers, ne peuvent e\u0302tre le c\u0153ur d\u2019un de\u0301bat politique<\/em>\", a-t-il dit.<\/p>\n<\/div>\n<\/div>\n<\/div>\n<p>Des propos qui ont d'ailleurs valu au pr\u00e9sident du groupe parlementaire Yewwi askan wi apr\u00e8s ses \"plates excuses\". Il a \u00e9t\u00e9 plac\u00e9 en garde \u00e0 vue \u00e0 la s\u00fbret\u00e9 urbaine. Il lui est en effet reproch\u00e9 d'avoir diffam\u00e9 un chef d'Etat \u00e9tranger. Ce qui serait de nature \u00e0 nuire aux relations diplomatiques du S\u00e9n\u00e9gal. Birame Soul\u00e8ye Diop est aussi accus\u00e9 d'avoir jet\u00e9 le discr\u00e9dit sur une institution de la R\u00e9publique.<\/p>\n<p>&nbsp;<\/p>\n<div class='share-to-whatsapp-wrapper'><div class='share-on-whsp'>PARTAGER SUR : <\/div><a data-text='EN COULISSES - La sortie de route de trop !' data-link='https:\/\/www.nettali.com\/2023\/07\/06\/en-coulisses-la-sortie-de-route-de-trop\/' class='whatsapp-button whatsapp-share'>WhatsApp<\/a><div class='clear '><\/div><\/div>","protected":false},"excerpt":{"rendered":"<p>NETTALI.COM - Une sortie qui a eu du mal \u00e0 passer dans l'opinion, c\u2019est celle de Birame Soul\u00e8ye Diop et non moins pr\u00e9sident du groupe parlementaire Yewwi Askan Wi. C'\u00e9tait\u00a0 lors de la confe\u0301rence de presse de ladite coalition, mardi 4 juillet. Le cadre de Pastef qui se montrait plus que me\u0301fiant sur les intentions [&hellip;]<\/p>\n","protected":false},"author":2,"featured_media":0,"comment_status":"open","ping_status":"open","sticky":false,"template":"","format":"standard","meta":{"_et_pb_use_builder":"","_et_pb_old_content":""},"categories":[34945],"tags":[],"yoast_head":"<!-- This site is optimized with the Yoast SEO Premium plugin v17.8 (Yoast SEO v17.8) - https:\/\/yoast.com\/wordpress\/plugins\/seo\/ -->\n<title>EN COULISSES - La sortie de route de trop ! | Nettali.com<\/title>\n<meta name=\"robots\" content=\"index, follow, max-snippet:-1, max-image-preview:large, max-video-preview:-1\" \/>\n<link rel=\"canonical\" href=\"https:\/\/www.nettali.com\/2023\/07\/06\/en-coulisses-la-sortie-de-route-de-trop\/\" \/>\n<meta property=\"og:locale\" content=\"fr_FR\" \/>\n<meta property=\"og:type\" content=\"article\" \/>\n<meta property=\"og:title\" content=\"EN COULISSES - La sortie de route de trop !\" \/>\n<meta property=\"og:description\" content=\"NETTALI.COM - Une sortie qui a eu du mal \u00e0 passer dans l&#039;opinion, c\u2019est celle de Birame Soul\u00e8ye Diop et non moins pr\u00e9sident du groupe parlementaire Yewwi Askan Wi. C&#039;\u00e9tait\u00a0 lors de la confe\u0301rence de presse de ladite coalition, mardi 4 juillet. Le cadre de Pastef qui se montrait plus que me\u0301fiant sur les intentions [&hellip;]\" \/>\n<meta property=\"og:url\" content=\"https:\/\/www.nettali.com\/2023\/07\/06\/en-coulisses-la-sortie-de-route-de-trop\/\" \/>\n<meta property=\"og:site_name\" content=\"Nettali.com\" \/>\n<meta property=\"article:publisher\" content=\"https:\/\/www.facebook.com\/nettalicom\" \/>\n<meta property=\"article:published_time\" content=\"2023-07-06T08:41:52+00:00\" \/>\n<meta property=\"og:image\" content=\"https:\/\/www.nettali.com\/wp-content\/uploads\/2019\/03\/nettali-placeholder-post.jpg\" \/>\n\t<meta property=\"og:image:width\" content=\"1200\" \/>\n\t<meta property=\"og:image:height\" content=\"1200\" \/>\n<meta name=\"twitter:card\" content=\"summary_large_image\" \/>\n<meta name=\"twitter:label1\" content=\"\u00c9crit par\" \/>\n\t<meta name=\"twitter:data1\" content=\"CK\" \/>\n\t<meta name=\"twitter:label2\" content=\"Dur\u00e9e de lecture estim\u00e9e\" \/>\n\t<meta name=\"twitter:data2\" content=\"2 minutes\" \/>\n<script type=\"application\/ld+json\" class=\"yoast-schema-graph\">{\"@context\":\"https:\/\/schema.org\",\"@graph\":[{\"@type\":\"WebSite\",\"@id\":\"https:\/\/www.nettali.com\/#website\",\"url\":\"https:\/\/www.nettali.com\/\",\"name\":\"Nettali.com\",\"description\":\"Le rendez-vous critique du Net\",\"potentialAction\":[{\"@type\":\"SearchAction\",\"target\":{\"@type\":\"EntryPoint\",\"urlTemplate\":\"https:\/\/www.nettali.com\/?s={search_term_string}\"},\"query-input\":\"required name=search_term_string\"}],\"inLanguage\":\"fr-FR\"},{\"@type\":\"WebPage\",\"@id\":\"https:\/\/www.nettali.com\/2023\/07\/06\/en-coulisses-la-sortie-de-route-de-trop\/#webpage\",\"url\":\"https:\/\/www.nettali.com\/2023\/07\/06\/en-coulisses-la-sortie-de-route-de-trop\/\",\"name\":\"EN COULISSES - La sortie de route de trop ! | Nettali.com\",\"isPartOf\":{\"@id\":\"https:\/\/www.nettali.com\/#website\"},\"datePublished\":\"2023-07-06T08:41:52+00:00\",\"dateModified\":\"2023-07-06T08:41:52+00:00\",\"author\":{\"@id\":\"https:\/\/www.nettali.com\/#\/schema\/person\/d8ac7b7e27ddad43f1c0d2ef090d7f71\"},\"breadcrumb\":{\"@id\":\"https:\/\/www.nettali.com\/2023\/07\/06\/en-coulisses-la-sortie-de-route-de-trop\/#breadcrumb\"},\"inLanguage\":\"fr-FR\",\"potentialAction\":[{\"@type\":\"ReadAction\",\"target\":[\"https:\/\/www.nettali.com\/2023\/07\/06\/en-coulisses-la-sortie-de-route-de-trop\/\"]}]},{\"@type\":\"BreadcrumbList\",\"@id\":\"https:\/\/www.nettali.com\/2023\/07\/06\/en-coulisses-la-sortie-de-route-de-trop\/#breadcrumb\",\"itemListElement\":[{\"@type\":\"ListItem\",\"position\":1,\"name\":\"Accueil\",\"item\":\"https:\/\/www.nettali.com\/\"},{\"@type\":\"ListItem\",\"position\":2,\"name\":\"EN COULISSES - La sortie de route de trop !\"}]},{\"@type\":\"Person\",\"@id\":\"https:\/\/www.nettali.com\/#\/schema\/person\/d8ac7b7e27ddad43f1c0d2ef090d7f71\",\"name\":\"CK\",\"image\":{\"@type\":\"ImageObject\",\"@id\":\"https:\/\/www.nettali.com\/#personlogo\",\"inLanguage\":\"fr-FR\",\"url\":\"https:\/\/secure.gravatar.com\/avatar\/1d8d5118b9327d94da7cd4ce7f17fec2?s=96&d=mm&r=g\",\"contentUrl\":\"https:\/\/secure.gravatar.com\/avatar\/1d8d5118b9327d94da7cd4ce7f17fec2?s=96&d=mm&r=g\",\"caption\":\"CK\"},\"sameAs\":[\"https:\/\/www.nettali.com\"]}]}<\/script>\n<!-- \/ Yoast SEO Premium plugin. -->","yoast_head_json":{"title":"EN COULISSES - La sortie de route de trop ! | Nettali.com","robots":{"index":"index","follow":"follow","max-snippet":"max-snippet:-1","max-image-preview":"max-image-preview:large","max-video-preview":"max-video-preview:-1"},"canonical":"https:\/\/www.nettali.com\/2023\/07\/06\/en-coulisses-la-sortie-de-route-de-trop\/","og_locale":"fr_FR","og_type":"article","og_title":"EN COULISSES - La sortie de route de trop !","og_description":"NETTALI.COM - Une sortie qui a eu du mal \u00e0 passer dans l'opinion, c\u2019est celle de Birame Soul\u00e8ye Diop et non moins pr\u00e9sident du groupe parlementaire Yewwi Askan Wi. C'\u00e9tait\u00a0 lors de la confe\u0301rence de presse de ladite coalition, mardi 4 juillet. Le cadre de Pastef qui se montrait plus que me\u0301fiant sur les intentions [&hellip;]","og_url":"https:\/\/www.nettali.com\/2023\/07\/06\/en-coulisses-la-sortie-de-route-de-trop\/","og_site_name":"Nettali.com","article_publisher":"https:\/\/www.facebook.com\/nettalicom","article_published_time":"2023-07-06T08:41:52+00:00","og_image":[{"width":1200,"height":1200,"url":"https:\/\/www.nettali.com\/wp-content\/uploads\/2019\/03\/nettali-placeholder-post.jpg","type":"image\/jpeg"}],"twitter_card":"summary_large_image","twitter_misc":{"\u00c9crit par":"CK","Dur\u00e9e de lecture estim\u00e9e":"2 minutes"},"schema":{"@context":"https:\/\/schema.org","@graph":[{"@type":"WebSite","@id":"https:\/\/www.nettali.com\/#website","url":"https:\/\/www.nettali.com\/","name":"Nettali.com","description":"Le rendez-vous critique du Net","potentialAction":[{"@type":"SearchAction","target":{"@type":"EntryPoint","urlTemplate":"https:\/\/www.nettali.com\/?s={search_term_string}"},"query-input":"required name=search_term_string"}],"inLanguage":"fr-FR"},{"@type":"WebPage","@id":"https:\/\/www.nettali.com\/2023\/07\/06\/en-coulisses-la-sortie-de-route-de-trop\/#webpage","url":"https:\/\/www.nettali.com\/2023\/07\/06\/en-coulisses-la-sortie-de-route-de-trop\/","name":"EN COULISSES - La sortie de route de trop ! | Nettali.com","isPartOf":{"@id":"https:\/\/www.nettali.com\/#website"},"datePublished":"2023-07-06T08:41:52+00:00","dateModified":"2023-07-06T08:41:52+00:00","author":{"@id":"https:\/\/www.nettali.com\/#\/schema\/person\/d8ac7b7e27ddad43f1c0d2ef090d7f71"},"breadcrumb":{"@id":"https:\/\/www.nettali.com\/2023\/07\/06\/en-coulisses-la-sortie-de-route-de-trop\/#breadcrumb"},"inLanguage":"fr-FR","potentialAction":[{"@type":"ReadAction","target":["https:\/\/www.nettali.com\/2023\/07\/06\/en-coulisses-la-sortie-de-route-de-trop\/"]}]},{"@type":"BreadcrumbList","@id":"https:\/\/www.nettali.com\/2023\/07\/06\/en-coulisses-la-sortie-de-route-de-trop\/#breadcrumb","itemListElement":[{"@type":"ListItem","position":1,"name":"Accueil","item":"https:\/\/www.nettali.com\/"},{"@type":"ListItem","position":2,"name":"EN COULISSES - La sortie de route de trop !"}]},{"@type":"Person","@id":"https:\/\/www.nettali.com\/#\/schema\/person\/d8ac7b7e27ddad43f1c0d2ef090d7f71","name":"CK","image":{"@type":"ImageObject","@id":"https:\/\/www.nettali.com\/#personlogo","inLanguage":"fr-FR","url":"https:\/\/secure.gravatar.com\/avatar\/1d8d5118b9327d94da7cd4ce7f17fec2?s=96&d=mm&r=g","contentUrl":"https:\/\/secure.gravatar.com\/avatar\/1d8d5118b9327d94da7cd4ce7f17fec2?s=96&d=mm&r=g","caption":"CK"},"sameAs":["https:\/\/www.nettali.com"]}]}},"_links":{"self":[{"href":"https:\/\/www.nettali.com\/rest\/wp\/v2\/posts\/113546"}],"collection":[{"href":"https:\/\/www.nettali.com\/rest\/wp\/v2\/posts"}],"about":[{"href":"https:\/\/www.nettali.com\/rest\/wp\/v2\/types\/post"}],"author":[{"embeddable":true,"href":"https:\/\/www.nettali.com\/rest\/wp\/v2\/users\/2"}],"replies":[{"embeddable":true,"href":"https:\/\/www.nettali.com\/rest\/wp\/v2\/comments?post=113546"}],"version-history":[{"count":1,"href":"https:\/\/www.nettali.com\/rest\/wp\/v2\/posts\/113546\/revisions"}],"predecessor-version":[{"id":113552,"href":"https:\/\/www.nettali.com\/rest\/wp\/v2\/posts\/113546\/revisions\/113552"}],"wp:attachment":[{"href":"https:\/\/www.nettali.com\/rest\/wp\/v2\/media?parent=113546"}],"wp:term":[{"taxonomy":"category","embeddable":true,"href":"https:\/\/www.nettali.com\/rest\/wp\/v2\/categories?post=113546"},{"taxonomy":"post_tag","embeddable":true,"href":"https:\/\/www.nettali.com\/rest\/wp\/v2\/tags?post=113546"}],"curies":[{"name":"wp","href":"https:\/\/api.w.org\/{rel}","templated":true}]}}