{"id":113517,"date":"2023-07-06T09:20:30","date_gmt":"2023-07-06T09:20:30","guid":{"rendered":"https:\/\/www.nettali.com\/?p=113517"},"modified":"2023-07-06T09:20:30","modified_gmt":"2023-07-06T09:20:30","slug":"conclusions-du-dialogue-national-le-president-de-la-republique-veut-un-compte-rendu-regulier","status":"publish","type":"post","link":"https:\/\/www.nettali.com\/2023\/07\/06\/conclusions-du-dialogue-national-le-president-de-la-republique-veut-un-compte-rendu-regulier\/","title":{"rendered":"CONCLUSIONS DU DIALOGUE NATIONAL - Le Pr\u00e9sident de la R\u00e9publique veut un compte rendu r\u00e9gulier"},"content":{"rendered":"<p><b>NETTALI.COM - <\/b><strong>En pr\u00e9sidant, le conseil du ministre de ce mercredi 05 Juillet 2023, le Pr\u00e9sident de la R\u00e9publique Macky Sall, a exhort\u00e9 \u00e0 son premier ministre, \u00a0de\u00a0<\/strong><strong>rendre compte r\u00e9guli\u00e8rement\u00a0 de l\u2019\u00e9tat de mise en \u0153uvre des d\u00e9cisions sectorielles issues du dialogue national.<\/strong><\/p>\n<p>Apr\u00e8s son message \u00e0 la nation, le Pr\u00e9sident de la R\u00e9publique a pr\u00e9sid\u00e9, ce mercredi 05 Juillet 2023 le conseil des ministres. Macky Sall a d\u2019embl\u00e9e salu\u00e9 le bon d\u00e9roulement, la qualit\u00e9\u00a0 l\u2019exhaustivit\u00e9 des recommandations et conclusions du dialogue national inclusif. Il a de ce fait invit\u00e9 le Premier ministre Amadou B\u00e2, \" <em>\u00e0 rendre compte r\u00e9guli\u00e8rement en Conseil des ministres, de l\u2019\u00e9tat de mise en \u0153uvre des d\u00e9cisions sectorielles issues du travail des\u00a0 commissions th\u00e9matiques du dialogue national\".<\/em><\/p>\n<p>Auparavant Macky Sall a f\u00e9licit\u00e9 l\u2019ensemble des participants et acteurs du dialogue national qui, estime-t-il, \" <em>depuis 2019, ont travaill\u00e9, avec responsabilit\u00e9 et patriotisme, pour l\u2019int\u00e9r\u00eat sup\u00e9rieur de la Nation, en vue de trouver les consensus durables et constructifs pour renforcer nos acquis d\u00e9mocratiques\u00a0 et le d\u00e9veloppement \u00e9conomique et social du S\u00e9n\u00e9gal<\/em>\".<\/p>\n<div class='share-to-whatsapp-wrapper'><div class='share-on-whsp'>PARTAGER SUR : <\/div><a data-text='CONCLUSIONS DU DIALOGUE NATIONAL - Le Pr\u00e9sident de la R\u00e9publique veut un compte rendu r\u00e9gulier' data-link='https:\/\/www.nettali.com\/2023\/07\/06\/conclusions-du-dialogue-national-le-president-de-la-republique-veut-un-compte-rendu-regulier\/' class='whatsapp-button whatsapp-share'>WhatsApp<\/a><div class='clear '><\/div><\/div>","protected":false},"excerpt":{"rendered":"<p>NETTALI.COM - En pr\u00e9sidant, le conseil du ministre de ce mercredi 05 Juillet 2023, le Pr\u00e9sident de la R\u00e9publique Macky Sall, a exhort\u00e9 \u00e0 son premier ministre, \u00a0de\u00a0rendre compte r\u00e9guli\u00e8rement\u00a0 de l\u2019\u00e9tat de mise en \u0153uvre des d\u00e9cisions sectorielles issues du dialogue national. Apr\u00e8s son message \u00e0 la nation, le Pr\u00e9sident de la R\u00e9publique a [&hellip;]<\/p>\n","protected":false},"author":6,"featured_media":108612,"comment_status":"open","ping_status":"open","sticky":false,"template":"","format":"standard","meta":{"_et_pb_use_builder":"","_et_pb_old_content":""},"categories":[2],"tags":[],"yoast_head":"<!-- This site is optimized with the Yoast SEO Premium plugin v17.8 (Yoast SEO v17.8) - https:\/\/yoast.com\/wordpress\/plugins\/seo\/ -->\n<title>CONCLUSIONS DU DIALOGUE NATIONAL - Le Pr\u00e9sident de la R\u00e9publique veut un compte rendu r\u00e9gulier | Nettali.com<\/title>\n<meta name=\"robots\" content=\"index, follow, max-snippet:-1, max-image-preview:large, max-video-preview:-1\" \/>\n<link rel=\"canonical\" href=\"https:\/\/www.nettali.com\/2023\/07\/06\/conclusions-du-dialogue-national-le-president-de-la-republique-veut-un-compte-rendu-regulier\/\" \/>\n<meta property=\"og:locale\" content=\"fr_FR\" \/>\n<meta property=\"og:type\" content=\"article\" \/>\n<meta property=\"og:title\" content=\"CONCLUSIONS DU DIALOGUE NATIONAL - Le Pr\u00e9sident de la R\u00e9publique veut un compte rendu r\u00e9gulier\" \/>\n<meta property=\"og:description\" content=\"NETTALI.COM - En pr\u00e9sidant, le conseil du ministre de ce mercredi 05 Juillet 2023, le Pr\u00e9sident de la R\u00e9publique Macky Sall, a exhort\u00e9 \u00e0 son premier ministre, \u00a0de\u00a0rendre compte r\u00e9guli\u00e8rement\u00a0 de l\u2019\u00e9tat de mise en \u0153uvre des d\u00e9cisions sectorielles issues du dialogue national. Apr\u00e8s son message \u00e0 la nation, le Pr\u00e9sident de la R\u00e9publique a [&hellip;]\" \/>\n<meta property=\"og:url\" content=\"https:\/\/www.nettali.com\/2023\/07\/06\/conclusions-du-dialogue-national-le-president-de-la-republique-veut-un-compte-rendu-regulier\/\" \/>\n<meta property=\"og:site_name\" content=\"Nettali.com\" \/>\n<meta property=\"article:publisher\" content=\"https:\/\/www.facebook.com\/nettalicom\" \/>\n<meta property=\"article:published_time\" content=\"2023-07-06T09:20:30+00:00\" \/>\n<meta property=\"og:image\" content=\"https:\/\/www.nettali.com\/wp-content\/uploads\/2023\/04\/macky-sall-topnews.sn_-1-1080x640-1-696x412-1.jpg\" \/>\n\t<meta property=\"og:image:width\" content=\"696\" \/>\n\t<meta property=\"og:image:height\" content=\"412\" \/>\n<meta name=\"twitter:card\" content=\"summary_large_image\" \/>\n<meta name=\"twitter:label1\" content=\"\u00c9crit par\" \/>\n\t<meta name=\"twitter:data1\" content=\"Fatou\" \/>\n\t<meta name=\"twitter:label2\" content=\"Dur\u00e9e de lecture estim\u00e9e\" \/>\n\t<meta name=\"twitter:data2\" content=\"1 minute\" \/>\n<script type=\"application\/ld+json\" class=\"yoast-schema-graph\">{\"@context\":\"https:\/\/schema.org\",\"@graph\":[{\"@type\":\"WebSite\",\"@id\":\"https:\/\/www.nettali.com\/#website\",\"url\":\"https:\/\/www.nettali.com\/\",\"name\":\"Nettali.com\",\"description\":\"Le rendez-vous critique du Net\",\"potentialAction\":[{\"@type\":\"SearchAction\",\"target\":{\"@type\":\"EntryPoint\",\"urlTemplate\":\"https:\/\/www.nettali.com\/?s={search_term_string}\"},\"query-input\":\"required name=search_term_string\"}],\"inLanguage\":\"fr-FR\"},{\"@type\":\"ImageObject\",\"@id\":\"https:\/\/www.nettali.com\/2023\/07\/06\/conclusions-du-dialogue-national-le-president-de-la-republique-veut-un-compte-rendu-regulier\/#primaryimage\",\"inLanguage\":\"fr-FR\",\"url\":\"https:\/\/www.nettali.com\/wp-content\/uploads\/2023\/04\/macky-sall-topnews.sn_-1-1080x640-1-696x412-1.jpg\",\"contentUrl\":\"https:\/\/www.nettali.com\/wp-content\/uploads\/2023\/04\/macky-sall-topnews.sn_-1-1080x640-1-696x412-1.jpg\",\"width\":696,\"height\":412},{\"@type\":\"WebPage\",\"@id\":\"https:\/\/www.nettali.com\/2023\/07\/06\/conclusions-du-dialogue-national-le-president-de-la-republique-veut-un-compte-rendu-regulier\/#webpage\",\"url\":\"https:\/\/www.nettali.com\/2023\/07\/06\/conclusions-du-dialogue-national-le-president-de-la-republique-veut-un-compte-rendu-regulier\/\",\"name\":\"CONCLUSIONS DU DIALOGUE NATIONAL - Le Pr\\u00e9sident de la R\\u00e9publique veut un compte rendu r\\u00e9gulier | Nettali.com\",\"isPartOf\":{\"@id\":\"https:\/\/www.nettali.com\/#website\"},\"primaryImageOfPage\":{\"@id\":\"https:\/\/www.nettali.com\/2023\/07\/06\/conclusions-du-dialogue-national-le-president-de-la-republique-veut-un-compte-rendu-regulier\/#primaryimage\"},\"datePublished\":\"2023-07-06T09:20:30+00:00\",\"dateModified\":\"2023-07-06T09:20:30+00:00\",\"author\":{\"@id\":\"https:\/\/www.nettali.com\/#\/schema\/person\/418274a86bdf87caff7a3ef476bd0bbf\"},\"breadcrumb\":{\"@id\":\"https:\/\/www.nettali.com\/2023\/07\/06\/conclusions-du-dialogue-national-le-president-de-la-republique-veut-un-compte-rendu-regulier\/#breadcrumb\"},\"inLanguage\":\"fr-FR\",\"potentialAction\":[{\"@type\":\"ReadAction\",\"target\":[\"https:\/\/www.nettali.com\/2023\/07\/06\/conclusions-du-dialogue-national-le-president-de-la-republique-veut-un-compte-rendu-regulier\/\"]}]},{\"@type\":\"BreadcrumbList\",\"@id\":\"https:\/\/www.nettali.com\/2023\/07\/06\/conclusions-du-dialogue-national-le-president-de-la-republique-veut-un-compte-rendu-regulier\/#breadcrumb\",\"itemListElement\":[{\"@type\":\"ListItem\",\"position\":1,\"name\":\"Accueil\",\"item\":\"https:\/\/www.nettali.com\/\"},{\"@type\":\"ListItem\",\"position\":2,\"name\":\"CONCLUSIONS DU DIALOGUE NATIONAL - Le Pr\\u00e9sident de la R\\u00e9publique veut un compte rendu r\\u00e9gulier\"}]},{\"@type\":\"Person\",\"@id\":\"https:\/\/www.nettali.com\/#\/schema\/person\/418274a86bdf87caff7a3ef476bd0bbf\",\"name\":\"Fatou\",\"image\":{\"@type\":\"ImageObject\",\"@id\":\"https:\/\/www.nettali.com\/#personlogo\",\"inLanguage\":\"fr-FR\",\"url\":\"https:\/\/secure.gravatar.com\/avatar\/5a9442a2bee7b4dcf167cab035858e9a?s=96&d=mm&r=g\",\"contentUrl\":\"https:\/\/secure.gravatar.com\/avatar\/5a9442a2bee7b4dcf167cab035858e9a?s=96&d=mm&r=g\",\"caption\":\"Fatou\"},\"sameAs\":[\"https:\/\/www.nettali.com\"]}]}<\/script>\n<!-- \/ Yoast SEO Premium plugin. -->","yoast_head_json":{"title":"CONCLUSIONS DU DIALOGUE NATIONAL - Le Pr\u00e9sident de la R\u00e9publique veut un compte rendu r\u00e9gulier | Nettali.com","robots":{"index":"index","follow":"follow","max-snippet":"max-snippet:-1","max-image-preview":"max-image-preview:large","max-video-preview":"max-video-preview:-1"},"canonical":"https:\/\/www.nettali.com\/2023\/07\/06\/conclusions-du-dialogue-national-le-president-de-la-republique-veut-un-compte-rendu-regulier\/","og_locale":"fr_FR","og_type":"article","og_title":"CONCLUSIONS DU DIALOGUE NATIONAL - Le Pr\u00e9sident de la R\u00e9publique veut un compte rendu r\u00e9gulier","og_description":"NETTALI.COM - En pr\u00e9sidant, le conseil du ministre de ce mercredi 05 Juillet 2023, le Pr\u00e9sident de la R\u00e9publique Macky Sall, a exhort\u00e9 \u00e0 son premier ministre, \u00a0de\u00a0rendre compte r\u00e9guli\u00e8rement\u00a0 de l\u2019\u00e9tat de mise en \u0153uvre des d\u00e9cisions sectorielles issues du dialogue national. Apr\u00e8s son message \u00e0 la nation, le Pr\u00e9sident de la R\u00e9publique a [&hellip;]","og_url":"https:\/\/www.nettali.com\/2023\/07\/06\/conclusions-du-dialogue-national-le-president-de-la-republique-veut-un-compte-rendu-regulier\/","og_site_name":"Nettali.com","article_publisher":"https:\/\/www.facebook.com\/nettalicom","article_published_time":"2023-07-06T09:20:30+00:00","og_image":[{"width":696,"height":412,"url":"https:\/\/www.nettali.com\/wp-content\/uploads\/2023\/04\/macky-sall-topnews.sn_-1-1080x640-1-696x412-1.jpg","type":"image\/jpeg"}],"twitter_card":"summary_large_image","twitter_misc":{"\u00c9crit par":"Fatou","Dur\u00e9e de lecture estim\u00e9e":"1 minute"},"schema":{"@context":"https:\/\/schema.org","@graph":[{"@type":"WebSite","@id":"https:\/\/www.nettali.com\/#website","url":"https:\/\/www.nettali.com\/","name":"Nettali.com","description":"Le rendez-vous critique du Net","potentialAction":[{"@type":"SearchAction","target":{"@type":"EntryPoint","urlTemplate":"https:\/\/www.nettali.com\/?s={search_term_string}"},"query-input":"required name=search_term_string"}],"inLanguage":"fr-FR"},{"@type":"ImageObject","@id":"https:\/\/www.nettali.com\/2023\/07\/06\/conclusions-du-dialogue-national-le-president-de-la-republique-veut-un-compte-rendu-regulier\/#primaryimage","inLanguage":"fr-FR","url":"https:\/\/www.nettali.com\/wp-content\/uploads\/2023\/04\/macky-sall-topnews.sn_-1-1080x640-1-696x412-1.jpg","contentUrl":"https:\/\/www.nettali.com\/wp-content\/uploads\/2023\/04\/macky-sall-topnews.sn_-1-1080x640-1-696x412-1.jpg","width":696,"height":412},{"@type":"WebPage","@id":"https:\/\/www.nettali.com\/2023\/07\/06\/conclusions-du-dialogue-national-le-president-de-la-republique-veut-un-compte-rendu-regulier\/#webpage","url":"https:\/\/www.nettali.com\/2023\/07\/06\/conclusions-du-dialogue-national-le-president-de-la-republique-veut-un-compte-rendu-regulier\/","name":"CONCLUSIONS DU DIALOGUE NATIONAL - Le Pr\u00e9sident de la R\u00e9publique veut un compte rendu r\u00e9gulier | Nettali.com","isPartOf":{"@id":"https:\/\/www.nettali.com\/#website"},"primaryImageOfPage":{"@id":"https:\/\/www.nettali.com\/2023\/07\/06\/conclusions-du-dialogue-national-le-president-de-la-republique-veut-un-compte-rendu-regulier\/#primaryimage"},"datePublished":"2023-07-06T09:20:30+00:00","dateModified":"2023-07-06T09:20:30+00:00","author":{"@id":"https:\/\/www.nettali.com\/#\/schema\/person\/418274a86bdf87caff7a3ef476bd0bbf"},"breadcrumb":{"@id":"https:\/\/www.nettali.com\/2023\/07\/06\/conclusions-du-dialogue-national-le-president-de-la-republique-veut-un-compte-rendu-regulier\/#breadcrumb"},"inLanguage":"fr-FR","potentialAction":[{"@type":"ReadAction","target":["https:\/\/www.nettali.com\/2023\/07\/06\/conclusions-du-dialogue-national-le-president-de-la-republique-veut-un-compte-rendu-regulier\/"]}]},{"@type":"BreadcrumbList","@id":"https:\/\/www.nettali.com\/2023\/07\/06\/conclusions-du-dialogue-national-le-president-de-la-republique-veut-un-compte-rendu-regulier\/#breadcrumb","itemListElement":[{"@type":"ListItem","position":1,"name":"Accueil","item":"https:\/\/www.nettali.com\/"},{"@type":"ListItem","position":2,"name":"CONCLUSIONS DU DIALOGUE NATIONAL - Le Pr\u00e9sident de la R\u00e9publique veut un compte rendu r\u00e9gulier"}]},{"@type":"Person","@id":"https:\/\/www.nettali.com\/#\/schema\/person\/418274a86bdf87caff7a3ef476bd0bbf","name":"Fatou","image":{"@type":"ImageObject","@id":"https:\/\/www.nettali.com\/#personlogo","inLanguage":"fr-FR","url":"https:\/\/secure.gravatar.com\/avatar\/5a9442a2bee7b4dcf167cab035858e9a?s=96&d=mm&r=g","contentUrl":"https:\/\/secure.gravatar.com\/avatar\/5a9442a2bee7b4dcf167cab035858e9a?s=96&d=mm&r=g","caption":"Fatou"},"sameAs":["https:\/\/www.nettali.com"]}]}},"_links":{"self":[{"href":"https:\/\/www.nettali.com\/rest\/wp\/v2\/posts\/113517"}],"collection":[{"href":"https:\/\/www.nettali.com\/rest\/wp\/v2\/posts"}],"about":[{"href":"https:\/\/www.nettali.com\/rest\/wp\/v2\/types\/post"}],"author":[{"embeddable":true,"href":"https:\/\/www.nettali.com\/rest\/wp\/v2\/users\/6"}],"replies":[{"embeddable":true,"href":"https:\/\/www.nettali.com\/rest\/wp\/v2\/comments?post=113517"}],"version-history":[{"count":1,"href":"https:\/\/www.nettali.com\/rest\/wp\/v2\/posts\/113517\/revisions"}],"predecessor-version":[{"id":113518,"href":"https:\/\/www.nettali.com\/rest\/wp\/v2\/posts\/113517\/revisions\/113518"}],"wp:featuredmedia":[{"embeddable":true,"href":"https:\/\/www.nettali.com\/rest\/wp\/v2\/media\/108612"}],"wp:attachment":[{"href":"https:\/\/www.nettali.com\/rest\/wp\/v2\/media?parent=113517"}],"wp:term":[{"taxonomy":"category","embeddable":true,"href":"https:\/\/www.nettali.com\/rest\/wp\/v2\/categories?post=113517"},{"taxonomy":"post_tag","embeddable":true,"href":"https:\/\/www.nettali.com\/rest\/wp\/v2\/tags?post=113517"}],"curies":[{"name":"wp","href":"https:\/\/api.w.org\/{rel}","templated":true}]}}