{"id":113459,"date":"2023-07-05T09:11:13","date_gmt":"2023-07-05T09:11:13","guid":{"rendered":"https:\/\/www.nettali.com\/?p=113459"},"modified":"2023-07-05T09:11:13","modified_gmt":"2023-07-05T09:11:13","slug":"presidentielle-de-2024-lapr-loue-le-respect-de-la-parole-de-macky-sall","status":"publish","type":"post","link":"https:\/\/www.nettali.com\/2023\/07\/05\/presidentielle-de-2024-lapr-loue-le-respect-de-la-parole-de-macky-sall\/","title":{"rendered":"PRESIDENTIELLE DE 2024 - l\u2019Apr loue le \"respect de la parole\" de Macky Sall"},"content":{"rendered":"<p><strong>NETTALI.COM - La d\u00e9cision de Macky Sall de ne pas pr\u00e9senter sa candidature \u00e0 l\u2019\u00e9lection pr\u00e9sidentielle de 2024 \u2018\u2019confirme son sens \u00e9lev\u00e9 de la responsabilit\u00e9 et du respect de la parole\u2019\u2019, d\u00e9clare l\u2019Alliance pour la R\u00e9publique (APR), le parti politique du chef de l\u2019Etat.<\/strong><\/p>\n<p>L\u2019APR ajoute, dans un communiqu\u00e9, que <em>\u2018\u2019la majorit\u00e9 pr\u00e9sidentielle regorge de suffisamment de comp\u00e9tences et de profils de qualit\u00e9 pour poursuivre les programmes structurants du Plan S\u00e9n\u00e9gal \u00e9mergent\u2019\u2019<\/em>, le plan de d\u00e9veloppement \u00e9conomique, social et culturel que mettent en \u0153uvre le pr\u00e9sident de la R\u00e9publique et son gouvernement depuis 2014.<\/p>\n<p><em>\u2018\u2019L\u2019Alliance pour la R\u00e9publique appr\u00e9cie \u00e0 sa juste valeur la port\u00e9e de cette d\u00e9cision qui conforte la trajectoire d\u00e9mocratique de notre pays\u2019\u2019<\/em>, ajoute le parti politique du chef de l\u2019Etat en r\u00e9agissant toujours \u00e0 sa d\u00e9cision de ne pas \u00eatre candidat au scrutin pr\u00e9sidentiel du 25 f\u00e9vrier 2024.<\/p>\n<p>Cette d\u00e9cision de son leader \u2018\u2019consacre la grandeur d\u2019un leadership reconnu \u00e0 travers le monde\u2019\u2019, souligne l\u2019APR.<\/p>\n<p>Elle \u2018\u2019se r\u00e9jouit des hommages retentissant des quatre coins de la plan\u00e8te pour porter le pr\u00e9sident Macky Sall au pinacle et saluer notre pays pour sa maturit\u00e9 d\u00e9mocratique, la solidit\u00e9 de ses institutions r\u00e9publicaines et le g\u00e9nie de notre peuple\u2019\u2019.<\/p>\n<p>La formation politique du pr\u00e9sident de la R\u00e9publique \u2018\u2019appelle tous ses sympathisants et militants \u00e0 consolider l\u2019unit\u00e9 et la coh\u00e9sion qui font l\u2019identit\u00e9 du parti au sein de BBY\u2019\u2019, Benno Bokk Yaakaar, la coalition de partis qui a fait \u00e9lire et r\u00e9\u00e9lire Macky Sall en 2012 et 2019.<\/p>\n<p><em>\u2018\u2019L\u2019APR renouvelle sa confiance au pr\u00e9sident Macky Sall et appelle toutes ses instances \u00e0 rester \u00e0 l\u2019\u00e9coute de [ses] instructions\u2019\u2019<\/em> pour <em>\u2018\u2019\u00e9largir et consolider les bases\u2019\u2019<\/em> du parti, <em>\u2018\u2019pour une \u00e9clatante victoire de la grande majorit\u00e9 pr\u00e9sidentielle au soir du 25 f\u00e9vrier 2024\u2019\u2019.<\/em><\/p>\n<div class='share-to-whatsapp-wrapper'><div class='share-on-whsp'>PARTAGER SUR : <\/div><a data-text='PRESIDENTIELLE DE 2024 - l\u2019Apr loue le \"respect de la parole\" de Macky Sall' data-link='https:\/\/www.nettali.com\/2023\/07\/05\/presidentielle-de-2024-lapr-loue-le-respect-de-la-parole-de-macky-sall\/' class='whatsapp-button whatsapp-share'>WhatsApp<\/a><div class='clear '><\/div><\/div>","protected":false},"excerpt":{"rendered":"<p>NETTALI.COM - La d\u00e9cision de Macky Sall de ne pas pr\u00e9senter sa candidature \u00e0 l\u2019\u00e9lection pr\u00e9sidentielle de 2024 \u2018\u2019confirme son sens \u00e9lev\u00e9 de la responsabilit\u00e9 et du respect de la parole\u2019\u2019, d\u00e9clare l\u2019Alliance pour la R\u00e9publique (APR), le parti politique du chef de l\u2019Etat. L\u2019APR ajoute, dans un communiqu\u00e9, que \u2018\u2019la majorit\u00e9 pr\u00e9sidentielle regorge de [&hellip;]<\/p>\n","protected":false},"author":4,"featured_media":113464,"comment_status":"open","ping_status":"open","sticky":false,"template":"","format":"standard","meta":{"_et_pb_use_builder":"","_et_pb_old_content":""},"categories":[2],"tags":[],"yoast_head":"<!-- This site is optimized with the Yoast SEO Premium plugin v17.8 (Yoast SEO v17.8) - https:\/\/yoast.com\/wordpress\/plugins\/seo\/ -->\n<title>PRESIDENTIELLE DE 2024 - l\u2019Apr loue le &quot;respect de la parole&quot; de Macky Sall | Nettali.com<\/title>\n<meta name=\"robots\" content=\"index, follow, max-snippet:-1, max-image-preview:large, max-video-preview:-1\" \/>\n<link rel=\"canonical\" href=\"https:\/\/www.nettali.com\/2023\/07\/05\/presidentielle-de-2024-lapr-loue-le-respect-de-la-parole-de-macky-sall\/\" \/>\n<meta property=\"og:locale\" content=\"fr_FR\" \/>\n<meta property=\"og:type\" content=\"article\" \/>\n<meta property=\"og:title\" content=\"PRESIDENTIELLE DE 2024 - l\u2019Apr loue le &quot;respect de la parole&quot; de Macky Sall\" \/>\n<meta property=\"og:description\" content=\"NETTALI.COM - La d\u00e9cision de Macky Sall de ne pas pr\u00e9senter sa candidature \u00e0 l\u2019\u00e9lection pr\u00e9sidentielle de 2024 \u2018\u2019confirme son sens \u00e9lev\u00e9 de la responsabilit\u00e9 et du respect de la parole\u2019\u2019, d\u00e9clare l\u2019Alliance pour la R\u00e9publique (APR), le parti politique du chef de l\u2019Etat. L\u2019APR ajoute, dans un communiqu\u00e9, que \u2018\u2019la majorit\u00e9 pr\u00e9sidentielle regorge de [&hellip;]\" \/>\n<meta property=\"og:url\" content=\"https:\/\/www.nettali.com\/2023\/07\/05\/presidentielle-de-2024-lapr-loue-le-respect-de-la-parole-de-macky-sall\/\" \/>\n<meta property=\"og:site_name\" content=\"Nettali.com\" \/>\n<meta property=\"article:publisher\" content=\"https:\/\/www.facebook.com\/nettalicom\" \/>\n<meta property=\"article:published_time\" content=\"2023-07-05T09:11:13+00:00\" \/>\n<meta property=\"og:image\" content=\"https:\/\/www.nettali.com\/wp-content\/uploads\/2023\/07\/Capture-de\u0301cran-2023-07-05-a\u0300-09.10.35.png\" \/>\n\t<meta property=\"og:image:width\" content=\"655\" \/>\n\t<meta property=\"og:image:height\" content=\"319\" \/>\n<meta name=\"twitter:card\" content=\"summary_large_image\" \/>\n<meta name=\"twitter:label1\" content=\"\u00c9crit par\" \/>\n\t<meta name=\"twitter:data1\" content=\"Daouda\" \/>\n\t<meta name=\"twitter:label2\" content=\"Dur\u00e9e de lecture estim\u00e9e\" \/>\n\t<meta name=\"twitter:data2\" content=\"2 minutes\" \/>\n<script type=\"application\/ld+json\" class=\"yoast-schema-graph\">{\"@context\":\"https:\/\/schema.org\",\"@graph\":[{\"@type\":\"WebSite\",\"@id\":\"https:\/\/www.nettali.com\/#website\",\"url\":\"https:\/\/www.nettali.com\/\",\"name\":\"Nettali.com\",\"description\":\"Le rendez-vous critique du Net\",\"potentialAction\":[{\"@type\":\"SearchAction\",\"target\":{\"@type\":\"EntryPoint\",\"urlTemplate\":\"https:\/\/www.nettali.com\/?s={search_term_string}\"},\"query-input\":\"required name=search_term_string\"}],\"inLanguage\":\"fr-FR\"},{\"@type\":\"ImageObject\",\"@id\":\"https:\/\/www.nettali.com\/2023\/07\/05\/presidentielle-de-2024-lapr-loue-le-respect-de-la-parole-de-macky-sall\/#primaryimage\",\"inLanguage\":\"fr-FR\",\"url\":\"https:\/\/www.nettali.com\/wp-content\/uploads\/2023\/07\/Capture-de\\u0301cran-2023-07-05-a\\u0300-09.10.35.png\",\"contentUrl\":\"https:\/\/www.nettali.com\/wp-content\/uploads\/2023\/07\/Capture-de\\u0301cran-2023-07-05-a\\u0300-09.10.35.png\",\"width\":655,\"height\":319},{\"@type\":\"WebPage\",\"@id\":\"https:\/\/www.nettali.com\/2023\/07\/05\/presidentielle-de-2024-lapr-loue-le-respect-de-la-parole-de-macky-sall\/#webpage\",\"url\":\"https:\/\/www.nettali.com\/2023\/07\/05\/presidentielle-de-2024-lapr-loue-le-respect-de-la-parole-de-macky-sall\/\",\"name\":\"PRESIDENTIELLE DE 2024 - l\\u2019Apr loue le \\\"respect de la parole\\\" de Macky Sall | Nettali.com\",\"isPartOf\":{\"@id\":\"https:\/\/www.nettali.com\/#website\"},\"primaryImageOfPage\":{\"@id\":\"https:\/\/www.nettali.com\/2023\/07\/05\/presidentielle-de-2024-lapr-loue-le-respect-de-la-parole-de-macky-sall\/#primaryimage\"},\"datePublished\":\"2023-07-05T09:11:13+00:00\",\"dateModified\":\"2023-07-05T09:11:13+00:00\",\"author\":{\"@id\":\"https:\/\/www.nettali.com\/#\/schema\/person\/3317e0bb3aa1da309fbf7b2780901bf4\"},\"breadcrumb\":{\"@id\":\"https:\/\/www.nettali.com\/2023\/07\/05\/presidentielle-de-2024-lapr-loue-le-respect-de-la-parole-de-macky-sall\/#breadcrumb\"},\"inLanguage\":\"fr-FR\",\"potentialAction\":[{\"@type\":\"ReadAction\",\"target\":[\"https:\/\/www.nettali.com\/2023\/07\/05\/presidentielle-de-2024-lapr-loue-le-respect-de-la-parole-de-macky-sall\/\"]}]},{\"@type\":\"BreadcrumbList\",\"@id\":\"https:\/\/www.nettali.com\/2023\/07\/05\/presidentielle-de-2024-lapr-loue-le-respect-de-la-parole-de-macky-sall\/#breadcrumb\",\"itemListElement\":[{\"@type\":\"ListItem\",\"position\":1,\"name\":\"Accueil\",\"item\":\"https:\/\/www.nettali.com\/\"},{\"@type\":\"ListItem\",\"position\":2,\"name\":\"PRESIDENTIELLE DE 2024 - l\\u2019Apr loue le \\\"respect de la parole\\\" de Macky Sall\"}]},{\"@type\":\"Person\",\"@id\":\"https:\/\/www.nettali.com\/#\/schema\/person\/3317e0bb3aa1da309fbf7b2780901bf4\",\"name\":\"Daouda\",\"image\":{\"@type\":\"ImageObject\",\"@id\":\"https:\/\/www.nettali.com\/#personlogo\",\"inLanguage\":\"fr-FR\",\"url\":\"https:\/\/secure.gravatar.com\/avatar\/8d143b5a49345098ddcfee1c49c2f47c?s=96&d=mm&r=g\",\"contentUrl\":\"https:\/\/secure.gravatar.com\/avatar\/8d143b5a49345098ddcfee1c49c2f47c?s=96&d=mm&r=g\",\"caption\":\"Daouda\"},\"sameAs\":[\"https:\/\/www.nettali.com\"]}]}<\/script>\n<!-- \/ Yoast SEO Premium plugin. -->","yoast_head_json":{"title":"PRESIDENTIELLE DE 2024 - l\u2019Apr loue le \"respect de la parole\" de Macky Sall | Nettali.com","robots":{"index":"index","follow":"follow","max-snippet":"max-snippet:-1","max-image-preview":"max-image-preview:large","max-video-preview":"max-video-preview:-1"},"canonical":"https:\/\/www.nettali.com\/2023\/07\/05\/presidentielle-de-2024-lapr-loue-le-respect-de-la-parole-de-macky-sall\/","og_locale":"fr_FR","og_type":"article","og_title":"PRESIDENTIELLE DE 2024 - l\u2019Apr loue le \"respect de la parole\" de Macky Sall","og_description":"NETTALI.COM - La d\u00e9cision de Macky Sall de ne pas pr\u00e9senter sa candidature \u00e0 l\u2019\u00e9lection pr\u00e9sidentielle de 2024 \u2018\u2019confirme son sens \u00e9lev\u00e9 de la responsabilit\u00e9 et du respect de la parole\u2019\u2019, d\u00e9clare l\u2019Alliance pour la R\u00e9publique (APR), le parti politique du chef de l\u2019Etat. L\u2019APR ajoute, dans un communiqu\u00e9, que \u2018\u2019la majorit\u00e9 pr\u00e9sidentielle regorge de [&hellip;]","og_url":"https:\/\/www.nettali.com\/2023\/07\/05\/presidentielle-de-2024-lapr-loue-le-respect-de-la-parole-de-macky-sall\/","og_site_name":"Nettali.com","article_publisher":"https:\/\/www.facebook.com\/nettalicom","article_published_time":"2023-07-05T09:11:13+00:00","og_image":[{"width":655,"height":319,"url":"https:\/\/www.nettali.com\/wp-content\/uploads\/2023\/07\/Capture-de\u0301cran-2023-07-05-a\u0300-09.10.35.png","type":"image\/png"}],"twitter_card":"summary_large_image","twitter_misc":{"\u00c9crit par":"Daouda","Dur\u00e9e de lecture estim\u00e9e":"2 minutes"},"schema":{"@context":"https:\/\/schema.org","@graph":[{"@type":"WebSite","@id":"https:\/\/www.nettali.com\/#website","url":"https:\/\/www.nettali.com\/","name":"Nettali.com","description":"Le rendez-vous critique du Net","potentialAction":[{"@type":"SearchAction","target":{"@type":"EntryPoint","urlTemplate":"https:\/\/www.nettali.com\/?s={search_term_string}"},"query-input":"required name=search_term_string"}],"inLanguage":"fr-FR"},{"@type":"ImageObject","@id":"https:\/\/www.nettali.com\/2023\/07\/05\/presidentielle-de-2024-lapr-loue-le-respect-de-la-parole-de-macky-sall\/#primaryimage","inLanguage":"fr-FR","url":"https:\/\/www.nettali.com\/wp-content\/uploads\/2023\/07\/Capture-de\u0301cran-2023-07-05-a\u0300-09.10.35.png","contentUrl":"https:\/\/www.nettali.com\/wp-content\/uploads\/2023\/07\/Capture-de\u0301cran-2023-07-05-a\u0300-09.10.35.png","width":655,"height":319},{"@type":"WebPage","@id":"https:\/\/www.nettali.com\/2023\/07\/05\/presidentielle-de-2024-lapr-loue-le-respect-de-la-parole-de-macky-sall\/#webpage","url":"https:\/\/www.nettali.com\/2023\/07\/05\/presidentielle-de-2024-lapr-loue-le-respect-de-la-parole-de-macky-sall\/","name":"PRESIDENTIELLE DE 2024 - l\u2019Apr loue le \"respect de la parole\" de Macky Sall | Nettali.com","isPartOf":{"@id":"https:\/\/www.nettali.com\/#website"},"primaryImageOfPage":{"@id":"https:\/\/www.nettali.com\/2023\/07\/05\/presidentielle-de-2024-lapr-loue-le-respect-de-la-parole-de-macky-sall\/#primaryimage"},"datePublished":"2023-07-05T09:11:13+00:00","dateModified":"2023-07-05T09:11:13+00:00","author":{"@id":"https:\/\/www.nettali.com\/#\/schema\/person\/3317e0bb3aa1da309fbf7b2780901bf4"},"breadcrumb":{"@id":"https:\/\/www.nettali.com\/2023\/07\/05\/presidentielle-de-2024-lapr-loue-le-respect-de-la-parole-de-macky-sall\/#breadcrumb"},"inLanguage":"fr-FR","potentialAction":[{"@type":"ReadAction","target":["https:\/\/www.nettali.com\/2023\/07\/05\/presidentielle-de-2024-lapr-loue-le-respect-de-la-parole-de-macky-sall\/"]}]},{"@type":"BreadcrumbList","@id":"https:\/\/www.nettali.com\/2023\/07\/05\/presidentielle-de-2024-lapr-loue-le-respect-de-la-parole-de-macky-sall\/#breadcrumb","itemListElement":[{"@type":"ListItem","position":1,"name":"Accueil","item":"https:\/\/www.nettali.com\/"},{"@type":"ListItem","position":2,"name":"PRESIDENTIELLE DE 2024 - l\u2019Apr loue le \"respect de la parole\" de Macky Sall"}]},{"@type":"Person","@id":"https:\/\/www.nettali.com\/#\/schema\/person\/3317e0bb3aa1da309fbf7b2780901bf4","name":"Daouda","image":{"@type":"ImageObject","@id":"https:\/\/www.nettali.com\/#personlogo","inLanguage":"fr-FR","url":"https:\/\/secure.gravatar.com\/avatar\/8d143b5a49345098ddcfee1c49c2f47c?s=96&d=mm&r=g","contentUrl":"https:\/\/secure.gravatar.com\/avatar\/8d143b5a49345098ddcfee1c49c2f47c?s=96&d=mm&r=g","caption":"Daouda"},"sameAs":["https:\/\/www.nettali.com"]}]}},"_links":{"self":[{"href":"https:\/\/www.nettali.com\/rest\/wp\/v2\/posts\/113459"}],"collection":[{"href":"https:\/\/www.nettali.com\/rest\/wp\/v2\/posts"}],"about":[{"href":"https:\/\/www.nettali.com\/rest\/wp\/v2\/types\/post"}],"author":[{"embeddable":true,"href":"https:\/\/www.nettali.com\/rest\/wp\/v2\/users\/4"}],"replies":[{"embeddable":true,"href":"https:\/\/www.nettali.com\/rest\/wp\/v2\/comments?post=113459"}],"version-history":[{"count":1,"href":"https:\/\/www.nettali.com\/rest\/wp\/v2\/posts\/113459\/revisions"}],"predecessor-version":[{"id":113465,"href":"https:\/\/www.nettali.com\/rest\/wp\/v2\/posts\/113459\/revisions\/113465"}],"wp:featuredmedia":[{"embeddable":true,"href":"https:\/\/www.nettali.com\/rest\/wp\/v2\/media\/113464"}],"wp:attachment":[{"href":"https:\/\/www.nettali.com\/rest\/wp\/v2\/media?parent=113459"}],"wp:term":[{"taxonomy":"category","embeddable":true,"href":"https:\/\/www.nettali.com\/rest\/wp\/v2\/categories?post=113459"},{"taxonomy":"post_tag","embeddable":true,"href":"https:\/\/www.nettali.com\/rest\/wp\/v2\/tags?post=113459"}],"curies":[{"name":"wp","href":"https:\/\/api.w.org\/{rel}","templated":true}]}}