{"id":113407,"date":"2023-07-04T09:50:15","date_gmt":"2023-07-04T09:50:15","guid":{"rendered":"https:\/\/www.nettali.com\/?p=113407"},"modified":"2023-07-04T09:50:15","modified_gmt":"2023-07-04T09:50:15","slug":"en-coulisses-les-piques-de-barth","status":"publish","type":"post","link":"https:\/\/www.nettali.com\/2023\/07\/04\/en-coulisses-les-piques-de-barth\/","title":{"rendered":"EN COULISSES - Les piques de Barth !"},"content":{"rendered":"<p><strong>NETTALI.COM -<\/strong> Une r\u00e9action remarqu\u00e9e, suite \u00e0 la d\u00e9cision du pr\u00e9sident Macky Sall de ne pas \u00eatre candidat \u00e0 un 3\u00e8me mandat, c'est celle du maire sur la TFM. Mais, au-del\u00e0 de l'hommage rendu aux autorit\u00e9s religieuses pour leur r\u00f4le et le Chef de l\u2019Etat lui-m\u00eame pour le respect de la parole-donn\u00e9e, Barth n'a pas manque de d\u00e9cocher quelques fl\u00e8ches en direction de ses alli\u00e9s de la coalition Yewwi Askan Wi.<\/p>\n<p>\u00ab L<em>e parti socialiste n\u2019a pas vocation de faire d'une personne, un messie <\/em>\u00bb, a-t-il lanc\u00e9 non sans faire remarquer que \u00ab <em>c\u2019est dans la d\u00e9mocratie qu\u2019on conquiert le pouvoir et non dans la violence<\/em>\u00a0\u00bb<\/p>\n<p>Dans la m\u00eame veine, l'actuel maire de Dakar a apport\u00e9 une vive r\u00e9plique\u00a0 aux leaders de Yewwi Askan Wi et surtout \u00e0 Ousmane Sonko qui a qualifi\u00e9 de deal le dialogue.\u00a0 \u00ab <em>On ne peut pas se r\u00e9veiller en.plein sommeil et dire que si je dors pas, personne ne dormira dans le quartier. Ce qu'il veut faire croire aux S\u00e9n\u00e9galais, c'est du divertissement. Lorsque Khalifa Sall se faisait \u00e9liminer \u00e0 l'\u00e9lection pr\u00e9sidentielle de 2019, il n'a lanc\u00e9 aucun appel. Ceux qui se mettent \u00e0 r\u00e2ler aujourd'hui n'avaient pas ouvert la bouche \u00e0 l'\u00e9poque. Ils n'avaient\u00a0 pos\u00e9 aucun acte. C'est de l'hypocrisie qu'on veut faire croire aux S\u00e9n\u00e9galais, heureusement que le peuple est assez matures...\u00a0 O\u00f9 sont ceux qui disaient que le dialogue avait pour but d'avaliser ? Nous au moins, nous pouvons nous r\u00e9jouir d'avoir arriver \u00e0 quelque chose avec ce dialogue... ?<\/em> \u00bb, a-t-il ass\u00e9n\u00e9.<\/p>\n<div class='share-to-whatsapp-wrapper'><div class='share-on-whsp'>PARTAGER SUR : <\/div><a data-text='EN COULISSES - Les piques de Barth !' data-link='https:\/\/www.nettali.com\/2023\/07\/04\/en-coulisses-les-piques-de-barth\/' class='whatsapp-button whatsapp-share'>WhatsApp<\/a><div class='clear '><\/div><\/div>","protected":false},"excerpt":{"rendered":"<p>NETTALI.COM - Une r\u00e9action remarqu\u00e9e, suite \u00e0 la d\u00e9cision du pr\u00e9sident Macky Sall de ne pas \u00eatre candidat \u00e0 un 3\u00e8me mandat, c'est celle du maire sur la TFM. Mais, au-del\u00e0 de l'hommage rendu aux autorit\u00e9s religieuses pour leur r\u00f4le et le Chef de l\u2019Etat lui-m\u00eame pour le respect de la parole-donn\u00e9e, Barth n'a pas [&hellip;]<\/p>\n","protected":false},"author":2,"featured_media":113408,"comment_status":"open","ping_status":"open","sticky":false,"template":"","format":"standard","meta":{"_et_pb_use_builder":"","_et_pb_old_content":""},"categories":[34945],"tags":[],"yoast_head":"<!-- This site is optimized with the Yoast SEO Premium plugin v17.8 (Yoast SEO v17.8) - https:\/\/yoast.com\/wordpress\/plugins\/seo\/ -->\n<title>EN COULISSES - Les piques de Barth ! | Nettali.com<\/title>\n<meta name=\"robots\" content=\"index, follow, max-snippet:-1, max-image-preview:large, max-video-preview:-1\" \/>\n<link rel=\"canonical\" href=\"https:\/\/www.nettali.com\/2023\/07\/04\/en-coulisses-les-piques-de-barth\/\" \/>\n<meta property=\"og:locale\" content=\"fr_FR\" \/>\n<meta property=\"og:type\" content=\"article\" \/>\n<meta property=\"og:title\" content=\"EN COULISSES - Les piques de Barth !\" \/>\n<meta property=\"og:description\" content=\"NETTALI.COM - Une r\u00e9action remarqu\u00e9e, suite \u00e0 la d\u00e9cision du pr\u00e9sident Macky Sall de ne pas \u00eatre candidat \u00e0 un 3\u00e8me mandat, c&#039;est celle du maire sur la TFM. Mais, au-del\u00e0 de l&#039;hommage rendu aux autorit\u00e9s religieuses pour leur r\u00f4le et le Chef de l\u2019Etat lui-m\u00eame pour le respect de la parole-donn\u00e9e, Barth n&#039;a pas [&hellip;]\" \/>\n<meta property=\"og:url\" content=\"https:\/\/www.nettali.com\/2023\/07\/04\/en-coulisses-les-piques-de-barth\/\" \/>\n<meta property=\"og:site_name\" content=\"Nettali.com\" \/>\n<meta property=\"article:publisher\" content=\"https:\/\/www.facebook.com\/nettalicom\" \/>\n<meta property=\"article:published_time\" content=\"2023-07-04T09:50:15+00:00\" \/>\n<meta property=\"og:image\" content=\"https:\/\/www.nettali.com\/wp-content\/uploads\/2023\/07\/73857604-51374485.jpg\" \/>\n\t<meta property=\"og:image:width\" content=\"699\" \/>\n\t<meta property=\"og:image:height\" content=\"466\" \/>\n<meta name=\"twitter:card\" content=\"summary_large_image\" \/>\n<meta name=\"twitter:label1\" content=\"\u00c9crit par\" \/>\n\t<meta name=\"twitter:data1\" content=\"CK\" \/>\n\t<meta name=\"twitter:label2\" content=\"Dur\u00e9e de lecture estim\u00e9e\" \/>\n\t<meta name=\"twitter:data2\" content=\"1 minute\" \/>\n<script type=\"application\/ld+json\" class=\"yoast-schema-graph\">{\"@context\":\"https:\/\/schema.org\",\"@graph\":[{\"@type\":\"WebSite\",\"@id\":\"https:\/\/www.nettali.com\/#website\",\"url\":\"https:\/\/www.nettali.com\/\",\"name\":\"Nettali.com\",\"description\":\"Le rendez-vous critique du Net\",\"potentialAction\":[{\"@type\":\"SearchAction\",\"target\":{\"@type\":\"EntryPoint\",\"urlTemplate\":\"https:\/\/www.nettali.com\/?s={search_term_string}\"},\"query-input\":\"required name=search_term_string\"}],\"inLanguage\":\"fr-FR\"},{\"@type\":\"ImageObject\",\"@id\":\"https:\/\/www.nettali.com\/2023\/07\/04\/en-coulisses-les-piques-de-barth\/#primaryimage\",\"inLanguage\":\"fr-FR\",\"url\":\"https:\/\/www.nettali.com\/wp-content\/uploads\/2023\/07\/73857604-51374485.jpg\",\"contentUrl\":\"https:\/\/www.nettali.com\/wp-content\/uploads\/2023\/07\/73857604-51374485.jpg\",\"width\":699,\"height\":466},{\"@type\":\"WebPage\",\"@id\":\"https:\/\/www.nettali.com\/2023\/07\/04\/en-coulisses-les-piques-de-barth\/#webpage\",\"url\":\"https:\/\/www.nettali.com\/2023\/07\/04\/en-coulisses-les-piques-de-barth\/\",\"name\":\"EN COULISSES - Les piques de Barth ! | Nettali.com\",\"isPartOf\":{\"@id\":\"https:\/\/www.nettali.com\/#website\"},\"primaryImageOfPage\":{\"@id\":\"https:\/\/www.nettali.com\/2023\/07\/04\/en-coulisses-les-piques-de-barth\/#primaryimage\"},\"datePublished\":\"2023-07-04T09:50:15+00:00\",\"dateModified\":\"2023-07-04T09:50:15+00:00\",\"author\":{\"@id\":\"https:\/\/www.nettali.com\/#\/schema\/person\/d8ac7b7e27ddad43f1c0d2ef090d7f71\"},\"breadcrumb\":{\"@id\":\"https:\/\/www.nettali.com\/2023\/07\/04\/en-coulisses-les-piques-de-barth\/#breadcrumb\"},\"inLanguage\":\"fr-FR\",\"potentialAction\":[{\"@type\":\"ReadAction\",\"target\":[\"https:\/\/www.nettali.com\/2023\/07\/04\/en-coulisses-les-piques-de-barth\/\"]}]},{\"@type\":\"BreadcrumbList\",\"@id\":\"https:\/\/www.nettali.com\/2023\/07\/04\/en-coulisses-les-piques-de-barth\/#breadcrumb\",\"itemListElement\":[{\"@type\":\"ListItem\",\"position\":1,\"name\":\"Accueil\",\"item\":\"https:\/\/www.nettali.com\/\"},{\"@type\":\"ListItem\",\"position\":2,\"name\":\"EN COULISSES - Les piques de Barth !\"}]},{\"@type\":\"Person\",\"@id\":\"https:\/\/www.nettali.com\/#\/schema\/person\/d8ac7b7e27ddad43f1c0d2ef090d7f71\",\"name\":\"CK\",\"image\":{\"@type\":\"ImageObject\",\"@id\":\"https:\/\/www.nettali.com\/#personlogo\",\"inLanguage\":\"fr-FR\",\"url\":\"https:\/\/secure.gravatar.com\/avatar\/1d8d5118b9327d94da7cd4ce7f17fec2?s=96&d=mm&r=g\",\"contentUrl\":\"https:\/\/secure.gravatar.com\/avatar\/1d8d5118b9327d94da7cd4ce7f17fec2?s=96&d=mm&r=g\",\"caption\":\"CK\"},\"sameAs\":[\"https:\/\/www.nettali.com\"]}]}<\/script>\n<!-- \/ Yoast SEO Premium plugin. -->","yoast_head_json":{"title":"EN COULISSES - Les piques de Barth ! | Nettali.com","robots":{"index":"index","follow":"follow","max-snippet":"max-snippet:-1","max-image-preview":"max-image-preview:large","max-video-preview":"max-video-preview:-1"},"canonical":"https:\/\/www.nettali.com\/2023\/07\/04\/en-coulisses-les-piques-de-barth\/","og_locale":"fr_FR","og_type":"article","og_title":"EN COULISSES - Les piques de Barth !","og_description":"NETTALI.COM - Une r\u00e9action remarqu\u00e9e, suite \u00e0 la d\u00e9cision du pr\u00e9sident Macky Sall de ne pas \u00eatre candidat \u00e0 un 3\u00e8me mandat, c'est celle du maire sur la TFM. Mais, au-del\u00e0 de l'hommage rendu aux autorit\u00e9s religieuses pour leur r\u00f4le et le Chef de l\u2019Etat lui-m\u00eame pour le respect de la parole-donn\u00e9e, Barth n'a pas [&hellip;]","og_url":"https:\/\/www.nettali.com\/2023\/07\/04\/en-coulisses-les-piques-de-barth\/","og_site_name":"Nettali.com","article_publisher":"https:\/\/www.facebook.com\/nettalicom","article_published_time":"2023-07-04T09:50:15+00:00","og_image":[{"width":699,"height":466,"url":"https:\/\/www.nettali.com\/wp-content\/uploads\/2023\/07\/73857604-51374485.jpg","type":"image\/jpeg"}],"twitter_card":"summary_large_image","twitter_misc":{"\u00c9crit par":"CK","Dur\u00e9e de lecture estim\u00e9e":"1 minute"},"schema":{"@context":"https:\/\/schema.org","@graph":[{"@type":"WebSite","@id":"https:\/\/www.nettali.com\/#website","url":"https:\/\/www.nettali.com\/","name":"Nettali.com","description":"Le rendez-vous critique du Net","potentialAction":[{"@type":"SearchAction","target":{"@type":"EntryPoint","urlTemplate":"https:\/\/www.nettali.com\/?s={search_term_string}"},"query-input":"required name=search_term_string"}],"inLanguage":"fr-FR"},{"@type":"ImageObject","@id":"https:\/\/www.nettali.com\/2023\/07\/04\/en-coulisses-les-piques-de-barth\/#primaryimage","inLanguage":"fr-FR","url":"https:\/\/www.nettali.com\/wp-content\/uploads\/2023\/07\/73857604-51374485.jpg","contentUrl":"https:\/\/www.nettali.com\/wp-content\/uploads\/2023\/07\/73857604-51374485.jpg","width":699,"height":466},{"@type":"WebPage","@id":"https:\/\/www.nettali.com\/2023\/07\/04\/en-coulisses-les-piques-de-barth\/#webpage","url":"https:\/\/www.nettali.com\/2023\/07\/04\/en-coulisses-les-piques-de-barth\/","name":"EN COULISSES - Les piques de Barth ! | Nettali.com","isPartOf":{"@id":"https:\/\/www.nettali.com\/#website"},"primaryImageOfPage":{"@id":"https:\/\/www.nettali.com\/2023\/07\/04\/en-coulisses-les-piques-de-barth\/#primaryimage"},"datePublished":"2023-07-04T09:50:15+00:00","dateModified":"2023-07-04T09:50:15+00:00","author":{"@id":"https:\/\/www.nettali.com\/#\/schema\/person\/d8ac7b7e27ddad43f1c0d2ef090d7f71"},"breadcrumb":{"@id":"https:\/\/www.nettali.com\/2023\/07\/04\/en-coulisses-les-piques-de-barth\/#breadcrumb"},"inLanguage":"fr-FR","potentialAction":[{"@type":"ReadAction","target":["https:\/\/www.nettali.com\/2023\/07\/04\/en-coulisses-les-piques-de-barth\/"]}]},{"@type":"BreadcrumbList","@id":"https:\/\/www.nettali.com\/2023\/07\/04\/en-coulisses-les-piques-de-barth\/#breadcrumb","itemListElement":[{"@type":"ListItem","position":1,"name":"Accueil","item":"https:\/\/www.nettali.com\/"},{"@type":"ListItem","position":2,"name":"EN COULISSES - Les piques de Barth !"}]},{"@type":"Person","@id":"https:\/\/www.nettali.com\/#\/schema\/person\/d8ac7b7e27ddad43f1c0d2ef090d7f71","name":"CK","image":{"@type":"ImageObject","@id":"https:\/\/www.nettali.com\/#personlogo","inLanguage":"fr-FR","url":"https:\/\/secure.gravatar.com\/avatar\/1d8d5118b9327d94da7cd4ce7f17fec2?s=96&d=mm&r=g","contentUrl":"https:\/\/secure.gravatar.com\/avatar\/1d8d5118b9327d94da7cd4ce7f17fec2?s=96&d=mm&r=g","caption":"CK"},"sameAs":["https:\/\/www.nettali.com"]}]}},"_links":{"self":[{"href":"https:\/\/www.nettali.com\/rest\/wp\/v2\/posts\/113407"}],"collection":[{"href":"https:\/\/www.nettali.com\/rest\/wp\/v2\/posts"}],"about":[{"href":"https:\/\/www.nettali.com\/rest\/wp\/v2\/types\/post"}],"author":[{"embeddable":true,"href":"https:\/\/www.nettali.com\/rest\/wp\/v2\/users\/2"}],"replies":[{"embeddable":true,"href":"https:\/\/www.nettali.com\/rest\/wp\/v2\/comments?post=113407"}],"version-history":[{"count":1,"href":"https:\/\/www.nettali.com\/rest\/wp\/v2\/posts\/113407\/revisions"}],"predecessor-version":[{"id":113409,"href":"https:\/\/www.nettali.com\/rest\/wp\/v2\/posts\/113407\/revisions\/113409"}],"wp:featuredmedia":[{"embeddable":true,"href":"https:\/\/www.nettali.com\/rest\/wp\/v2\/media\/113408"}],"wp:attachment":[{"href":"https:\/\/www.nettali.com\/rest\/wp\/v2\/media?parent=113407"}],"wp:term":[{"taxonomy":"category","embeddable":true,"href":"https:\/\/www.nettali.com\/rest\/wp\/v2\/categories?post=113407"},{"taxonomy":"post_tag","embeddable":true,"href":"https:\/\/www.nettali.com\/rest\/wp\/v2\/tags?post=113407"}],"curies":[{"name":"wp","href":"https:\/\/api.w.org\/{rel}","templated":true}]}}