{"id":113282,"date":"2023-07-03T07:21:06","date_gmt":"2023-07-03T07:21:06","guid":{"rendered":"https:\/\/www.nettali.com\/?p=113282"},"modified":"2023-07-03T08:33:01","modified_gmt":"2023-07-03T08:33:01","slug":"en-coulisses-linjonction-de-sonko-a-macron-et-erdogan","status":"publish","type":"post","link":"https:\/\/www.nettali.com\/2023\/07\/03\/en-coulisses-linjonction-de-sonko-a-macron-et-erdogan\/","title":{"rendered":"EN COULISSES - \"L'injonction\" de Sonko \u00e0 Macron et Erdogan"},"content":{"rendered":"<p><strong>NETTALI.COM -<\/strong> Lors d'une adresse \u00e0 la Nation, dimanche 2 juillet le maire de Ziguinchor et non moins leader de Pastef\/ Les Patriotes, a lanc\u00e9 un appel \u00e0 la France, partenaire du S\u00e9n\u00e9gal et \u00e0 la la Turquie.<\/p>\n<p><em>\u00ab Pour les sept mois qui nous s\u00e9parent de la pr\u00e9sidentielle, je vous demande de vous abstenir de tout approvisionnement en mat\u00e9riel de r\u00e9pression au gouvernement s\u00e9n\u00e9galais et de vous abstenir aussi d\u2019envoyer des conseillers militaires, officiers ou gendarmes aupr\u00e8s des g\u00e9n\u00e9raux et policiers<\/em>\u00bb, note Ousmane Sonko.<\/p>\n<p>Ousmane Sonko a ainsi invit\u00e9 la France \u00e0 rester \u00e0 l\u2019\u00e9coute et \u00e0 ne pas suivre les sir\u00e8nes des va-t-en-guerre qui conseillent la r\u00e9pression aveugle.<\/p>\n<p>Le leader de Pastef a \u00e9galement \u00e0 la Turquie\u00a0 \u00e0 se tenir \u00e0 l\u2019\u00e9cart de tout approvisionnement du S\u00e9n\u00e9gal qui contribuerait \u00e0 prolonger <em>\u00abcette tension qui risque de le rendre complice en voulant se mettre aux c\u00f4t\u00e9s d\u2019un r\u00e9gime r\u00e9pressif de Macky Sall \u00bb<\/em>.<\/p>\n<div class='share-to-whatsapp-wrapper'><div class='share-on-whsp'>PARTAGER SUR : <\/div><a data-text='EN COULISSES - \"L'injonction\" de Sonko \u00e0 Macron et Erdogan' data-link='https:\/\/www.nettali.com\/2023\/07\/03\/en-coulisses-linjonction-de-sonko-a-macron-et-erdogan\/' class='whatsapp-button whatsapp-share'>WhatsApp<\/a><div class='clear '><\/div><\/div>","protected":false},"excerpt":{"rendered":"<p>NETTALI.COM - Lors d'une adresse \u00e0 la Nation, dimanche 2 juillet le maire de Ziguinchor et non moins leader de Pastef\/ Les Patriotes, a lanc\u00e9 un appel \u00e0 la France, partenaire du S\u00e9n\u00e9gal et \u00e0 la la Turquie. \u00ab Pour les sept mois qui nous s\u00e9parent de la pr\u00e9sidentielle, je vous demande de vous abstenir [&hellip;]<\/p>\n","protected":false},"author":4,"featured_media":110905,"comment_status":"open","ping_status":"open","sticky":false,"template":"","format":"standard","meta":{"_et_pb_use_builder":"","_et_pb_old_content":""},"categories":[34945],"tags":[],"yoast_head":"<!-- This site is optimized with the Yoast SEO Premium plugin v17.8 (Yoast SEO v17.8) - https:\/\/yoast.com\/wordpress\/plugins\/seo\/ -->\n<title>EN COULISSES - &quot;L&#039;injonction&quot; de Sonko \u00e0 Macron et Erdogan | Nettali.com<\/title>\n<meta name=\"robots\" content=\"index, follow, max-snippet:-1, max-image-preview:large, max-video-preview:-1\" \/>\n<link rel=\"canonical\" href=\"https:\/\/www.nettali.com\/2023\/07\/03\/en-coulisses-linjonction-de-sonko-a-macron-et-erdogan\/\" \/>\n<meta property=\"og:locale\" content=\"fr_FR\" \/>\n<meta property=\"og:type\" content=\"article\" \/>\n<meta property=\"og:title\" content=\"EN COULISSES - &quot;L&#039;injonction&quot; de Sonko \u00e0 Macron et Erdogan\" \/>\n<meta property=\"og:description\" content=\"NETTALI.COM - Lors d&#039;une adresse \u00e0 la Nation, dimanche 2 juillet le maire de Ziguinchor et non moins leader de Pastef\/ Les Patriotes, a lanc\u00e9 un appel \u00e0 la France, partenaire du S\u00e9n\u00e9gal et \u00e0 la la Turquie. \u00ab Pour les sept mois qui nous s\u00e9parent de la pr\u00e9sidentielle, je vous demande de vous abstenir [&hellip;]\" \/>\n<meta property=\"og:url\" content=\"https:\/\/www.nettali.com\/2023\/07\/03\/en-coulisses-linjonction-de-sonko-a-macron-et-erdogan\/\" \/>\n<meta property=\"og:site_name\" content=\"Nettali.com\" \/>\n<meta property=\"article:publisher\" content=\"https:\/\/www.facebook.com\/nettalicom\" \/>\n<meta property=\"article:published_time\" content=\"2023-07-03T07:21:06+00:00\" \/>\n<meta property=\"article:modified_time\" content=\"2023-07-03T08:33:01+00:00\" \/>\n<meta property=\"og:image\" content=\"https:\/\/www.nettali.com\/wp-content\/uploads\/2023\/05\/Ousmane-Sonko-opposant-politique-a-Macky-Sall.jpg\" \/>\n\t<meta property=\"og:image:width\" content=\"1251\" \/>\n\t<meta property=\"og:image:height\" content=\"695\" \/>\n<meta name=\"twitter:card\" content=\"summary_large_image\" \/>\n<meta name=\"twitter:label1\" content=\"\u00c9crit par\" \/>\n\t<meta name=\"twitter:data1\" content=\"Daouda\" \/>\n\t<meta name=\"twitter:label2\" content=\"Dur\u00e9e de lecture estim\u00e9e\" \/>\n\t<meta name=\"twitter:data2\" content=\"1 minute\" \/>\n<script type=\"application\/ld+json\" class=\"yoast-schema-graph\">{\"@context\":\"https:\/\/schema.org\",\"@graph\":[{\"@type\":\"WebSite\",\"@id\":\"https:\/\/www.nettali.com\/#website\",\"url\":\"https:\/\/www.nettali.com\/\",\"name\":\"Nettali.com\",\"description\":\"Le rendez-vous critique du Net\",\"potentialAction\":[{\"@type\":\"SearchAction\",\"target\":{\"@type\":\"EntryPoint\",\"urlTemplate\":\"https:\/\/www.nettali.com\/?s={search_term_string}\"},\"query-input\":\"required name=search_term_string\"}],\"inLanguage\":\"fr-FR\"},{\"@type\":\"ImageObject\",\"@id\":\"https:\/\/www.nettali.com\/2023\/07\/03\/en-coulisses-linjonction-de-sonko-a-macron-et-erdogan\/#primaryimage\",\"inLanguage\":\"fr-FR\",\"url\":\"https:\/\/www.nettali.com\/wp-content\/uploads\/2023\/05\/Ousmane-Sonko-opposant-politique-a-Macky-Sall.jpg\",\"contentUrl\":\"https:\/\/www.nettali.com\/wp-content\/uploads\/2023\/05\/Ousmane-Sonko-opposant-politique-a-Macky-Sall.jpg\",\"width\":1251,\"height\":695},{\"@type\":\"WebPage\",\"@id\":\"https:\/\/www.nettali.com\/2023\/07\/03\/en-coulisses-linjonction-de-sonko-a-macron-et-erdogan\/#webpage\",\"url\":\"https:\/\/www.nettali.com\/2023\/07\/03\/en-coulisses-linjonction-de-sonko-a-macron-et-erdogan\/\",\"name\":\"EN COULISSES - \\\"L'injonction\\\" de Sonko \\u00e0 Macron et Erdogan | Nettali.com\",\"isPartOf\":{\"@id\":\"https:\/\/www.nettali.com\/#website\"},\"primaryImageOfPage\":{\"@id\":\"https:\/\/www.nettali.com\/2023\/07\/03\/en-coulisses-linjonction-de-sonko-a-macron-et-erdogan\/#primaryimage\"},\"datePublished\":\"2023-07-03T07:21:06+00:00\",\"dateModified\":\"2023-07-03T08:33:01+00:00\",\"author\":{\"@id\":\"https:\/\/www.nettali.com\/#\/schema\/person\/3317e0bb3aa1da309fbf7b2780901bf4\"},\"breadcrumb\":{\"@id\":\"https:\/\/www.nettali.com\/2023\/07\/03\/en-coulisses-linjonction-de-sonko-a-macron-et-erdogan\/#breadcrumb\"},\"inLanguage\":\"fr-FR\",\"potentialAction\":[{\"@type\":\"ReadAction\",\"target\":[\"https:\/\/www.nettali.com\/2023\/07\/03\/en-coulisses-linjonction-de-sonko-a-macron-et-erdogan\/\"]}]},{\"@type\":\"BreadcrumbList\",\"@id\":\"https:\/\/www.nettali.com\/2023\/07\/03\/en-coulisses-linjonction-de-sonko-a-macron-et-erdogan\/#breadcrumb\",\"itemListElement\":[{\"@type\":\"ListItem\",\"position\":1,\"name\":\"Accueil\",\"item\":\"https:\/\/www.nettali.com\/\"},{\"@type\":\"ListItem\",\"position\":2,\"name\":\"EN COULISSES - \\\"L'injonction\\\" de Sonko \\u00e0 Macron et Erdogan\"}]},{\"@type\":\"Person\",\"@id\":\"https:\/\/www.nettali.com\/#\/schema\/person\/3317e0bb3aa1da309fbf7b2780901bf4\",\"name\":\"Daouda\",\"image\":{\"@type\":\"ImageObject\",\"@id\":\"https:\/\/www.nettali.com\/#personlogo\",\"inLanguage\":\"fr-FR\",\"url\":\"https:\/\/secure.gravatar.com\/avatar\/8d143b5a49345098ddcfee1c49c2f47c?s=96&d=mm&r=g\",\"contentUrl\":\"https:\/\/secure.gravatar.com\/avatar\/8d143b5a49345098ddcfee1c49c2f47c?s=96&d=mm&r=g\",\"caption\":\"Daouda\"},\"sameAs\":[\"https:\/\/www.nettali.com\"]}]}<\/script>\n<!-- \/ Yoast SEO Premium plugin. -->","yoast_head_json":{"title":"EN COULISSES - \"L'injonction\" de Sonko \u00e0 Macron et Erdogan | Nettali.com","robots":{"index":"index","follow":"follow","max-snippet":"max-snippet:-1","max-image-preview":"max-image-preview:large","max-video-preview":"max-video-preview:-1"},"canonical":"https:\/\/www.nettali.com\/2023\/07\/03\/en-coulisses-linjonction-de-sonko-a-macron-et-erdogan\/","og_locale":"fr_FR","og_type":"article","og_title":"EN COULISSES - \"L'injonction\" de Sonko \u00e0 Macron et Erdogan","og_description":"NETTALI.COM - Lors d'une adresse \u00e0 la Nation, dimanche 2 juillet le maire de Ziguinchor et non moins leader de Pastef\/ Les Patriotes, a lanc\u00e9 un appel \u00e0 la France, partenaire du S\u00e9n\u00e9gal et \u00e0 la la Turquie. \u00ab Pour les sept mois qui nous s\u00e9parent de la pr\u00e9sidentielle, je vous demande de vous abstenir [&hellip;]","og_url":"https:\/\/www.nettali.com\/2023\/07\/03\/en-coulisses-linjonction-de-sonko-a-macron-et-erdogan\/","og_site_name":"Nettali.com","article_publisher":"https:\/\/www.facebook.com\/nettalicom","article_published_time":"2023-07-03T07:21:06+00:00","article_modified_time":"2023-07-03T08:33:01+00:00","og_image":[{"width":1251,"height":695,"url":"https:\/\/www.nettali.com\/wp-content\/uploads\/2023\/05\/Ousmane-Sonko-opposant-politique-a-Macky-Sall.jpg","type":"image\/jpeg"}],"twitter_card":"summary_large_image","twitter_misc":{"\u00c9crit par":"Daouda","Dur\u00e9e de lecture estim\u00e9e":"1 minute"},"schema":{"@context":"https:\/\/schema.org","@graph":[{"@type":"WebSite","@id":"https:\/\/www.nettali.com\/#website","url":"https:\/\/www.nettali.com\/","name":"Nettali.com","description":"Le rendez-vous critique du Net","potentialAction":[{"@type":"SearchAction","target":{"@type":"EntryPoint","urlTemplate":"https:\/\/www.nettali.com\/?s={search_term_string}"},"query-input":"required name=search_term_string"}],"inLanguage":"fr-FR"},{"@type":"ImageObject","@id":"https:\/\/www.nettali.com\/2023\/07\/03\/en-coulisses-linjonction-de-sonko-a-macron-et-erdogan\/#primaryimage","inLanguage":"fr-FR","url":"https:\/\/www.nettali.com\/wp-content\/uploads\/2023\/05\/Ousmane-Sonko-opposant-politique-a-Macky-Sall.jpg","contentUrl":"https:\/\/www.nettali.com\/wp-content\/uploads\/2023\/05\/Ousmane-Sonko-opposant-politique-a-Macky-Sall.jpg","width":1251,"height":695},{"@type":"WebPage","@id":"https:\/\/www.nettali.com\/2023\/07\/03\/en-coulisses-linjonction-de-sonko-a-macron-et-erdogan\/#webpage","url":"https:\/\/www.nettali.com\/2023\/07\/03\/en-coulisses-linjonction-de-sonko-a-macron-et-erdogan\/","name":"EN COULISSES - \"L'injonction\" de Sonko \u00e0 Macron et Erdogan | Nettali.com","isPartOf":{"@id":"https:\/\/www.nettali.com\/#website"},"primaryImageOfPage":{"@id":"https:\/\/www.nettali.com\/2023\/07\/03\/en-coulisses-linjonction-de-sonko-a-macron-et-erdogan\/#primaryimage"},"datePublished":"2023-07-03T07:21:06+00:00","dateModified":"2023-07-03T08:33:01+00:00","author":{"@id":"https:\/\/www.nettali.com\/#\/schema\/person\/3317e0bb3aa1da309fbf7b2780901bf4"},"breadcrumb":{"@id":"https:\/\/www.nettali.com\/2023\/07\/03\/en-coulisses-linjonction-de-sonko-a-macron-et-erdogan\/#breadcrumb"},"inLanguage":"fr-FR","potentialAction":[{"@type":"ReadAction","target":["https:\/\/www.nettali.com\/2023\/07\/03\/en-coulisses-linjonction-de-sonko-a-macron-et-erdogan\/"]}]},{"@type":"BreadcrumbList","@id":"https:\/\/www.nettali.com\/2023\/07\/03\/en-coulisses-linjonction-de-sonko-a-macron-et-erdogan\/#breadcrumb","itemListElement":[{"@type":"ListItem","position":1,"name":"Accueil","item":"https:\/\/www.nettali.com\/"},{"@type":"ListItem","position":2,"name":"EN COULISSES - \"L'injonction\" de Sonko \u00e0 Macron et Erdogan"}]},{"@type":"Person","@id":"https:\/\/www.nettali.com\/#\/schema\/person\/3317e0bb3aa1da309fbf7b2780901bf4","name":"Daouda","image":{"@type":"ImageObject","@id":"https:\/\/www.nettali.com\/#personlogo","inLanguage":"fr-FR","url":"https:\/\/secure.gravatar.com\/avatar\/8d143b5a49345098ddcfee1c49c2f47c?s=96&d=mm&r=g","contentUrl":"https:\/\/secure.gravatar.com\/avatar\/8d143b5a49345098ddcfee1c49c2f47c?s=96&d=mm&r=g","caption":"Daouda"},"sameAs":["https:\/\/www.nettali.com"]}]}},"_links":{"self":[{"href":"https:\/\/www.nettali.com\/rest\/wp\/v2\/posts\/113282"}],"collection":[{"href":"https:\/\/www.nettali.com\/rest\/wp\/v2\/posts"}],"about":[{"href":"https:\/\/www.nettali.com\/rest\/wp\/v2\/types\/post"}],"author":[{"embeddable":true,"href":"https:\/\/www.nettali.com\/rest\/wp\/v2\/users\/4"}],"replies":[{"embeddable":true,"href":"https:\/\/www.nettali.com\/rest\/wp\/v2\/comments?post=113282"}],"version-history":[{"count":3,"href":"https:\/\/www.nettali.com\/rest\/wp\/v2\/posts\/113282\/revisions"}],"predecessor-version":[{"id":113297,"href":"https:\/\/www.nettali.com\/rest\/wp\/v2\/posts\/113282\/revisions\/113297"}],"wp:featuredmedia":[{"embeddable":true,"href":"https:\/\/www.nettali.com\/rest\/wp\/v2\/media\/110905"}],"wp:attachment":[{"href":"https:\/\/www.nettali.com\/rest\/wp\/v2\/media?parent=113282"}],"wp:term":[{"taxonomy":"category","embeddable":true,"href":"https:\/\/www.nettali.com\/rest\/wp\/v2\/categories?post=113282"},{"taxonomy":"post_tag","embeddable":true,"href":"https:\/\/www.nettali.com\/rest\/wp\/v2\/tags?post=113282"}],"curies":[{"name":"wp","href":"https:\/\/api.w.org\/{rel}","templated":true}]}}