{"id":113240,"date":"2023-07-02T13:58:15","date_gmt":"2023-07-02T13:58:15","guid":{"rendered":"https:\/\/www.nettali.com\/?p=113240"},"modified":"2023-07-02T13:58:15","modified_gmt":"2023-07-02T13:58:15","slug":"en-coulisses-le-rappel-de-mimi-a-macky","status":"publish","type":"post","link":"https:\/\/www.nettali.com\/2023\/07\/02\/en-coulisses-le-rappel-de-mimi-a-macky\/","title":{"rendered":"EN COULISSES - Le rappel de Mimi \u00e0 Macky !"},"content":{"rendered":"<div class=\"x11i5rnm xat24cr x1mh8g0r x1vvkbs xtlvy1s x126k92a\">\n<div dir=\"auto\"><\/div>\n<div dir=\"auto\"><em><strong>NETTALI.COM -<\/strong> Apr\u00e8s avoir critiqu\u00e9 un \"discours va-t'en-guerre\", lors de la rencontre, samedi 1er juin avec des membres de l\u2019Association des maires du S\u00e9n\u00e9gal et des pr\u00e9sidents de conseil d\u00e9partemental qui ont sign\u00e9 une p\u00e9tition pour porter la candidature de Macky Sall \u00e0 la prochaine \u00e9lection pr\u00e9sidentielle, l'ancienne Premier ministre de Macky Sall n'en est pas rest\u00e9e l\u00e0. Elle a aussi fait un rappel du fondement du verrouillage de la constitution.\u00a0<\/em><\/div>\n<div dir=\"auto\"><\/div>\n<div dir=\"auto\"><em>\"Je rappelle qu\u2019en 2016, c\u2019est le Pr\u00e9sident Macky Sall lui-m\u00eame qui avait choisi le terme de \u00abverrouillage de la constitution\u00bb pour expliquer urbi et orbi que la question du nombre de mandat pr\u00e9sidentiel \u00e9tait d\u00e9sormais d\u00e9finitivement r\u00e9gl\u00e9e au S\u00e9n\u00e9gal par l\u2019article 27 de la Constitution stipulant que \u00ab nul ne peut faire plus de deux mandats cons\u00e9cutifs. \u00bb. Ensuite, trois ans durant, le Pr\u00e9sident Macky Sall, la main sur le coeur, a clam\u00e9 partout qu\u2019une fois r\u00e9\u00e9lu en 2019 il ferait son deuxi\u00e8me et dernier mandat. Il a r\u00e9it\u00e9r\u00e9 ses m\u00eames propos dans son livre \u00ab le S\u00e9n\u00e9gal au Coeur\"<\/em>, lui rappelle Mimi Tour\u00e9, celle qui fut sa directrice de campagne.<\/div>\n<\/div>\n<div class=\"x11i5rnm xat24cr x1mh8g0r x1vvkbs xtlvy1s x126k92a\"><\/div>\n<div class=\"x11i5rnm xat24cr x1mh8g0r x1vvkbs xtlvy1s x126k92a\">\n<div dir=\"auto\">Mimi Tour\u00e9 dit rejeter\u00a0 les propos accusatoires inacceptables du Pr\u00e9sident Macky Sall !<\/div>\n<\/div>\n<div class='share-to-whatsapp-wrapper'><div class='share-on-whsp'>PARTAGER SUR : <\/div><a data-text='EN COULISSES - Le rappel de Mimi \u00e0 Macky !' data-link='https:\/\/www.nettali.com\/2023\/07\/02\/en-coulisses-le-rappel-de-mimi-a-macky\/' class='whatsapp-button whatsapp-share'>WhatsApp<\/a><div class='clear '><\/div><\/div>","protected":false},"excerpt":{"rendered":"<p>NETTALI.COM - Apr\u00e8s avoir critiqu\u00e9 un \"discours va-t'en-guerre\", lors de la rencontre, samedi 1er juin avec des membres de l\u2019Association des maires du S\u00e9n\u00e9gal et des pr\u00e9sidents de conseil d\u00e9partemental qui ont sign\u00e9 une p\u00e9tition pour porter la candidature de Macky Sall \u00e0 la prochaine \u00e9lection pr\u00e9sidentielle, l'ancienne Premier ministre de Macky Sall n'en est [&hellip;]<\/p>\n","protected":false},"author":2,"featured_media":111546,"comment_status":"open","ping_status":"open","sticky":false,"template":"","format":"standard","meta":{"_et_pb_use_builder":"","_et_pb_old_content":""},"categories":[34945],"tags":[],"yoast_head":"<!-- This site is optimized with the Yoast SEO Premium plugin v17.8 (Yoast SEO v17.8) - https:\/\/yoast.com\/wordpress\/plugins\/seo\/ -->\n<title>EN COULISSES - Le rappel de Mimi \u00e0 Macky ! | Nettali.com<\/title>\n<meta name=\"robots\" content=\"index, follow, max-snippet:-1, max-image-preview:large, max-video-preview:-1\" \/>\n<link rel=\"canonical\" href=\"https:\/\/www.nettali.com\/2023\/07\/02\/en-coulisses-le-rappel-de-mimi-a-macky\/\" \/>\n<meta property=\"og:locale\" content=\"fr_FR\" \/>\n<meta property=\"og:type\" content=\"article\" \/>\n<meta property=\"og:title\" content=\"EN COULISSES - Le rappel de Mimi \u00e0 Macky !\" \/>\n<meta property=\"og:description\" content=\"NETTALI.COM - Apr\u00e8s avoir critiqu\u00e9 un &quot;discours va-t&#039;en-guerre&quot;, lors de la rencontre, samedi 1er juin avec des membres de l\u2019Association des maires du S\u00e9n\u00e9gal et des pr\u00e9sidents de conseil d\u00e9partemental qui ont sign\u00e9 une p\u00e9tition pour porter la candidature de Macky Sall \u00e0 la prochaine \u00e9lection pr\u00e9sidentielle, l&#039;ancienne Premier ministre de Macky Sall n&#039;en est [&hellip;]\" \/>\n<meta property=\"og:url\" content=\"https:\/\/www.nettali.com\/2023\/07\/02\/en-coulisses-le-rappel-de-mimi-a-macky\/\" \/>\n<meta property=\"og:site_name\" content=\"Nettali.com\" \/>\n<meta property=\"article:publisher\" content=\"https:\/\/www.facebook.com\/nettalicom\" \/>\n<meta property=\"article:published_time\" content=\"2023-07-02T13:58:15+00:00\" \/>\n<meta property=\"og:image\" content=\"https:\/\/www.nettali.com\/wp-content\/uploads\/2023\/06\/AMINATA-TOURE-CHEZ-ELLE-A-DAKAR-LE-29-SEPT.jpg\" \/>\n\t<meta property=\"og:image:width\" content=\"1280\" \/>\n\t<meta property=\"og:image:height\" content=\"960\" \/>\n<meta name=\"twitter:card\" content=\"summary_large_image\" \/>\n<meta name=\"twitter:label1\" content=\"\u00c9crit par\" \/>\n\t<meta name=\"twitter:data1\" content=\"CK\" \/>\n\t<meta name=\"twitter:label2\" content=\"Dur\u00e9e de lecture estim\u00e9e\" \/>\n\t<meta name=\"twitter:data2\" content=\"1 minute\" \/>\n<script type=\"application\/ld+json\" class=\"yoast-schema-graph\">{\"@context\":\"https:\/\/schema.org\",\"@graph\":[{\"@type\":\"WebSite\",\"@id\":\"https:\/\/www.nettali.com\/#website\",\"url\":\"https:\/\/www.nettali.com\/\",\"name\":\"Nettali.com\",\"description\":\"Le rendez-vous critique du Net\",\"potentialAction\":[{\"@type\":\"SearchAction\",\"target\":{\"@type\":\"EntryPoint\",\"urlTemplate\":\"https:\/\/www.nettali.com\/?s={search_term_string}\"},\"query-input\":\"required name=search_term_string\"}],\"inLanguage\":\"fr-FR\"},{\"@type\":\"ImageObject\",\"@id\":\"https:\/\/www.nettali.com\/2023\/07\/02\/en-coulisses-le-rappel-de-mimi-a-macky\/#primaryimage\",\"inLanguage\":\"fr-FR\",\"url\":\"https:\/\/www.nettali.com\/wp-content\/uploads\/2023\/06\/AMINATA-TOURE-CHEZ-ELLE-A-DAKAR-LE-29-SEPT.jpg\",\"contentUrl\":\"https:\/\/www.nettali.com\/wp-content\/uploads\/2023\/06\/AMINATA-TOURE-CHEZ-ELLE-A-DAKAR-LE-29-SEPT.jpg\",\"width\":1280,\"height\":960},{\"@type\":\"WebPage\",\"@id\":\"https:\/\/www.nettali.com\/2023\/07\/02\/en-coulisses-le-rappel-de-mimi-a-macky\/#webpage\",\"url\":\"https:\/\/www.nettali.com\/2023\/07\/02\/en-coulisses-le-rappel-de-mimi-a-macky\/\",\"name\":\"EN COULISSES - Le rappel de Mimi \\u00e0 Macky ! | Nettali.com\",\"isPartOf\":{\"@id\":\"https:\/\/www.nettali.com\/#website\"},\"primaryImageOfPage\":{\"@id\":\"https:\/\/www.nettali.com\/2023\/07\/02\/en-coulisses-le-rappel-de-mimi-a-macky\/#primaryimage\"},\"datePublished\":\"2023-07-02T13:58:15+00:00\",\"dateModified\":\"2023-07-02T13:58:15+00:00\",\"author\":{\"@id\":\"https:\/\/www.nettali.com\/#\/schema\/person\/d8ac7b7e27ddad43f1c0d2ef090d7f71\"},\"breadcrumb\":{\"@id\":\"https:\/\/www.nettali.com\/2023\/07\/02\/en-coulisses-le-rappel-de-mimi-a-macky\/#breadcrumb\"},\"inLanguage\":\"fr-FR\",\"potentialAction\":[{\"@type\":\"ReadAction\",\"target\":[\"https:\/\/www.nettali.com\/2023\/07\/02\/en-coulisses-le-rappel-de-mimi-a-macky\/\"]}]},{\"@type\":\"BreadcrumbList\",\"@id\":\"https:\/\/www.nettali.com\/2023\/07\/02\/en-coulisses-le-rappel-de-mimi-a-macky\/#breadcrumb\",\"itemListElement\":[{\"@type\":\"ListItem\",\"position\":1,\"name\":\"Accueil\",\"item\":\"https:\/\/www.nettali.com\/\"},{\"@type\":\"ListItem\",\"position\":2,\"name\":\"EN COULISSES - Le rappel de Mimi \\u00e0 Macky !\"}]},{\"@type\":\"Person\",\"@id\":\"https:\/\/www.nettali.com\/#\/schema\/person\/d8ac7b7e27ddad43f1c0d2ef090d7f71\",\"name\":\"CK\",\"image\":{\"@type\":\"ImageObject\",\"@id\":\"https:\/\/www.nettali.com\/#personlogo\",\"inLanguage\":\"fr-FR\",\"url\":\"https:\/\/secure.gravatar.com\/avatar\/1d8d5118b9327d94da7cd4ce7f17fec2?s=96&d=mm&r=g\",\"contentUrl\":\"https:\/\/secure.gravatar.com\/avatar\/1d8d5118b9327d94da7cd4ce7f17fec2?s=96&d=mm&r=g\",\"caption\":\"CK\"},\"sameAs\":[\"https:\/\/www.nettali.com\"]}]}<\/script>\n<!-- \/ Yoast SEO Premium plugin. -->","yoast_head_json":{"title":"EN COULISSES - Le rappel de Mimi \u00e0 Macky ! | Nettali.com","robots":{"index":"index","follow":"follow","max-snippet":"max-snippet:-1","max-image-preview":"max-image-preview:large","max-video-preview":"max-video-preview:-1"},"canonical":"https:\/\/www.nettali.com\/2023\/07\/02\/en-coulisses-le-rappel-de-mimi-a-macky\/","og_locale":"fr_FR","og_type":"article","og_title":"EN COULISSES - Le rappel de Mimi \u00e0 Macky !","og_description":"NETTALI.COM - Apr\u00e8s avoir critiqu\u00e9 un \"discours va-t'en-guerre\", lors de la rencontre, samedi 1er juin avec des membres de l\u2019Association des maires du S\u00e9n\u00e9gal et des pr\u00e9sidents de conseil d\u00e9partemental qui ont sign\u00e9 une p\u00e9tition pour porter la candidature de Macky Sall \u00e0 la prochaine \u00e9lection pr\u00e9sidentielle, l'ancienne Premier ministre de Macky Sall n'en est [&hellip;]","og_url":"https:\/\/www.nettali.com\/2023\/07\/02\/en-coulisses-le-rappel-de-mimi-a-macky\/","og_site_name":"Nettali.com","article_publisher":"https:\/\/www.facebook.com\/nettalicom","article_published_time":"2023-07-02T13:58:15+00:00","og_image":[{"width":1280,"height":960,"url":"https:\/\/www.nettali.com\/wp-content\/uploads\/2023\/06\/AMINATA-TOURE-CHEZ-ELLE-A-DAKAR-LE-29-SEPT.jpg","type":"image\/jpeg"}],"twitter_card":"summary_large_image","twitter_misc":{"\u00c9crit par":"CK","Dur\u00e9e de lecture estim\u00e9e":"1 minute"},"schema":{"@context":"https:\/\/schema.org","@graph":[{"@type":"WebSite","@id":"https:\/\/www.nettali.com\/#website","url":"https:\/\/www.nettali.com\/","name":"Nettali.com","description":"Le rendez-vous critique du Net","potentialAction":[{"@type":"SearchAction","target":{"@type":"EntryPoint","urlTemplate":"https:\/\/www.nettali.com\/?s={search_term_string}"},"query-input":"required name=search_term_string"}],"inLanguage":"fr-FR"},{"@type":"ImageObject","@id":"https:\/\/www.nettali.com\/2023\/07\/02\/en-coulisses-le-rappel-de-mimi-a-macky\/#primaryimage","inLanguage":"fr-FR","url":"https:\/\/www.nettali.com\/wp-content\/uploads\/2023\/06\/AMINATA-TOURE-CHEZ-ELLE-A-DAKAR-LE-29-SEPT.jpg","contentUrl":"https:\/\/www.nettali.com\/wp-content\/uploads\/2023\/06\/AMINATA-TOURE-CHEZ-ELLE-A-DAKAR-LE-29-SEPT.jpg","width":1280,"height":960},{"@type":"WebPage","@id":"https:\/\/www.nettali.com\/2023\/07\/02\/en-coulisses-le-rappel-de-mimi-a-macky\/#webpage","url":"https:\/\/www.nettali.com\/2023\/07\/02\/en-coulisses-le-rappel-de-mimi-a-macky\/","name":"EN COULISSES - Le rappel de Mimi \u00e0 Macky ! | Nettali.com","isPartOf":{"@id":"https:\/\/www.nettali.com\/#website"},"primaryImageOfPage":{"@id":"https:\/\/www.nettali.com\/2023\/07\/02\/en-coulisses-le-rappel-de-mimi-a-macky\/#primaryimage"},"datePublished":"2023-07-02T13:58:15+00:00","dateModified":"2023-07-02T13:58:15+00:00","author":{"@id":"https:\/\/www.nettali.com\/#\/schema\/person\/d8ac7b7e27ddad43f1c0d2ef090d7f71"},"breadcrumb":{"@id":"https:\/\/www.nettali.com\/2023\/07\/02\/en-coulisses-le-rappel-de-mimi-a-macky\/#breadcrumb"},"inLanguage":"fr-FR","potentialAction":[{"@type":"ReadAction","target":["https:\/\/www.nettali.com\/2023\/07\/02\/en-coulisses-le-rappel-de-mimi-a-macky\/"]}]},{"@type":"BreadcrumbList","@id":"https:\/\/www.nettali.com\/2023\/07\/02\/en-coulisses-le-rappel-de-mimi-a-macky\/#breadcrumb","itemListElement":[{"@type":"ListItem","position":1,"name":"Accueil","item":"https:\/\/www.nettali.com\/"},{"@type":"ListItem","position":2,"name":"EN COULISSES - Le rappel de Mimi \u00e0 Macky !"}]},{"@type":"Person","@id":"https:\/\/www.nettali.com\/#\/schema\/person\/d8ac7b7e27ddad43f1c0d2ef090d7f71","name":"CK","image":{"@type":"ImageObject","@id":"https:\/\/www.nettali.com\/#personlogo","inLanguage":"fr-FR","url":"https:\/\/secure.gravatar.com\/avatar\/1d8d5118b9327d94da7cd4ce7f17fec2?s=96&d=mm&r=g","contentUrl":"https:\/\/secure.gravatar.com\/avatar\/1d8d5118b9327d94da7cd4ce7f17fec2?s=96&d=mm&r=g","caption":"CK"},"sameAs":["https:\/\/www.nettali.com"]}]}},"_links":{"self":[{"href":"https:\/\/www.nettali.com\/rest\/wp\/v2\/posts\/113240"}],"collection":[{"href":"https:\/\/www.nettali.com\/rest\/wp\/v2\/posts"}],"about":[{"href":"https:\/\/www.nettali.com\/rest\/wp\/v2\/types\/post"}],"author":[{"embeddable":true,"href":"https:\/\/www.nettali.com\/rest\/wp\/v2\/users\/2"}],"replies":[{"embeddable":true,"href":"https:\/\/www.nettali.com\/rest\/wp\/v2\/comments?post=113240"}],"version-history":[{"count":2,"href":"https:\/\/www.nettali.com\/rest\/wp\/v2\/posts\/113240\/revisions"}],"predecessor-version":[{"id":113242,"href":"https:\/\/www.nettali.com\/rest\/wp\/v2\/posts\/113240\/revisions\/113242"}],"wp:featuredmedia":[{"embeddable":true,"href":"https:\/\/www.nettali.com\/rest\/wp\/v2\/media\/111546"}],"wp:attachment":[{"href":"https:\/\/www.nettali.com\/rest\/wp\/v2\/media?parent=113240"}],"wp:term":[{"taxonomy":"category","embeddable":true,"href":"https:\/\/www.nettali.com\/rest\/wp\/v2\/categories?post=113240"},{"taxonomy":"post_tag","embeddable":true,"href":"https:\/\/www.nettali.com\/rest\/wp\/v2\/tags?post=113240"}],"curies":[{"name":"wp","href":"https:\/\/api.w.org\/{rel}","templated":true}]}}