{"id":113219,"date":"2023-07-02T13:31:22","date_gmt":"2023-07-02T13:31:22","guid":{"rendered":"https:\/\/www.nettali.com\/?p=113219"},"modified":"2023-07-02T13:31:22","modified_gmt":"2023-07-02T13:31:22","slug":"analyse-de-la-communication-de-macky-sall-dr-mamadou-ndiaye-estime-quon-peut-arriver-a-une-situation-apaisante","status":"publish","type":"post","link":"https:\/\/www.nettali.com\/2023\/07\/02\/analyse-de-la-communication-de-macky-sall-dr-mamadou-ndiaye-estime-quon-peut-arriver-a-une-situation-apaisante\/","title":{"rendered":"ANALYSE DE LA COMMUNICATION DE MACKY SALL - Dr Mamadou Ndiaye\u00a0estime qu\u2019on peut arriver \u00e0 une situation apaisante\u00a0"},"content":{"rendered":"<p><b>NETTALI.COM- <\/b><strong>Le directeur du Centre d\u2019Etudes des Sciences et Techniques de l\u2019Information (CESTI) per\u00e7oit dans la communication du Pr\u00e9sident Macky sur la question du troisi\u00e8me mandat<\/strong><strong>,<\/strong><strong> \u00ab<\/strong><strong> une situation apaisante \u00bb en perspective.<\/strong><\/p>\n<p>La communication du Pr\u00e9sident Macky Sall est interpr\u00e9t\u00e9e de part et d\u2019autres par diff\u00e9rents sp\u00e9cialistes. En effet, il devra faire face \u00e0 la nation pour donner une r\u00e9ponse d\u00e9finitive sur sa participation ou non \u00e0 la prochaine \u00e9lection pr\u00e9sidentielle.<\/p>\n<p>Pour le\u00a0\u00a0directeur du Centre d\u2019\u00e9tudes des sciences et techniques de l\u2019information (CESTI), on se rend compte qu\u2019il y a toujours le flou, si on analyse le discours du pr\u00e9sident sur le 3e mandat.<\/p>\n<p>Malgr\u00e9 ce flou, Dr Mamadou Ndiaye qui s'exprimait \u00e0 l\u2019\u00e9mission \"JDD\" de ce dimanche 02 juillet 2023 note qu\u2019il y a quand m\u00eame des r\u00e9f\u00e9rences dans son discours qui peuvent penser qu\u2019il va prendre telle ou telle d\u00e9cision par rapport \u00e0 cette question. \u00ab <em>Mais moi, j\u2019ai comme viatique par rapport \u00e0 mon m\u00e9tier, je ne peux pas r\u00e9fl\u00e9chir sur des conjectures. Le principal concern\u00e9 a dit qu\u2019il va s\u2019exprimer sur cette question. Jusqu\u2019\u00e0 preuve du contraire, je retiens ce qu\u2019il a dit en 2016 et pr\u00e9c\u00e9demment en 2019. Donc, je reste \u00e0 son \u00e9coute, mais je sens dans son discours qu\u2019on peut arriver \u00e0 une situation apaisante pour le S\u00e9n\u00e9gal<\/em> \u00bb a dit celui-ci sur les ondes de Iradio.<\/p>\n<div class='share-to-whatsapp-wrapper'><div class='share-on-whsp'>PARTAGER SUR : <\/div><a data-text='ANALYSE DE LA COMMUNICATION DE MACKY SALL - Dr Mamadou Ndiaye\u00a0estime qu\u2019on peut arriver \u00e0 une situation apaisante\u00a0' data-link='https:\/\/www.nettali.com\/2023\/07\/02\/analyse-de-la-communication-de-macky-sall-dr-mamadou-ndiaye-estime-quon-peut-arriver-a-une-situation-apaisante\/' class='whatsapp-button whatsapp-share'>WhatsApp<\/a><div class='clear '><\/div><\/div>","protected":false},"excerpt":{"rendered":"<p>NETTALI.COM- Le directeur du Centre d\u2019Etudes des Sciences et Techniques de l\u2019Information (CESTI) per\u00e7oit dans la communication du Pr\u00e9sident Macky sur la question du troisi\u00e8me mandat, \u00ab une situation apaisante \u00bb en perspective. La communication du Pr\u00e9sident Macky Sall est interpr\u00e9t\u00e9e de part et d\u2019autres par diff\u00e9rents sp\u00e9cialistes. En effet, il devra faire face \u00e0 [&hellip;]<\/p>\n","protected":false},"author":6,"featured_media":113220,"comment_status":"open","ping_status":"open","sticky":false,"template":"","format":"standard","meta":{"_et_pb_use_builder":"","_et_pb_old_content":""},"categories":[2],"tags":[],"yoast_head":"<!-- This site is optimized with the Yoast SEO Premium plugin v17.8 (Yoast SEO v17.8) - https:\/\/yoast.com\/wordpress\/plugins\/seo\/ -->\n<title>ANALYSE DE LA COMMUNICATION DE MACKY SALL - Dr Mamadou Ndiaye\u00a0estime qu\u2019on peut arriver \u00e0 une situation apaisante\u00a0 | Nettali.com<\/title>\n<meta name=\"robots\" content=\"index, follow, max-snippet:-1, max-image-preview:large, max-video-preview:-1\" \/>\n<link rel=\"canonical\" href=\"https:\/\/www.nettali.com\/2023\/07\/02\/analyse-de-la-communication-de-macky-sall-dr-mamadou-ndiaye-estime-quon-peut-arriver-a-une-situation-apaisante\/\" \/>\n<meta property=\"og:locale\" content=\"fr_FR\" \/>\n<meta property=\"og:type\" content=\"article\" \/>\n<meta property=\"og:title\" content=\"ANALYSE DE LA COMMUNICATION DE MACKY SALL - Dr Mamadou Ndiaye\u00a0estime qu\u2019on peut arriver \u00e0 une situation apaisante\u00a0\" \/>\n<meta property=\"og:description\" content=\"NETTALI.COM- Le directeur du Centre d\u2019Etudes des Sciences et Techniques de l\u2019Information (CESTI) per\u00e7oit dans la communication du Pr\u00e9sident Macky sur la question du troisi\u00e8me mandat, \u00ab une situation apaisante \u00bb en perspective. La communication du Pr\u00e9sident Macky Sall est interpr\u00e9t\u00e9e de part et d\u2019autres par diff\u00e9rents sp\u00e9cialistes. En effet, il devra faire face \u00e0 [&hellip;]\" \/>\n<meta property=\"og:url\" content=\"https:\/\/www.nettali.com\/2023\/07\/02\/analyse-de-la-communication-de-macky-sall-dr-mamadou-ndiaye-estime-quon-peut-arriver-a-une-situation-apaisante\/\" \/>\n<meta property=\"og:site_name\" content=\"Nettali.com\" \/>\n<meta property=\"article:publisher\" content=\"https:\/\/www.facebook.com\/nettalicom\" \/>\n<meta property=\"article:published_time\" content=\"2023-07-02T13:31:22+00:00\" \/>\n<meta property=\"og:image\" content=\"https:\/\/www.nettali.com\/wp-content\/uploads\/2023\/07\/48430997-38014572.jpg\" \/>\n\t<meta property=\"og:image:width\" content=\"696\" \/>\n\t<meta property=\"og:image:height\" content=\"464\" \/>\n<meta name=\"twitter:card\" content=\"summary_large_image\" \/>\n<meta name=\"twitter:label1\" content=\"\u00c9crit par\" \/>\n\t<meta name=\"twitter:data1\" content=\"Fatou\" \/>\n\t<meta name=\"twitter:label2\" content=\"Dur\u00e9e de lecture estim\u00e9e\" \/>\n\t<meta name=\"twitter:data2\" content=\"2 minutes\" \/>\n<script type=\"application\/ld+json\" class=\"yoast-schema-graph\">{\"@context\":\"https:\/\/schema.org\",\"@graph\":[{\"@type\":\"WebSite\",\"@id\":\"https:\/\/www.nettali.com\/#website\",\"url\":\"https:\/\/www.nettali.com\/\",\"name\":\"Nettali.com\",\"description\":\"Le rendez-vous critique du Net\",\"potentialAction\":[{\"@type\":\"SearchAction\",\"target\":{\"@type\":\"EntryPoint\",\"urlTemplate\":\"https:\/\/www.nettali.com\/?s={search_term_string}\"},\"query-input\":\"required name=search_term_string\"}],\"inLanguage\":\"fr-FR\"},{\"@type\":\"ImageObject\",\"@id\":\"https:\/\/www.nettali.com\/2023\/07\/02\/analyse-de-la-communication-de-macky-sall-dr-mamadou-ndiaye-estime-quon-peut-arriver-a-une-situation-apaisante\/#primaryimage\",\"inLanguage\":\"fr-FR\",\"url\":\"https:\/\/www.nettali.com\/wp-content\/uploads\/2023\/07\/48430997-38014572.jpg\",\"contentUrl\":\"https:\/\/www.nettali.com\/wp-content\/uploads\/2023\/07\/48430997-38014572.jpg\",\"width\":696,\"height\":464},{\"@type\":\"WebPage\",\"@id\":\"https:\/\/www.nettali.com\/2023\/07\/02\/analyse-de-la-communication-de-macky-sall-dr-mamadou-ndiaye-estime-quon-peut-arriver-a-une-situation-apaisante\/#webpage\",\"url\":\"https:\/\/www.nettali.com\/2023\/07\/02\/analyse-de-la-communication-de-macky-sall-dr-mamadou-ndiaye-estime-quon-peut-arriver-a-une-situation-apaisante\/\",\"name\":\"ANALYSE DE LA COMMUNICATION DE MACKY SALL - Dr Mamadou Ndiaye\\u00a0estime qu\\u2019on peut arriver \\u00e0 une situation apaisante\\u00a0 | Nettali.com\",\"isPartOf\":{\"@id\":\"https:\/\/www.nettali.com\/#website\"},\"primaryImageOfPage\":{\"@id\":\"https:\/\/www.nettali.com\/2023\/07\/02\/analyse-de-la-communication-de-macky-sall-dr-mamadou-ndiaye-estime-quon-peut-arriver-a-une-situation-apaisante\/#primaryimage\"},\"datePublished\":\"2023-07-02T13:31:22+00:00\",\"dateModified\":\"2023-07-02T13:31:22+00:00\",\"author\":{\"@id\":\"https:\/\/www.nettali.com\/#\/schema\/person\/418274a86bdf87caff7a3ef476bd0bbf\"},\"breadcrumb\":{\"@id\":\"https:\/\/www.nettali.com\/2023\/07\/02\/analyse-de-la-communication-de-macky-sall-dr-mamadou-ndiaye-estime-quon-peut-arriver-a-une-situation-apaisante\/#breadcrumb\"},\"inLanguage\":\"fr-FR\",\"potentialAction\":[{\"@type\":\"ReadAction\",\"target\":[\"https:\/\/www.nettali.com\/2023\/07\/02\/analyse-de-la-communication-de-macky-sall-dr-mamadou-ndiaye-estime-quon-peut-arriver-a-une-situation-apaisante\/\"]}]},{\"@type\":\"BreadcrumbList\",\"@id\":\"https:\/\/www.nettali.com\/2023\/07\/02\/analyse-de-la-communication-de-macky-sall-dr-mamadou-ndiaye-estime-quon-peut-arriver-a-une-situation-apaisante\/#breadcrumb\",\"itemListElement\":[{\"@type\":\"ListItem\",\"position\":1,\"name\":\"Accueil\",\"item\":\"https:\/\/www.nettali.com\/\"},{\"@type\":\"ListItem\",\"position\":2,\"name\":\"ANALYSE DE LA COMMUNICATION DE MACKY SALL - Dr Mamadou Ndiaye\\u00a0estime qu\\u2019on peut arriver \\u00e0 une situation apaisante\\u00a0\"}]},{\"@type\":\"Person\",\"@id\":\"https:\/\/www.nettali.com\/#\/schema\/person\/418274a86bdf87caff7a3ef476bd0bbf\",\"name\":\"Fatou\",\"image\":{\"@type\":\"ImageObject\",\"@id\":\"https:\/\/www.nettali.com\/#personlogo\",\"inLanguage\":\"fr-FR\",\"url\":\"https:\/\/secure.gravatar.com\/avatar\/5a9442a2bee7b4dcf167cab035858e9a?s=96&d=mm&r=g\",\"contentUrl\":\"https:\/\/secure.gravatar.com\/avatar\/5a9442a2bee7b4dcf167cab035858e9a?s=96&d=mm&r=g\",\"caption\":\"Fatou\"},\"sameAs\":[\"https:\/\/www.nettali.com\"]}]}<\/script>\n<!-- \/ Yoast SEO Premium plugin. -->","yoast_head_json":{"title":"ANALYSE DE LA COMMUNICATION DE MACKY SALL - Dr Mamadou Ndiaye\u00a0estime qu\u2019on peut arriver \u00e0 une situation apaisante\u00a0 | Nettali.com","robots":{"index":"index","follow":"follow","max-snippet":"max-snippet:-1","max-image-preview":"max-image-preview:large","max-video-preview":"max-video-preview:-1"},"canonical":"https:\/\/www.nettali.com\/2023\/07\/02\/analyse-de-la-communication-de-macky-sall-dr-mamadou-ndiaye-estime-quon-peut-arriver-a-une-situation-apaisante\/","og_locale":"fr_FR","og_type":"article","og_title":"ANALYSE DE LA COMMUNICATION DE MACKY SALL - Dr Mamadou Ndiaye\u00a0estime qu\u2019on peut arriver \u00e0 une situation apaisante\u00a0","og_description":"NETTALI.COM- Le directeur du Centre d\u2019Etudes des Sciences et Techniques de l\u2019Information (CESTI) per\u00e7oit dans la communication du Pr\u00e9sident Macky sur la question du troisi\u00e8me mandat, \u00ab une situation apaisante \u00bb en perspective. La communication du Pr\u00e9sident Macky Sall est interpr\u00e9t\u00e9e de part et d\u2019autres par diff\u00e9rents sp\u00e9cialistes. En effet, il devra faire face \u00e0 [&hellip;]","og_url":"https:\/\/www.nettali.com\/2023\/07\/02\/analyse-de-la-communication-de-macky-sall-dr-mamadou-ndiaye-estime-quon-peut-arriver-a-une-situation-apaisante\/","og_site_name":"Nettali.com","article_publisher":"https:\/\/www.facebook.com\/nettalicom","article_published_time":"2023-07-02T13:31:22+00:00","og_image":[{"width":696,"height":464,"url":"https:\/\/www.nettali.com\/wp-content\/uploads\/2023\/07\/48430997-38014572.jpg","type":"image\/jpeg"}],"twitter_card":"summary_large_image","twitter_misc":{"\u00c9crit par":"Fatou","Dur\u00e9e de lecture estim\u00e9e":"2 minutes"},"schema":{"@context":"https:\/\/schema.org","@graph":[{"@type":"WebSite","@id":"https:\/\/www.nettali.com\/#website","url":"https:\/\/www.nettali.com\/","name":"Nettali.com","description":"Le rendez-vous critique du Net","potentialAction":[{"@type":"SearchAction","target":{"@type":"EntryPoint","urlTemplate":"https:\/\/www.nettali.com\/?s={search_term_string}"},"query-input":"required name=search_term_string"}],"inLanguage":"fr-FR"},{"@type":"ImageObject","@id":"https:\/\/www.nettali.com\/2023\/07\/02\/analyse-de-la-communication-de-macky-sall-dr-mamadou-ndiaye-estime-quon-peut-arriver-a-une-situation-apaisante\/#primaryimage","inLanguage":"fr-FR","url":"https:\/\/www.nettali.com\/wp-content\/uploads\/2023\/07\/48430997-38014572.jpg","contentUrl":"https:\/\/www.nettali.com\/wp-content\/uploads\/2023\/07\/48430997-38014572.jpg","width":696,"height":464},{"@type":"WebPage","@id":"https:\/\/www.nettali.com\/2023\/07\/02\/analyse-de-la-communication-de-macky-sall-dr-mamadou-ndiaye-estime-quon-peut-arriver-a-une-situation-apaisante\/#webpage","url":"https:\/\/www.nettali.com\/2023\/07\/02\/analyse-de-la-communication-de-macky-sall-dr-mamadou-ndiaye-estime-quon-peut-arriver-a-une-situation-apaisante\/","name":"ANALYSE DE LA COMMUNICATION DE MACKY SALL - Dr Mamadou Ndiaye\u00a0estime qu\u2019on peut arriver \u00e0 une situation apaisante\u00a0 | Nettali.com","isPartOf":{"@id":"https:\/\/www.nettali.com\/#website"},"primaryImageOfPage":{"@id":"https:\/\/www.nettali.com\/2023\/07\/02\/analyse-de-la-communication-de-macky-sall-dr-mamadou-ndiaye-estime-quon-peut-arriver-a-une-situation-apaisante\/#primaryimage"},"datePublished":"2023-07-02T13:31:22+00:00","dateModified":"2023-07-02T13:31:22+00:00","author":{"@id":"https:\/\/www.nettali.com\/#\/schema\/person\/418274a86bdf87caff7a3ef476bd0bbf"},"breadcrumb":{"@id":"https:\/\/www.nettali.com\/2023\/07\/02\/analyse-de-la-communication-de-macky-sall-dr-mamadou-ndiaye-estime-quon-peut-arriver-a-une-situation-apaisante\/#breadcrumb"},"inLanguage":"fr-FR","potentialAction":[{"@type":"ReadAction","target":["https:\/\/www.nettali.com\/2023\/07\/02\/analyse-de-la-communication-de-macky-sall-dr-mamadou-ndiaye-estime-quon-peut-arriver-a-une-situation-apaisante\/"]}]},{"@type":"BreadcrumbList","@id":"https:\/\/www.nettali.com\/2023\/07\/02\/analyse-de-la-communication-de-macky-sall-dr-mamadou-ndiaye-estime-quon-peut-arriver-a-une-situation-apaisante\/#breadcrumb","itemListElement":[{"@type":"ListItem","position":1,"name":"Accueil","item":"https:\/\/www.nettali.com\/"},{"@type":"ListItem","position":2,"name":"ANALYSE DE LA COMMUNICATION DE MACKY SALL - Dr Mamadou Ndiaye\u00a0estime qu\u2019on peut arriver \u00e0 une situation apaisante\u00a0"}]},{"@type":"Person","@id":"https:\/\/www.nettali.com\/#\/schema\/person\/418274a86bdf87caff7a3ef476bd0bbf","name":"Fatou","image":{"@type":"ImageObject","@id":"https:\/\/www.nettali.com\/#personlogo","inLanguage":"fr-FR","url":"https:\/\/secure.gravatar.com\/avatar\/5a9442a2bee7b4dcf167cab035858e9a?s=96&d=mm&r=g","contentUrl":"https:\/\/secure.gravatar.com\/avatar\/5a9442a2bee7b4dcf167cab035858e9a?s=96&d=mm&r=g","caption":"Fatou"},"sameAs":["https:\/\/www.nettali.com"]}]}},"_links":{"self":[{"href":"https:\/\/www.nettali.com\/rest\/wp\/v2\/posts\/113219"}],"collection":[{"href":"https:\/\/www.nettali.com\/rest\/wp\/v2\/posts"}],"about":[{"href":"https:\/\/www.nettali.com\/rest\/wp\/v2\/types\/post"}],"author":[{"embeddable":true,"href":"https:\/\/www.nettali.com\/rest\/wp\/v2\/users\/6"}],"replies":[{"embeddable":true,"href":"https:\/\/www.nettali.com\/rest\/wp\/v2\/comments?post=113219"}],"version-history":[{"count":3,"href":"https:\/\/www.nettali.com\/rest\/wp\/v2\/posts\/113219\/revisions"}],"predecessor-version":[{"id":113229,"href":"https:\/\/www.nettali.com\/rest\/wp\/v2\/posts\/113219\/revisions\/113229"}],"wp:featuredmedia":[{"embeddable":true,"href":"https:\/\/www.nettali.com\/rest\/wp\/v2\/media\/113220"}],"wp:attachment":[{"href":"https:\/\/www.nettali.com\/rest\/wp\/v2\/media?parent=113219"}],"wp:term":[{"taxonomy":"category","embeddable":true,"href":"https:\/\/www.nettali.com\/rest\/wp\/v2\/categories?post=113219"},{"taxonomy":"post_tag","embeddable":true,"href":"https:\/\/www.nettali.com\/rest\/wp\/v2\/tags?post=113219"}],"curies":[{"name":"wp","href":"https:\/\/api.w.org\/{rel}","templated":true}]}}