{"id":113126,"date":"2023-06-30T10:51:26","date_gmt":"2023-06-30T10:51:26","guid":{"rendered":"https:\/\/www.nettali.com\/?p=113126"},"modified":"2023-06-30T10:51:26","modified_gmt":"2023-06-30T10:51:26","slug":"me-cire-cledor-ly-jai-pu-voir-mon-client-ousmane-sonko","status":"publish","type":"post","link":"https:\/\/www.nettali.com\/2023\/06\/30\/me-cire-cledor-ly-jai-pu-voir-mon-client-ousmane-sonko\/","title":{"rendered":"Me CIRE CLEDOR LY - \"J'ai pu voir mon client, Ousmane Sonko...\""},"content":{"rendered":"<p><strong>NETTALI.COM -\u00a0 Le ministre de l'Int\u00e9rieur, Antoine F\u00e9lix Diome, a permis ce jeudi, jour de la tabaski \u00e0 Me Cir\u00e9 Cl\u00e9dor Ly de voir son client, Ousmane Sonko. L'avocat s'en f\u00e9licite et esp\u00e8re que c'est le signe de la fin des barricade. Voici le message de l'avocat.<\/strong><\/p>\n<p>\u00abBonne f\u00eate de Tabaski \u00e0 tous ceux qui, dans le monde, ne vivent que pour la justice sociale, l\u2019\u00e9quilibre des institutions, le partage \u00e9quitable des g\u00e9n\u00e9rosit\u00e9s de la nature, le don entier de soi et la fraternit\u00e9.<\/p>\n<p>Pour le peuple s\u00e9n\u00e9galais qui vit un tournant d\u00e9cisif qui pourrait tourner aux \u00e9v\u00e9nements de 1789 avec tout ce qu\u2018il fut pour un monde nouveau et d\u2019horreur pour des tortionnaires, il n\u2019est pas trop tard pour que la raison et la sagesse, ainsi que le respect des valeurs humaines que sont la vie, la libert\u00e9, le respect de la dignit\u00e9 humaine et des droits citoyens guident les pens\u00e9es et les actes des uns et des autres, pour conjurer le mensonge d\u2019une gamine inconsciente et insouciante, qui est entrain de plonger le pays dans l\u2019ab\u00eeme.<\/p>\n<p>J\u2019ai pu avec mes enfants et mon petit fils, voir mon client Ousmane Sonko. C\u2019est un homme plein de projets louables, b\u00e9n\u00e9fiques et f\u00e9d\u00e9rateurs pour le continent Africain que j\u2018ai retrouv\u00e9. Un leader qui vit un destin qu\u2019il assume pleinement et dignement.<\/p>\n<p>Ce que le minist\u00e8re de l\u2019int\u00e9rieur m\u2019a permis hier, est un droit humain et il est toujours indiqu\u00e9 de ne point porter ombrage ni entrave \u00e0 ce que la nature accorde et le droit consacre.\u00a0Le citoyen Ousmane Sonko m'a paru soulag\u00e9 d'avoir pu enfin rencontrer un de ses avocats apr\u00e8s des mois de privation de ce droit \u00e9l\u00e9mentaire de la D\u00e9fense.<\/p>\n<p>C\u2019est pourquoi, j\u2019esp\u00e8re que par ce geste louable, c'est un signe de retour \u00e0 la normalit\u00e9 et une enjamb\u00e9e vers la lev\u00e9e des barricades, ainsi que la fin d\u2019une oppression multiforme parce que en cel\u00e0, seul le peuple S\u00e9n\u00e9galais serait gagnant.<\/p>\n<p>Rappelions-nous que tout exc\u00e8s finit par nuire.\u00a0Demain n\u00b4est pas loin. Il nous \u00e9difiera et s\u2019il est sombre, apr\u00e8s demain, il fera jour.<\/p>\n<div class='share-to-whatsapp-wrapper'><div class='share-on-whsp'>PARTAGER SUR : <\/div><a data-text='Me CIRE CLEDOR LY - \"J'ai pu voir mon client, Ousmane Sonko...\"' data-link='https:\/\/www.nettali.com\/2023\/06\/30\/me-cire-cledor-ly-jai-pu-voir-mon-client-ousmane-sonko\/' class='whatsapp-button whatsapp-share'>WhatsApp<\/a><div class='clear '><\/div><\/div>","protected":false},"excerpt":{"rendered":"<p>NETTALI.COM -\u00a0 Le ministre de l'Int\u00e9rieur, Antoine F\u00e9lix Diome, a permis ce jeudi, jour de la tabaski \u00e0 Me Cir\u00e9 Cl\u00e9dor Ly de voir son client, Ousmane Sonko. L'avocat s'en f\u00e9licite et esp\u00e8re que c'est le signe de la fin des barricade. Voici le message de l'avocat. \u00abBonne f\u00eate de Tabaski \u00e0 tous ceux qui, [&hellip;]<\/p>\n","protected":false},"author":4,"featured_media":39842,"comment_status":"open","ping_status":"open","sticky":false,"template":"","format":"standard","meta":{"_et_pb_use_builder":"","_et_pb_old_content":""},"categories":[3],"tags":[],"yoast_head":"<!-- This site is optimized with the Yoast SEO Premium plugin v17.8 (Yoast SEO v17.8) - https:\/\/yoast.com\/wordpress\/plugins\/seo\/ -->\n<title>Me CIRE CLEDOR LY - &quot;J&#039;ai pu voir mon client, Ousmane Sonko...&quot; | Nettali.com<\/title>\n<meta name=\"robots\" content=\"index, follow, max-snippet:-1, max-image-preview:large, max-video-preview:-1\" \/>\n<link rel=\"canonical\" href=\"https:\/\/www.nettali.com\/2023\/06\/30\/me-cire-cledor-ly-jai-pu-voir-mon-client-ousmane-sonko\/\" \/>\n<meta property=\"og:locale\" content=\"fr_FR\" \/>\n<meta property=\"og:type\" content=\"article\" \/>\n<meta property=\"og:title\" content=\"Me CIRE CLEDOR LY - &quot;J&#039;ai pu voir mon client, Ousmane Sonko...&quot;\" \/>\n<meta property=\"og:description\" content=\"NETTALI.COM -\u00a0 Le ministre de l&#039;Int\u00e9rieur, Antoine F\u00e9lix Diome, a permis ce jeudi, jour de la tabaski \u00e0 Me Cir\u00e9 Cl\u00e9dor Ly de voir son client, Ousmane Sonko. L&#039;avocat s&#039;en f\u00e9licite et esp\u00e8re que c&#039;est le signe de la fin des barricade. Voici le message de l&#039;avocat. \u00abBonne f\u00eate de Tabaski \u00e0 tous ceux qui, [&hellip;]\" \/>\n<meta property=\"og:url\" content=\"https:\/\/www.nettali.com\/2023\/06\/30\/me-cire-cledor-ly-jai-pu-voir-mon-client-ousmane-sonko\/\" \/>\n<meta property=\"og:site_name\" content=\"Nettali.com\" \/>\n<meta property=\"article:publisher\" content=\"https:\/\/www.facebook.com\/nettalicom\" \/>\n<meta property=\"article:published_time\" content=\"2023-06-30T10:51:26+00:00\" \/>\n<meta property=\"og:image\" content=\"https:\/\/www.nettali.com\/wp-content\/uploads\/2020\/06\/CIRE-CLEDOR-e1594252709683.jpg\" \/>\n\t<meta property=\"og:image:width\" content=\"709\" \/>\n\t<meta property=\"og:image:height\" content=\"395\" \/>\n<meta name=\"twitter:card\" content=\"summary_large_image\" \/>\n<meta name=\"twitter:label1\" content=\"\u00c9crit par\" \/>\n\t<meta name=\"twitter:data1\" content=\"Daouda\" \/>\n\t<meta name=\"twitter:label2\" content=\"Dur\u00e9e de lecture estim\u00e9e\" \/>\n\t<meta name=\"twitter:data2\" content=\"2 minutes\" \/>\n<script type=\"application\/ld+json\" class=\"yoast-schema-graph\">{\"@context\":\"https:\/\/schema.org\",\"@graph\":[{\"@type\":\"WebSite\",\"@id\":\"https:\/\/www.nettali.com\/#website\",\"url\":\"https:\/\/www.nettali.com\/\",\"name\":\"Nettali.com\",\"description\":\"Le rendez-vous critique du Net\",\"potentialAction\":[{\"@type\":\"SearchAction\",\"target\":{\"@type\":\"EntryPoint\",\"urlTemplate\":\"https:\/\/www.nettali.com\/?s={search_term_string}\"},\"query-input\":\"required name=search_term_string\"}],\"inLanguage\":\"fr-FR\"},{\"@type\":\"ImageObject\",\"@id\":\"https:\/\/www.nettali.com\/2023\/06\/30\/me-cire-cledor-ly-jai-pu-voir-mon-client-ousmane-sonko\/#primaryimage\",\"inLanguage\":\"fr-FR\",\"url\":\"https:\/\/www.nettali.com\/wp-content\/uploads\/2020\/06\/CIRE-CLEDOR-e1594252709683.jpg\",\"contentUrl\":\"https:\/\/www.nettali.com\/wp-content\/uploads\/2020\/06\/CIRE-CLEDOR-e1594252709683.jpg\",\"width\":709,\"height\":395},{\"@type\":\"WebPage\",\"@id\":\"https:\/\/www.nettali.com\/2023\/06\/30\/me-cire-cledor-ly-jai-pu-voir-mon-client-ousmane-sonko\/#webpage\",\"url\":\"https:\/\/www.nettali.com\/2023\/06\/30\/me-cire-cledor-ly-jai-pu-voir-mon-client-ousmane-sonko\/\",\"name\":\"Me CIRE CLEDOR LY - \\\"J'ai pu voir mon client, Ousmane Sonko...\\\" | Nettali.com\",\"isPartOf\":{\"@id\":\"https:\/\/www.nettali.com\/#website\"},\"primaryImageOfPage\":{\"@id\":\"https:\/\/www.nettali.com\/2023\/06\/30\/me-cire-cledor-ly-jai-pu-voir-mon-client-ousmane-sonko\/#primaryimage\"},\"datePublished\":\"2023-06-30T10:51:26+00:00\",\"dateModified\":\"2023-06-30T10:51:26+00:00\",\"author\":{\"@id\":\"https:\/\/www.nettali.com\/#\/schema\/person\/3317e0bb3aa1da309fbf7b2780901bf4\"},\"breadcrumb\":{\"@id\":\"https:\/\/www.nettali.com\/2023\/06\/30\/me-cire-cledor-ly-jai-pu-voir-mon-client-ousmane-sonko\/#breadcrumb\"},\"inLanguage\":\"fr-FR\",\"potentialAction\":[{\"@type\":\"ReadAction\",\"target\":[\"https:\/\/www.nettali.com\/2023\/06\/30\/me-cire-cledor-ly-jai-pu-voir-mon-client-ousmane-sonko\/\"]}]},{\"@type\":\"BreadcrumbList\",\"@id\":\"https:\/\/www.nettali.com\/2023\/06\/30\/me-cire-cledor-ly-jai-pu-voir-mon-client-ousmane-sonko\/#breadcrumb\",\"itemListElement\":[{\"@type\":\"ListItem\",\"position\":1,\"name\":\"Accueil\",\"item\":\"https:\/\/www.nettali.com\/\"},{\"@type\":\"ListItem\",\"position\":2,\"name\":\"Me CIRE CLEDOR LY - \\\"J'ai pu voir mon client, Ousmane Sonko...\\\"\"}]},{\"@type\":\"Person\",\"@id\":\"https:\/\/www.nettali.com\/#\/schema\/person\/3317e0bb3aa1da309fbf7b2780901bf4\",\"name\":\"Daouda\",\"image\":{\"@type\":\"ImageObject\",\"@id\":\"https:\/\/www.nettali.com\/#personlogo\",\"inLanguage\":\"fr-FR\",\"url\":\"https:\/\/secure.gravatar.com\/avatar\/8d143b5a49345098ddcfee1c49c2f47c?s=96&d=mm&r=g\",\"contentUrl\":\"https:\/\/secure.gravatar.com\/avatar\/8d143b5a49345098ddcfee1c49c2f47c?s=96&d=mm&r=g\",\"caption\":\"Daouda\"},\"sameAs\":[\"https:\/\/www.nettali.com\"]}]}<\/script>\n<!-- \/ Yoast SEO Premium plugin. -->","yoast_head_json":{"title":"Me CIRE CLEDOR LY - \"J'ai pu voir mon client, Ousmane Sonko...\" | Nettali.com","robots":{"index":"index","follow":"follow","max-snippet":"max-snippet:-1","max-image-preview":"max-image-preview:large","max-video-preview":"max-video-preview:-1"},"canonical":"https:\/\/www.nettali.com\/2023\/06\/30\/me-cire-cledor-ly-jai-pu-voir-mon-client-ousmane-sonko\/","og_locale":"fr_FR","og_type":"article","og_title":"Me CIRE CLEDOR LY - \"J'ai pu voir mon client, Ousmane Sonko...\"","og_description":"NETTALI.COM -\u00a0 Le ministre de l'Int\u00e9rieur, Antoine F\u00e9lix Diome, a permis ce jeudi, jour de la tabaski \u00e0 Me Cir\u00e9 Cl\u00e9dor Ly de voir son client, Ousmane Sonko. L'avocat s'en f\u00e9licite et esp\u00e8re que c'est le signe de la fin des barricade. Voici le message de l'avocat. \u00abBonne f\u00eate de Tabaski \u00e0 tous ceux qui, [&hellip;]","og_url":"https:\/\/www.nettali.com\/2023\/06\/30\/me-cire-cledor-ly-jai-pu-voir-mon-client-ousmane-sonko\/","og_site_name":"Nettali.com","article_publisher":"https:\/\/www.facebook.com\/nettalicom","article_published_time":"2023-06-30T10:51:26+00:00","og_image":[{"width":709,"height":395,"url":"https:\/\/www.nettali.com\/wp-content\/uploads\/2020\/06\/CIRE-CLEDOR-e1594252709683.jpg","type":"image\/jpeg"}],"twitter_card":"summary_large_image","twitter_misc":{"\u00c9crit par":"Daouda","Dur\u00e9e de lecture estim\u00e9e":"2 minutes"},"schema":{"@context":"https:\/\/schema.org","@graph":[{"@type":"WebSite","@id":"https:\/\/www.nettali.com\/#website","url":"https:\/\/www.nettali.com\/","name":"Nettali.com","description":"Le rendez-vous critique du Net","potentialAction":[{"@type":"SearchAction","target":{"@type":"EntryPoint","urlTemplate":"https:\/\/www.nettali.com\/?s={search_term_string}"},"query-input":"required name=search_term_string"}],"inLanguage":"fr-FR"},{"@type":"ImageObject","@id":"https:\/\/www.nettali.com\/2023\/06\/30\/me-cire-cledor-ly-jai-pu-voir-mon-client-ousmane-sonko\/#primaryimage","inLanguage":"fr-FR","url":"https:\/\/www.nettali.com\/wp-content\/uploads\/2020\/06\/CIRE-CLEDOR-e1594252709683.jpg","contentUrl":"https:\/\/www.nettali.com\/wp-content\/uploads\/2020\/06\/CIRE-CLEDOR-e1594252709683.jpg","width":709,"height":395},{"@type":"WebPage","@id":"https:\/\/www.nettali.com\/2023\/06\/30\/me-cire-cledor-ly-jai-pu-voir-mon-client-ousmane-sonko\/#webpage","url":"https:\/\/www.nettali.com\/2023\/06\/30\/me-cire-cledor-ly-jai-pu-voir-mon-client-ousmane-sonko\/","name":"Me CIRE CLEDOR LY - \"J'ai pu voir mon client, Ousmane Sonko...\" | Nettali.com","isPartOf":{"@id":"https:\/\/www.nettali.com\/#website"},"primaryImageOfPage":{"@id":"https:\/\/www.nettali.com\/2023\/06\/30\/me-cire-cledor-ly-jai-pu-voir-mon-client-ousmane-sonko\/#primaryimage"},"datePublished":"2023-06-30T10:51:26+00:00","dateModified":"2023-06-30T10:51:26+00:00","author":{"@id":"https:\/\/www.nettali.com\/#\/schema\/person\/3317e0bb3aa1da309fbf7b2780901bf4"},"breadcrumb":{"@id":"https:\/\/www.nettali.com\/2023\/06\/30\/me-cire-cledor-ly-jai-pu-voir-mon-client-ousmane-sonko\/#breadcrumb"},"inLanguage":"fr-FR","potentialAction":[{"@type":"ReadAction","target":["https:\/\/www.nettali.com\/2023\/06\/30\/me-cire-cledor-ly-jai-pu-voir-mon-client-ousmane-sonko\/"]}]},{"@type":"BreadcrumbList","@id":"https:\/\/www.nettali.com\/2023\/06\/30\/me-cire-cledor-ly-jai-pu-voir-mon-client-ousmane-sonko\/#breadcrumb","itemListElement":[{"@type":"ListItem","position":1,"name":"Accueil","item":"https:\/\/www.nettali.com\/"},{"@type":"ListItem","position":2,"name":"Me CIRE CLEDOR LY - \"J'ai pu voir mon client, Ousmane Sonko...\""}]},{"@type":"Person","@id":"https:\/\/www.nettali.com\/#\/schema\/person\/3317e0bb3aa1da309fbf7b2780901bf4","name":"Daouda","image":{"@type":"ImageObject","@id":"https:\/\/www.nettali.com\/#personlogo","inLanguage":"fr-FR","url":"https:\/\/secure.gravatar.com\/avatar\/8d143b5a49345098ddcfee1c49c2f47c?s=96&d=mm&r=g","contentUrl":"https:\/\/secure.gravatar.com\/avatar\/8d143b5a49345098ddcfee1c49c2f47c?s=96&d=mm&r=g","caption":"Daouda"},"sameAs":["https:\/\/www.nettali.com"]}]}},"_links":{"self":[{"href":"https:\/\/www.nettali.com\/rest\/wp\/v2\/posts\/113126"}],"collection":[{"href":"https:\/\/www.nettali.com\/rest\/wp\/v2\/posts"}],"about":[{"href":"https:\/\/www.nettali.com\/rest\/wp\/v2\/types\/post"}],"author":[{"embeddable":true,"href":"https:\/\/www.nettali.com\/rest\/wp\/v2\/users\/4"}],"replies":[{"embeddable":true,"href":"https:\/\/www.nettali.com\/rest\/wp\/v2\/comments?post=113126"}],"version-history":[{"count":1,"href":"https:\/\/www.nettali.com\/rest\/wp\/v2\/posts\/113126\/revisions"}],"predecessor-version":[{"id":113127,"href":"https:\/\/www.nettali.com\/rest\/wp\/v2\/posts\/113126\/revisions\/113127"}],"wp:featuredmedia":[{"embeddable":true,"href":"https:\/\/www.nettali.com\/rest\/wp\/v2\/media\/39842"}],"wp:attachment":[{"href":"https:\/\/www.nettali.com\/rest\/wp\/v2\/media?parent=113126"}],"wp:term":[{"taxonomy":"category","embeddable":true,"href":"https:\/\/www.nettali.com\/rest\/wp\/v2\/categories?post=113126"},{"taxonomy":"post_tag","embeddable":true,"href":"https:\/\/www.nettali.com\/rest\/wp\/v2\/tags?post=113126"}],"curies":[{"name":"wp","href":"https:\/\/api.w.org\/{rel}","templated":true}]}}