{"id":113123,"date":"2023-06-30T10:16:47","date_gmt":"2023-06-30T10:16:47","guid":{"rendered":"https:\/\/www.nettali.com\/?p=113123"},"modified":"2023-07-01T21:15:16","modified_gmt":"2023-07-01T21:15:16","slug":"emeutes-en-france-troisieme-nuit-de-violences-667-personnes-interpellees","status":"publish","type":"post","link":"https:\/\/www.nettali.com\/2023\/06\/30\/emeutes-en-france-troisieme-nuit-de-violences-667-personnes-interpellees\/","title":{"rendered":"EMEUTES EN FRANCE - Troisi\u00e8me nuit de violences, 667 personnes interpell\u00e9es"},"content":{"rendered":"<p class=\"commonArticle-standFirst qg-st2 qg-xtra-lh\"><strong>NETTALI.COM - Une troisi\u00e8me nuit de violences a eu lieu dans la nuit de jeudi \u00e0 vendredi, apr\u00e8s la mort du jeune Nahel dans un contr\u00f4le routier \u00e0 Nanterre, dans les Hauts-de-Seine. \u00c0 Paris, mais aussi \u00e0 Lille, Rouen, Poitiers ou Marseille, les tensions ont dur\u00e9 une grande partie de la nuit.<\/strong><\/p>\n<div class=\"commonArticle-body\">\n<div class=\"HtmlBodyWrapper station-franceinter \" data-brand=\"franceinter\">\n<div class=\"\">\n<p class=\"PopSlotParagraph qg-tx2 qg-xtra-lh svelte-1xznlfb\">Pour la troisi\u00e8me nuit cons\u00e9cutive, des tensions ont \u00e9clat\u00e9 un peu partout en France, en r\u00e9action \u00e0 la mort de Nahel, 17 ans, dans un contr\u00f4le routier \u00e0 Nanterre. Apr\u00e8s la\u00a0mise en examen\u00a0pour homicide volontaire et le placement en d\u00e9tention provisoire de l\u2019auteur du tir, et apr\u00e8s une\u00a0marche blanche\u00a0qui a r\u00e9uni 6\u00a0200 personnes selon la pr\u00e9fecture, les violences ont pris le pas. D\u00e8s jeudi apr\u00e8s-midi, les autorit\u00e9s annon\u00e7aient que 19 personnes avaient \u00e9t\u00e9 interpell\u00e9es \u00e0 Nanterre en marge de cette marche.<\/p>\n<p class=\"PopSlotParagraph qg-tx2 qg-xtra-lh svelte-1xznlfb\">Au total, selon le ministre de l'Int\u00e9rieur, 667 personnes ont \u00e9t\u00e9 interpell\u00e9es dans toute la France dans la nuit de jeudi \u00e0 vendredi. Par ailleurs, 39 locaux de la police nationale, 24 locaux de la police municiale, 16 casernes de gendarmerie ont \u00e9t\u00e9 attaqu\u00e9s, d'apr\u00e8s le d\u00e9compte de la Place Beauveau, ainsi que 119 b\u00e2timents publics (dont 34 mairies et 28 \u00e9coles).<\/p>\n<div class=\"PopSlot inread svelte-1czwje5 isEnabled\">\n<div class=\"PopSlot-label svelte-1czwje5 g-visuallyHidden\"><span class=\"qg-tx5 svelte-1czwje5\">Publicit\u00e9<\/span><\/div>\n<\/div>\n<p class=\"PopSlotParagraph qg-tx2 qg-xtra-lh svelte-1xznlfb\">L'\u00c9lys\u00e9e a annonc\u00e9 qu'Emmanuel Macron allait pr\u00e9sider une nouvelle cellule de crise interminist\u00e9rielle ce vendredi \u00e0 13h. Il pourrait, pour cela, \u00e9courter son d\u00e9placement \u00e0 Bruxelles. Une premi\u00e8re r\u00e9union avec les ministres concern\u00e9s avait eu lieu jeudi matin.<\/p>\n<h2 class=\"qg-st2 \">242 personnes interpell\u00e9es en \u00cele-de-France<\/h2>\n<p class=\"PopSlotParagraph qg-tx2 qg-xtra-lh svelte-1xznlfb\">En \u00cele-de-France, trois villes avaient mis en place un couvre-feu\u00a0: Clamart dans les Hauts-de-Seine, Savigny-le-Temple (Seine-et-Marne) et Neuilly-sur-Marne (Seine-Saint-Denis).\u00a0<strong>Ailleurs, \"<em>quasiment toutes les communes<\/em>\" de Seine-Saint-Denis ont \u00e9t\u00e9 touch\u00e9es<\/strong>\u00a0selon une source polici\u00e8re, avec de nombreux pillages dans des centres commerciaux, notamment \u00e0 Drancy o\u00f9 les \u00e9meutiers ont utilis\u00e9 un camion pour forcer l\u2019entr\u00e9e d\u2019un centre commercial.<\/p>\n<p class=\"PopSlotParagraph qg-tx2 qg-xtra-lh svelte-1xznlfb\">Mais c\u2019est Nanterre, la ville o\u00f9 le jeune Nahel est mort, qui reste l\u2019\u00e9picentre des violences\u00a0: une agence bancaire y a \u00e9t\u00e9 incendi\u00e9e, des b\u00e2timents publics, des \u00e9coles et un centre des imp\u00f4ts y ont \u00e9t\u00e9 pris pour cible. En revanche, en dehors de Nanterre, selon une source du gouvernement, les violences ont \u00e9t\u00e9 \"<em>moindres qu\u2019attendues<\/em>\". En Seine-et-Marne, plusieurs villes ont d\u00fb tenter d\u2019emp\u00eacher des \"<em>tentatives d\u2019intrusion dans les commissariats<\/em>\", \u00e0 Meaux et Villeparisis notamment.<\/p>\n<p class=\"PopSlotParagraph qg-tx2 qg-xtra-lh svelte-1xznlfb\">Le coeur de Paris a \u00e9galement \u00e9t\u00e9 vis\u00e9\u00a0: au moins deux boutiques ont \u00e9t\u00e9 vandalis\u00e9es dans le quartier des Halles. Plus en p\u00e9riph\u00e9rie, des voitures ont \u00e9t\u00e9 incendi\u00e9es le long du tramway, entre la Porte de Vanves et la Cit\u00e9 internationale universitaire, dans le 14e arrondissement. Au total, \u00e0 Paris et en petite couronne, 242 personnes ont \u00e9t\u00e9 interpell\u00e9es dans la nuit, selon un comptage de la pr\u00e9fecture de police de Paris<\/p>\n<h2 class=\"qg-st2 \">Des commissariats, des th\u00e9\u00e2tres, des transports touch\u00e9s dans plusieurs villes<\/h2>\n<p class=\"PopSlotParagraph qg-tx2 qg-xtra-lh svelte-1xznlfb\">Mais Paris et la petite couronne n\u2019ont pas \u00e9t\u00e9 le seul lieu de tensions\u00a0: bien d\u2019autres villes en France\u00a0: dans le Nord, la mairie d\u2019Halluin, pr\u00e8s de Lille, a \u00e9t\u00e9 incendi\u00e9e dans la nuit, selon France Bleu Nord. \u00c0 Roubaix \u00e9galement,\u00a0<strong>un h\u00f4tel a pris feu, suite \u00e0 un d\u00e9part d\u2019incendie dans un commerce au rez-de-chauss\u00e9e<\/strong>. En centre-ville de Lille, le th\u00e9\u00e2tre du Colis\u00e9e a vu de nombreuses vitres bris\u00e9es, et un centre social a \u00e9t\u00e9 incendi\u00e9.<\/p>\n<p class=\"PopSlotParagraph qg-tx2 qg-xtra-lh svelte-1xznlfb\">En Normandie, des affrontements ont \u00e9clat\u00e9 autour de Rouen notamment\u00a0: \u00e0 Maromme,\u00a0<strong>selon France Bleu Normandie, un appartement a pris feu apr\u00e8s un tir de mortier<\/strong> \u2013 mais il n\u2019y a pas eu de bless\u00e9. D\u2019autres quartiers ont \u00e9t\u00e9 touch\u00e9s par des feux et des tirs de mortiers, et au Havre, des poubelles ont \u00e9t\u00e9 incendi\u00e9es.<\/p>\n<p class=\"PopSlotParagraph qg-tx2 qg-xtra-lh svelte-1xznlfb\">\u00c0 Nantes, selon le conseiller r\u00e9gional St\u00e9phane Gachet, \"<em>une petite dizaine d'individus masqu\u00e9s et dot\u00e9s de barres de fer et masques \u00e0 oxyg\u00e8ne ont stopp\u00e9 un busway, demand\u00e9 aux passagers de descendre puis l'ont incendi\u00e9<\/em>\". A Metz,\u00a0<strong>le maire a fait \u00e9tat de d\u00e9gradations dans une salle de concert<\/strong>, dans laquelle une trentaine d\u2019individus ont fait irruption. \u00c0 Pau, \"<em>le bureau de police situ\u00e9 au p\u00f4le Laherr\u00e8re \u00e0 Pau a \u00e9t\u00e9 vis\u00e9 par un cocktail Molotov<\/em>\" selon la pr\u00e9fecture des Pyr\u00e9n\u00e9es-Atlantiques.<\/p>\n<p class=\"PopSlotParagraph qg-tx2 qg-xtra-lh svelte-1xznlfb\">Selon les informations des locales du r\u00e9seau France Bleu, des tensions et des affrontements ont \u00e9t\u00e9 constat\u00e9s \u00e9galement \u00e0 Marseille, Poitiers, Amiens, Reims, Charleville-M\u00e9zi\u00e8res, Strasbourg, N\u00eemes ou Annecy.<\/p>\n<\/div>\n<\/div>\n<\/div>\n<div class='share-to-whatsapp-wrapper'><div class='share-on-whsp'>PARTAGER SUR : <\/div><a data-text='EMEUTES EN FRANCE - Troisi\u00e8me nuit de violences, 667 personnes interpell\u00e9es' data-link='https:\/\/www.nettali.com\/2023\/06\/30\/emeutes-en-france-troisieme-nuit-de-violences-667-personnes-interpellees\/' class='whatsapp-button whatsapp-share'>WhatsApp<\/a><div class='clear '><\/div><\/div>","protected":false},"excerpt":{"rendered":"<p>NETTALI.COM - Une troisi\u00e8me nuit de violences a eu lieu dans la nuit de jeudi \u00e0 vendredi, apr\u00e8s la mort du jeune Nahel dans un contr\u00f4le routier \u00e0 Nanterre, dans les Hauts-de-Seine. \u00c0 Paris, mais aussi \u00e0 Lille, Rouen, Poitiers ou Marseille, les tensions ont dur\u00e9 une grande partie de la nuit. Pour la troisi\u00e8me [&hellip;]<\/p>\n","protected":false},"author":4,"featured_media":113124,"comment_status":"open","ping_status":"open","sticky":false,"template":"","format":"standard","meta":{"_et_pb_use_builder":"","_et_pb_old_content":""},"categories":[3],"tags":[],"yoast_head":"<!-- This site is optimized with the Yoast SEO Premium plugin v17.8 (Yoast SEO v17.8) - https:\/\/yoast.com\/wordpress\/plugins\/seo\/ -->\n<title>EMEUTES EN FRANCE - Troisi\u00e8me nuit de violences, 667 personnes interpell\u00e9es | Nettali.com<\/title>\n<meta name=\"robots\" content=\"index, follow, max-snippet:-1, max-image-preview:large, max-video-preview:-1\" \/>\n<link rel=\"canonical\" href=\"https:\/\/www.nettali.com\/2023\/06\/30\/emeutes-en-france-troisieme-nuit-de-violences-667-personnes-interpellees\/\" \/>\n<meta property=\"og:locale\" content=\"fr_FR\" \/>\n<meta property=\"og:type\" content=\"article\" \/>\n<meta property=\"og:title\" content=\"EMEUTES EN FRANCE - Troisi\u00e8me nuit de violences, 667 personnes interpell\u00e9es\" \/>\n<meta property=\"og:description\" content=\"NETTALI.COM - Une troisi\u00e8me nuit de violences a eu lieu dans la nuit de jeudi \u00e0 vendredi, apr\u00e8s la mort du jeune Nahel dans un contr\u00f4le routier \u00e0 Nanterre, dans les Hauts-de-Seine. \u00c0 Paris, mais aussi \u00e0 Lille, Rouen, Poitiers ou Marseille, les tensions ont dur\u00e9 une grande partie de la nuit. Pour la troisi\u00e8me [&hellip;]\" \/>\n<meta property=\"og:url\" content=\"https:\/\/www.nettali.com\/2023\/06\/30\/emeutes-en-france-troisieme-nuit-de-violences-667-personnes-interpellees\/\" \/>\n<meta property=\"og:site_name\" content=\"Nettali.com\" \/>\n<meta property=\"article:publisher\" content=\"https:\/\/www.facebook.com\/nettalicom\" \/>\n<meta property=\"article:published_time\" content=\"2023-06-30T10:16:47+00:00\" \/>\n<meta property=\"article:modified_time\" content=\"2023-07-01T21:15:16+00:00\" \/>\n<meta property=\"og:image\" content=\"https:\/\/www.nettali.com\/wp-content\/uploads\/2023\/06\/Capture-de\u0301cran-2023-06-30-a\u0300-10.16.01.png\" \/>\n\t<meta property=\"og:image:width\" content=\"743\" \/>\n\t<meta property=\"og:image:height\" content=\"397\" \/>\n<meta name=\"twitter:card\" content=\"summary_large_image\" \/>\n<meta name=\"twitter:label1\" content=\"\u00c9crit par\" \/>\n\t<meta name=\"twitter:data1\" content=\"Daouda\" \/>\n\t<meta name=\"twitter:label2\" content=\"Dur\u00e9e de lecture estim\u00e9e\" \/>\n\t<meta name=\"twitter:data2\" content=\"4 minutes\" \/>\n<script type=\"application\/ld+json\" class=\"yoast-schema-graph\">{\"@context\":\"https:\/\/schema.org\",\"@graph\":[{\"@type\":\"WebSite\",\"@id\":\"https:\/\/www.nettali.com\/#website\",\"url\":\"https:\/\/www.nettali.com\/\",\"name\":\"Nettali.com\",\"description\":\"Le rendez-vous critique du Net\",\"potentialAction\":[{\"@type\":\"SearchAction\",\"target\":{\"@type\":\"EntryPoint\",\"urlTemplate\":\"https:\/\/www.nettali.com\/?s={search_term_string}\"},\"query-input\":\"required name=search_term_string\"}],\"inLanguage\":\"fr-FR\"},{\"@type\":\"ImageObject\",\"@id\":\"https:\/\/www.nettali.com\/2023\/06\/30\/emeutes-en-france-troisieme-nuit-de-violences-667-personnes-interpellees\/#primaryimage\",\"inLanguage\":\"fr-FR\",\"url\":\"https:\/\/www.nettali.com\/wp-content\/uploads\/2023\/06\/Capture-de\\u0301cran-2023-06-30-a\\u0300-10.16.01.png\",\"contentUrl\":\"https:\/\/www.nettali.com\/wp-content\/uploads\/2023\/06\/Capture-de\\u0301cran-2023-06-30-a\\u0300-10.16.01.png\",\"width\":743,\"height\":397},{\"@type\":\"WebPage\",\"@id\":\"https:\/\/www.nettali.com\/2023\/06\/30\/emeutes-en-france-troisieme-nuit-de-violences-667-personnes-interpellees\/#webpage\",\"url\":\"https:\/\/www.nettali.com\/2023\/06\/30\/emeutes-en-france-troisieme-nuit-de-violences-667-personnes-interpellees\/\",\"name\":\"EMEUTES EN FRANCE - Troisi\\u00e8me nuit de violences, 667 personnes interpell\\u00e9es | Nettali.com\",\"isPartOf\":{\"@id\":\"https:\/\/www.nettali.com\/#website\"},\"primaryImageOfPage\":{\"@id\":\"https:\/\/www.nettali.com\/2023\/06\/30\/emeutes-en-france-troisieme-nuit-de-violences-667-personnes-interpellees\/#primaryimage\"},\"datePublished\":\"2023-06-30T10:16:47+00:00\",\"dateModified\":\"2023-07-01T21:15:16+00:00\",\"author\":{\"@id\":\"https:\/\/www.nettali.com\/#\/schema\/person\/3317e0bb3aa1da309fbf7b2780901bf4\"},\"breadcrumb\":{\"@id\":\"https:\/\/www.nettali.com\/2023\/06\/30\/emeutes-en-france-troisieme-nuit-de-violences-667-personnes-interpellees\/#breadcrumb\"},\"inLanguage\":\"fr-FR\",\"potentialAction\":[{\"@type\":\"ReadAction\",\"target\":[\"https:\/\/www.nettali.com\/2023\/06\/30\/emeutes-en-france-troisieme-nuit-de-violences-667-personnes-interpellees\/\"]}]},{\"@type\":\"BreadcrumbList\",\"@id\":\"https:\/\/www.nettali.com\/2023\/06\/30\/emeutes-en-france-troisieme-nuit-de-violences-667-personnes-interpellees\/#breadcrumb\",\"itemListElement\":[{\"@type\":\"ListItem\",\"position\":1,\"name\":\"Accueil\",\"item\":\"https:\/\/www.nettali.com\/\"},{\"@type\":\"ListItem\",\"position\":2,\"name\":\"EMEUTES EN FRANCE - Troisi\\u00e8me nuit de violences, 667 personnes interpell\\u00e9es\"}]},{\"@type\":\"Person\",\"@id\":\"https:\/\/www.nettali.com\/#\/schema\/person\/3317e0bb3aa1da309fbf7b2780901bf4\",\"name\":\"Daouda\",\"image\":{\"@type\":\"ImageObject\",\"@id\":\"https:\/\/www.nettali.com\/#personlogo\",\"inLanguage\":\"fr-FR\",\"url\":\"https:\/\/secure.gravatar.com\/avatar\/8d143b5a49345098ddcfee1c49c2f47c?s=96&d=mm&r=g\",\"contentUrl\":\"https:\/\/secure.gravatar.com\/avatar\/8d143b5a49345098ddcfee1c49c2f47c?s=96&d=mm&r=g\",\"caption\":\"Daouda\"},\"sameAs\":[\"https:\/\/www.nettali.com\"]}]}<\/script>\n<!-- \/ Yoast SEO Premium plugin. -->","yoast_head_json":{"title":"EMEUTES EN FRANCE - Troisi\u00e8me nuit de violences, 667 personnes interpell\u00e9es | Nettali.com","robots":{"index":"index","follow":"follow","max-snippet":"max-snippet:-1","max-image-preview":"max-image-preview:large","max-video-preview":"max-video-preview:-1"},"canonical":"https:\/\/www.nettali.com\/2023\/06\/30\/emeutes-en-france-troisieme-nuit-de-violences-667-personnes-interpellees\/","og_locale":"fr_FR","og_type":"article","og_title":"EMEUTES EN FRANCE - Troisi\u00e8me nuit de violences, 667 personnes interpell\u00e9es","og_description":"NETTALI.COM - Une troisi\u00e8me nuit de violences a eu lieu dans la nuit de jeudi \u00e0 vendredi, apr\u00e8s la mort du jeune Nahel dans un contr\u00f4le routier \u00e0 Nanterre, dans les Hauts-de-Seine. \u00c0 Paris, mais aussi \u00e0 Lille, Rouen, Poitiers ou Marseille, les tensions ont dur\u00e9 une grande partie de la nuit. Pour la troisi\u00e8me [&hellip;]","og_url":"https:\/\/www.nettali.com\/2023\/06\/30\/emeutes-en-france-troisieme-nuit-de-violences-667-personnes-interpellees\/","og_site_name":"Nettali.com","article_publisher":"https:\/\/www.facebook.com\/nettalicom","article_published_time":"2023-06-30T10:16:47+00:00","article_modified_time":"2023-07-01T21:15:16+00:00","og_image":[{"width":743,"height":397,"url":"https:\/\/www.nettali.com\/wp-content\/uploads\/2023\/06\/Capture-de\u0301cran-2023-06-30-a\u0300-10.16.01.png","type":"image\/png"}],"twitter_card":"summary_large_image","twitter_misc":{"\u00c9crit par":"Daouda","Dur\u00e9e de lecture estim\u00e9e":"4 minutes"},"schema":{"@context":"https:\/\/schema.org","@graph":[{"@type":"WebSite","@id":"https:\/\/www.nettali.com\/#website","url":"https:\/\/www.nettali.com\/","name":"Nettali.com","description":"Le rendez-vous critique du Net","potentialAction":[{"@type":"SearchAction","target":{"@type":"EntryPoint","urlTemplate":"https:\/\/www.nettali.com\/?s={search_term_string}"},"query-input":"required name=search_term_string"}],"inLanguage":"fr-FR"},{"@type":"ImageObject","@id":"https:\/\/www.nettali.com\/2023\/06\/30\/emeutes-en-france-troisieme-nuit-de-violences-667-personnes-interpellees\/#primaryimage","inLanguage":"fr-FR","url":"https:\/\/www.nettali.com\/wp-content\/uploads\/2023\/06\/Capture-de\u0301cran-2023-06-30-a\u0300-10.16.01.png","contentUrl":"https:\/\/www.nettali.com\/wp-content\/uploads\/2023\/06\/Capture-de\u0301cran-2023-06-30-a\u0300-10.16.01.png","width":743,"height":397},{"@type":"WebPage","@id":"https:\/\/www.nettali.com\/2023\/06\/30\/emeutes-en-france-troisieme-nuit-de-violences-667-personnes-interpellees\/#webpage","url":"https:\/\/www.nettali.com\/2023\/06\/30\/emeutes-en-france-troisieme-nuit-de-violences-667-personnes-interpellees\/","name":"EMEUTES EN FRANCE - Troisi\u00e8me nuit de violences, 667 personnes interpell\u00e9es | Nettali.com","isPartOf":{"@id":"https:\/\/www.nettali.com\/#website"},"primaryImageOfPage":{"@id":"https:\/\/www.nettali.com\/2023\/06\/30\/emeutes-en-france-troisieme-nuit-de-violences-667-personnes-interpellees\/#primaryimage"},"datePublished":"2023-06-30T10:16:47+00:00","dateModified":"2023-07-01T21:15:16+00:00","author":{"@id":"https:\/\/www.nettali.com\/#\/schema\/person\/3317e0bb3aa1da309fbf7b2780901bf4"},"breadcrumb":{"@id":"https:\/\/www.nettali.com\/2023\/06\/30\/emeutes-en-france-troisieme-nuit-de-violences-667-personnes-interpellees\/#breadcrumb"},"inLanguage":"fr-FR","potentialAction":[{"@type":"ReadAction","target":["https:\/\/www.nettali.com\/2023\/06\/30\/emeutes-en-france-troisieme-nuit-de-violences-667-personnes-interpellees\/"]}]},{"@type":"BreadcrumbList","@id":"https:\/\/www.nettali.com\/2023\/06\/30\/emeutes-en-france-troisieme-nuit-de-violences-667-personnes-interpellees\/#breadcrumb","itemListElement":[{"@type":"ListItem","position":1,"name":"Accueil","item":"https:\/\/www.nettali.com\/"},{"@type":"ListItem","position":2,"name":"EMEUTES EN FRANCE - Troisi\u00e8me nuit de violences, 667 personnes interpell\u00e9es"}]},{"@type":"Person","@id":"https:\/\/www.nettali.com\/#\/schema\/person\/3317e0bb3aa1da309fbf7b2780901bf4","name":"Daouda","image":{"@type":"ImageObject","@id":"https:\/\/www.nettali.com\/#personlogo","inLanguage":"fr-FR","url":"https:\/\/secure.gravatar.com\/avatar\/8d143b5a49345098ddcfee1c49c2f47c?s=96&d=mm&r=g","contentUrl":"https:\/\/secure.gravatar.com\/avatar\/8d143b5a49345098ddcfee1c49c2f47c?s=96&d=mm&r=g","caption":"Daouda"},"sameAs":["https:\/\/www.nettali.com"]}]}},"_links":{"self":[{"href":"https:\/\/www.nettali.com\/rest\/wp\/v2\/posts\/113123"}],"collection":[{"href":"https:\/\/www.nettali.com\/rest\/wp\/v2\/posts"}],"about":[{"href":"https:\/\/www.nettali.com\/rest\/wp\/v2\/types\/post"}],"author":[{"embeddable":true,"href":"https:\/\/www.nettali.com\/rest\/wp\/v2\/users\/4"}],"replies":[{"embeddable":true,"href":"https:\/\/www.nettali.com\/rest\/wp\/v2\/comments?post=113123"}],"version-history":[{"count":2,"href":"https:\/\/www.nettali.com\/rest\/wp\/v2\/posts\/113123\/revisions"}],"predecessor-version":[{"id":113186,"href":"https:\/\/www.nettali.com\/rest\/wp\/v2\/posts\/113123\/revisions\/113186"}],"wp:featuredmedia":[{"embeddable":true,"href":"https:\/\/www.nettali.com\/rest\/wp\/v2\/media\/113124"}],"wp:attachment":[{"href":"https:\/\/www.nettali.com\/rest\/wp\/v2\/media?parent=113123"}],"wp:term":[{"taxonomy":"category","embeddable":true,"href":"https:\/\/www.nettali.com\/rest\/wp\/v2\/categories?post=113123"},{"taxonomy":"post_tag","embeddable":true,"href":"https:\/\/www.nettali.com\/rest\/wp\/v2\/tags?post=113123"}],"curies":[{"name":"wp","href":"https:\/\/api.w.org\/{rel}","templated":true}]}}