{"id":113079,"date":"2023-07-02T09:52:17","date_gmt":"2023-07-02T09:52:17","guid":{"rendered":"https:\/\/www.nettali.com\/?p=113079"},"modified":"2023-07-04T08:07:00","modified_gmt":"2023-07-04T08:07:00","slug":"coups-de-pilon-des-barricades-au-blocus","status":"publish","type":"post","link":"https:\/\/www.nettali.com\/2023\/07\/02\/coups-de-pilon-des-barricades-au-blocus\/","title":{"rendered":"COUPS DE PILON \u2013 Des barricades au blocus"},"content":{"rendered":"<p><strong>NETTALI.COM - Et si Ousmane Sonko himself avait inspir\u00e9 les autorit\u00e9s qui ont instaur\u00e9 le blocus autour de son domicile ? En effet, \u00e0 la veille de son proc\u00e8s pour viol, le leader de Pastef avait convoqu\u00e9 un conseil municipal \u00e0 Ziguinchor avant de se retrancher dans son domicile ziguinchorois et de s\u2019y bunkeriser. Ses partisans et sympathisants avaient alors constitu\u00e9 un bouclier autour de lui et avaient m\u00eame cr\u00e9\u00e9 un blocus de l\u2019avenue principale menant \u00e0 certains \u00e9difices publics en y \u00e9rigeant barricades et grosses pierres.<\/strong><\/p>\n<p>Puis arriva l\u2019\u00e9pisode de la caravane de la libert\u00e9 qui sera stopp\u00e9e aux alentours de V\u00e9lingara. Le leader patriotique sera cueilli avant d\u2019\u00eatre d\u00e9pos\u00e9 \u00e0 son domicile. Ses t\u00e9l\u00e9phones et son ordinateur sont confisqu\u00e9s par les forces de s\u00e9curit\u00e9 et l\u2019acc\u00e8s de son domicile bloqu\u00e9.<\/p>\n<p>Un blocus qui dure depuis plus d'un mois et qui n\u2019en finit pas de susciter des interrogations quant \u00e0 son fondement l\u00e9gal. De m\u00eame se pose la question de savoir pourquoi Ousmane Sonko, jug\u00e9 et condamn\u00e9 par contumace \u00e0 2 ans de prison pour \u00ab <em>corruption de la jeunesse<\/em> \u00bb, n\u2019a toujours pas fait l\u2019objet d\u2019une arrestation. Ses avocats ont beau crier et le barreau pousser un coup de gueule, rien n\u2019y fait, les autorit\u00e9s n\u2019ont pas desserr\u00e9 l\u2019\u00e9tau, m\u00eame si l'un de ses avocats Me Cl\u00e9dor Cir\u00e9 Ly a fait savoir qu'il a rendu visite \u00e0 Ousmane Sonko \u00e0 son domicile, jeudi, jour de la Tabaski.<\/p>\n<p>Peut-\u00eatre qu'avec ce blocus, les autorit\u00e9s ont-elles fait un raisonnement selon lequel, pour \u00e9viter quelques troubles \u00e0 l\u2019ordre public et des appels \u00e0 manifester, il vaut mieux restreindre les mouvements du leader patriotique ainsi que et ses possibilit\u00e9s d\u2019organiser des manifestations en vue de donner des consignes. Mais quelle que soit la raison qui pourrait justifier une telle posture des autorit\u00e9s, l\u2019on attend plut\u00f4t d\u2019elles \u00e0 qui est confi\u00e9e la gestion de nos affaires, qu\u2019elles respectent la loi d\u2019abord avant de la faire respecter par un quelconque citoyen.<\/p>\n<p>Si en effet Ousmane Sonko n\u2019a nullement le droit d\u2019organiser \u00a0cette fameuse \u00ab <em>caravane de la libert\u00e9<\/em> \u00bb \u00e0 sa guise, sans autorisation, avec \u00e0 la clef des appels \u00e0 manifester et les cons\u00e9quences d\u00e9sastreuses que l\u2019on a connues, marqu\u00e9es par des pillages, saccages, vols, il reste que l\u2019Etat doit \u00eatre exemplaire \u00e0 tout point de vue. \u00a0En lui appliquant tout simplement les dispositions de la loi et en posant tous ses actes sous le sceau de la loi ?<\/p>\n<p><strong>Une opposition faite d'hostilit\u00e9s et de violences<\/strong><\/p>\n<p>Jamais de m\u00e9moire d\u2019homme, l\u2019affrontement entre un pr\u00e9sident de la R\u00e9publique et son principal opposant n\u2019a connu un tel paroxysme. Si Wade a \u00e9t\u00e9 un opposant redoutable de Diouf pour s\u2019\u00eatre battu pendant 26 ans avant d\u2019acc\u00e9der au pouvoir, l\u2019opposition du Pape du Sopi \u00e0 son pr\u00e9d\u00e9cesseur, n\u2019a pas connu le m\u00eame niveau d\u2019hostilit\u00e9s et de violence que celle Macky-Sonko.<\/p>\n<p>Beaucoup de ceux qui s\u2019activent aujourd\u2019hui sur le terrain politique, \u00e9taient bien jeunes ou pas encore n\u00e9s, quand Me Abdoulaye Wade, alors leader tout puissant de l\u2019opposition s\u00e9n\u00e9galaise, mobilisait les jeunes dans la rue pour instaurer des bras de fer continus et stressants au pr\u00e9sident Abdou Diouf. Ceux qui connaissent bien Me Wade diront que le plan d\u00e9velopp\u00e9 \u00e0 l\u2019\u00e9poque par le \u00ab\u00a0<em>Pape du Sopi<\/em>\u00a0\u00bb est celui qu\u2019on appelle \u00ab\u00a0<em>Strat\u00e9gie du bord du gouffre<\/em>\u00a0\u00bb, qui consiste \u00e0 entrainer son adversaire jusqu\u2019au sommet de la falaise, pour lui faire entrevoir le danger de la chute (et donc de la mort certaine).<\/p>\n<p>Mais Me Abdoulaye Wade, \u00ab\u00a0<em>gaind\u00e9<\/em>\u00a0\u00bb et \u00ab\u00a0<em>leuk<\/em>\u00a0\u00bb en m\u00eame temps, savait aussi manier les bonnes vertus de la discussion. Il laissait toujours des br\u00e8ches et une ouverture pour d\u00e9samorcer la \u00ab\u00a0<em>bombe\u00a0<\/em>\u00bb avant qu\u2019elle n\u2019\u00e9clate, au prix souvent de sa cr\u00e9dibilit\u00e9 politique. C\u2019est bien cette posture qu\u2019il partageait avec des hommes \u00e0 l\u2019int\u00e9grit\u00e9 reconnue, tels Maguette Thiam, Dansokho, Bathily, etc., qui a rendu possible les diff\u00e9rents gouvernements d\u2019union que le S\u00e9n\u00e9gal a connus dans les ann\u00e9es 90. C\u2019est aussi cela la diff\u00e9rence fondamentale entre le \u00ab\u00a0<em>Bleu en chef<\/em>\u00a0\u00bb de la p\u00e9riode des braises et les nouveaux ca\u00efds de la p\u00e8gre politique.<\/p>\n<p>Mais aujourd\u2019hui, ce \u00e0 quoi l\u2019on assiste, c\u2019est une guerre sans merci, \u00a0dans une sorte de jeu de la mort entre le pouvoir en place et Ousmane Sonko, l'opposant le plus populaire et le plus frontal. Les appels au calme des chefs religieux ne sont plus \u00e9cout\u00e9s et encore moins entendus. La soci\u00e9t\u00e9 civile est, elle, en grande partie devenue bien trop politis\u00e9e et affaiblie pour assumer convenablement son r\u00f4le.<\/p>\n<p>On assiste \u00e0 un vrai ensauvagement de l'espace politique. Et disons clairement la politique s\u2019est gravement d\u00e9pr\u00e9ci\u00e9e sous nos Tropiques. Il\u00a0 y a aujourd\u2019hui comme une sorte de \u00ab\u00a0<em>rachitisation<\/em> \u00bb continue des us et codes. Et c'est le paradigme musculaire qui est aujourd\u2019hui devenu le seul facteur pour r\u00e9guler les rapports. Comme l'ont montr\u00e9 les \u00e9v\u00e8nements violents de Mars et ceux de juin marqu\u00e9s par des violences, saccages et pillages. Comment a-t-on pu en \u00eatre arriv\u00e9s l\u00e0 ?<\/p>\n<p>Une situation que l'on ne peut exclure de l\u2019affaissement du niveau des politiques (comme des autres secteurs d\u2019ailleurs de la vie nationale). Une sorte de carence qu\u2019on cherche \u00e0 camoufler avec la poussi\u00e8re de la meute et surtout la violence meurtri\u00e8re. Les jeunesses actuelles manquent d\u2019intelligence politique, et la culture tik-tok ou fast-food ne les aide pas non plus, emp\u00eachant les jeunes loups de la politique de manier les vertus du dialogue qui n'impliquent pas forc\u00e9ment une compromission voire de la mollesse.<\/p>\n<p>Le pouvoir a r\u00e9ussi \u00e0 r\u00e9duire Ousmane Sonko \u00e0 un silence certes pr\u00e9caire, mais il arrivera un moment o\u00f9 il faudra qu\u2019il fasse preuve de responsabilit\u00e9s apr\u00e8s ce discours de fermet\u00e9 prononc\u00e9 par le pr\u00e9sident de la r\u00e9publique dans le sens de ne pas laisser ces saccages et pillages impunis. Il va devoir cr\u00e9er un d\u00e9nouement, soit en desserrant l\u2019\u00e9tau car le blocus impos\u00e9 ne peut \u00eatre permanent au risque de voir l\u2019opinion se poser encore et encore des questions\u00a0; ou d\u2019appliquer les d\u00e9cisions de justice ou alors de laisser \u00e0 l\u2019opposant Sonko, sa libert\u00e9 d\u2019aller et de venir.<\/p>\n<p><strong>Des questions sur la strat\u00e9gie de la F 24\u00a0<\/strong><\/p>\n<p>Une posture bien intenable qui a d\u2019ailleurs pouss\u00e9 la plateforme F24 \u00e0 r\u00e9cemment tenter le coup de force, avec une faible mobilisation, en vue de lib\u00e9rer le blocus. D'ailleurs en parlant de la plateforme F 24, l\u2019on ne peut ne pas penser au M 23 puisque le mercredi 23 juin 2023, a marqu\u00e9 les 10 ans du Mouvement du 23-Juin au S\u00e9n\u00e9gal. Cette coalition de partis politiques et d\u2019organisations de la soci\u00e9t\u00e9 civile, cr\u00e9\u00e9e en 2011 et qui s\u2019\u00e9tait mobilis\u00e9e contre la candidature du pr\u00e9sident Abdoulaye Wade pour un troisi\u00e8me mandat en 2012.<strong>\u00a0<\/strong>On est bien loin de l\u2019envergure de ce mouvement. L\u2019esprit du\u00a023 juin \u00e9tait en effet le fruit m\u00fbr d\u2019un processus men\u00e9 avec une tr\u00e8s grande finesse par l\u2019opposition d\u2019alors et la soci\u00e9t\u00e9 civile. C\u2019est le consensus et l\u2019\u00e9thique discursive qui avaient pr\u00e9valu, loin du bruit. Dans la transpiration \u00e0 la physique et c\u00e9r\u00e9brale. Les Assises nationales, faut-il le rappeler, avaient fini de produire leurs conclusions au terme d\u2019un travail titanesque de franges enti\u00e8res de la soci\u00e9t\u00e9, dans une approche inclusive.<\/p>\n<p>Ce mouvement-l\u00e0 avait de l\u2019envergure et ses actions opportunes, renforc\u00e9 qu\u2019il a \u00e9t\u00e9 par une pr\u00e9sence massive de manifestants et de leaders, sans oublier qu\u2019\u00e0 l\u2019\u00e9poque Y\u2019en a marre avait le vent en poupe et ses leaders adul\u00e9s.<\/p>\n<p>Depuis, de l\u2019eau a coul\u00e9 sous les ponts, l\u2019on a aujourd\u2019hui affaire \u00e0 une F 24 qui est certes une r\u00e9plique du M 23, mais sans la m\u00eame envergure et un leadership de dirigeants qui suscite des interrogations. Son premier rassemblement autoris\u00e9 \u00e0 la place de l\u2019ob\u00e9lisque a \u00e9t\u00e9 une grande r\u00e9ussite, mais depuis lors, ses actions ne sont plus tr\u00e8s suivies. Elle souffrirait d\u2019un d\u00e9ficit de strat\u00e9gie efficace qui impliquerait de choisir les bons pr\u00e9textes et les bons moments pour amorcer des actions.<\/p>\n<p>Comment par exemple comprendre que la F24 ait cherch\u00e9 \u00e0 profiter de ce contexte charg\u00e9 pour organiser une manifestation les vendredi et samedi 8 et 9 juin, alors que l\u2019on sortait tout droit des \u00e9meutes de juin tr\u00e8s traumatisantes pour les S\u00e9n\u00e9galais, avec son lot de saccages, de pillages et de vols ? Il y avait de la part d\u2019une certaine opinion, comme une sorte de volont\u00e9 de la part du F 24 de mettre de l\u2019huile sur le feu et de mettre la pression au pouvoir en mettant \u00e0 contribution le contexte violent et tendu.<\/p>\n<p>De m\u00eame, sa derni\u00e8re trouvaille, celle de demander le port d\u2019habits blancs le 23 juin a lui aussi fait un gros flop. La volont\u00e9 d\u2019aller lever le blocus du domicile d\u2019Ousmane Sonko n\u2019a pas non plus \u00e9t\u00e9 couronn\u00e9e de succ\u00e8s. Tout comme le \u00ab <em>dialogue du peuple<\/em> \u00bb qui comme le dialogue de Macky Sall, tr\u00e8s vite chahut\u00e9 sous le vocable de \u00ab dialogue du 3<sup>\u00e8me<\/sup> \u00e2ge\u00a0\u00bb, n\u2019a pas eu le retentissement esp\u00e9r\u00e9. L\u2019on a bien compris qu\u2019il s\u2019agissait juste l\u00e0 d\u2019un dialogue de r\u00e9action.\u00a0 <sup>\u00a0<\/sup><\/p>\n<p>A-t-on affaire \u00e0 un essoufflement avant l\u2019heure ? Ou \u00e0 juste une incapacit\u00e9 de ses leaders \u00e0 insuffler une dynamique \u00e0 m\u00eame d\u2019inciter les S\u00e9n\u00e9galais \u00e0 accrocher et \u00e0 sortir de leurs domiciles pour aller manifester. Sur les r\u00e9seaux sociaux, les leaders de la F 24, dont ceux de Yaw aussi et \u00e9galement les leaders Past\u00e9fiens en ont eu pour leur grade, pris pour cibles qu\u2019ils ont \u00e9t\u00e9 par ce peuple de past\u00e9fiens nich\u00e9s dans les r\u00e9seaux sociaux qui ont cri\u00e9 \u00e0 la trahison contre Ousmane Sonko pour n\u2019avoir pas su r\u00e9sister. Il faut dire qu\u2019il n\u2019y avait pas foule. Pourquoi engager des fronts qu\u2019on n\u2019est pas s\u00fbrs de r\u00e9ussir ?<\/p>\n<p>Les \u00e9v\u00e8nement r\u00e9cents de d\u00e9but juin, ont \u00e9galement montr\u00e9 une absence manifeste de leaders politiques et de vrais militants parce qu\u2019\u00e0 la place, ce sont de jeunes mineurs ou parfois l\u00e9g\u00e8rement au-dessus de la majorit\u00e9 qui ont \u00e9t\u00e9 vus sur le terrain. Et pourtant avec les mouvements du 23 juin, tous les leaders \u00e9taient de la partie. Qui ne se rappelle pas de la pierre m\u00e9morable de Niasse ? \u00a0Ils \u00e9taient l\u00e0 ces leaders, les Dansokho, Bathily, etc<\/p>\n<p><strong>Un dialogue des arrangements et des r\u00e9sultats politiques<\/strong><\/p>\n<p>Si l\u2019opposition version Ousmane Sonko, Bougane, Gu\u00e8ye Dany, Aminata Tour\u00e9, Abdourakhmane Diouf, Thierno Alassane Sall, Abdoul Mbaye, Mamadou Lamine Diallo, Malick Gackou, etc n\u2019a pas souhait\u00e9 participer au dialogue, celle des Idrissa Seck, Oumar Sarr, Khalifa Sall, Karim Wade, etc. pour la plupart des soutiens de Macky Sall et ceux qui avaient int\u00e9r\u00eat \u00e0 retrouver leur \u00e9ligibilit\u00e9, ont particip\u00e9. Un dialogue qui, quoi l\u2019on en pense, m\u00eame vu sous l\u2019angle du deal, a d\u00e9bouch\u00e9 sur 12 points d\u2019accord dont le parrainage citoyen. C\u2019est, en tout cas, le sentiment le mieux partag\u00e9.<\/p>\n<p>\u00c0 ce sujet d\u2019ailleurs, il y a eu un accord avec un pourcentage de 0,6 % \u00e0 0,8 % du fichier g\u00e9n\u00e9ral des \u00e9lecteurs. L\u2019on peut par exemple \u00a0noter la mise en place d'une commission de contr\u00f4le des parrainages qui sera log\u00e9e au Conseil constitutionnel et compos\u00e9e de membres du Conseil constitutionnel, du greffier en chef, du repr\u00e9sentant du candidat, du personnel administratif et technique en service au Conseil constitutionnel, de personnalit\u00e9s ind\u00e9pendantes et de repr\u00e9sentants de la Cena.<\/p>\n<p>Toujours sur le parrainage citoyen, l\u2019on peut aussi souligner l\u2019accord sur la reconduction et l'am\u00e9lioration des mesures techniques de contr\u00f4le r\u00e9alis\u00e9es lors des \u00e9lections l\u00e9gislatives de 2022 et un autre sur l'institutionnalisation du tirage au sort pour le d\u00e9p\u00f4t des dossiers de candidature.<\/p>\n<p>Le deuxi\u00e8me point d\u2019accord concerne le parrainage des e\u0301lus. Sur ce point, il y a l\u2019accord portant sur le parrainage de 8 % des d\u00e9put\u00e9s correspondant a\u0300 13 parlementaires pour l'actuelle l\u00e9gislature, mais \u00e9galement celui portant sur le parrainage de 20 % des chefs d'ex\u00e9cutif territoriaux correspondant a\u0300 120 maires et pr\u00e9sidents de conseil d\u00e9partemental.<\/p>\n<p>Notons d\u2019ailleurs que sur ce point pr\u00e9cis, cet accord relatif au parrainage fait bien les affaires de l\u2019opposition puisqu\u2019elle compte beaucoup d\u2019\u00e9lus. La formation en coalitions, peut d\u2019ailleurs permettre de faire jouer la carte de la solidarit\u00e9 entre partis plus forts et partis plus faibles, de mani\u00e8re \u00e0 permettre une participation plus importante via le parrainage des \u00e9lus plus simple \u00e0 obtenir que celui citoyen.<\/p>\n<p>De m\u00eame la caution a \u00e9t\u00e9 plafonn\u00e9e \u00e0 30 millions.<\/p>\n<p><strong>Le myst\u00e8re sur la candidature de Macky Sall, lev\u00e9 lundi 3 juillet<\/strong><\/p>\n<p>Mais ce qui reste surprenant dans ce dialogue et qui int\u00e9resse le plus les S\u00e9n\u00e9galais, c\u2019est le fait que la question de la candidature de Macky Sall soit finalement laiss\u00e9e \u00e0 l\u2019appr\u00e9ciation du conseil constitutionnel qui demeure logiquement l\u2019organe charg\u00e9 d\u2019appr\u00e9cier cette candidature qui pose probl\u00e8me \u00e0 beaucoup de S\u00e9n\u00e9galais. Un accord vu comme une man\u0153uvre qui ne dit pas son nom par les tenants du pouvoir. Cette derni\u00e8re est entreprise, selon certains entendements \u00a0dans une logique de mettre sur la balance les droits civiques et politiques de Karim et de Khalifa Sall et la 3<sup>\u00e8me<\/sup> candidature de Macky Sall.<\/p>\n<p>Que l\u2019on ne s\u2019y trompe pas, le jeu de Macky Sall est si trouble que l\u2019opposition a eu la perspicacit\u00e9 d\u2019y sentir un jeu de dupe, en refusant de participer \u00e0 un dialogue qui ne visait qu\u2019une chose, selon elle, remettre Macky Sall dans le jeu. Une sorte de monnaie d\u2019\u00e9change qui ne dit pas son nom.<\/p>\n<p>Une situation qui n\u2019augure rien de bon, surtout que la F24, m\u00eame si elle n\u2019arrive pas \u00e0 trouver la bonne strat\u00e9gie sur ce combat contre le 3<sup>\u00e8me<\/sup> mandat, ne l\u00e2chera pas de sit\u00f4t Macky Sall qui a finalement d\u00e9cid\u00e9 de se prononcer sur le sujet, le lundi 3 juillet. Apr\u00e8s une longue absence dans les m\u00e9dias, Ousmane Sonko a lui fait une d\u00e9claration ce mardi 27 juin 2023, \u00e0 la veille de la f\u00eate de tabaski. Convoquant tant\u00f4t le Coran avec des versets, tant\u00f4t la bible, le Past\u00e9fien en chef a invit\u00e9 les musulmans \u00e0 cultiver la paix et la bonne entente, sollicitant de chacun qu\u2019il essaye de parfaire ses relations humaines. Il a m\u00eame titill\u00e9 au passage le pr\u00e9sident Macky Sall en lui lan\u00e7ant un \"c<em>\u2019est bien d\u2019aller \u00e0 la Mecque (allusion faite \u00e0 Macky Sall, Ndlr). Mais c\u2019est encore mieux d\u2019humaniser ses rapports avec ses semblables<\/em>\u201d. Il a lui aussi donn\u00e9 rendez-vous au m\u00eame titre que le pr\u00e9sident de la r\u00e9publique, apr\u00e8s la Tabaski. Estimant que les choses s\u00e9rieuses vont d\u00e9marrer.<\/p>\n<p>Le leader de Pastef, faisait-il allusion \u00e0 une \u00e9ventuelle application de la d\u00e9cision de justice le concernant. En tout, une d\u00e9cision qui vient d\u2019\u00eatre rendue publique. Et si l\u2019on se souvient bien, le ministre de la justice, garde des sceaux avait bien assujetti l\u2019application de la d\u00e9cision par le procureur \u00e0 la publication et notification de la d\u00e9cision de justice. Une \u00a0affaire \u00e0 suivre.<\/p>\n<div class='share-to-whatsapp-wrapper'><div class='share-on-whsp'>PARTAGER SUR : <\/div><a data-text='COUPS DE PILON \u2013 Des barricades au blocus' data-link='https:\/\/www.nettali.com\/2023\/07\/02\/coups-de-pilon-des-barricades-au-blocus\/' class='whatsapp-button whatsapp-share'>WhatsApp<\/a><div class='clear '><\/div><\/div>","protected":false},"excerpt":{"rendered":"<p>NETTALI.COM - Et si Ousmane Sonko himself avait inspir\u00e9 les autorit\u00e9s qui ont instaur\u00e9 le blocus autour de son domicile ? En effet, \u00e0 la veille de son proc\u00e8s pour viol, le leader de Pastef avait convoqu\u00e9 un conseil municipal \u00e0 Ziguinchor avant de se retrancher dans son domicile ziguinchorois et de s\u2019y bunkeriser. Ses [&hellip;]<\/p>\n","protected":false},"author":2,"featured_media":113075,"comment_status":"open","ping_status":"open","sticky":false,"template":"","format":"standard","meta":{"_et_pb_use_builder":"","_et_pb_old_content":""},"categories":[34932],"tags":[],"yoast_head":"<!-- This site is optimized with the Yoast SEO Premium plugin v17.8 (Yoast SEO v17.8) - https:\/\/yoast.com\/wordpress\/plugins\/seo\/ -->\n<title>COUPS DE PILON \u2013 Des barricades au blocus | Nettali.com<\/title>\n<meta name=\"robots\" content=\"index, follow, max-snippet:-1, max-image-preview:large, max-video-preview:-1\" \/>\n<link rel=\"canonical\" href=\"https:\/\/www.nettali.com\/2023\/07\/02\/coups-de-pilon-des-barricades-au-blocus\/\" \/>\n<meta property=\"og:locale\" content=\"fr_FR\" \/>\n<meta property=\"og:type\" content=\"article\" \/>\n<meta property=\"og:title\" content=\"COUPS DE PILON \u2013 Des barricades au blocus\" \/>\n<meta property=\"og:description\" content=\"NETTALI.COM - Et si Ousmane Sonko himself avait inspir\u00e9 les autorit\u00e9s qui ont instaur\u00e9 le blocus autour de son domicile ? En effet, \u00e0 la veille de son proc\u00e8s pour viol, le leader de Pastef avait convoqu\u00e9 un conseil municipal \u00e0 Ziguinchor avant de se retrancher dans son domicile ziguinchorois et de s\u2019y bunkeriser. Ses [&hellip;]\" \/>\n<meta property=\"og:url\" content=\"https:\/\/www.nettali.com\/2023\/07\/02\/coups-de-pilon-des-barricades-au-blocus\/\" \/>\n<meta property=\"og:site_name\" content=\"Nettali.com\" \/>\n<meta property=\"article:publisher\" content=\"https:\/\/www.facebook.com\/nettalicom\" \/>\n<meta property=\"article:published_time\" content=\"2023-07-02T09:52:17+00:00\" \/>\n<meta property=\"article:modified_time\" content=\"2023-07-04T08:07:00+00:00\" \/>\n<meta property=\"og:image\" content=\"https:\/\/www.nettali.com\/wp-content\/uploads\/2023\/06\/sonko-sall-mobdji-sall-wade.jpg\" \/>\n\t<meta property=\"og:image:width\" content=\"1280\" \/>\n\t<meta property=\"og:image:height\" content=\"600\" \/>\n<meta name=\"twitter:card\" content=\"summary_large_image\" \/>\n<meta name=\"twitter:label1\" content=\"\u00c9crit par\" \/>\n\t<meta name=\"twitter:data1\" content=\"CK\" \/>\n\t<meta name=\"twitter:label2\" content=\"Dur\u00e9e de lecture estim\u00e9e\" \/>\n\t<meta name=\"twitter:data2\" content=\"13 minutes\" \/>\n<script type=\"application\/ld+json\" class=\"yoast-schema-graph\">{\"@context\":\"https:\/\/schema.org\",\"@graph\":[{\"@type\":\"WebSite\",\"@id\":\"https:\/\/www.nettali.com\/#website\",\"url\":\"https:\/\/www.nettali.com\/\",\"name\":\"Nettali.com\",\"description\":\"Le rendez-vous critique du Net\",\"potentialAction\":[{\"@type\":\"SearchAction\",\"target\":{\"@type\":\"EntryPoint\",\"urlTemplate\":\"https:\/\/www.nettali.com\/?s={search_term_string}\"},\"query-input\":\"required name=search_term_string\"}],\"inLanguage\":\"fr-FR\"},{\"@type\":\"ImageObject\",\"@id\":\"https:\/\/www.nettali.com\/2023\/07\/02\/coups-de-pilon-des-barricades-au-blocus\/#primaryimage\",\"inLanguage\":\"fr-FR\",\"url\":\"https:\/\/www.nettali.com\/wp-content\/uploads\/2023\/06\/sonko-sall-mobdji-sall-wade.jpg\",\"contentUrl\":\"https:\/\/www.nettali.com\/wp-content\/uploads\/2023\/06\/sonko-sall-mobdji-sall-wade.jpg\",\"width\":1280,\"height\":600},{\"@type\":\"WebPage\",\"@id\":\"https:\/\/www.nettali.com\/2023\/07\/02\/coups-de-pilon-des-barricades-au-blocus\/#webpage\",\"url\":\"https:\/\/www.nettali.com\/2023\/07\/02\/coups-de-pilon-des-barricades-au-blocus\/\",\"name\":\"COUPS DE PILON \\u2013 Des barricades au blocus | Nettali.com\",\"isPartOf\":{\"@id\":\"https:\/\/www.nettali.com\/#website\"},\"primaryImageOfPage\":{\"@id\":\"https:\/\/www.nettali.com\/2023\/07\/02\/coups-de-pilon-des-barricades-au-blocus\/#primaryimage\"},\"datePublished\":\"2023-07-02T09:52:17+00:00\",\"dateModified\":\"2023-07-04T08:07:00+00:00\",\"author\":{\"@id\":\"https:\/\/www.nettali.com\/#\/schema\/person\/d8ac7b7e27ddad43f1c0d2ef090d7f71\"},\"breadcrumb\":{\"@id\":\"https:\/\/www.nettali.com\/2023\/07\/02\/coups-de-pilon-des-barricades-au-blocus\/#breadcrumb\"},\"inLanguage\":\"fr-FR\",\"potentialAction\":[{\"@type\":\"ReadAction\",\"target\":[\"https:\/\/www.nettali.com\/2023\/07\/02\/coups-de-pilon-des-barricades-au-blocus\/\"]}]},{\"@type\":\"BreadcrumbList\",\"@id\":\"https:\/\/www.nettali.com\/2023\/07\/02\/coups-de-pilon-des-barricades-au-blocus\/#breadcrumb\",\"itemListElement\":[{\"@type\":\"ListItem\",\"position\":1,\"name\":\"Accueil\",\"item\":\"https:\/\/www.nettali.com\/\"},{\"@type\":\"ListItem\",\"position\":2,\"name\":\"COUPS DE PILON \\u2013 Des barricades au blocus\"}]},{\"@type\":\"Person\",\"@id\":\"https:\/\/www.nettali.com\/#\/schema\/person\/d8ac7b7e27ddad43f1c0d2ef090d7f71\",\"name\":\"CK\",\"image\":{\"@type\":\"ImageObject\",\"@id\":\"https:\/\/www.nettali.com\/#personlogo\",\"inLanguage\":\"fr-FR\",\"url\":\"https:\/\/secure.gravatar.com\/avatar\/1d8d5118b9327d94da7cd4ce7f17fec2?s=96&d=mm&r=g\",\"contentUrl\":\"https:\/\/secure.gravatar.com\/avatar\/1d8d5118b9327d94da7cd4ce7f17fec2?s=96&d=mm&r=g\",\"caption\":\"CK\"},\"sameAs\":[\"https:\/\/www.nettali.com\"]}]}<\/script>\n<!-- \/ Yoast SEO Premium plugin. -->","yoast_head_json":{"title":"COUPS DE PILON \u2013 Des barricades au blocus | Nettali.com","robots":{"index":"index","follow":"follow","max-snippet":"max-snippet:-1","max-image-preview":"max-image-preview:large","max-video-preview":"max-video-preview:-1"},"canonical":"https:\/\/www.nettali.com\/2023\/07\/02\/coups-de-pilon-des-barricades-au-blocus\/","og_locale":"fr_FR","og_type":"article","og_title":"COUPS DE PILON \u2013 Des barricades au blocus","og_description":"NETTALI.COM - Et si Ousmane Sonko himself avait inspir\u00e9 les autorit\u00e9s qui ont instaur\u00e9 le blocus autour de son domicile ? En effet, \u00e0 la veille de son proc\u00e8s pour viol, le leader de Pastef avait convoqu\u00e9 un conseil municipal \u00e0 Ziguinchor avant de se retrancher dans son domicile ziguinchorois et de s\u2019y bunkeriser. Ses [&hellip;]","og_url":"https:\/\/www.nettali.com\/2023\/07\/02\/coups-de-pilon-des-barricades-au-blocus\/","og_site_name":"Nettali.com","article_publisher":"https:\/\/www.facebook.com\/nettalicom","article_published_time":"2023-07-02T09:52:17+00:00","article_modified_time":"2023-07-04T08:07:00+00:00","og_image":[{"width":1280,"height":600,"url":"https:\/\/www.nettali.com\/wp-content\/uploads\/2023\/06\/sonko-sall-mobdji-sall-wade.jpg","type":"image\/jpeg"}],"twitter_card":"summary_large_image","twitter_misc":{"\u00c9crit par":"CK","Dur\u00e9e de lecture estim\u00e9e":"13 minutes"},"schema":{"@context":"https:\/\/schema.org","@graph":[{"@type":"WebSite","@id":"https:\/\/www.nettali.com\/#website","url":"https:\/\/www.nettali.com\/","name":"Nettali.com","description":"Le rendez-vous critique du Net","potentialAction":[{"@type":"SearchAction","target":{"@type":"EntryPoint","urlTemplate":"https:\/\/www.nettali.com\/?s={search_term_string}"},"query-input":"required name=search_term_string"}],"inLanguage":"fr-FR"},{"@type":"ImageObject","@id":"https:\/\/www.nettali.com\/2023\/07\/02\/coups-de-pilon-des-barricades-au-blocus\/#primaryimage","inLanguage":"fr-FR","url":"https:\/\/www.nettali.com\/wp-content\/uploads\/2023\/06\/sonko-sall-mobdji-sall-wade.jpg","contentUrl":"https:\/\/www.nettali.com\/wp-content\/uploads\/2023\/06\/sonko-sall-mobdji-sall-wade.jpg","width":1280,"height":600},{"@type":"WebPage","@id":"https:\/\/www.nettali.com\/2023\/07\/02\/coups-de-pilon-des-barricades-au-blocus\/#webpage","url":"https:\/\/www.nettali.com\/2023\/07\/02\/coups-de-pilon-des-barricades-au-blocus\/","name":"COUPS DE PILON \u2013 Des barricades au blocus | Nettali.com","isPartOf":{"@id":"https:\/\/www.nettali.com\/#website"},"primaryImageOfPage":{"@id":"https:\/\/www.nettali.com\/2023\/07\/02\/coups-de-pilon-des-barricades-au-blocus\/#primaryimage"},"datePublished":"2023-07-02T09:52:17+00:00","dateModified":"2023-07-04T08:07:00+00:00","author":{"@id":"https:\/\/www.nettali.com\/#\/schema\/person\/d8ac7b7e27ddad43f1c0d2ef090d7f71"},"breadcrumb":{"@id":"https:\/\/www.nettali.com\/2023\/07\/02\/coups-de-pilon-des-barricades-au-blocus\/#breadcrumb"},"inLanguage":"fr-FR","potentialAction":[{"@type":"ReadAction","target":["https:\/\/www.nettali.com\/2023\/07\/02\/coups-de-pilon-des-barricades-au-blocus\/"]}]},{"@type":"BreadcrumbList","@id":"https:\/\/www.nettali.com\/2023\/07\/02\/coups-de-pilon-des-barricades-au-blocus\/#breadcrumb","itemListElement":[{"@type":"ListItem","position":1,"name":"Accueil","item":"https:\/\/www.nettali.com\/"},{"@type":"ListItem","position":2,"name":"COUPS DE PILON \u2013 Des barricades au blocus"}]},{"@type":"Person","@id":"https:\/\/www.nettali.com\/#\/schema\/person\/d8ac7b7e27ddad43f1c0d2ef090d7f71","name":"CK","image":{"@type":"ImageObject","@id":"https:\/\/www.nettali.com\/#personlogo","inLanguage":"fr-FR","url":"https:\/\/secure.gravatar.com\/avatar\/1d8d5118b9327d94da7cd4ce7f17fec2?s=96&d=mm&r=g","contentUrl":"https:\/\/secure.gravatar.com\/avatar\/1d8d5118b9327d94da7cd4ce7f17fec2?s=96&d=mm&r=g","caption":"CK"},"sameAs":["https:\/\/www.nettali.com"]}]}},"_links":{"self":[{"href":"https:\/\/www.nettali.com\/rest\/wp\/v2\/posts\/113079"}],"collection":[{"href":"https:\/\/www.nettali.com\/rest\/wp\/v2\/posts"}],"about":[{"href":"https:\/\/www.nettali.com\/rest\/wp\/v2\/types\/post"}],"author":[{"embeddable":true,"href":"https:\/\/www.nettali.com\/rest\/wp\/v2\/users\/2"}],"replies":[{"embeddable":true,"href":"https:\/\/www.nettali.com\/rest\/wp\/v2\/comments?post=113079"}],"version-history":[{"count":3,"href":"https:\/\/www.nettali.com\/rest\/wp\/v2\/posts\/113079\/revisions"}],"predecessor-version":[{"id":113202,"href":"https:\/\/www.nettali.com\/rest\/wp\/v2\/posts\/113079\/revisions\/113202"}],"wp:featuredmedia":[{"embeddable":true,"href":"https:\/\/www.nettali.com\/rest\/wp\/v2\/media\/113075"}],"wp:attachment":[{"href":"https:\/\/www.nettali.com\/rest\/wp\/v2\/media?parent=113079"}],"wp:term":[{"taxonomy":"category","embeddable":true,"href":"https:\/\/www.nettali.com\/rest\/wp\/v2\/categories?post=113079"},{"taxonomy":"post_tag","embeddable":true,"href":"https:\/\/www.nettali.com\/rest\/wp\/v2\/tags?post=113079"}],"curies":[{"name":"wp","href":"https:\/\/api.w.org\/{rel}","templated":true}]}}