{"id":113067,"date":"2023-06-28T20:17:26","date_gmt":"2023-06-28T20:17:26","guid":{"rendered":"https:\/\/www.nettali.com\/?p=113067"},"modified":"2023-06-28T20:17:26","modified_gmt":"2023-06-28T20:17:26","slug":"officiel-edouard-mendy-signe-a-al-ahli","status":"publish","type":"post","link":"https:\/\/www.nettali.com\/2023\/06\/28\/officiel-edouard-mendy-signe-a-al-ahli\/","title":{"rendered":"OFFICIEL - \u00c9douard Mendy signe \u00e0 Al-Ahli"},"content":{"rendered":"<p><strong>NETTALI.COM - Le transfert d'Edouard Mendy \u00e0 Al-Ahli a \u00e9t\u00e9 officialis\u00e9 ce mercredi par Chelsea son ancien club. Le gardien de but des Lions du S\u00e9n\u00e9gal s'est engag\u00e9 pour les trois prochaines ann\u00e9es.<\/strong><\/p>\n<div id=\"printable\" class=\"text_body\">\n<p>\u00a0Apr\u00e8s N'Golo Kant\u00e9 et Kalidou Koulibaly, et en attendant probablement Hakim Ziyech, c'est au tour d'Edouard Mendy de quitter les Blues pour le championnat saoudien. Le transfert du portier s\u00e9n\u00e9galais \u00e0 Al-Ahli a \u00e9t\u00e9 officialis\u00e9 mercredi par le club londonien. Le montant de la transaction est estim\u00e9 entre 16 et 17 millions de livres, soit un peu moins de 20 millions d'euros (environ 13 milliards FCFA).<\/p>\n<p>Mendy avait rejoint Chelsea en provenance de Rennes en 2020 pour 25 millions d'euros.<\/p>\n<p>Elu meilleur gardien du monde en 2022 apr\u00e8s avoir remport\u00e9 la Ligue des champions avec Chelsea, le portier des Blues a v\u00e9cu une saison 2022\/2023 tr\u00e8s difficile o\u00f9 il fut, le plus souvent, la doublure de Kepa. A 31 ans, le S\u00e9n\u00e9galais donne un nouveau tournant \u00e0 sa carri\u00e8re en s'engageant avec le club saoudien.<\/p>\n<\/div>\n<p>&nbsp;<\/p>\n<div class='share-to-whatsapp-wrapper'><div class='share-on-whsp'>PARTAGER SUR : <\/div><a data-text='OFFICIEL - \u00c9douard Mendy signe \u00e0 Al-Ahli' data-link='https:\/\/www.nettali.com\/2023\/06\/28\/officiel-edouard-mendy-signe-a-al-ahli\/' class='whatsapp-button whatsapp-share'>WhatsApp<\/a><div class='clear '><\/div><\/div>","protected":false},"excerpt":{"rendered":"<p>NETTALI.COM - Le transfert d'Edouard Mendy \u00e0 Al-Ahli a \u00e9t\u00e9 officialis\u00e9 ce mercredi par Chelsea son ancien club. Le gardien de but des Lions du S\u00e9n\u00e9gal s'est engag\u00e9 pour les trois prochaines ann\u00e9es. \u00a0Apr\u00e8s N'Golo Kant\u00e9 et Kalidou Koulibaly, et en attendant probablement Hakim Ziyech, c'est au tour d'Edouard Mendy de quitter les Blues pour [&hellip;]<\/p>\n","protected":false},"author":5,"featured_media":113071,"comment_status":"open","ping_status":"open","sticky":false,"template":"","format":"standard","meta":{"_et_pb_use_builder":"","_et_pb_old_content":""},"categories":[6],"tags":[],"yoast_head":"<!-- This site is optimized with the Yoast SEO Premium plugin v17.8 (Yoast SEO v17.8) - https:\/\/yoast.com\/wordpress\/plugins\/seo\/ -->\n<title>OFFICIEL - \u00c9douard Mendy signe \u00e0 Al-Ahli | Nettali.com<\/title>\n<meta name=\"robots\" content=\"index, follow, max-snippet:-1, max-image-preview:large, max-video-preview:-1\" \/>\n<link rel=\"canonical\" href=\"https:\/\/www.nettali.com\/2023\/06\/28\/officiel-edouard-mendy-signe-a-al-ahli\/\" \/>\n<meta property=\"og:locale\" content=\"fr_FR\" \/>\n<meta property=\"og:type\" content=\"article\" \/>\n<meta property=\"og:title\" content=\"OFFICIEL - \u00c9douard Mendy signe \u00e0 Al-Ahli\" \/>\n<meta property=\"og:description\" content=\"NETTALI.COM - Le transfert d&#039;Edouard Mendy \u00e0 Al-Ahli a \u00e9t\u00e9 officialis\u00e9 ce mercredi par Chelsea son ancien club. Le gardien de but des Lions du S\u00e9n\u00e9gal s&#039;est engag\u00e9 pour les trois prochaines ann\u00e9es. \u00a0Apr\u00e8s N&#039;Golo Kant\u00e9 et Kalidou Koulibaly, et en attendant probablement Hakim Ziyech, c&#039;est au tour d&#039;Edouard Mendy de quitter les Blues pour [&hellip;]\" \/>\n<meta property=\"og:url\" content=\"https:\/\/www.nettali.com\/2023\/06\/28\/officiel-edouard-mendy-signe-a-al-ahli\/\" \/>\n<meta property=\"og:site_name\" content=\"Nettali.com\" \/>\n<meta property=\"article:publisher\" content=\"https:\/\/www.facebook.com\/nettalicom\" \/>\n<meta property=\"article:published_time\" content=\"2023-06-28T20:17:26+00:00\" \/>\n<meta property=\"og:image\" content=\"https:\/\/www.nettali.com\/wp-content\/uploads\/2023\/06\/Mendy-Al-Ahly.jpeg\" \/>\n\t<meta property=\"og:image:width\" content=\"1600\" \/>\n\t<meta property=\"og:image:height\" content=\"1162\" \/>\n<meta name=\"twitter:card\" content=\"summary_large_image\" \/>\n<meta name=\"twitter:label1\" content=\"\u00c9crit par\" \/>\n\t<meta name=\"twitter:data1\" content=\"Ibrahima\" \/>\n\t<meta name=\"twitter:label2\" content=\"Dur\u00e9e de lecture estim\u00e9e\" \/>\n\t<meta name=\"twitter:data2\" content=\"1 minute\" \/>\n<script type=\"application\/ld+json\" class=\"yoast-schema-graph\">{\"@context\":\"https:\/\/schema.org\",\"@graph\":[{\"@type\":\"WebSite\",\"@id\":\"https:\/\/www.nettali.com\/#website\",\"url\":\"https:\/\/www.nettali.com\/\",\"name\":\"Nettali.com\",\"description\":\"Le rendez-vous critique du Net\",\"potentialAction\":[{\"@type\":\"SearchAction\",\"target\":{\"@type\":\"EntryPoint\",\"urlTemplate\":\"https:\/\/www.nettali.com\/?s={search_term_string}\"},\"query-input\":\"required name=search_term_string\"}],\"inLanguage\":\"fr-FR\"},{\"@type\":\"ImageObject\",\"@id\":\"https:\/\/www.nettali.com\/2023\/06\/28\/officiel-edouard-mendy-signe-a-al-ahli\/#primaryimage\",\"inLanguage\":\"fr-FR\",\"url\":\"https:\/\/www.nettali.com\/wp-content\/uploads\/2023\/06\/Mendy-Al-Ahly.jpeg\",\"contentUrl\":\"https:\/\/www.nettali.com\/wp-content\/uploads\/2023\/06\/Mendy-Al-Ahly.jpeg\",\"width\":1600,\"height\":1162},{\"@type\":\"WebPage\",\"@id\":\"https:\/\/www.nettali.com\/2023\/06\/28\/officiel-edouard-mendy-signe-a-al-ahli\/#webpage\",\"url\":\"https:\/\/www.nettali.com\/2023\/06\/28\/officiel-edouard-mendy-signe-a-al-ahli\/\",\"name\":\"OFFICIEL - \\u00c9douard Mendy signe \\u00e0 Al-Ahli | Nettali.com\",\"isPartOf\":{\"@id\":\"https:\/\/www.nettali.com\/#website\"},\"primaryImageOfPage\":{\"@id\":\"https:\/\/www.nettali.com\/2023\/06\/28\/officiel-edouard-mendy-signe-a-al-ahli\/#primaryimage\"},\"datePublished\":\"2023-06-28T20:17:26+00:00\",\"dateModified\":\"2023-06-28T20:17:26+00:00\",\"author\":{\"@id\":\"https:\/\/www.nettali.com\/#\/schema\/person\/bb147657c2986240405a608162b9bb23\"},\"breadcrumb\":{\"@id\":\"https:\/\/www.nettali.com\/2023\/06\/28\/officiel-edouard-mendy-signe-a-al-ahli\/#breadcrumb\"},\"inLanguage\":\"fr-FR\",\"potentialAction\":[{\"@type\":\"ReadAction\",\"target\":[\"https:\/\/www.nettali.com\/2023\/06\/28\/officiel-edouard-mendy-signe-a-al-ahli\/\"]}]},{\"@type\":\"BreadcrumbList\",\"@id\":\"https:\/\/www.nettali.com\/2023\/06\/28\/officiel-edouard-mendy-signe-a-al-ahli\/#breadcrumb\",\"itemListElement\":[{\"@type\":\"ListItem\",\"position\":1,\"name\":\"Accueil\",\"item\":\"https:\/\/www.nettali.com\/\"},{\"@type\":\"ListItem\",\"position\":2,\"name\":\"OFFICIEL - \\u00c9douard Mendy signe \\u00e0 Al-Ahli\"}]},{\"@type\":\"Person\",\"@id\":\"https:\/\/www.nettali.com\/#\/schema\/person\/bb147657c2986240405a608162b9bb23\",\"name\":\"Ibrahima\",\"image\":{\"@type\":\"ImageObject\",\"@id\":\"https:\/\/www.nettali.com\/#personlogo\",\"inLanguage\":\"fr-FR\",\"url\":\"https:\/\/secure.gravatar.com\/avatar\/26a8a81f09f0dd7624c9d5c36c9ba3a2?s=96&d=mm&r=g\",\"contentUrl\":\"https:\/\/secure.gravatar.com\/avatar\/26a8a81f09f0dd7624c9d5c36c9ba3a2?s=96&d=mm&r=g\",\"caption\":\"Ibrahima\"},\"sameAs\":[\"https:\/\/www.nettali.com\"]}]}<\/script>\n<!-- \/ Yoast SEO Premium plugin. -->","yoast_head_json":{"title":"OFFICIEL - \u00c9douard Mendy signe \u00e0 Al-Ahli | Nettali.com","robots":{"index":"index","follow":"follow","max-snippet":"max-snippet:-1","max-image-preview":"max-image-preview:large","max-video-preview":"max-video-preview:-1"},"canonical":"https:\/\/www.nettali.com\/2023\/06\/28\/officiel-edouard-mendy-signe-a-al-ahli\/","og_locale":"fr_FR","og_type":"article","og_title":"OFFICIEL - \u00c9douard Mendy signe \u00e0 Al-Ahli","og_description":"NETTALI.COM - Le transfert d'Edouard Mendy \u00e0 Al-Ahli a \u00e9t\u00e9 officialis\u00e9 ce mercredi par Chelsea son ancien club. Le gardien de but des Lions du S\u00e9n\u00e9gal s'est engag\u00e9 pour les trois prochaines ann\u00e9es. \u00a0Apr\u00e8s N'Golo Kant\u00e9 et Kalidou Koulibaly, et en attendant probablement Hakim Ziyech, c'est au tour d'Edouard Mendy de quitter les Blues pour [&hellip;]","og_url":"https:\/\/www.nettali.com\/2023\/06\/28\/officiel-edouard-mendy-signe-a-al-ahli\/","og_site_name":"Nettali.com","article_publisher":"https:\/\/www.facebook.com\/nettalicom","article_published_time":"2023-06-28T20:17:26+00:00","og_image":[{"width":1600,"height":1162,"url":"https:\/\/www.nettali.com\/wp-content\/uploads\/2023\/06\/Mendy-Al-Ahly.jpeg","type":"image\/jpeg"}],"twitter_card":"summary_large_image","twitter_misc":{"\u00c9crit par":"Ibrahima","Dur\u00e9e de lecture estim\u00e9e":"1 minute"},"schema":{"@context":"https:\/\/schema.org","@graph":[{"@type":"WebSite","@id":"https:\/\/www.nettali.com\/#website","url":"https:\/\/www.nettali.com\/","name":"Nettali.com","description":"Le rendez-vous critique du Net","potentialAction":[{"@type":"SearchAction","target":{"@type":"EntryPoint","urlTemplate":"https:\/\/www.nettali.com\/?s={search_term_string}"},"query-input":"required name=search_term_string"}],"inLanguage":"fr-FR"},{"@type":"ImageObject","@id":"https:\/\/www.nettali.com\/2023\/06\/28\/officiel-edouard-mendy-signe-a-al-ahli\/#primaryimage","inLanguage":"fr-FR","url":"https:\/\/www.nettali.com\/wp-content\/uploads\/2023\/06\/Mendy-Al-Ahly.jpeg","contentUrl":"https:\/\/www.nettali.com\/wp-content\/uploads\/2023\/06\/Mendy-Al-Ahly.jpeg","width":1600,"height":1162},{"@type":"WebPage","@id":"https:\/\/www.nettali.com\/2023\/06\/28\/officiel-edouard-mendy-signe-a-al-ahli\/#webpage","url":"https:\/\/www.nettali.com\/2023\/06\/28\/officiel-edouard-mendy-signe-a-al-ahli\/","name":"OFFICIEL - \u00c9douard Mendy signe \u00e0 Al-Ahli | Nettali.com","isPartOf":{"@id":"https:\/\/www.nettali.com\/#website"},"primaryImageOfPage":{"@id":"https:\/\/www.nettali.com\/2023\/06\/28\/officiel-edouard-mendy-signe-a-al-ahli\/#primaryimage"},"datePublished":"2023-06-28T20:17:26+00:00","dateModified":"2023-06-28T20:17:26+00:00","author":{"@id":"https:\/\/www.nettali.com\/#\/schema\/person\/bb147657c2986240405a608162b9bb23"},"breadcrumb":{"@id":"https:\/\/www.nettali.com\/2023\/06\/28\/officiel-edouard-mendy-signe-a-al-ahli\/#breadcrumb"},"inLanguage":"fr-FR","potentialAction":[{"@type":"ReadAction","target":["https:\/\/www.nettali.com\/2023\/06\/28\/officiel-edouard-mendy-signe-a-al-ahli\/"]}]},{"@type":"BreadcrumbList","@id":"https:\/\/www.nettali.com\/2023\/06\/28\/officiel-edouard-mendy-signe-a-al-ahli\/#breadcrumb","itemListElement":[{"@type":"ListItem","position":1,"name":"Accueil","item":"https:\/\/www.nettali.com\/"},{"@type":"ListItem","position":2,"name":"OFFICIEL - \u00c9douard Mendy signe \u00e0 Al-Ahli"}]},{"@type":"Person","@id":"https:\/\/www.nettali.com\/#\/schema\/person\/bb147657c2986240405a608162b9bb23","name":"Ibrahima","image":{"@type":"ImageObject","@id":"https:\/\/www.nettali.com\/#personlogo","inLanguage":"fr-FR","url":"https:\/\/secure.gravatar.com\/avatar\/26a8a81f09f0dd7624c9d5c36c9ba3a2?s=96&d=mm&r=g","contentUrl":"https:\/\/secure.gravatar.com\/avatar\/26a8a81f09f0dd7624c9d5c36c9ba3a2?s=96&d=mm&r=g","caption":"Ibrahima"},"sameAs":["https:\/\/www.nettali.com"]}]}},"_links":{"self":[{"href":"https:\/\/www.nettali.com\/rest\/wp\/v2\/posts\/113067"}],"collection":[{"href":"https:\/\/www.nettali.com\/rest\/wp\/v2\/posts"}],"about":[{"href":"https:\/\/www.nettali.com\/rest\/wp\/v2\/types\/post"}],"author":[{"embeddable":true,"href":"https:\/\/www.nettali.com\/rest\/wp\/v2\/users\/5"}],"replies":[{"embeddable":true,"href":"https:\/\/www.nettali.com\/rest\/wp\/v2\/comments?post=113067"}],"version-history":[{"count":3,"href":"https:\/\/www.nettali.com\/rest\/wp\/v2\/posts\/113067\/revisions"}],"predecessor-version":[{"id":113072,"href":"https:\/\/www.nettali.com\/rest\/wp\/v2\/posts\/113067\/revisions\/113072"}],"wp:featuredmedia":[{"embeddable":true,"href":"https:\/\/www.nettali.com\/rest\/wp\/v2\/media\/113071"}],"wp:attachment":[{"href":"https:\/\/www.nettali.com\/rest\/wp\/v2\/media?parent=113067"}],"wp:term":[{"taxonomy":"category","embeddable":true,"href":"https:\/\/www.nettali.com\/rest\/wp\/v2\/categories?post=113067"},{"taxonomy":"post_tag","embeddable":true,"href":"https:\/\/www.nettali.com\/rest\/wp\/v2\/tags?post=113067"}],"curies":[{"name":"wp","href":"https:\/\/api.w.org\/{rel}","templated":true}]}}