{"id":113045,"date":"2023-06-28T09:14:20","date_gmt":"2023-06-28T09:14:20","guid":{"rendered":"https:\/\/www.nettali.com\/?p=113045"},"modified":"2023-06-28T09:14:20","modified_gmt":"2023-06-28T09:14:20","slug":"declaration-sur-les-reseaux-sociaux-un-policier-traque-par-sa-hierarchie-pour-desertion","status":"publish","type":"post","link":"https:\/\/www.nettali.com\/2023\/06\/28\/declaration-sur-les-reseaux-sociaux-un-policier-traque-par-sa-hierarchie-pour-desertion\/","title":{"rendered":"DECLARATION SUR LES RESEAUX SOCIAUX - Un policier traqu\u00e9 par sa hi\u00e9rarchie pour d\u00e9sertion"},"content":{"rendered":"<p><strong>NETTALI.COM - Depuis la matin\u00e9e du mardi, la vid\u00e9o d\u2019un homme de tenue fait le tour des r\u00e9seaux sociaux. L\u2019homme se pr\u00e9sente comme un policier. Dans sa vid\u00e9o, il d\u00e9nonce les conditions de travail de ses coll\u00e8gues. <em>\u00abAyez piti\u00e9 de nous, on en a marre, que nos sup\u00e9rieurs aient piti\u00e9 de nous\u00bb<\/em>, dit l\u2019homme qui semble s\u2019offusquer du fait que la police dispose d\u2019une gros budget alors que ses agents sont dans des conditions pr\u00e9caires.<\/strong><\/p>\n<p>Toujours dans la vid\u00e9o, l\u2019homme demande aux autorit\u00e9s d\u2019avoir piti\u00e9 des populations. Car, dit-il, avec toutes les ressources que nous avons au S\u00e9n\u00e9gal, on ne peut avoir des probl\u00e8mes de nourriture ou d\u2019eau. \u00abArr\u00eatez aussi de mettre en confrontation policiers et populations. Nous sommes tous des fr\u00e8res\u00bb, a-t-il indiqu\u00e9.<\/p>\n<p>La r\u00e9action de la police n\u2019a pas tard\u00e9. Dans son communiqu\u00e9 de presse, la police d\u00e9clare qu\u2019il s'agit <em>\u00abd'un agent de police en service au commissariat central de Tambacounda dont l'inconduite et la mauvaise mani\u00e8re de servir ont \u00e9t\u00e9 constat\u00e9es par ses sup\u00e9rieurs hi\u00e9rarchiques directs.\u00bb<\/em> Selon la police, ses manquements aux r\u00e8gles de discipline lui ont valu l'application de mesures de punition d'ordre int\u00e9rieur pour provoquer son amendement.<\/p>\n<p><em>\u00abSans autorisation d'absence, il a abandonn\u00e9 son poste depuis le 14 mai 2023 et a refus\u00e9 de regagner le service malgr\u00e9 les nombreuses sommations. Les derni\u00e8res investigations men\u00e9es ont r\u00e9v\u00e9l\u00e9 qu'il est pr\u00e9sentement \u00e0 l'\u00e9tranger\u00bb<\/em>, indique la police dans son communiqu\u00e9 de presse. Elle indique qu\u2019elle\u00a0 tirera toutes les cons\u00e9quences juridiques qui s'imposent.<\/p>\n<p><em>\u00abAinsi, sur le fondement de la discipline et du respect de la hi\u00e9rarchie, la proc\u00e9dure disciplinaire pr\u00e9vue \u00e0 cet effet, sera mise en \u0153uvre et le tribunal militaire saisi, pour une application rigoureuse des sanctions pr\u00e9vues par le statut de la Police nationale\u00bb<\/em>, indique la police.<\/p>\n<div class='share-to-whatsapp-wrapper'><div class='share-on-whsp'>PARTAGER SUR : <\/div><a data-text='DECLARATION SUR LES RESEAUX SOCIAUX - Un policier traqu\u00e9 par sa hi\u00e9rarchie pour d\u00e9sertion' data-link='https:\/\/www.nettali.com\/2023\/06\/28\/declaration-sur-les-reseaux-sociaux-un-policier-traque-par-sa-hierarchie-pour-desertion\/' class='whatsapp-button whatsapp-share'>WhatsApp<\/a><div class='clear '><\/div><\/div>","protected":false},"excerpt":{"rendered":"<p>NETTALI.COM - Depuis la matin\u00e9e du mardi, la vid\u00e9o d\u2019un homme de tenue fait le tour des r\u00e9seaux sociaux. L\u2019homme se pr\u00e9sente comme un policier. Dans sa vid\u00e9o, il d\u00e9nonce les conditions de travail de ses coll\u00e8gues. \u00abAyez piti\u00e9 de nous, on en a marre, que nos sup\u00e9rieurs aient piti\u00e9 de nous\u00bb, dit l\u2019homme qui [&hellip;]<\/p>\n","protected":false},"author":4,"featured_media":113046,"comment_status":"open","ping_status":"open","sticky":false,"template":"","format":"standard","meta":{"_et_pb_use_builder":"","_et_pb_old_content":""},"categories":[3],"tags":[],"yoast_head":"<!-- This site is optimized with the Yoast SEO Premium plugin v17.8 (Yoast SEO v17.8) - https:\/\/yoast.com\/wordpress\/plugins\/seo\/ -->\n<title>DECLARATION SUR LES RESEAUX SOCIAUX - Un policier traqu\u00e9 par sa hi\u00e9rarchie pour d\u00e9sertion | Nettali.com<\/title>\n<meta name=\"robots\" content=\"index, follow, max-snippet:-1, max-image-preview:large, max-video-preview:-1\" \/>\n<link rel=\"canonical\" href=\"https:\/\/www.nettali.com\/2023\/06\/28\/declaration-sur-les-reseaux-sociaux-un-policier-traque-par-sa-hierarchie-pour-desertion\/\" \/>\n<meta property=\"og:locale\" content=\"fr_FR\" \/>\n<meta property=\"og:type\" content=\"article\" \/>\n<meta property=\"og:title\" content=\"DECLARATION SUR LES RESEAUX SOCIAUX - Un policier traqu\u00e9 par sa hi\u00e9rarchie pour d\u00e9sertion\" \/>\n<meta property=\"og:description\" content=\"NETTALI.COM - Depuis la matin\u00e9e du mardi, la vid\u00e9o d\u2019un homme de tenue fait le tour des r\u00e9seaux sociaux. L\u2019homme se pr\u00e9sente comme un policier. Dans sa vid\u00e9o, il d\u00e9nonce les conditions de travail de ses coll\u00e8gues. \u00abAyez piti\u00e9 de nous, on en a marre, que nos sup\u00e9rieurs aient piti\u00e9 de nous\u00bb, dit l\u2019homme qui [&hellip;]\" \/>\n<meta property=\"og:url\" content=\"https:\/\/www.nettali.com\/2023\/06\/28\/declaration-sur-les-reseaux-sociaux-un-policier-traque-par-sa-hierarchie-pour-desertion\/\" \/>\n<meta property=\"og:site_name\" content=\"Nettali.com\" \/>\n<meta property=\"article:publisher\" content=\"https:\/\/www.facebook.com\/nettalicom\" \/>\n<meta property=\"article:published_time\" content=\"2023-06-28T09:14:20+00:00\" \/>\n<meta property=\"og:image\" content=\"https:\/\/www.nettali.com\/wp-content\/uploads\/2023\/06\/policier.jpeg\" \/>\n\t<meta property=\"og:image:width\" content=\"1600\" \/>\n\t<meta property=\"og:image:height\" content=\"900\" \/>\n<meta name=\"twitter:card\" content=\"summary_large_image\" \/>\n<meta name=\"twitter:label1\" content=\"\u00c9crit par\" \/>\n\t<meta name=\"twitter:data1\" content=\"Daouda\" \/>\n\t<meta name=\"twitter:label2\" content=\"Dur\u00e9e de lecture estim\u00e9e\" \/>\n\t<meta name=\"twitter:data2\" content=\"2 minutes\" \/>\n<script type=\"application\/ld+json\" class=\"yoast-schema-graph\">{\"@context\":\"https:\/\/schema.org\",\"@graph\":[{\"@type\":\"WebSite\",\"@id\":\"https:\/\/www.nettali.com\/#website\",\"url\":\"https:\/\/www.nettali.com\/\",\"name\":\"Nettali.com\",\"description\":\"Le rendez-vous critique du Net\",\"potentialAction\":[{\"@type\":\"SearchAction\",\"target\":{\"@type\":\"EntryPoint\",\"urlTemplate\":\"https:\/\/www.nettali.com\/?s={search_term_string}\"},\"query-input\":\"required name=search_term_string\"}],\"inLanguage\":\"fr-FR\"},{\"@type\":\"ImageObject\",\"@id\":\"https:\/\/www.nettali.com\/2023\/06\/28\/declaration-sur-les-reseaux-sociaux-un-policier-traque-par-sa-hierarchie-pour-desertion\/#primaryimage\",\"inLanguage\":\"fr-FR\",\"url\":\"https:\/\/www.nettali.com\/wp-content\/uploads\/2023\/06\/policier.jpeg\",\"contentUrl\":\"https:\/\/www.nettali.com\/wp-content\/uploads\/2023\/06\/policier.jpeg\",\"width\":1600,\"height\":900},{\"@type\":\"WebPage\",\"@id\":\"https:\/\/www.nettali.com\/2023\/06\/28\/declaration-sur-les-reseaux-sociaux-un-policier-traque-par-sa-hierarchie-pour-desertion\/#webpage\",\"url\":\"https:\/\/www.nettali.com\/2023\/06\/28\/declaration-sur-les-reseaux-sociaux-un-policier-traque-par-sa-hierarchie-pour-desertion\/\",\"name\":\"DECLARATION SUR LES RESEAUX SOCIAUX - Un policier traqu\\u00e9 par sa hi\\u00e9rarchie pour d\\u00e9sertion | Nettali.com\",\"isPartOf\":{\"@id\":\"https:\/\/www.nettali.com\/#website\"},\"primaryImageOfPage\":{\"@id\":\"https:\/\/www.nettali.com\/2023\/06\/28\/declaration-sur-les-reseaux-sociaux-un-policier-traque-par-sa-hierarchie-pour-desertion\/#primaryimage\"},\"datePublished\":\"2023-06-28T09:14:20+00:00\",\"dateModified\":\"2023-06-28T09:14:20+00:00\",\"author\":{\"@id\":\"https:\/\/www.nettali.com\/#\/schema\/person\/3317e0bb3aa1da309fbf7b2780901bf4\"},\"breadcrumb\":{\"@id\":\"https:\/\/www.nettali.com\/2023\/06\/28\/declaration-sur-les-reseaux-sociaux-un-policier-traque-par-sa-hierarchie-pour-desertion\/#breadcrumb\"},\"inLanguage\":\"fr-FR\",\"potentialAction\":[{\"@type\":\"ReadAction\",\"target\":[\"https:\/\/www.nettali.com\/2023\/06\/28\/declaration-sur-les-reseaux-sociaux-un-policier-traque-par-sa-hierarchie-pour-desertion\/\"]}]},{\"@type\":\"BreadcrumbList\",\"@id\":\"https:\/\/www.nettali.com\/2023\/06\/28\/declaration-sur-les-reseaux-sociaux-un-policier-traque-par-sa-hierarchie-pour-desertion\/#breadcrumb\",\"itemListElement\":[{\"@type\":\"ListItem\",\"position\":1,\"name\":\"Accueil\",\"item\":\"https:\/\/www.nettali.com\/\"},{\"@type\":\"ListItem\",\"position\":2,\"name\":\"DECLARATION SUR LES RESEAUX SOCIAUX - Un policier traqu\\u00e9 par sa hi\\u00e9rarchie pour d\\u00e9sertion\"}]},{\"@type\":\"Person\",\"@id\":\"https:\/\/www.nettali.com\/#\/schema\/person\/3317e0bb3aa1da309fbf7b2780901bf4\",\"name\":\"Daouda\",\"image\":{\"@type\":\"ImageObject\",\"@id\":\"https:\/\/www.nettali.com\/#personlogo\",\"inLanguage\":\"fr-FR\",\"url\":\"https:\/\/secure.gravatar.com\/avatar\/8d143b5a49345098ddcfee1c49c2f47c?s=96&d=mm&r=g\",\"contentUrl\":\"https:\/\/secure.gravatar.com\/avatar\/8d143b5a49345098ddcfee1c49c2f47c?s=96&d=mm&r=g\",\"caption\":\"Daouda\"},\"sameAs\":[\"https:\/\/www.nettali.com\"]}]}<\/script>\n<!-- \/ Yoast SEO Premium plugin. -->","yoast_head_json":{"title":"DECLARATION SUR LES RESEAUX SOCIAUX - Un policier traqu\u00e9 par sa hi\u00e9rarchie pour d\u00e9sertion | Nettali.com","robots":{"index":"index","follow":"follow","max-snippet":"max-snippet:-1","max-image-preview":"max-image-preview:large","max-video-preview":"max-video-preview:-1"},"canonical":"https:\/\/www.nettali.com\/2023\/06\/28\/declaration-sur-les-reseaux-sociaux-un-policier-traque-par-sa-hierarchie-pour-desertion\/","og_locale":"fr_FR","og_type":"article","og_title":"DECLARATION SUR LES RESEAUX SOCIAUX - Un policier traqu\u00e9 par sa hi\u00e9rarchie pour d\u00e9sertion","og_description":"NETTALI.COM - Depuis la matin\u00e9e du mardi, la vid\u00e9o d\u2019un homme de tenue fait le tour des r\u00e9seaux sociaux. L\u2019homme se pr\u00e9sente comme un policier. Dans sa vid\u00e9o, il d\u00e9nonce les conditions de travail de ses coll\u00e8gues. \u00abAyez piti\u00e9 de nous, on en a marre, que nos sup\u00e9rieurs aient piti\u00e9 de nous\u00bb, dit l\u2019homme qui [&hellip;]","og_url":"https:\/\/www.nettali.com\/2023\/06\/28\/declaration-sur-les-reseaux-sociaux-un-policier-traque-par-sa-hierarchie-pour-desertion\/","og_site_name":"Nettali.com","article_publisher":"https:\/\/www.facebook.com\/nettalicom","article_published_time":"2023-06-28T09:14:20+00:00","og_image":[{"width":1600,"height":900,"url":"https:\/\/www.nettali.com\/wp-content\/uploads\/2023\/06\/policier.jpeg","type":"image\/jpeg"}],"twitter_card":"summary_large_image","twitter_misc":{"\u00c9crit par":"Daouda","Dur\u00e9e de lecture estim\u00e9e":"2 minutes"},"schema":{"@context":"https:\/\/schema.org","@graph":[{"@type":"WebSite","@id":"https:\/\/www.nettali.com\/#website","url":"https:\/\/www.nettali.com\/","name":"Nettali.com","description":"Le rendez-vous critique du Net","potentialAction":[{"@type":"SearchAction","target":{"@type":"EntryPoint","urlTemplate":"https:\/\/www.nettali.com\/?s={search_term_string}"},"query-input":"required name=search_term_string"}],"inLanguage":"fr-FR"},{"@type":"ImageObject","@id":"https:\/\/www.nettali.com\/2023\/06\/28\/declaration-sur-les-reseaux-sociaux-un-policier-traque-par-sa-hierarchie-pour-desertion\/#primaryimage","inLanguage":"fr-FR","url":"https:\/\/www.nettali.com\/wp-content\/uploads\/2023\/06\/policier.jpeg","contentUrl":"https:\/\/www.nettali.com\/wp-content\/uploads\/2023\/06\/policier.jpeg","width":1600,"height":900},{"@type":"WebPage","@id":"https:\/\/www.nettali.com\/2023\/06\/28\/declaration-sur-les-reseaux-sociaux-un-policier-traque-par-sa-hierarchie-pour-desertion\/#webpage","url":"https:\/\/www.nettali.com\/2023\/06\/28\/declaration-sur-les-reseaux-sociaux-un-policier-traque-par-sa-hierarchie-pour-desertion\/","name":"DECLARATION SUR LES RESEAUX SOCIAUX - Un policier traqu\u00e9 par sa hi\u00e9rarchie pour d\u00e9sertion | Nettali.com","isPartOf":{"@id":"https:\/\/www.nettali.com\/#website"},"primaryImageOfPage":{"@id":"https:\/\/www.nettali.com\/2023\/06\/28\/declaration-sur-les-reseaux-sociaux-un-policier-traque-par-sa-hierarchie-pour-desertion\/#primaryimage"},"datePublished":"2023-06-28T09:14:20+00:00","dateModified":"2023-06-28T09:14:20+00:00","author":{"@id":"https:\/\/www.nettali.com\/#\/schema\/person\/3317e0bb3aa1da309fbf7b2780901bf4"},"breadcrumb":{"@id":"https:\/\/www.nettali.com\/2023\/06\/28\/declaration-sur-les-reseaux-sociaux-un-policier-traque-par-sa-hierarchie-pour-desertion\/#breadcrumb"},"inLanguage":"fr-FR","potentialAction":[{"@type":"ReadAction","target":["https:\/\/www.nettali.com\/2023\/06\/28\/declaration-sur-les-reseaux-sociaux-un-policier-traque-par-sa-hierarchie-pour-desertion\/"]}]},{"@type":"BreadcrumbList","@id":"https:\/\/www.nettali.com\/2023\/06\/28\/declaration-sur-les-reseaux-sociaux-un-policier-traque-par-sa-hierarchie-pour-desertion\/#breadcrumb","itemListElement":[{"@type":"ListItem","position":1,"name":"Accueil","item":"https:\/\/www.nettali.com\/"},{"@type":"ListItem","position":2,"name":"DECLARATION SUR LES RESEAUX SOCIAUX - Un policier traqu\u00e9 par sa hi\u00e9rarchie pour d\u00e9sertion"}]},{"@type":"Person","@id":"https:\/\/www.nettali.com\/#\/schema\/person\/3317e0bb3aa1da309fbf7b2780901bf4","name":"Daouda","image":{"@type":"ImageObject","@id":"https:\/\/www.nettali.com\/#personlogo","inLanguage":"fr-FR","url":"https:\/\/secure.gravatar.com\/avatar\/8d143b5a49345098ddcfee1c49c2f47c?s=96&d=mm&r=g","contentUrl":"https:\/\/secure.gravatar.com\/avatar\/8d143b5a49345098ddcfee1c49c2f47c?s=96&d=mm&r=g","caption":"Daouda"},"sameAs":["https:\/\/www.nettali.com"]}]}},"_links":{"self":[{"href":"https:\/\/www.nettali.com\/rest\/wp\/v2\/posts\/113045"}],"collection":[{"href":"https:\/\/www.nettali.com\/rest\/wp\/v2\/posts"}],"about":[{"href":"https:\/\/www.nettali.com\/rest\/wp\/v2\/types\/post"}],"author":[{"embeddable":true,"href":"https:\/\/www.nettali.com\/rest\/wp\/v2\/users\/4"}],"replies":[{"embeddable":true,"href":"https:\/\/www.nettali.com\/rest\/wp\/v2\/comments?post=113045"}],"version-history":[{"count":1,"href":"https:\/\/www.nettali.com\/rest\/wp\/v2\/posts\/113045\/revisions"}],"predecessor-version":[{"id":113047,"href":"https:\/\/www.nettali.com\/rest\/wp\/v2\/posts\/113045\/revisions\/113047"}],"wp:featuredmedia":[{"embeddable":true,"href":"https:\/\/www.nettali.com\/rest\/wp\/v2\/media\/113046"}],"wp:attachment":[{"href":"https:\/\/www.nettali.com\/rest\/wp\/v2\/media?parent=113045"}],"wp:term":[{"taxonomy":"category","embeddable":true,"href":"https:\/\/www.nettali.com\/rest\/wp\/v2\/categories?post=113045"},{"taxonomy":"post_tag","embeddable":true,"href":"https:\/\/www.nettali.com\/rest\/wp\/v2\/tags?post=113045"}],"curies":[{"name":"wp","href":"https:\/\/api.w.org\/{rel}","templated":true}]}}