{"id":113021,"date":"2023-06-27T13:13:35","date_gmt":"2023-06-27T13:13:35","guid":{"rendered":"https:\/\/www.nettali.com\/?p=113021"},"modified":"2023-06-28T09:32:52","modified_gmt":"2023-06-28T09:32:52","slug":"vacances-accrochage-avec-leroy-sane-cas-koulibay-et-mendy-sadio-mane-a-coeur-ouvert","status":"publish","type":"post","link":"https:\/\/www.nettali.com\/2023\/06\/27\/vacances-accrochage-avec-leroy-sane-cas-koulibay-et-mendy-sadio-mane-a-coeur-ouvert\/","title":{"rendered":"VACANCES, ACCROCHAGE AVEC LEROY SAN\u00c9, CAS KOULIBAY ET MENDY \u2013 Sadio Man\u00e9 \u00e0 coeur ouvert"},"content":{"rendered":"<p><strong>NETTALI.COM - Pr\u00e9sentement en vacances au S\u00e9n\u00e9gal, Sadio Man\u00e9 a abord\u00e9 plusieurs questions dans un entretien avec la 2stv. Il revient sur sa saison compliqu\u00e9e, sur son accrochage avec Leroy San\u00e9 et \u00a0se prononce sur l\u2019enr\u00f4lement de Kalidou Coulibaly et Edouard Mendy par des clubs saoudiens.<\/strong><\/p>\n<p><span style=\"color: #ff0000;\"><strong>\u00a0Vacances<\/strong><\/span><\/p>\n<p>\u00ab \u00c7a se passe bien. Je suis avec la famille et je me repose. C\u2019\u00e9tait une saison tr\u00e8s compliqu\u00e9e, mais \u00e7a arrive parfois dans la vie d\u2019un \u00eatre humain, comme moi. Ce n\u2019est pas une surprise parce que je m\u2019attendais que les choses soient un peu compliqu\u00e9es. C\u2019est\u00a0normal. Nous sommes des footballeurs qui aimons relever les d\u00e9fis, et le Bayern est un gros d\u00e9fi. C\u2019est \u00e0 moi de tout faire pour relever ce d\u00e9fi \u00bb.<\/p>\n<p><span style=\"color: #ff0000;\"><strong>Accrochage avec Leroy San\u00e9<\/strong><\/span><\/p>\n<p>\u00ab Je n\u2019ai jamais aim\u00e9 le confort. Mais ce genre d\u2019incident peut arriver. C\u2019est pass\u00e9. On a pu r\u00e9gler ce petit probl\u00e8me. D\u00e8s fois, c\u2019est bien de r\u00e9gler certains probl\u00e8mes, mais peut-\u00eatre pas de cette mani\u00e8re. C\u2019est derni\u00e8re nous. Maintenant, nous allons essayer de nous battre tous ensemble pour aider le club \u00e0 atteindre ses objectifs la saison prochaine. Si tout va bien, je vais retourner au Bayern\u00a0\u00bb.<\/p>\n<p><span style=\"color: #ff0000;\"><strong>Koulibaly et Mendy en Arabie Saoudite<\/strong><\/span><\/p>\n<p>\u00ab\u00a0Je ne serais jamais contre que des joueurs qui \u00e9voluent en Chine ou en Arabie saoudite rejoignent la Tani\u00e8re. Tant que tu joues, que tu es performant et que tu es l\u00e0 pour l\u2019\u00e9quipe, tu remplis tous les crit\u00e8res pour \u00eatre s\u00e9lectionn\u00e9. Le coach en a conscience. Voir Koulibaly ou Edouard Mendy dans le championnat saoudien ne serait pas un inconv\u00e9nient de les voir en \u00e9quipe nationale. Je pense que c\u2019est une question de choix. Ce n\u2019est pas un probl\u00e8me, l\u2019\u00e9quipe Nationale est ouverte \u00e0 tout le monde\u00a0\u00bb.<\/p>\n<p>&nbsp;<\/p>\n<div class='share-to-whatsapp-wrapper'><div class='share-on-whsp'>PARTAGER SUR : <\/div><a data-text='VACANCES, ACCROCHAGE AVEC LEROY SAN\u00c9, CAS KOULIBAY ET MENDY \u2013 Sadio Man\u00e9 \u00e0 coeur ouvert' data-link='https:\/\/www.nettali.com\/2023\/06\/27\/vacances-accrochage-avec-leroy-sane-cas-koulibay-et-mendy-sadio-mane-a-coeur-ouvert\/' class='whatsapp-button whatsapp-share'>WhatsApp<\/a><div class='clear '><\/div><\/div>","protected":false},"excerpt":{"rendered":"<p>NETTALI.COM - Pr\u00e9sentement en vacances au S\u00e9n\u00e9gal, Sadio Man\u00e9 a abord\u00e9 plusieurs questions dans un entretien avec la 2stv. Il revient sur sa saison compliqu\u00e9e, sur son accrochage avec Leroy San\u00e9 et \u00a0se prononce sur l\u2019enr\u00f4lement de Kalidou Coulibaly et Edouard Mendy par des clubs saoudiens. \u00a0Vacances \u00ab \u00c7a se passe bien. Je suis avec [&hellip;]<\/p>\n","protected":false},"author":4,"featured_media":75504,"comment_status":"open","ping_status":"open","sticky":false,"template":"","format":"standard","meta":{"_et_pb_use_builder":"","_et_pb_old_content":""},"categories":[6],"tags":[],"yoast_head":"<!-- This site is optimized with the Yoast SEO Premium plugin v17.8 (Yoast SEO v17.8) - https:\/\/yoast.com\/wordpress\/plugins\/seo\/ -->\n<title>VACANCES, ACCROCHAGE AVEC LEROY SAN\u00c9, CAS KOULIBAY ET MENDY \u2013 Sadio Man\u00e9 \u00e0 coeur ouvert | Nettali.com<\/title>\n<meta name=\"robots\" content=\"index, follow, max-snippet:-1, max-image-preview:large, max-video-preview:-1\" \/>\n<link rel=\"canonical\" href=\"https:\/\/www.nettali.com\/2023\/06\/27\/vacances-accrochage-avec-leroy-sane-cas-koulibay-et-mendy-sadio-mane-a-coeur-ouvert\/\" \/>\n<meta property=\"og:locale\" content=\"fr_FR\" \/>\n<meta property=\"og:type\" content=\"article\" \/>\n<meta property=\"og:title\" content=\"VACANCES, ACCROCHAGE AVEC LEROY SAN\u00c9, CAS KOULIBAY ET MENDY \u2013 Sadio Man\u00e9 \u00e0 coeur ouvert\" \/>\n<meta property=\"og:description\" content=\"NETTALI.COM - Pr\u00e9sentement en vacances au S\u00e9n\u00e9gal, Sadio Man\u00e9 a abord\u00e9 plusieurs questions dans un entretien avec la 2stv. Il revient sur sa saison compliqu\u00e9e, sur son accrochage avec Leroy San\u00e9 et \u00a0se prononce sur l\u2019enr\u00f4lement de Kalidou Coulibaly et Edouard Mendy par des clubs saoudiens. \u00a0Vacances \u00ab \u00c7a se passe bien. Je suis avec [&hellip;]\" \/>\n<meta property=\"og:url\" content=\"https:\/\/www.nettali.com\/2023\/06\/27\/vacances-accrochage-avec-leroy-sane-cas-koulibay-et-mendy-sadio-mane-a-coeur-ouvert\/\" \/>\n<meta property=\"og:site_name\" content=\"Nettali.com\" \/>\n<meta property=\"article:publisher\" content=\"https:\/\/www.facebook.com\/nettalicom\" \/>\n<meta property=\"article:published_time\" content=\"2023-06-27T13:13:35+00:00\" \/>\n<meta property=\"article:modified_time\" content=\"2023-06-28T09:32:52+00:00\" \/>\n<meta property=\"og:image\" content=\"https:\/\/www.nettali.com\/wp-content\/uploads\/2021\/11\/Sadio-Mane-2.jpg\" \/>\n\t<meta property=\"og:image:width\" content=\"648\" \/>\n\t<meta property=\"og:image:height\" content=\"377\" \/>\n<meta name=\"twitter:card\" content=\"summary_large_image\" \/>\n<meta name=\"twitter:label1\" content=\"\u00c9crit par\" \/>\n\t<meta name=\"twitter:data1\" content=\"Daouda\" \/>\n\t<meta name=\"twitter:label2\" content=\"Dur\u00e9e de lecture estim\u00e9e\" \/>\n\t<meta name=\"twitter:data2\" content=\"2 minutes\" \/>\n<script type=\"application\/ld+json\" class=\"yoast-schema-graph\">{\"@context\":\"https:\/\/schema.org\",\"@graph\":[{\"@type\":\"WebSite\",\"@id\":\"https:\/\/www.nettali.com\/#website\",\"url\":\"https:\/\/www.nettali.com\/\",\"name\":\"Nettali.com\",\"description\":\"Le rendez-vous critique du Net\",\"potentialAction\":[{\"@type\":\"SearchAction\",\"target\":{\"@type\":\"EntryPoint\",\"urlTemplate\":\"https:\/\/www.nettali.com\/?s={search_term_string}\"},\"query-input\":\"required name=search_term_string\"}],\"inLanguage\":\"fr-FR\"},{\"@type\":\"ImageObject\",\"@id\":\"https:\/\/www.nettali.com\/2023\/06\/27\/vacances-accrochage-avec-leroy-sane-cas-koulibay-et-mendy-sadio-mane-a-coeur-ouvert\/#primaryimage\",\"inLanguage\":\"fr-FR\",\"url\":\"https:\/\/www.nettali.com\/wp-content\/uploads\/2021\/11\/Sadio-Mane-2.jpg\",\"contentUrl\":\"https:\/\/www.nettali.com\/wp-content\/uploads\/2021\/11\/Sadio-Mane-2.jpg\",\"width\":648,\"height\":377},{\"@type\":\"WebPage\",\"@id\":\"https:\/\/www.nettali.com\/2023\/06\/27\/vacances-accrochage-avec-leroy-sane-cas-koulibay-et-mendy-sadio-mane-a-coeur-ouvert\/#webpage\",\"url\":\"https:\/\/www.nettali.com\/2023\/06\/27\/vacances-accrochage-avec-leroy-sane-cas-koulibay-et-mendy-sadio-mane-a-coeur-ouvert\/\",\"name\":\"VACANCES, ACCROCHAGE AVEC LEROY SAN\\u00c9, CAS KOULIBAY ET MENDY \\u2013 Sadio Man\\u00e9 \\u00e0 coeur ouvert | Nettali.com\",\"isPartOf\":{\"@id\":\"https:\/\/www.nettali.com\/#website\"},\"primaryImageOfPage\":{\"@id\":\"https:\/\/www.nettali.com\/2023\/06\/27\/vacances-accrochage-avec-leroy-sane-cas-koulibay-et-mendy-sadio-mane-a-coeur-ouvert\/#primaryimage\"},\"datePublished\":\"2023-06-27T13:13:35+00:00\",\"dateModified\":\"2023-06-28T09:32:52+00:00\",\"author\":{\"@id\":\"https:\/\/www.nettali.com\/#\/schema\/person\/3317e0bb3aa1da309fbf7b2780901bf4\"},\"breadcrumb\":{\"@id\":\"https:\/\/www.nettali.com\/2023\/06\/27\/vacances-accrochage-avec-leroy-sane-cas-koulibay-et-mendy-sadio-mane-a-coeur-ouvert\/#breadcrumb\"},\"inLanguage\":\"fr-FR\",\"potentialAction\":[{\"@type\":\"ReadAction\",\"target\":[\"https:\/\/www.nettali.com\/2023\/06\/27\/vacances-accrochage-avec-leroy-sane-cas-koulibay-et-mendy-sadio-mane-a-coeur-ouvert\/\"]}]},{\"@type\":\"BreadcrumbList\",\"@id\":\"https:\/\/www.nettali.com\/2023\/06\/27\/vacances-accrochage-avec-leroy-sane-cas-koulibay-et-mendy-sadio-mane-a-coeur-ouvert\/#breadcrumb\",\"itemListElement\":[{\"@type\":\"ListItem\",\"position\":1,\"name\":\"Accueil\",\"item\":\"https:\/\/www.nettali.com\/\"},{\"@type\":\"ListItem\",\"position\":2,\"name\":\"VACANCES, ACCROCHAGE AVEC LEROY SAN\\u00c9, CAS KOULIBAY ET MENDY \\u2013 Sadio Man\\u00e9 \\u00e0 coeur ouvert\"}]},{\"@type\":\"Person\",\"@id\":\"https:\/\/www.nettali.com\/#\/schema\/person\/3317e0bb3aa1da309fbf7b2780901bf4\",\"name\":\"Daouda\",\"image\":{\"@type\":\"ImageObject\",\"@id\":\"https:\/\/www.nettali.com\/#personlogo\",\"inLanguage\":\"fr-FR\",\"url\":\"https:\/\/secure.gravatar.com\/avatar\/8d143b5a49345098ddcfee1c49c2f47c?s=96&d=mm&r=g\",\"contentUrl\":\"https:\/\/secure.gravatar.com\/avatar\/8d143b5a49345098ddcfee1c49c2f47c?s=96&d=mm&r=g\",\"caption\":\"Daouda\"},\"sameAs\":[\"https:\/\/www.nettali.com\"]}]}<\/script>\n<!-- \/ Yoast SEO Premium plugin. -->","yoast_head_json":{"title":"VACANCES, ACCROCHAGE AVEC LEROY SAN\u00c9, CAS KOULIBAY ET MENDY \u2013 Sadio Man\u00e9 \u00e0 coeur ouvert | Nettali.com","robots":{"index":"index","follow":"follow","max-snippet":"max-snippet:-1","max-image-preview":"max-image-preview:large","max-video-preview":"max-video-preview:-1"},"canonical":"https:\/\/www.nettali.com\/2023\/06\/27\/vacances-accrochage-avec-leroy-sane-cas-koulibay-et-mendy-sadio-mane-a-coeur-ouvert\/","og_locale":"fr_FR","og_type":"article","og_title":"VACANCES, ACCROCHAGE AVEC LEROY SAN\u00c9, CAS KOULIBAY ET MENDY \u2013 Sadio Man\u00e9 \u00e0 coeur ouvert","og_description":"NETTALI.COM - Pr\u00e9sentement en vacances au S\u00e9n\u00e9gal, Sadio Man\u00e9 a abord\u00e9 plusieurs questions dans un entretien avec la 2stv. Il revient sur sa saison compliqu\u00e9e, sur son accrochage avec Leroy San\u00e9 et \u00a0se prononce sur l\u2019enr\u00f4lement de Kalidou Coulibaly et Edouard Mendy par des clubs saoudiens. \u00a0Vacances \u00ab \u00c7a se passe bien. Je suis avec [&hellip;]","og_url":"https:\/\/www.nettali.com\/2023\/06\/27\/vacances-accrochage-avec-leroy-sane-cas-koulibay-et-mendy-sadio-mane-a-coeur-ouvert\/","og_site_name":"Nettali.com","article_publisher":"https:\/\/www.facebook.com\/nettalicom","article_published_time":"2023-06-27T13:13:35+00:00","article_modified_time":"2023-06-28T09:32:52+00:00","og_image":[{"width":648,"height":377,"url":"https:\/\/www.nettali.com\/wp-content\/uploads\/2021\/11\/Sadio-Mane-2.jpg","type":"image\/jpeg"}],"twitter_card":"summary_large_image","twitter_misc":{"\u00c9crit par":"Daouda","Dur\u00e9e de lecture estim\u00e9e":"2 minutes"},"schema":{"@context":"https:\/\/schema.org","@graph":[{"@type":"WebSite","@id":"https:\/\/www.nettali.com\/#website","url":"https:\/\/www.nettali.com\/","name":"Nettali.com","description":"Le rendez-vous critique du Net","potentialAction":[{"@type":"SearchAction","target":{"@type":"EntryPoint","urlTemplate":"https:\/\/www.nettali.com\/?s={search_term_string}"},"query-input":"required name=search_term_string"}],"inLanguage":"fr-FR"},{"@type":"ImageObject","@id":"https:\/\/www.nettali.com\/2023\/06\/27\/vacances-accrochage-avec-leroy-sane-cas-koulibay-et-mendy-sadio-mane-a-coeur-ouvert\/#primaryimage","inLanguage":"fr-FR","url":"https:\/\/www.nettali.com\/wp-content\/uploads\/2021\/11\/Sadio-Mane-2.jpg","contentUrl":"https:\/\/www.nettali.com\/wp-content\/uploads\/2021\/11\/Sadio-Mane-2.jpg","width":648,"height":377},{"@type":"WebPage","@id":"https:\/\/www.nettali.com\/2023\/06\/27\/vacances-accrochage-avec-leroy-sane-cas-koulibay-et-mendy-sadio-mane-a-coeur-ouvert\/#webpage","url":"https:\/\/www.nettali.com\/2023\/06\/27\/vacances-accrochage-avec-leroy-sane-cas-koulibay-et-mendy-sadio-mane-a-coeur-ouvert\/","name":"VACANCES, ACCROCHAGE AVEC LEROY SAN\u00c9, CAS KOULIBAY ET MENDY \u2013 Sadio Man\u00e9 \u00e0 coeur ouvert | Nettali.com","isPartOf":{"@id":"https:\/\/www.nettali.com\/#website"},"primaryImageOfPage":{"@id":"https:\/\/www.nettali.com\/2023\/06\/27\/vacances-accrochage-avec-leroy-sane-cas-koulibay-et-mendy-sadio-mane-a-coeur-ouvert\/#primaryimage"},"datePublished":"2023-06-27T13:13:35+00:00","dateModified":"2023-06-28T09:32:52+00:00","author":{"@id":"https:\/\/www.nettali.com\/#\/schema\/person\/3317e0bb3aa1da309fbf7b2780901bf4"},"breadcrumb":{"@id":"https:\/\/www.nettali.com\/2023\/06\/27\/vacances-accrochage-avec-leroy-sane-cas-koulibay-et-mendy-sadio-mane-a-coeur-ouvert\/#breadcrumb"},"inLanguage":"fr-FR","potentialAction":[{"@type":"ReadAction","target":["https:\/\/www.nettali.com\/2023\/06\/27\/vacances-accrochage-avec-leroy-sane-cas-koulibay-et-mendy-sadio-mane-a-coeur-ouvert\/"]}]},{"@type":"BreadcrumbList","@id":"https:\/\/www.nettali.com\/2023\/06\/27\/vacances-accrochage-avec-leroy-sane-cas-koulibay-et-mendy-sadio-mane-a-coeur-ouvert\/#breadcrumb","itemListElement":[{"@type":"ListItem","position":1,"name":"Accueil","item":"https:\/\/www.nettali.com\/"},{"@type":"ListItem","position":2,"name":"VACANCES, ACCROCHAGE AVEC LEROY SAN\u00c9, CAS KOULIBAY ET MENDY \u2013 Sadio Man\u00e9 \u00e0 coeur ouvert"}]},{"@type":"Person","@id":"https:\/\/www.nettali.com\/#\/schema\/person\/3317e0bb3aa1da309fbf7b2780901bf4","name":"Daouda","image":{"@type":"ImageObject","@id":"https:\/\/www.nettali.com\/#personlogo","inLanguage":"fr-FR","url":"https:\/\/secure.gravatar.com\/avatar\/8d143b5a49345098ddcfee1c49c2f47c?s=96&d=mm&r=g","contentUrl":"https:\/\/secure.gravatar.com\/avatar\/8d143b5a49345098ddcfee1c49c2f47c?s=96&d=mm&r=g","caption":"Daouda"},"sameAs":["https:\/\/www.nettali.com"]}]}},"_links":{"self":[{"href":"https:\/\/www.nettali.com\/rest\/wp\/v2\/posts\/113021"}],"collection":[{"href":"https:\/\/www.nettali.com\/rest\/wp\/v2\/posts"}],"about":[{"href":"https:\/\/www.nettali.com\/rest\/wp\/v2\/types\/post"}],"author":[{"embeddable":true,"href":"https:\/\/www.nettali.com\/rest\/wp\/v2\/users\/4"}],"replies":[{"embeddable":true,"href":"https:\/\/www.nettali.com\/rest\/wp\/v2\/comments?post=113021"}],"version-history":[{"count":1,"href":"https:\/\/www.nettali.com\/rest\/wp\/v2\/posts\/113021\/revisions"}],"predecessor-version":[{"id":113022,"href":"https:\/\/www.nettali.com\/rest\/wp\/v2\/posts\/113021\/revisions\/113022"}],"wp:featuredmedia":[{"embeddable":true,"href":"https:\/\/www.nettali.com\/rest\/wp\/v2\/media\/75504"}],"wp:attachment":[{"href":"https:\/\/www.nettali.com\/rest\/wp\/v2\/media?parent=113021"}],"wp:term":[{"taxonomy":"category","embeddable":true,"href":"https:\/\/www.nettali.com\/rest\/wp\/v2\/categories?post=113021"},{"taxonomy":"post_tag","embeddable":true,"href":"https:\/\/www.nettali.com\/rest\/wp\/v2\/tags?post=113021"}],"curies":[{"name":"wp","href":"https:\/\/api.w.org\/{rel}","templated":true}]}}