{"id":113011,"date":"2023-06-27T11:16:27","date_gmt":"2023-06-27T11:16:27","guid":{"rendered":"https:\/\/www.nettali.com\/?p=113011"},"modified":"2023-06-28T09:35:20","modified_gmt":"2023-06-28T09:35:20","slug":"le-khalife-des-mourides-veut-lautonomie-de-touba","status":"publish","type":"post","link":"https:\/\/www.nettali.com\/2023\/06\/27\/le-khalife-des-mourides-veut-lautonomie-de-touba\/","title":{"rendered":"\u00a0Le khalife des mourides veut l\u2019autonomie de Touba"},"content":{"rendered":"<p><strong>NETTALI.COM - Les avis les plus contrast\u00e9s animaient hier nuit les d\u00e9bats sur les r\u00e9seaux sociaux, suite \u00e0 la diffusion d\u2019un audio devenu rapidement viral et dans lequel le Khalife g\u00e9n\u00e9ral des mourides a souhait\u00e9 \u201cl\u2019autonomie de la ville de Touba\u201d comme la cit\u00e9 du Vatican l\u2019est en Italie, en citant la particularit\u00e9 de l\u2019\u00c9tat pontifical situ\u00e9 dans la capitale italienne Rome.<\/strong><\/p>\n<p><em> \u201cLa ville (NDLR : Touba) doit \u00eatre ind\u00e9pendante\u201d<\/em>, a-t-il d\u00e9clar\u00e9 en wolof, ajoutant que ce ne serait l\u00e0 que justice et mise en ad\u00e9quation avec les recommandations de son fondateur, son grand-p\u00e8re Cheikh Ahmadou Bamba Mback\u00e9, fondateur de la confr\u00e9rie. <em>\u201cCe devrait \u00eatre un processus qu\u2019on doit lancer et envisager de le mener jusqu\u2019\u00e0 son terme. \u201cIl y a un pays nomm\u00e9 Italie et dont la capitale est Rome. Dans cette capitale, il y a un chef religieux \u00e0 la t\u00eate d\u2019un \u00c9tat avec ses propres attributs et ind\u00e9pendant de l\u2019Italie. Et ce chef religieux n\u2019est pas mieux habilit\u00e9 que Serigne Touba \u00e0 avoir les m\u00eames pr\u00e9rogatives\u201d<\/em>, a indiqu\u00e9 le guide des mourides.<\/p>\n<p>S\u2019adressant pr\u00e9cis\u00e9ment \u00e0 Serigne Fallou Fall qui faisait office de porte-parole des baaye faal \u00e0 cette occasion, le khalife g\u00e9n\u00e9ral enjoint \u00e0 ce dernier de mat\u00e9rialiser cette directive (Ndigueul) avec \u201csagesse et mesure\u201d, en gardant \u00e0 l\u2019esprit le fait que \u201cc\u2019est un processus irr\u00e9versible\u201d. Serigne Mountakha Bassirou Mback\u00e9 s\u2019exprimait en marge de la traditionnelle c\u00e9r\u00e9monie de remise de 1 120 moutons par le khalife des baaye faal, Serigne Modou Amdy Mbenda Fall, \u00e0 Touba pour les besoins de la c\u00e9l\u00e9bration de la Tabaski. Sur les relations entre la ville dot\u00e9e d\u2019un statut sp\u00e9cial et l\u2019\u00c9tat, Serigne Mountakha Bassirou Mback\u00e9 a recommand\u00e9 aux fid\u00e8les de <em>\u201cne jamais entrer en contradiction avec les tenants du pouvoir temporel et de travailler main dans la main avec eux\u201d<\/em>.<\/p>\n<p>Le patriarche de Darou Minane a aussi indiqu\u00e9 que le fondateur du mouridisme a inscrit sa pens\u00e9e et son action dans la non-violence. Le guide religieux a r\u00e9it\u00e9r\u00e9 ses recommandations aux fid\u00e8les mourides et salu\u00e9 l\u2019engagement des baaye faal dans l\u2019\u0153uvre de Serigne Touba. <em>\u201cAssurer la sacralit\u00e9 de la ville sainte doit \u00eatre vu comme un devoir\u201d<\/em>, a conclu le marabout. D\u00e9j\u00e0, au d\u00e9but du mois de juin, le chef supr\u00eame des mourides avait \u00e9dict\u00e9 une consigne interdisant les activit\u00e9s politiques, dont la tenue de scrutins dans la ville sainte, devenue maintenant la deuxi\u00e8me agglom\u00e9ration au S\u00e9n\u00e9gal au regard du nombre de ses habitants.<\/p>\n<p>Pour la premi\u00e8re fois, des violences ont \u00e9clat\u00e9 \u00e0 Touba dans le sillage des troubles qui ont accompagn\u00e9 la proc\u00e9dure judiciaire contre le leader de Pastef Ousmane Sonko dans l\u2019affaire Sweet Beaut\u00e9. Touba est encore consid\u00e9r\u00e9 administrativement comme un village, tout en b\u00e9n\u00e9ficiant d'un statut d'exterritorialit\u00e9 officiellement reconnu. Au d\u00e9but de son r\u00e9gime, Macky Sall a une fois \u00e9voqu\u00e9 la question. C\u2019\u00e9tait \u00e0 l\u2019occasion du Conseil des ministres d\u00e9centralis\u00e9 tenu \u00e0 Kaolack en juin 2012. Le communiqu\u00e9 publi\u00e9 \u00e0 l\u2019issue du conclave gouvernemental avait soulign\u00e9 que <em>\u201cle pr\u00e9sident de la R\u00e9publique a demand\u00e9 de renforcer la d\u00e9centralisation. La communaut\u00e9 rurale de Touba a une taille bien particuli\u00e8re et eu \u00e9gard aux activit\u00e9s \u00e9conomiques de cette communaut\u00e9, une \u00e9tude est en cours pour conf\u00e9rer un statut particulier \u00e0 cette cit\u00e9 religieuse\u201d<\/em>. Depuis, rien de nouveau.<\/p>\n<p>Lors des derni\u00e8res \u00e9lections l\u00e9gislatives, une \u00e9crasante majorit\u00e9 d\u2019\u00e9lecteurs de Touba avaient choisi le bulletin blanc. Le d\u00e9partement de Mback\u00e9, qui l\u2019abrite, est r\u00e9guli\u00e8rement perdu lors des \u00e9lections par la majorit\u00e9 pr\u00e9sidentielle, depuis l\u2019arriv\u00e9e au pouvoir de Macky Sall. Le maire de la commune de ToubaMosqu\u00e9e est d\u00e9sign\u00e9 par le khalife g\u00e9n\u00e9ral des mourides. Du reste, son bureau municipal ne respecte pas la loi sur la parit\u00e9 et y sont interdits le tabac, l\u2019alcool, les jeux de hasard et les matches de football. Son statut fait r\u00e9guli\u00e8rement l\u2019objet de controverses qui retombent tout aussi rapidement. Mais c\u2019est la premi\u00e8re fois qu\u2019un guide supr\u00eame de la confr\u00e9rie \u00e9voque \u201cl\u2019ind\u00e9pendance\u201d de la ville.<\/p>\n<div class='share-to-whatsapp-wrapper'><div class='share-on-whsp'>PARTAGER SUR : <\/div><a data-text='\u00a0Le khalife des mourides veut l\u2019autonomie de Touba' data-link='https:\/\/www.nettali.com\/2023\/06\/27\/le-khalife-des-mourides-veut-lautonomie-de-touba\/' class='whatsapp-button whatsapp-share'>WhatsApp<\/a><div class='clear '><\/div><\/div>","protected":false},"excerpt":{"rendered":"<p>NETTALI.COM - Les avis les plus contrast\u00e9s animaient hier nuit les d\u00e9bats sur les r\u00e9seaux sociaux, suite \u00e0 la diffusion d\u2019un audio devenu rapidement viral et dans lequel le Khalife g\u00e9n\u00e9ral des mourides a souhait\u00e9 \u201cl\u2019autonomie de la ville de Touba\u201d comme la cit\u00e9 du Vatican l\u2019est en Italie, en citant la particularit\u00e9 de l\u2019\u00c9tat [&hellip;]<\/p>\n","protected":false},"author":4,"featured_media":93601,"comment_status":"open","ping_status":"open","sticky":false,"template":"","format":"standard","meta":{"_et_pb_use_builder":"","_et_pb_old_content":""},"categories":[3],"tags":[],"yoast_head":"<!-- This site is optimized with the Yoast SEO Premium plugin v17.8 (Yoast SEO v17.8) - https:\/\/yoast.com\/wordpress\/plugins\/seo\/ -->\n<title>\u00a0Le khalife des mourides veut l\u2019autonomie de Touba | Nettali.com<\/title>\n<meta name=\"robots\" content=\"index, follow, max-snippet:-1, max-image-preview:large, max-video-preview:-1\" \/>\n<link rel=\"canonical\" href=\"https:\/\/www.nettali.com\/2023\/06\/27\/le-khalife-des-mourides-veut-lautonomie-de-touba\/\" \/>\n<meta property=\"og:locale\" content=\"fr_FR\" \/>\n<meta property=\"og:type\" content=\"article\" \/>\n<meta property=\"og:title\" content=\"\u00a0Le khalife des mourides veut l\u2019autonomie de Touba\" \/>\n<meta property=\"og:description\" content=\"NETTALI.COM - Les avis les plus contrast\u00e9s animaient hier nuit les d\u00e9bats sur les r\u00e9seaux sociaux, suite \u00e0 la diffusion d\u2019un audio devenu rapidement viral et dans lequel le Khalife g\u00e9n\u00e9ral des mourides a souhait\u00e9 \u201cl\u2019autonomie de la ville de Touba\u201d comme la cit\u00e9 du Vatican l\u2019est en Italie, en citant la particularit\u00e9 de l\u2019\u00c9tat [&hellip;]\" \/>\n<meta property=\"og:url\" content=\"https:\/\/www.nettali.com\/2023\/06\/27\/le-khalife-des-mourides-veut-lautonomie-de-touba\/\" \/>\n<meta property=\"og:site_name\" content=\"Nettali.com\" \/>\n<meta property=\"article:publisher\" content=\"https:\/\/www.facebook.com\/nettalicom\" \/>\n<meta property=\"article:published_time\" content=\"2023-06-27T11:16:27+00:00\" \/>\n<meta property=\"article:modified_time\" content=\"2023-06-28T09:35:20+00:00\" \/>\n<meta property=\"og:image\" content=\"https:\/\/www.nettali.com\/wp-content\/uploads\/2022\/09\/Macky-Touba3.jpeg\" \/>\n\t<meta property=\"og:image:width\" content=\"1280\" \/>\n\t<meta property=\"og:image:height\" content=\"833\" \/>\n<meta name=\"twitter:card\" content=\"summary_large_image\" \/>\n<meta name=\"twitter:label1\" content=\"\u00c9crit par\" \/>\n\t<meta name=\"twitter:data1\" content=\"Daouda\" \/>\n\t<meta name=\"twitter:label2\" content=\"Dur\u00e9e de lecture estim\u00e9e\" \/>\n\t<meta name=\"twitter:data2\" content=\"4 minutes\" \/>\n<script type=\"application\/ld+json\" class=\"yoast-schema-graph\">{\"@context\":\"https:\/\/schema.org\",\"@graph\":[{\"@type\":\"WebSite\",\"@id\":\"https:\/\/www.nettali.com\/#website\",\"url\":\"https:\/\/www.nettali.com\/\",\"name\":\"Nettali.com\",\"description\":\"Le rendez-vous critique du Net\",\"potentialAction\":[{\"@type\":\"SearchAction\",\"target\":{\"@type\":\"EntryPoint\",\"urlTemplate\":\"https:\/\/www.nettali.com\/?s={search_term_string}\"},\"query-input\":\"required name=search_term_string\"}],\"inLanguage\":\"fr-FR\"},{\"@type\":\"ImageObject\",\"@id\":\"https:\/\/www.nettali.com\/2023\/06\/27\/le-khalife-des-mourides-veut-lautonomie-de-touba\/#primaryimage\",\"inLanguage\":\"fr-FR\",\"url\":\"https:\/\/www.nettali.com\/wp-content\/uploads\/2022\/09\/Macky-Touba3.jpeg\",\"contentUrl\":\"https:\/\/www.nettali.com\/wp-content\/uploads\/2022\/09\/Macky-Touba3.jpeg\",\"width\":1280,\"height\":833},{\"@type\":\"WebPage\",\"@id\":\"https:\/\/www.nettali.com\/2023\/06\/27\/le-khalife-des-mourides-veut-lautonomie-de-touba\/#webpage\",\"url\":\"https:\/\/www.nettali.com\/2023\/06\/27\/le-khalife-des-mourides-veut-lautonomie-de-touba\/\",\"name\":\"\\u00a0Le khalife des mourides veut l\\u2019autonomie de Touba | Nettali.com\",\"isPartOf\":{\"@id\":\"https:\/\/www.nettali.com\/#website\"},\"primaryImageOfPage\":{\"@id\":\"https:\/\/www.nettali.com\/2023\/06\/27\/le-khalife-des-mourides-veut-lautonomie-de-touba\/#primaryimage\"},\"datePublished\":\"2023-06-27T11:16:27+00:00\",\"dateModified\":\"2023-06-28T09:35:20+00:00\",\"author\":{\"@id\":\"https:\/\/www.nettali.com\/#\/schema\/person\/3317e0bb3aa1da309fbf7b2780901bf4\"},\"breadcrumb\":{\"@id\":\"https:\/\/www.nettali.com\/2023\/06\/27\/le-khalife-des-mourides-veut-lautonomie-de-touba\/#breadcrumb\"},\"inLanguage\":\"fr-FR\",\"potentialAction\":[{\"@type\":\"ReadAction\",\"target\":[\"https:\/\/www.nettali.com\/2023\/06\/27\/le-khalife-des-mourides-veut-lautonomie-de-touba\/\"]}]},{\"@type\":\"BreadcrumbList\",\"@id\":\"https:\/\/www.nettali.com\/2023\/06\/27\/le-khalife-des-mourides-veut-lautonomie-de-touba\/#breadcrumb\",\"itemListElement\":[{\"@type\":\"ListItem\",\"position\":1,\"name\":\"Accueil\",\"item\":\"https:\/\/www.nettali.com\/\"},{\"@type\":\"ListItem\",\"position\":2,\"name\":\"\\u00a0Le khalife des mourides veut l\\u2019autonomie de Touba\"}]},{\"@type\":\"Person\",\"@id\":\"https:\/\/www.nettali.com\/#\/schema\/person\/3317e0bb3aa1da309fbf7b2780901bf4\",\"name\":\"Daouda\",\"image\":{\"@type\":\"ImageObject\",\"@id\":\"https:\/\/www.nettali.com\/#personlogo\",\"inLanguage\":\"fr-FR\",\"url\":\"https:\/\/secure.gravatar.com\/avatar\/8d143b5a49345098ddcfee1c49c2f47c?s=96&d=mm&r=g\",\"contentUrl\":\"https:\/\/secure.gravatar.com\/avatar\/8d143b5a49345098ddcfee1c49c2f47c?s=96&d=mm&r=g\",\"caption\":\"Daouda\"},\"sameAs\":[\"https:\/\/www.nettali.com\"]}]}<\/script>\n<!-- \/ Yoast SEO Premium plugin. -->","yoast_head_json":{"title":"\u00a0Le khalife des mourides veut l\u2019autonomie de Touba | Nettali.com","robots":{"index":"index","follow":"follow","max-snippet":"max-snippet:-1","max-image-preview":"max-image-preview:large","max-video-preview":"max-video-preview:-1"},"canonical":"https:\/\/www.nettali.com\/2023\/06\/27\/le-khalife-des-mourides-veut-lautonomie-de-touba\/","og_locale":"fr_FR","og_type":"article","og_title":"\u00a0Le khalife des mourides veut l\u2019autonomie de Touba","og_description":"NETTALI.COM - Les avis les plus contrast\u00e9s animaient hier nuit les d\u00e9bats sur les r\u00e9seaux sociaux, suite \u00e0 la diffusion d\u2019un audio devenu rapidement viral et dans lequel le Khalife g\u00e9n\u00e9ral des mourides a souhait\u00e9 \u201cl\u2019autonomie de la ville de Touba\u201d comme la cit\u00e9 du Vatican l\u2019est en Italie, en citant la particularit\u00e9 de l\u2019\u00c9tat [&hellip;]","og_url":"https:\/\/www.nettali.com\/2023\/06\/27\/le-khalife-des-mourides-veut-lautonomie-de-touba\/","og_site_name":"Nettali.com","article_publisher":"https:\/\/www.facebook.com\/nettalicom","article_published_time":"2023-06-27T11:16:27+00:00","article_modified_time":"2023-06-28T09:35:20+00:00","og_image":[{"width":1280,"height":833,"url":"https:\/\/www.nettali.com\/wp-content\/uploads\/2022\/09\/Macky-Touba3.jpeg","type":"image\/jpeg"}],"twitter_card":"summary_large_image","twitter_misc":{"\u00c9crit par":"Daouda","Dur\u00e9e de lecture estim\u00e9e":"4 minutes"},"schema":{"@context":"https:\/\/schema.org","@graph":[{"@type":"WebSite","@id":"https:\/\/www.nettali.com\/#website","url":"https:\/\/www.nettali.com\/","name":"Nettali.com","description":"Le rendez-vous critique du Net","potentialAction":[{"@type":"SearchAction","target":{"@type":"EntryPoint","urlTemplate":"https:\/\/www.nettali.com\/?s={search_term_string}"},"query-input":"required name=search_term_string"}],"inLanguage":"fr-FR"},{"@type":"ImageObject","@id":"https:\/\/www.nettali.com\/2023\/06\/27\/le-khalife-des-mourides-veut-lautonomie-de-touba\/#primaryimage","inLanguage":"fr-FR","url":"https:\/\/www.nettali.com\/wp-content\/uploads\/2022\/09\/Macky-Touba3.jpeg","contentUrl":"https:\/\/www.nettali.com\/wp-content\/uploads\/2022\/09\/Macky-Touba3.jpeg","width":1280,"height":833},{"@type":"WebPage","@id":"https:\/\/www.nettali.com\/2023\/06\/27\/le-khalife-des-mourides-veut-lautonomie-de-touba\/#webpage","url":"https:\/\/www.nettali.com\/2023\/06\/27\/le-khalife-des-mourides-veut-lautonomie-de-touba\/","name":"\u00a0Le khalife des mourides veut l\u2019autonomie de Touba | Nettali.com","isPartOf":{"@id":"https:\/\/www.nettali.com\/#website"},"primaryImageOfPage":{"@id":"https:\/\/www.nettali.com\/2023\/06\/27\/le-khalife-des-mourides-veut-lautonomie-de-touba\/#primaryimage"},"datePublished":"2023-06-27T11:16:27+00:00","dateModified":"2023-06-28T09:35:20+00:00","author":{"@id":"https:\/\/www.nettali.com\/#\/schema\/person\/3317e0bb3aa1da309fbf7b2780901bf4"},"breadcrumb":{"@id":"https:\/\/www.nettali.com\/2023\/06\/27\/le-khalife-des-mourides-veut-lautonomie-de-touba\/#breadcrumb"},"inLanguage":"fr-FR","potentialAction":[{"@type":"ReadAction","target":["https:\/\/www.nettali.com\/2023\/06\/27\/le-khalife-des-mourides-veut-lautonomie-de-touba\/"]}]},{"@type":"BreadcrumbList","@id":"https:\/\/www.nettali.com\/2023\/06\/27\/le-khalife-des-mourides-veut-lautonomie-de-touba\/#breadcrumb","itemListElement":[{"@type":"ListItem","position":1,"name":"Accueil","item":"https:\/\/www.nettali.com\/"},{"@type":"ListItem","position":2,"name":"\u00a0Le khalife des mourides veut l\u2019autonomie de Touba"}]},{"@type":"Person","@id":"https:\/\/www.nettali.com\/#\/schema\/person\/3317e0bb3aa1da309fbf7b2780901bf4","name":"Daouda","image":{"@type":"ImageObject","@id":"https:\/\/www.nettali.com\/#personlogo","inLanguage":"fr-FR","url":"https:\/\/secure.gravatar.com\/avatar\/8d143b5a49345098ddcfee1c49c2f47c?s=96&d=mm&r=g","contentUrl":"https:\/\/secure.gravatar.com\/avatar\/8d143b5a49345098ddcfee1c49c2f47c?s=96&d=mm&r=g","caption":"Daouda"},"sameAs":["https:\/\/www.nettali.com"]}]}},"_links":{"self":[{"href":"https:\/\/www.nettali.com\/rest\/wp\/v2\/posts\/113011"}],"collection":[{"href":"https:\/\/www.nettali.com\/rest\/wp\/v2\/posts"}],"about":[{"href":"https:\/\/www.nettali.com\/rest\/wp\/v2\/types\/post"}],"author":[{"embeddable":true,"href":"https:\/\/www.nettali.com\/rest\/wp\/v2\/users\/4"}],"replies":[{"embeddable":true,"href":"https:\/\/www.nettali.com\/rest\/wp\/v2\/comments?post=113011"}],"version-history":[{"count":1,"href":"https:\/\/www.nettali.com\/rest\/wp\/v2\/posts\/113011\/revisions"}],"predecessor-version":[{"id":113013,"href":"https:\/\/www.nettali.com\/rest\/wp\/v2\/posts\/113011\/revisions\/113013"}],"wp:featuredmedia":[{"embeddable":true,"href":"https:\/\/www.nettali.com\/rest\/wp\/v2\/media\/93601"}],"wp:attachment":[{"href":"https:\/\/www.nettali.com\/rest\/wp\/v2\/media?parent=113011"}],"wp:term":[{"taxonomy":"category","embeddable":true,"href":"https:\/\/www.nettali.com\/rest\/wp\/v2\/categories?post=113011"},{"taxonomy":"post_tag","embeddable":true,"href":"https:\/\/www.nettali.com\/rest\/wp\/v2\/tags?post=113011"}],"curies":[{"name":"wp","href":"https:\/\/api.w.org\/{rel}","templated":true}]}}