{"id":112922,"date":"2023-06-26T09:25:58","date_gmt":"2023-06-26T09:25:58","guid":{"rendered":"https:\/\/www.nettali.com\/?p=112922"},"modified":"2023-06-26T09:25:58","modified_gmt":"2023-06-26T09:25:58","slug":"en-coulisses-droits-civiques-et-politiques-des-candidats","status":"publish","type":"post","link":"https:\/\/www.nettali.com\/2023\/06\/26\/en-coulisses-droits-civiques-et-politiques-des-candidats\/","title":{"rendered":"EN COULISSES - Droits civiques et politiques des candidats"},"content":{"rendered":"<div class=\"page\" title=\"Page 3\">\n<div class=\"layoutArea\">\n<div class=\"column\">\n<p><strong>NETTALI.COM -<\/strong> Restons sur les points d'accord du dialogue pour dire que le troisie\u0300me point d\u2019accord porte sur la caution. Les parties prenantes se sont mises d\u2019accord sur le mon- tant de la caution qui ne peut exce\u0301- der la somme de 30 millions F CFA pour l'e\u0301lection pre\u0301sidentielle.<\/p>\n<p>Quant au quatrie\u0300me point, il regarde la question des droits civi- ques et politiques des candidats. On y note l\u2019accord sur la modifica- tion de l'article L28-3 du Code e\u0301lec- toral en y ajoutant la mesure de la gra\u0302ce. De ce fait, l'article L28-3 devra e\u0302tre modifie\u0301 ainsi qu'il suit : \u201cAux personnes qui, frappe\u0301es d'in- capacite\u0301 e\u0301lectorale a\u0300 la suite d'une condamnation, be\u0301ne\u0301ficient de la re\u0301habilitation ou font l'objet d'une mesure d'amnistie ou de gra\u0302ce. Pour les personnes be\u0301ne\u0301ficiant d'une mesure de gra\u0302ce, l'inscription sur les listes e\u0301lectorales ne pourra intervenir qu'apre\u0300s l'expiration du de\u0301lai correspondant a\u0300 la dure\u0301e de la peine prononce\u0301e par la juridiction de jugement, s'il s'agit d'une peine d'emprisonnement ou d'une dure\u0301e de trois ans a\u0300 compter de la date de la gra\u0302ce, s'il s'agit d'une condamna- tion a\u0300 une peine d'amende.\u201d<\/p>\n<p>Le point suivant concerne d\u2019ail- leurs la modification de l'article L29 du Code e\u0301lectoral. L\u2019on y rele\u0300ve<\/p>\n<\/div>\n<div class=\"column\">\n<p>l\u2019accord sur la modification de l'arti- cle L29 du Code e\u0301lectoral en y inte\u0301- grant la limitation de l'ine\u0301ligibilite\u0301 permanente. L'article L29 devra e\u0302tre modifie\u0301 ainsi qu'il suit : \u201cCette inter- diction d'inscription sur les listes e\u0301lectorales ne concerne que ceux qui sont condamne\u0301s pour crime, trafic de stupe\u0301fiants et pour les infractions portant sur les deniers publics a\u0300 l'ex- ception des cas pre\u0301vus a\u0300 l'article L28-3 du Code e\u0301lectoral. Pour les autres infractions, cette interdiction est de cinq ans apre\u0300s l'expiration de la dure\u0301e de la peine prononce\u0301e.\u201d<\/p>\n<\/div>\n<\/div>\n<\/div>\n<div class='share-to-whatsapp-wrapper'><div class='share-on-whsp'>PARTAGER SUR : <\/div><a data-text='EN COULISSES - Droits civiques et politiques des candidats' data-link='https:\/\/www.nettali.com\/2023\/06\/26\/en-coulisses-droits-civiques-et-politiques-des-candidats\/' class='whatsapp-button whatsapp-share'>WhatsApp<\/a><div class='clear '><\/div><\/div>","protected":false},"excerpt":{"rendered":"<p>NETTALI.COM - Restons sur les points d'accord du dialogue pour dire que le troisie\u0300me point d\u2019accord porte sur la caution. Les parties prenantes se sont mises d\u2019accord sur le mon- tant de la caution qui ne peut exce\u0301- der la somme de 30 millions F CFA pour l'e\u0301lection pre\u0301sidentielle. Quant au quatrie\u0300me point, il regarde [&hellip;]<\/p>\n","protected":false},"author":2,"featured_media":112933,"comment_status":"open","ping_status":"open","sticky":false,"template":"","format":"standard","meta":{"_et_pb_use_builder":"","_et_pb_old_content":""},"categories":[34945],"tags":[],"yoast_head":"<!-- This site is optimized with the Yoast SEO Premium plugin v17.8 (Yoast SEO v17.8) - https:\/\/yoast.com\/wordpress\/plugins\/seo\/ -->\n<title>EN COULISSES - Droits civiques et politiques des candidats | Nettali.com<\/title>\n<meta name=\"robots\" content=\"index, follow, max-snippet:-1, max-image-preview:large, max-video-preview:-1\" \/>\n<link rel=\"canonical\" href=\"https:\/\/www.nettali.com\/2023\/06\/26\/en-coulisses-droits-civiques-et-politiques-des-candidats\/\" \/>\n<meta property=\"og:locale\" content=\"fr_FR\" \/>\n<meta property=\"og:type\" content=\"article\" \/>\n<meta property=\"og:title\" content=\"EN COULISSES - Droits civiques et politiques des candidats\" \/>\n<meta property=\"og:description\" content=\"NETTALI.COM - Restons sur les points d&#039;accord du dialogue pour dire que le troisie\u0300me point d\u2019accord porte sur la caution. Les parties prenantes se sont mises d\u2019accord sur le mon- tant de la caution qui ne peut exce\u0301- der la somme de 30 millions F CFA pour l&#039;e\u0301lection pre\u0301sidentielle. Quant au quatrie\u0300me point, il regarde [&hellip;]\" \/>\n<meta property=\"og:url\" content=\"https:\/\/www.nettali.com\/2023\/06\/26\/en-coulisses-droits-civiques-et-politiques-des-candidats\/\" \/>\n<meta property=\"og:site_name\" content=\"Nettali.com\" \/>\n<meta property=\"article:publisher\" content=\"https:\/\/www.facebook.com\/nettalicom\" \/>\n<meta property=\"article:published_time\" content=\"2023-06-26T09:25:58+00:00\" \/>\n<meta property=\"og:image\" content=\"https:\/\/www.nettali.com\/wp-content\/uploads\/2023\/06\/senegal-dialogue-national.jpg\" \/>\n\t<meta property=\"og:image:width\" content=\"1024\" \/>\n\t<meta property=\"og:image:height\" content=\"576\" \/>\n<meta name=\"twitter:card\" content=\"summary_large_image\" \/>\n<meta name=\"twitter:label1\" content=\"\u00c9crit par\" \/>\n\t<meta name=\"twitter:data1\" content=\"CK\" \/>\n\t<meta name=\"twitter:label2\" content=\"Dur\u00e9e de lecture estim\u00e9e\" \/>\n\t<meta name=\"twitter:data2\" content=\"2 minutes\" \/>\n<script type=\"application\/ld+json\" class=\"yoast-schema-graph\">{\"@context\":\"https:\/\/schema.org\",\"@graph\":[{\"@type\":\"WebSite\",\"@id\":\"https:\/\/www.nettali.com\/#website\",\"url\":\"https:\/\/www.nettali.com\/\",\"name\":\"Nettali.com\",\"description\":\"Le rendez-vous critique du Net\",\"potentialAction\":[{\"@type\":\"SearchAction\",\"target\":{\"@type\":\"EntryPoint\",\"urlTemplate\":\"https:\/\/www.nettali.com\/?s={search_term_string}\"},\"query-input\":\"required name=search_term_string\"}],\"inLanguage\":\"fr-FR\"},{\"@type\":\"ImageObject\",\"@id\":\"https:\/\/www.nettali.com\/2023\/06\/26\/en-coulisses-droits-civiques-et-politiques-des-candidats\/#primaryimage\",\"inLanguage\":\"fr-FR\",\"url\":\"https:\/\/www.nettali.com\/wp-content\/uploads\/2023\/06\/senegal-dialogue-national.jpg\",\"contentUrl\":\"https:\/\/www.nettali.com\/wp-content\/uploads\/2023\/06\/senegal-dialogue-national.jpg\",\"width\":1024,\"height\":576},{\"@type\":\"WebPage\",\"@id\":\"https:\/\/www.nettali.com\/2023\/06\/26\/en-coulisses-droits-civiques-et-politiques-des-candidats\/#webpage\",\"url\":\"https:\/\/www.nettali.com\/2023\/06\/26\/en-coulisses-droits-civiques-et-politiques-des-candidats\/\",\"name\":\"EN COULISSES - Droits civiques et politiques des candidats | Nettali.com\",\"isPartOf\":{\"@id\":\"https:\/\/www.nettali.com\/#website\"},\"primaryImageOfPage\":{\"@id\":\"https:\/\/www.nettali.com\/2023\/06\/26\/en-coulisses-droits-civiques-et-politiques-des-candidats\/#primaryimage\"},\"datePublished\":\"2023-06-26T09:25:58+00:00\",\"dateModified\":\"2023-06-26T09:25:58+00:00\",\"author\":{\"@id\":\"https:\/\/www.nettali.com\/#\/schema\/person\/d8ac7b7e27ddad43f1c0d2ef090d7f71\"},\"breadcrumb\":{\"@id\":\"https:\/\/www.nettali.com\/2023\/06\/26\/en-coulisses-droits-civiques-et-politiques-des-candidats\/#breadcrumb\"},\"inLanguage\":\"fr-FR\",\"potentialAction\":[{\"@type\":\"ReadAction\",\"target\":[\"https:\/\/www.nettali.com\/2023\/06\/26\/en-coulisses-droits-civiques-et-politiques-des-candidats\/\"]}]},{\"@type\":\"BreadcrumbList\",\"@id\":\"https:\/\/www.nettali.com\/2023\/06\/26\/en-coulisses-droits-civiques-et-politiques-des-candidats\/#breadcrumb\",\"itemListElement\":[{\"@type\":\"ListItem\",\"position\":1,\"name\":\"Accueil\",\"item\":\"https:\/\/www.nettali.com\/\"},{\"@type\":\"ListItem\",\"position\":2,\"name\":\"EN COULISSES - Droits civiques et politiques des candidats\"}]},{\"@type\":\"Person\",\"@id\":\"https:\/\/www.nettali.com\/#\/schema\/person\/d8ac7b7e27ddad43f1c0d2ef090d7f71\",\"name\":\"CK\",\"image\":{\"@type\":\"ImageObject\",\"@id\":\"https:\/\/www.nettali.com\/#personlogo\",\"inLanguage\":\"fr-FR\",\"url\":\"https:\/\/secure.gravatar.com\/avatar\/1d8d5118b9327d94da7cd4ce7f17fec2?s=96&d=mm&r=g\",\"contentUrl\":\"https:\/\/secure.gravatar.com\/avatar\/1d8d5118b9327d94da7cd4ce7f17fec2?s=96&d=mm&r=g\",\"caption\":\"CK\"},\"sameAs\":[\"https:\/\/www.nettali.com\"]}]}<\/script>\n<!-- \/ Yoast SEO Premium plugin. -->","yoast_head_json":{"title":"EN COULISSES - Droits civiques et politiques des candidats | Nettali.com","robots":{"index":"index","follow":"follow","max-snippet":"max-snippet:-1","max-image-preview":"max-image-preview:large","max-video-preview":"max-video-preview:-1"},"canonical":"https:\/\/www.nettali.com\/2023\/06\/26\/en-coulisses-droits-civiques-et-politiques-des-candidats\/","og_locale":"fr_FR","og_type":"article","og_title":"EN COULISSES - Droits civiques et politiques des candidats","og_description":"NETTALI.COM - Restons sur les points d'accord du dialogue pour dire que le troisie\u0300me point d\u2019accord porte sur la caution. Les parties prenantes se sont mises d\u2019accord sur le mon- tant de la caution qui ne peut exce\u0301- der la somme de 30 millions F CFA pour l'e\u0301lection pre\u0301sidentielle. Quant au quatrie\u0300me point, il regarde [&hellip;]","og_url":"https:\/\/www.nettali.com\/2023\/06\/26\/en-coulisses-droits-civiques-et-politiques-des-candidats\/","og_site_name":"Nettali.com","article_publisher":"https:\/\/www.facebook.com\/nettalicom","article_published_time":"2023-06-26T09:25:58+00:00","og_image":[{"width":1024,"height":576,"url":"https:\/\/www.nettali.com\/wp-content\/uploads\/2023\/06\/senegal-dialogue-national.jpg","type":"image\/jpeg"}],"twitter_card":"summary_large_image","twitter_misc":{"\u00c9crit par":"CK","Dur\u00e9e de lecture estim\u00e9e":"2 minutes"},"schema":{"@context":"https:\/\/schema.org","@graph":[{"@type":"WebSite","@id":"https:\/\/www.nettali.com\/#website","url":"https:\/\/www.nettali.com\/","name":"Nettali.com","description":"Le rendez-vous critique du Net","potentialAction":[{"@type":"SearchAction","target":{"@type":"EntryPoint","urlTemplate":"https:\/\/www.nettali.com\/?s={search_term_string}"},"query-input":"required name=search_term_string"}],"inLanguage":"fr-FR"},{"@type":"ImageObject","@id":"https:\/\/www.nettali.com\/2023\/06\/26\/en-coulisses-droits-civiques-et-politiques-des-candidats\/#primaryimage","inLanguage":"fr-FR","url":"https:\/\/www.nettali.com\/wp-content\/uploads\/2023\/06\/senegal-dialogue-national.jpg","contentUrl":"https:\/\/www.nettali.com\/wp-content\/uploads\/2023\/06\/senegal-dialogue-national.jpg","width":1024,"height":576},{"@type":"WebPage","@id":"https:\/\/www.nettali.com\/2023\/06\/26\/en-coulisses-droits-civiques-et-politiques-des-candidats\/#webpage","url":"https:\/\/www.nettali.com\/2023\/06\/26\/en-coulisses-droits-civiques-et-politiques-des-candidats\/","name":"EN COULISSES - Droits civiques et politiques des candidats | Nettali.com","isPartOf":{"@id":"https:\/\/www.nettali.com\/#website"},"primaryImageOfPage":{"@id":"https:\/\/www.nettali.com\/2023\/06\/26\/en-coulisses-droits-civiques-et-politiques-des-candidats\/#primaryimage"},"datePublished":"2023-06-26T09:25:58+00:00","dateModified":"2023-06-26T09:25:58+00:00","author":{"@id":"https:\/\/www.nettali.com\/#\/schema\/person\/d8ac7b7e27ddad43f1c0d2ef090d7f71"},"breadcrumb":{"@id":"https:\/\/www.nettali.com\/2023\/06\/26\/en-coulisses-droits-civiques-et-politiques-des-candidats\/#breadcrumb"},"inLanguage":"fr-FR","potentialAction":[{"@type":"ReadAction","target":["https:\/\/www.nettali.com\/2023\/06\/26\/en-coulisses-droits-civiques-et-politiques-des-candidats\/"]}]},{"@type":"BreadcrumbList","@id":"https:\/\/www.nettali.com\/2023\/06\/26\/en-coulisses-droits-civiques-et-politiques-des-candidats\/#breadcrumb","itemListElement":[{"@type":"ListItem","position":1,"name":"Accueil","item":"https:\/\/www.nettali.com\/"},{"@type":"ListItem","position":2,"name":"EN COULISSES - Droits civiques et politiques des candidats"}]},{"@type":"Person","@id":"https:\/\/www.nettali.com\/#\/schema\/person\/d8ac7b7e27ddad43f1c0d2ef090d7f71","name":"CK","image":{"@type":"ImageObject","@id":"https:\/\/www.nettali.com\/#personlogo","inLanguage":"fr-FR","url":"https:\/\/secure.gravatar.com\/avatar\/1d8d5118b9327d94da7cd4ce7f17fec2?s=96&d=mm&r=g","contentUrl":"https:\/\/secure.gravatar.com\/avatar\/1d8d5118b9327d94da7cd4ce7f17fec2?s=96&d=mm&r=g","caption":"CK"},"sameAs":["https:\/\/www.nettali.com"]}]}},"_links":{"self":[{"href":"https:\/\/www.nettali.com\/rest\/wp\/v2\/posts\/112922"}],"collection":[{"href":"https:\/\/www.nettali.com\/rest\/wp\/v2\/posts"}],"about":[{"href":"https:\/\/www.nettali.com\/rest\/wp\/v2\/types\/post"}],"author":[{"embeddable":true,"href":"https:\/\/www.nettali.com\/rest\/wp\/v2\/users\/2"}],"replies":[{"embeddable":true,"href":"https:\/\/www.nettali.com\/rest\/wp\/v2\/comments?post=112922"}],"version-history":[{"count":1,"href":"https:\/\/www.nettali.com\/rest\/wp\/v2\/posts\/112922\/revisions"}],"predecessor-version":[{"id":112923,"href":"https:\/\/www.nettali.com\/rest\/wp\/v2\/posts\/112922\/revisions\/112923"}],"wp:featuredmedia":[{"embeddable":true,"href":"https:\/\/www.nettali.com\/rest\/wp\/v2\/media\/112933"}],"wp:attachment":[{"href":"https:\/\/www.nettali.com\/rest\/wp\/v2\/media?parent=112922"}],"wp:term":[{"taxonomy":"category","embeddable":true,"href":"https:\/\/www.nettali.com\/rest\/wp\/v2\/categories?post=112922"},{"taxonomy":"post_tag","embeddable":true,"href":"https:\/\/www.nettali.com\/rest\/wp\/v2\/tags?post=112922"}],"curies":[{"name":"wp","href":"https:\/\/api.w.org\/{rel}","templated":true}]}}