{"id":112914,"date":"2023-06-26T09:16:28","date_gmt":"2023-06-26T09:16:28","guid":{"rendered":"https:\/\/www.nettali.com\/?p=112914"},"modified":"2023-06-26T09:16:28","modified_gmt":"2023-06-26T09:16:28","slug":"en-coulisses-les-leaders-politiques-gazes","status":"publish","type":"post","link":"https:\/\/www.nettali.com\/2023\/06\/26\/en-coulisses-les-leaders-politiques-gazes\/","title":{"rendered":"EN COULISSES - Les leaders politiques gaz\u00e9s"},"content":{"rendered":"<div class=\"page\" title=\"Page 3\">\n<div class=\"section\">\n<div class=\"layoutArea\">\n<div class=\"column\">\n<p><strong>NETTALI.COM -<\/strong> Pour rester sur cette entreprise de lev\u00e9e du blocus du domicile d'Ousmane Sonko, soulignons que cela a \u00e9t\u00e9 le sauve-qui-peut chez les leaders politiques pr\u00e9sents et accompagne\u0301s de leurs gardes du corps, apr\u00e8s qu'ils ont \u00e9t\u00e9 gaz\u00e9s sans m\u00e9nagement apr\u00e8s quelques explications qui n'ont nullement attendri les forces de l'ordre.<\/p>\n<p>Chacun des leaders est ainsi alle\u0301 tranquillement prendre sa voiture, avant de quitter les lieux et rentrer chez lui sans faire de de\u0301claration.<\/p>\n<\/div>\n<div class=\"column\">\n<p>Quelques minutes apre\u0300s, via sa page Facebook, De\u0301thie\u0301 Fall a fait un communique\u0301 pour expliquer ce qui s'est passe\u0301. \"<em>Chers compatriotes, comme d\u2019habitude, ils (les hommes de tenue) nous ont gaze\u0301s pour nous empe\u0302cher de rendre visite au pre\u0301sident Ousmane Sonko membre de Yewwi Askan Wi. C\u2019est tre\u0300s de\u0301plorable pour notre pays, jadis connu et respecte\u0301 pour sa de\u0301mocratie et les liberte\u0301s, aujourd\u2019hui pie\u0301tine\u0301es par le re\u0301gime de Macky Sall<\/em>\", a tonne\u0301 le pre\u0301sident du PRP.<\/p>\n<\/div>\n<\/div>\n<\/div>\n<\/div>\n<div class='share-to-whatsapp-wrapper'><div class='share-on-whsp'>PARTAGER SUR : <\/div><a data-text='EN COULISSES - Les leaders politiques gaz\u00e9s' data-link='https:\/\/www.nettali.com\/2023\/06\/26\/en-coulisses-les-leaders-politiques-gazes\/' class='whatsapp-button whatsapp-share'>WhatsApp<\/a><div class='clear '><\/div><\/div>","protected":false},"excerpt":{"rendered":"<p>NETTALI.COM - Pour rester sur cette entreprise de lev\u00e9e du blocus du domicile d'Ousmane Sonko, soulignons que cela a \u00e9t\u00e9 le sauve-qui-peut chez les leaders politiques pr\u00e9sents et accompagne\u0301s de leurs gardes du corps, apr\u00e8s qu'ils ont \u00e9t\u00e9 gaz\u00e9s sans m\u00e9nagement apr\u00e8s quelques explications qui n'ont nullement attendri les forces de l'ordre. Chacun des leaders [&hellip;]<\/p>\n","protected":false},"author":2,"featured_media":112891,"comment_status":"open","ping_status":"open","sticky":false,"template":"","format":"standard","meta":{"_et_pb_use_builder":"","_et_pb_old_content":""},"categories":[34945],"tags":[],"yoast_head":"<!-- This site is optimized with the Yoast SEO Premium plugin v17.8 (Yoast SEO v17.8) - https:\/\/yoast.com\/wordpress\/plugins\/seo\/ -->\n<title>EN COULISSES - Les leaders politiques gaz\u00e9s | Nettali.com<\/title>\n<meta name=\"robots\" content=\"index, follow, max-snippet:-1, max-image-preview:large, max-video-preview:-1\" \/>\n<link rel=\"canonical\" href=\"https:\/\/www.nettali.com\/2023\/06\/26\/en-coulisses-les-leaders-politiques-gazes\/\" \/>\n<meta property=\"og:locale\" content=\"fr_FR\" \/>\n<meta property=\"og:type\" content=\"article\" \/>\n<meta property=\"og:title\" content=\"EN COULISSES - Les leaders politiques gaz\u00e9s\" \/>\n<meta property=\"og:description\" content=\"NETTALI.COM - Pour rester sur cette entreprise de lev\u00e9e du blocus du domicile d&#039;Ousmane Sonko, soulignons que cela a \u00e9t\u00e9 le sauve-qui-peut chez les leaders politiques pr\u00e9sents et accompagne\u0301s de leurs gardes du corps, apr\u00e8s qu&#039;ils ont \u00e9t\u00e9 gaz\u00e9s sans m\u00e9nagement apr\u00e8s quelques explications qui n&#039;ont nullement attendri les forces de l&#039;ordre. Chacun des leaders [&hellip;]\" \/>\n<meta property=\"og:url\" content=\"https:\/\/www.nettali.com\/2023\/06\/26\/en-coulisses-les-leaders-politiques-gazes\/\" \/>\n<meta property=\"og:site_name\" content=\"Nettali.com\" \/>\n<meta property=\"article:publisher\" content=\"https:\/\/www.facebook.com\/nettalicom\" \/>\n<meta property=\"article:published_time\" content=\"2023-06-26T09:16:28+00:00\" \/>\n<meta property=\"og:image\" content=\"https:\/\/www.nettali.com\/wp-content\/uploads\/2023\/06\/dethie-fall.png\" \/>\n\t<meta property=\"og:image:width\" content=\"1574\" \/>\n\t<meta property=\"og:image:height\" content=\"794\" \/>\n<meta name=\"twitter:card\" content=\"summary_large_image\" \/>\n<meta name=\"twitter:label1\" content=\"\u00c9crit par\" \/>\n\t<meta name=\"twitter:data1\" content=\"CK\" \/>\n\t<meta name=\"twitter:label2\" content=\"Dur\u00e9e de lecture estim\u00e9e\" \/>\n\t<meta name=\"twitter:data2\" content=\"1 minute\" \/>\n<script type=\"application\/ld+json\" class=\"yoast-schema-graph\">{\"@context\":\"https:\/\/schema.org\",\"@graph\":[{\"@type\":\"WebSite\",\"@id\":\"https:\/\/www.nettali.com\/#website\",\"url\":\"https:\/\/www.nettali.com\/\",\"name\":\"Nettali.com\",\"description\":\"Le rendez-vous critique du Net\",\"potentialAction\":[{\"@type\":\"SearchAction\",\"target\":{\"@type\":\"EntryPoint\",\"urlTemplate\":\"https:\/\/www.nettali.com\/?s={search_term_string}\"},\"query-input\":\"required name=search_term_string\"}],\"inLanguage\":\"fr-FR\"},{\"@type\":\"ImageObject\",\"@id\":\"https:\/\/www.nettali.com\/2023\/06\/26\/en-coulisses-les-leaders-politiques-gazes\/#primaryimage\",\"inLanguage\":\"fr-FR\",\"url\":\"https:\/\/www.nettali.com\/wp-content\/uploads\/2023\/06\/dethie-fall.png\",\"contentUrl\":\"https:\/\/www.nettali.com\/wp-content\/uploads\/2023\/06\/dethie-fall.png\",\"width\":1574,\"height\":794},{\"@type\":\"WebPage\",\"@id\":\"https:\/\/www.nettali.com\/2023\/06\/26\/en-coulisses-les-leaders-politiques-gazes\/#webpage\",\"url\":\"https:\/\/www.nettali.com\/2023\/06\/26\/en-coulisses-les-leaders-politiques-gazes\/\",\"name\":\"EN COULISSES - Les leaders politiques gaz\\u00e9s | Nettali.com\",\"isPartOf\":{\"@id\":\"https:\/\/www.nettali.com\/#website\"},\"primaryImageOfPage\":{\"@id\":\"https:\/\/www.nettali.com\/2023\/06\/26\/en-coulisses-les-leaders-politiques-gazes\/#primaryimage\"},\"datePublished\":\"2023-06-26T09:16:28+00:00\",\"dateModified\":\"2023-06-26T09:16:28+00:00\",\"author\":{\"@id\":\"https:\/\/www.nettali.com\/#\/schema\/person\/d8ac7b7e27ddad43f1c0d2ef090d7f71\"},\"breadcrumb\":{\"@id\":\"https:\/\/www.nettali.com\/2023\/06\/26\/en-coulisses-les-leaders-politiques-gazes\/#breadcrumb\"},\"inLanguage\":\"fr-FR\",\"potentialAction\":[{\"@type\":\"ReadAction\",\"target\":[\"https:\/\/www.nettali.com\/2023\/06\/26\/en-coulisses-les-leaders-politiques-gazes\/\"]}]},{\"@type\":\"BreadcrumbList\",\"@id\":\"https:\/\/www.nettali.com\/2023\/06\/26\/en-coulisses-les-leaders-politiques-gazes\/#breadcrumb\",\"itemListElement\":[{\"@type\":\"ListItem\",\"position\":1,\"name\":\"Accueil\",\"item\":\"https:\/\/www.nettali.com\/\"},{\"@type\":\"ListItem\",\"position\":2,\"name\":\"EN COULISSES - Les leaders politiques gaz\\u00e9s\"}]},{\"@type\":\"Person\",\"@id\":\"https:\/\/www.nettali.com\/#\/schema\/person\/d8ac7b7e27ddad43f1c0d2ef090d7f71\",\"name\":\"CK\",\"image\":{\"@type\":\"ImageObject\",\"@id\":\"https:\/\/www.nettali.com\/#personlogo\",\"inLanguage\":\"fr-FR\",\"url\":\"https:\/\/secure.gravatar.com\/avatar\/1d8d5118b9327d94da7cd4ce7f17fec2?s=96&d=mm&r=g\",\"contentUrl\":\"https:\/\/secure.gravatar.com\/avatar\/1d8d5118b9327d94da7cd4ce7f17fec2?s=96&d=mm&r=g\",\"caption\":\"CK\"},\"sameAs\":[\"https:\/\/www.nettali.com\"]}]}<\/script>\n<!-- \/ Yoast SEO Premium plugin. -->","yoast_head_json":{"title":"EN COULISSES - Les leaders politiques gaz\u00e9s | Nettali.com","robots":{"index":"index","follow":"follow","max-snippet":"max-snippet:-1","max-image-preview":"max-image-preview:large","max-video-preview":"max-video-preview:-1"},"canonical":"https:\/\/www.nettali.com\/2023\/06\/26\/en-coulisses-les-leaders-politiques-gazes\/","og_locale":"fr_FR","og_type":"article","og_title":"EN COULISSES - Les leaders politiques gaz\u00e9s","og_description":"NETTALI.COM - Pour rester sur cette entreprise de lev\u00e9e du blocus du domicile d'Ousmane Sonko, soulignons que cela a \u00e9t\u00e9 le sauve-qui-peut chez les leaders politiques pr\u00e9sents et accompagne\u0301s de leurs gardes du corps, apr\u00e8s qu'ils ont \u00e9t\u00e9 gaz\u00e9s sans m\u00e9nagement apr\u00e8s quelques explications qui n'ont nullement attendri les forces de l'ordre. Chacun des leaders [&hellip;]","og_url":"https:\/\/www.nettali.com\/2023\/06\/26\/en-coulisses-les-leaders-politiques-gazes\/","og_site_name":"Nettali.com","article_publisher":"https:\/\/www.facebook.com\/nettalicom","article_published_time":"2023-06-26T09:16:28+00:00","og_image":[{"width":1574,"height":794,"url":"https:\/\/www.nettali.com\/wp-content\/uploads\/2023\/06\/dethie-fall.png","type":"image\/png"}],"twitter_card":"summary_large_image","twitter_misc":{"\u00c9crit par":"CK","Dur\u00e9e de lecture estim\u00e9e":"1 minute"},"schema":{"@context":"https:\/\/schema.org","@graph":[{"@type":"WebSite","@id":"https:\/\/www.nettali.com\/#website","url":"https:\/\/www.nettali.com\/","name":"Nettali.com","description":"Le rendez-vous critique du Net","potentialAction":[{"@type":"SearchAction","target":{"@type":"EntryPoint","urlTemplate":"https:\/\/www.nettali.com\/?s={search_term_string}"},"query-input":"required name=search_term_string"}],"inLanguage":"fr-FR"},{"@type":"ImageObject","@id":"https:\/\/www.nettali.com\/2023\/06\/26\/en-coulisses-les-leaders-politiques-gazes\/#primaryimage","inLanguage":"fr-FR","url":"https:\/\/www.nettali.com\/wp-content\/uploads\/2023\/06\/dethie-fall.png","contentUrl":"https:\/\/www.nettali.com\/wp-content\/uploads\/2023\/06\/dethie-fall.png","width":1574,"height":794},{"@type":"WebPage","@id":"https:\/\/www.nettali.com\/2023\/06\/26\/en-coulisses-les-leaders-politiques-gazes\/#webpage","url":"https:\/\/www.nettali.com\/2023\/06\/26\/en-coulisses-les-leaders-politiques-gazes\/","name":"EN COULISSES - Les leaders politiques gaz\u00e9s | Nettali.com","isPartOf":{"@id":"https:\/\/www.nettali.com\/#website"},"primaryImageOfPage":{"@id":"https:\/\/www.nettali.com\/2023\/06\/26\/en-coulisses-les-leaders-politiques-gazes\/#primaryimage"},"datePublished":"2023-06-26T09:16:28+00:00","dateModified":"2023-06-26T09:16:28+00:00","author":{"@id":"https:\/\/www.nettali.com\/#\/schema\/person\/d8ac7b7e27ddad43f1c0d2ef090d7f71"},"breadcrumb":{"@id":"https:\/\/www.nettali.com\/2023\/06\/26\/en-coulisses-les-leaders-politiques-gazes\/#breadcrumb"},"inLanguage":"fr-FR","potentialAction":[{"@type":"ReadAction","target":["https:\/\/www.nettali.com\/2023\/06\/26\/en-coulisses-les-leaders-politiques-gazes\/"]}]},{"@type":"BreadcrumbList","@id":"https:\/\/www.nettali.com\/2023\/06\/26\/en-coulisses-les-leaders-politiques-gazes\/#breadcrumb","itemListElement":[{"@type":"ListItem","position":1,"name":"Accueil","item":"https:\/\/www.nettali.com\/"},{"@type":"ListItem","position":2,"name":"EN COULISSES - Les leaders politiques gaz\u00e9s"}]},{"@type":"Person","@id":"https:\/\/www.nettali.com\/#\/schema\/person\/d8ac7b7e27ddad43f1c0d2ef090d7f71","name":"CK","image":{"@type":"ImageObject","@id":"https:\/\/www.nettali.com\/#personlogo","inLanguage":"fr-FR","url":"https:\/\/secure.gravatar.com\/avatar\/1d8d5118b9327d94da7cd4ce7f17fec2?s=96&d=mm&r=g","contentUrl":"https:\/\/secure.gravatar.com\/avatar\/1d8d5118b9327d94da7cd4ce7f17fec2?s=96&d=mm&r=g","caption":"CK"},"sameAs":["https:\/\/www.nettali.com"]}]}},"_links":{"self":[{"href":"https:\/\/www.nettali.com\/rest\/wp\/v2\/posts\/112914"}],"collection":[{"href":"https:\/\/www.nettali.com\/rest\/wp\/v2\/posts"}],"about":[{"href":"https:\/\/www.nettali.com\/rest\/wp\/v2\/types\/post"}],"author":[{"embeddable":true,"href":"https:\/\/www.nettali.com\/rest\/wp\/v2\/users\/2"}],"replies":[{"embeddable":true,"href":"https:\/\/www.nettali.com\/rest\/wp\/v2\/comments?post=112914"}],"version-history":[{"count":1,"href":"https:\/\/www.nettali.com\/rest\/wp\/v2\/posts\/112914\/revisions"}],"predecessor-version":[{"id":112915,"href":"https:\/\/www.nettali.com\/rest\/wp\/v2\/posts\/112914\/revisions\/112915"}],"wp:featuredmedia":[{"embeddable":true,"href":"https:\/\/www.nettali.com\/rest\/wp\/v2\/media\/112891"}],"wp:attachment":[{"href":"https:\/\/www.nettali.com\/rest\/wp\/v2\/media?parent=112914"}],"wp:term":[{"taxonomy":"category","embeddable":true,"href":"https:\/\/www.nettali.com\/rest\/wp\/v2\/categories?post=112914"},{"taxonomy":"post_tag","embeddable":true,"href":"https:\/\/www.nettali.com\/rest\/wp\/v2\/tags?post=112914"}],"curies":[{"name":"wp","href":"https:\/\/api.w.org\/{rel}","templated":true}]}}