{"id":112878,"date":"2023-06-25T18:29:10","date_gmt":"2023-06-25T18:29:10","guid":{"rendered":"https:\/\/www.nettali.com\/?p=112878"},"modified":"2023-06-25T18:29:10","modified_gmt":"2023-06-25T18:29:10","slug":"officiel-kalidou-koulibaly-rejoint-al-hilal","status":"publish","type":"post","link":"https:\/\/www.nettali.com\/2023\/06\/25\/officiel-kalidou-koulibaly-rejoint-al-hilal\/","title":{"rendered":"OFFICIEL - Kalidou Koulibaly rejoint Al Hilal"},"content":{"rendered":"<p><strong>NETTALI.COM - C'\u00e9tait dans l'air, c'est d\u00e9sormais officiel. Kalidou Koulibaly s'est engag\u00e9 ce dimanche 25 juin avec Al Hilal. Le d\u00e9fenseur s\u00e9n\u00e9galais de 32 ans va d\u00e9couvrir le championnat saoudien pour les trois prochaines saisons.<\/strong><\/p>\n<p>Apr\u00e8s un bref passage \u00e0 Chelsea, Kalidou Koulibaly est devenu un nouveau joueur d'Al-Hilal en Arabie Saoudite. Arriv\u00e9 \u00e0 Riyadh dans la nuit de vendredi \u00e0 samedi, Koulibaly a pass\u00e9 avec succ\u00e8s sa visite m\u00e9dicale samedi avant de signer ce dimanche un bail de trois ans avec le club de D1 saoudienne.<\/p>\n<p>Arriv\u00e9 \u00e0 Chelsea l\u2019\u00e9t\u00e9 dernier en provenance de Naples, Kalidou Koulibaly, 32 ans, n'a pas fait long feu dans le club londonien. Le d\u00e9fenseur central, r\u00e9put\u00e9 pour ses qualit\u00e9s techniques et sa force physique, vient d'ouvrir une nouvelle phase de sa carri\u00e8re professionnelle.<\/p>\n<p>En effet, l\u2019international s\u00e9n\u00e9galais de 32 asn (71 s\u00e9lections et 1 but) va toucher salaire annuel de 25 millions d'euros et portera le dossard num\u00e9ro 3 comme en \u00e9quipe nationale.<\/p>\n<div class='share-to-whatsapp-wrapper'><div class='share-on-whsp'>PARTAGER SUR : <\/div><a data-text='OFFICIEL - Kalidou Koulibaly rejoint Al Hilal' data-link='https:\/\/www.nettali.com\/2023\/06\/25\/officiel-kalidou-koulibaly-rejoint-al-hilal\/' class='whatsapp-button whatsapp-share'>WhatsApp<\/a><div class='clear '><\/div><\/div>","protected":false},"excerpt":{"rendered":"<p>NETTALI.COM - C'\u00e9tait dans l'air, c'est d\u00e9sormais officiel. Kalidou Koulibaly s'est engag\u00e9 ce dimanche 25 juin avec Al Hilal. Le d\u00e9fenseur s\u00e9n\u00e9galais de 32 ans va d\u00e9couvrir le championnat saoudien pour les trois prochaines saisons. Apr\u00e8s un bref passage \u00e0 Chelsea, Kalidou Koulibaly est devenu un nouveau joueur d'Al-Hilal en Arabie Saoudite. Arriv\u00e9 \u00e0 Riyadh [&hellip;]<\/p>\n","protected":false},"author":5,"featured_media":112879,"comment_status":"open","ping_status":"open","sticky":false,"template":"","format":"standard","meta":{"_et_pb_use_builder":"","_et_pb_old_content":""},"categories":[6],"tags":[],"yoast_head":"<!-- This site is optimized with the Yoast SEO Premium plugin v17.8 (Yoast SEO v17.8) - https:\/\/yoast.com\/wordpress\/plugins\/seo\/ -->\n<title>OFFICIEL - Kalidou Koulibaly rejoint Al Hilal | Nettali.com<\/title>\n<meta name=\"robots\" content=\"index, follow, max-snippet:-1, max-image-preview:large, max-video-preview:-1\" \/>\n<link rel=\"canonical\" href=\"https:\/\/www.nettali.com\/2023\/06\/25\/officiel-kalidou-koulibaly-rejoint-al-hilal\/\" \/>\n<meta property=\"og:locale\" content=\"fr_FR\" \/>\n<meta property=\"og:type\" content=\"article\" \/>\n<meta property=\"og:title\" content=\"OFFICIEL - Kalidou Koulibaly rejoint Al Hilal\" \/>\n<meta property=\"og:description\" content=\"NETTALI.COM - C&#039;\u00e9tait dans l&#039;air, c&#039;est d\u00e9sormais officiel. Kalidou Koulibaly s&#039;est engag\u00e9 ce dimanche 25 juin avec Al Hilal. Le d\u00e9fenseur s\u00e9n\u00e9galais de 32 ans va d\u00e9couvrir le championnat saoudien pour les trois prochaines saisons. Apr\u00e8s un bref passage \u00e0 Chelsea, Kalidou Koulibaly est devenu un nouveau joueur d&#039;Al-Hilal en Arabie Saoudite. Arriv\u00e9 \u00e0 Riyadh [&hellip;]\" \/>\n<meta property=\"og:url\" content=\"https:\/\/www.nettali.com\/2023\/06\/25\/officiel-kalidou-koulibaly-rejoint-al-hilal\/\" \/>\n<meta property=\"og:site_name\" content=\"Nettali.com\" \/>\n<meta property=\"article:publisher\" content=\"https:\/\/www.facebook.com\/nettalicom\" \/>\n<meta property=\"article:published_time\" content=\"2023-06-25T18:29:10+00:00\" \/>\n<meta property=\"og:image\" content=\"https:\/\/www.nettali.com\/wp-content\/uploads\/2023\/06\/356536250_1742437176174118_6786949464598591636_n.jpg\" \/>\n\t<meta property=\"og:image:width\" content=\"2048\" \/>\n\t<meta property=\"og:image:height\" content=\"1152\" \/>\n<meta name=\"twitter:card\" content=\"summary_large_image\" \/>\n<meta name=\"twitter:label1\" content=\"\u00c9crit par\" \/>\n\t<meta name=\"twitter:data1\" content=\"Ibrahima\" \/>\n\t<meta name=\"twitter:label2\" content=\"Dur\u00e9e de lecture estim\u00e9e\" \/>\n\t<meta name=\"twitter:data2\" content=\"1 minute\" \/>\n<script type=\"application\/ld+json\" class=\"yoast-schema-graph\">{\"@context\":\"https:\/\/schema.org\",\"@graph\":[{\"@type\":\"WebSite\",\"@id\":\"https:\/\/www.nettali.com\/#website\",\"url\":\"https:\/\/www.nettali.com\/\",\"name\":\"Nettali.com\",\"description\":\"Le rendez-vous critique du Net\",\"potentialAction\":[{\"@type\":\"SearchAction\",\"target\":{\"@type\":\"EntryPoint\",\"urlTemplate\":\"https:\/\/www.nettali.com\/?s={search_term_string}\"},\"query-input\":\"required name=search_term_string\"}],\"inLanguage\":\"fr-FR\"},{\"@type\":\"ImageObject\",\"@id\":\"https:\/\/www.nettali.com\/2023\/06\/25\/officiel-kalidou-koulibaly-rejoint-al-hilal\/#primaryimage\",\"inLanguage\":\"fr-FR\",\"url\":\"https:\/\/www.nettali.com\/wp-content\/uploads\/2023\/06\/356536250_1742437176174118_6786949464598591636_n.jpg\",\"contentUrl\":\"https:\/\/www.nettali.com\/wp-content\/uploads\/2023\/06\/356536250_1742437176174118_6786949464598591636_n.jpg\",\"width\":2048,\"height\":1152},{\"@type\":\"WebPage\",\"@id\":\"https:\/\/www.nettali.com\/2023\/06\/25\/officiel-kalidou-koulibaly-rejoint-al-hilal\/#webpage\",\"url\":\"https:\/\/www.nettali.com\/2023\/06\/25\/officiel-kalidou-koulibaly-rejoint-al-hilal\/\",\"name\":\"OFFICIEL - Kalidou Koulibaly rejoint Al Hilal | Nettali.com\",\"isPartOf\":{\"@id\":\"https:\/\/www.nettali.com\/#website\"},\"primaryImageOfPage\":{\"@id\":\"https:\/\/www.nettali.com\/2023\/06\/25\/officiel-kalidou-koulibaly-rejoint-al-hilal\/#primaryimage\"},\"datePublished\":\"2023-06-25T18:29:10+00:00\",\"dateModified\":\"2023-06-25T18:29:10+00:00\",\"author\":{\"@id\":\"https:\/\/www.nettali.com\/#\/schema\/person\/bb147657c2986240405a608162b9bb23\"},\"breadcrumb\":{\"@id\":\"https:\/\/www.nettali.com\/2023\/06\/25\/officiel-kalidou-koulibaly-rejoint-al-hilal\/#breadcrumb\"},\"inLanguage\":\"fr-FR\",\"potentialAction\":[{\"@type\":\"ReadAction\",\"target\":[\"https:\/\/www.nettali.com\/2023\/06\/25\/officiel-kalidou-koulibaly-rejoint-al-hilal\/\"]}]},{\"@type\":\"BreadcrumbList\",\"@id\":\"https:\/\/www.nettali.com\/2023\/06\/25\/officiel-kalidou-koulibaly-rejoint-al-hilal\/#breadcrumb\",\"itemListElement\":[{\"@type\":\"ListItem\",\"position\":1,\"name\":\"Accueil\",\"item\":\"https:\/\/www.nettali.com\/\"},{\"@type\":\"ListItem\",\"position\":2,\"name\":\"OFFICIEL - Kalidou Koulibaly rejoint Al Hilal\"}]},{\"@type\":\"Person\",\"@id\":\"https:\/\/www.nettali.com\/#\/schema\/person\/bb147657c2986240405a608162b9bb23\",\"name\":\"Ibrahima\",\"image\":{\"@type\":\"ImageObject\",\"@id\":\"https:\/\/www.nettali.com\/#personlogo\",\"inLanguage\":\"fr-FR\",\"url\":\"https:\/\/secure.gravatar.com\/avatar\/26a8a81f09f0dd7624c9d5c36c9ba3a2?s=96&d=mm&r=g\",\"contentUrl\":\"https:\/\/secure.gravatar.com\/avatar\/26a8a81f09f0dd7624c9d5c36c9ba3a2?s=96&d=mm&r=g\",\"caption\":\"Ibrahima\"},\"sameAs\":[\"https:\/\/www.nettali.com\"]}]}<\/script>\n<!-- \/ Yoast SEO Premium plugin. -->","yoast_head_json":{"title":"OFFICIEL - Kalidou Koulibaly rejoint Al Hilal | Nettali.com","robots":{"index":"index","follow":"follow","max-snippet":"max-snippet:-1","max-image-preview":"max-image-preview:large","max-video-preview":"max-video-preview:-1"},"canonical":"https:\/\/www.nettali.com\/2023\/06\/25\/officiel-kalidou-koulibaly-rejoint-al-hilal\/","og_locale":"fr_FR","og_type":"article","og_title":"OFFICIEL - Kalidou Koulibaly rejoint Al Hilal","og_description":"NETTALI.COM - C'\u00e9tait dans l'air, c'est d\u00e9sormais officiel. Kalidou Koulibaly s'est engag\u00e9 ce dimanche 25 juin avec Al Hilal. Le d\u00e9fenseur s\u00e9n\u00e9galais de 32 ans va d\u00e9couvrir le championnat saoudien pour les trois prochaines saisons. Apr\u00e8s un bref passage \u00e0 Chelsea, Kalidou Koulibaly est devenu un nouveau joueur d'Al-Hilal en Arabie Saoudite. Arriv\u00e9 \u00e0 Riyadh [&hellip;]","og_url":"https:\/\/www.nettali.com\/2023\/06\/25\/officiel-kalidou-koulibaly-rejoint-al-hilal\/","og_site_name":"Nettali.com","article_publisher":"https:\/\/www.facebook.com\/nettalicom","article_published_time":"2023-06-25T18:29:10+00:00","og_image":[{"width":2048,"height":1152,"url":"https:\/\/www.nettali.com\/wp-content\/uploads\/2023\/06\/356536250_1742437176174118_6786949464598591636_n.jpg","type":"image\/jpeg"}],"twitter_card":"summary_large_image","twitter_misc":{"\u00c9crit par":"Ibrahima","Dur\u00e9e de lecture estim\u00e9e":"1 minute"},"schema":{"@context":"https:\/\/schema.org","@graph":[{"@type":"WebSite","@id":"https:\/\/www.nettali.com\/#website","url":"https:\/\/www.nettali.com\/","name":"Nettali.com","description":"Le rendez-vous critique du Net","potentialAction":[{"@type":"SearchAction","target":{"@type":"EntryPoint","urlTemplate":"https:\/\/www.nettali.com\/?s={search_term_string}"},"query-input":"required name=search_term_string"}],"inLanguage":"fr-FR"},{"@type":"ImageObject","@id":"https:\/\/www.nettali.com\/2023\/06\/25\/officiel-kalidou-koulibaly-rejoint-al-hilal\/#primaryimage","inLanguage":"fr-FR","url":"https:\/\/www.nettali.com\/wp-content\/uploads\/2023\/06\/356536250_1742437176174118_6786949464598591636_n.jpg","contentUrl":"https:\/\/www.nettali.com\/wp-content\/uploads\/2023\/06\/356536250_1742437176174118_6786949464598591636_n.jpg","width":2048,"height":1152},{"@type":"WebPage","@id":"https:\/\/www.nettali.com\/2023\/06\/25\/officiel-kalidou-koulibaly-rejoint-al-hilal\/#webpage","url":"https:\/\/www.nettali.com\/2023\/06\/25\/officiel-kalidou-koulibaly-rejoint-al-hilal\/","name":"OFFICIEL - Kalidou Koulibaly rejoint Al Hilal | Nettali.com","isPartOf":{"@id":"https:\/\/www.nettali.com\/#website"},"primaryImageOfPage":{"@id":"https:\/\/www.nettali.com\/2023\/06\/25\/officiel-kalidou-koulibaly-rejoint-al-hilal\/#primaryimage"},"datePublished":"2023-06-25T18:29:10+00:00","dateModified":"2023-06-25T18:29:10+00:00","author":{"@id":"https:\/\/www.nettali.com\/#\/schema\/person\/bb147657c2986240405a608162b9bb23"},"breadcrumb":{"@id":"https:\/\/www.nettali.com\/2023\/06\/25\/officiel-kalidou-koulibaly-rejoint-al-hilal\/#breadcrumb"},"inLanguage":"fr-FR","potentialAction":[{"@type":"ReadAction","target":["https:\/\/www.nettali.com\/2023\/06\/25\/officiel-kalidou-koulibaly-rejoint-al-hilal\/"]}]},{"@type":"BreadcrumbList","@id":"https:\/\/www.nettali.com\/2023\/06\/25\/officiel-kalidou-koulibaly-rejoint-al-hilal\/#breadcrumb","itemListElement":[{"@type":"ListItem","position":1,"name":"Accueil","item":"https:\/\/www.nettali.com\/"},{"@type":"ListItem","position":2,"name":"OFFICIEL - Kalidou Koulibaly rejoint Al Hilal"}]},{"@type":"Person","@id":"https:\/\/www.nettali.com\/#\/schema\/person\/bb147657c2986240405a608162b9bb23","name":"Ibrahima","image":{"@type":"ImageObject","@id":"https:\/\/www.nettali.com\/#personlogo","inLanguage":"fr-FR","url":"https:\/\/secure.gravatar.com\/avatar\/26a8a81f09f0dd7624c9d5c36c9ba3a2?s=96&d=mm&r=g","contentUrl":"https:\/\/secure.gravatar.com\/avatar\/26a8a81f09f0dd7624c9d5c36c9ba3a2?s=96&d=mm&r=g","caption":"Ibrahima"},"sameAs":["https:\/\/www.nettali.com"]}]}},"_links":{"self":[{"href":"https:\/\/www.nettali.com\/rest\/wp\/v2\/posts\/112878"}],"collection":[{"href":"https:\/\/www.nettali.com\/rest\/wp\/v2\/posts"}],"about":[{"href":"https:\/\/www.nettali.com\/rest\/wp\/v2\/types\/post"}],"author":[{"embeddable":true,"href":"https:\/\/www.nettali.com\/rest\/wp\/v2\/users\/5"}],"replies":[{"embeddable":true,"href":"https:\/\/www.nettali.com\/rest\/wp\/v2\/comments?post=112878"}],"version-history":[{"count":1,"href":"https:\/\/www.nettali.com\/rest\/wp\/v2\/posts\/112878\/revisions"}],"predecessor-version":[{"id":112880,"href":"https:\/\/www.nettali.com\/rest\/wp\/v2\/posts\/112878\/revisions\/112880"}],"wp:featuredmedia":[{"embeddable":true,"href":"https:\/\/www.nettali.com\/rest\/wp\/v2\/media\/112879"}],"wp:attachment":[{"href":"https:\/\/www.nettali.com\/rest\/wp\/v2\/media?parent=112878"}],"wp:term":[{"taxonomy":"category","embeddable":true,"href":"https:\/\/www.nettali.com\/rest\/wp\/v2\/categories?post=112878"},{"taxonomy":"post_tag","embeddable":true,"href":"https:\/\/www.nettali.com\/rest\/wp\/v2\/tags?post=112878"}],"curies":[{"name":"wp","href":"https:\/\/api.w.org\/{rel}","templated":true}]}}